{"id":2423,"date":"2023-10-20T18:12:59","date_gmt":"2023-10-20T18:12:59","guid":{"rendered":"https:\/\/chrystus.pl\/?p=2423"},"modified":"2023-10-20T18:15:30","modified_gmt":"2023-10-20T18:15:30","slug":"novena-de-sao-carlos","status":"publish","type":"post","link":"https:\/\/chrystus.pl\/pt\/nowenna-do-sw-charbela\/","title":{"rendered":"Novena a S\u00e3o Charbel"},"content":{"rendered":"<p>Voc\u00ea j\u00e1 ouviu falar de S\u00e3o Charbel? Ele \u00e9 um dos santos mais importantes da Igreja Cat\u00f3lica Maronita, reconhecido como um milagreiro e o santo padroeiro daqueles que buscam cura. Neste artigo, gostaria de lhe dar uma introdu\u00e7\u00e3o detalhada \u00e0 novena desse santo maravilhoso - desde a hist\u00f3ria de sua vida at\u00e9 o significado da ora\u00e7\u00e3o em si e como rez\u00e1-la. Ao ler este texto, voc\u00ea tamb\u00e9m descobrir\u00e1 quais gra\u00e7as podem ser obtidas por meio da intercess\u00e3o de S\u00e3o Charbel, e aprenderemos juntos sobre as v\u00e1rias ora\u00e7\u00f5es que s\u00e3o frequentemente usadas durante a novena.<\/p>\n\n\n\n<div id=\"ez-toc-container\" class=\"ez-toc-v2_0_82_2 counter-hierarchy ez-toc-counter ez-toc-custom ez-toc-container-direction\">\n<p class=\"ez-toc-title\" style=\"cursor:inherit\">Tabela de conte\u00fado<\/p>\n<label for=\"ez-toc-cssicon-toggle-item-69f3a05c8b377\" class=\"ez-toc-cssicon-toggle-label\"><span class=\"\"><span class=\"eztoc-hide\" style=\"display:none;\">Alternar<\/span><span class=\"ez-toc-icon-toggle-span\"><svg style=\"fill: #ffffff;color:#ffffff\" xmlns=\"http:\/\/www.w3.org\/2000\/svg\" class=\"list-377408\" width=\"20px\" height=\"20px\" viewbox=\"0 0 24 24\" fill=\"none\"><path d=\"M6 6H4v2h2V6zm14 0H8v2h12V6zM4 11h2v2H4v-2zm16 0H8v2h12v-2zM4 16h2v2H4v-2zm16 0H8v2h12v-2z\" fill=\"currentColor\"><\/path><\/svg><svg style=\"fill: #ffffff;color:#ffffff\" class=\"arrow-unsorted-368013\" xmlns=\"http:\/\/www.w3.org\/2000\/svg\" width=\"10px\" height=\"10px\" viewbox=\"0 0 24 24\" version=\"1.2\" baseprofile=\"tiny\"><path d=\"M18.2 9.3l-6.2-6.3-6.2 6.3c-.2.2-.3.4-.3.7s.1.5.3.7c.2.2.4.3.7.3h11c.3 0 .5-.1.7-.3.2-.2.3-.5.3-.7s-.1-.5-.3-.7zM5.8 14.7l6.2 6.3 6.2-6.3c.2-.2.3-.5.3-.7s-.1-.5-.3-.7c-.2-.2-.4-.3-.7-.3h-11c-.3 0-.5.1-.7.3-.2.2-.3.5-.3.7s.1.5.3.7z\"\/><\/svg><\/span><\/span><\/label><input type=\"checkbox\"  id=\"ez-toc-cssicon-toggle-item-69f3a05c8b377\"  aria-label=\"Alternar\" \/><nav><ul class='ez-toc-list ez-toc-list-level-1' ><li class='ez-toc-page-1 ez-toc-heading-level-2'><a class=\"ez-toc-link ez-toc-heading-1\" href=\"https:\/\/chrystus.pl\/pt\/nowenna-do-sw-charbela\/#Kim_byl_sw_Charbel\" >Quem foi S\u00e3o Charbel?<\/a><\/li><li class='ez-toc-page-1 ez-toc-heading-level-2'><a class=\"ez-toc-link ez-toc-heading-2\" href=\"https:\/\/chrystus.pl\/pt\/nowenna-do-sw-charbela\/#Historia_i_znaczenie_nowenny_do_sw_Charbela\" >Hist\u00f3ria e significado da novena de S\u00e3o Charbel<\/a><ul class='ez-toc-list-level-3' ><li class='ez-toc-heading-level-3'><a class=\"ez-toc-link ez-toc-heading-3\" href=\"https:\/\/chrystus.pl\/pt\/nowenna-do-sw-charbela\/#Po_co_odmawiac_nowenne\" >Por que rezar a novena?<\/a><\/li><li class='ez-toc-page-1 ez-toc-heading-level-3'><a class=\"ez-toc-link ez-toc-heading-4\" href=\"https:\/\/chrystus.pl\/pt\/nowenna-do-sw-charbela\/#Jakie_laski_mozna_uzyskac_za_wstawiennictwem_sw_Charbela\" >Que gra\u00e7as podem ser obtidas pela intercess\u00e3o de S\u00e3o Charbel?<\/a><\/li><\/ul><\/li><li class='ez-toc-page-1 ez-toc-heading-level-2'><a class=\"ez-toc-link ez-toc-heading-5\" href=\"https:\/\/chrystus.pl\/pt\/nowenna-do-sw-charbela\/#Litania_do_sw_Charbela\" >Ladainha de S\u00e3o Charbel<\/a><ul class='ez-toc-list-level-3' ><li class='ez-toc-heading-level-3'><a class=\"ez-toc-link ez-toc-heading-6\" href=\"https:\/\/chrystus.pl\/pt\/nowenna-do-sw-charbela\/#Wprowadzenie\" >Introdu\u00e7\u00e3o<\/a><\/li><li class='ez-toc-page-1 ez-toc-heading-level-3'><a class=\"ez-toc-link ez-toc-heading-7\" href=\"https:\/\/chrystus.pl\/pt\/nowenna-do-sw-charbela\/#Opis_mestwa_sw_Charbela\" >Descri\u00e7\u00e3o da bravura de S\u00e3o Charbel<\/a><\/li><li class='ez-toc-page-1 ez-toc-heading-level-3'><a class=\"ez-toc-link ez-toc-heading-8\" href=\"https:\/\/chrystus.pl\/pt\/nowenna-do-sw-charbela\/#Koncowka_litanii\" >O fim da ladainha<\/a><\/li><\/ul><\/li><li class='ez-toc-page-1 ez-toc-heading-level-2'><a class=\"ez-toc-link ez-toc-heading-9\" href=\"https:\/\/chrystus.pl\/pt\/nowenna-do-sw-charbela\/#Modlitwy_w_nowennie_do_sw_Charbela\" >Ora\u00e7\u00f5es na novena de S\u00e3o Charbel<\/a><ul class='ez-toc-list-level-3' ><li class='ez-toc-heading-level-3'><a class=\"ez-toc-link ez-toc-heading-10\" href=\"https:\/\/chrystus.pl\/pt\/nowenna-do-sw-charbela\/#Modlitwa_%E2%80%9ESwiety_Ojcze_Charbelu%E2%80%A6%E2%80%9D\" >Modlitwa &#8222;\u015awi\u0119ty Ojcze Charbelu\u2026&#8221;<\/a><\/li><li class='ez-toc-page-1 ez-toc-heading-level-3'><a class=\"ez-toc-link ez-toc-heading-11\" href=\"https:\/\/chrystus.pl\/pt\/nowenna-do-sw-charbela\/#Modlitwa_%E2%80%9EO_wielki_cudotworco%E2%80%A6%E2%80%9D\" >Modlitwa &#8222;O wielki cudotw\u00f3rco\u2026&#8221;<\/a><\/li><li class='ez-toc-page-1 ez-toc-heading-level-3'><a class=\"ez-toc-link ez-toc-heading-12\" href=\"https:\/\/chrystus.pl\/pt\/nowenna-do-sw-charbela\/#Modlitwa_z_obrazka_sw_Charbela\" >Ora\u00e7\u00e3o de uma imagem de S\u00e3o Charbel<\/a><\/li><li class='ez-toc-page-1 ez-toc-heading-level-3'><a class=\"ez-toc-link ez-toc-heading-13\" href=\"https:\/\/chrystus.pl\/pt\/nowenna-do-sw-charbela\/#Modlitwa_o_udzielenie_laski_przez_wstawiennictwo_sw_Charbela\" >Ora\u00e7\u00e3o para a concess\u00e3o de gra\u00e7a por intercess\u00e3o de S\u00e3o Charbel<\/a><\/li><li class='ez-toc-page-1 ez-toc-heading-level-3'><a class=\"ez-toc-link ez-toc-heading-14\" href=\"https:\/\/chrystus.pl\/pt\/nowenna-do-sw-charbela\/#Modlitwa_%E2%80%9EOjcze_Charbelu%E2%80%9D\" >Modlitwa &#8222;Ojcze Charbelu&#8221;<\/a><\/li><li class='ez-toc-page-1 ez-toc-heading-level-3'><a class=\"ez-toc-link ez-toc-heading-15\" href=\"https:\/\/chrystus.pl\/pt\/nowenna-do-sw-charbela\/#Modlitwa_%E2%80%9EOjcze_Prawdy%E2%80%9D_Ostatnia_modlitwa_sw_Charbela_przed_smiercia\" >Modlitwa &#8222;Ojcze Prawdy&#8221;. Ostatnia modlitwa \u015bw. Charbela przed \u015bmierci\u0105<\/a><\/li><li class='ez-toc-page-1 ez-toc-heading-level-3'><a class=\"ez-toc-link ez-toc-heading-16\" href=\"https:\/\/chrystus.pl\/pt\/nowenna-do-sw-charbela\/#Znaczenie_swieta\" >O significado do feriado<\/a><\/li><li class='ez-toc-page-1 ez-toc-heading-level-3'><a class=\"ez-toc-link ez-toc-heading-17\" href=\"https:\/\/chrystus.pl\/pt\/nowenna-do-sw-charbela\/#Charbel_i_Jego_Milosc_do_Maryi\" >Charbel e seu amor por Maria<\/a><\/li><li class='ez-toc-page-1 ez-toc-heading-level-3'><a class=\"ez-toc-link ez-toc-heading-18\" href=\"https:\/\/chrystus.pl\/pt\/nowenna-do-sw-charbela\/#Okresl_cel_nowenny\" >Determinar o prop\u00f3sito da novena<\/a><\/li><li class='ez-toc-page-1 ez-toc-heading-level-3'><a class=\"ez-toc-link ez-toc-heading-19\" href=\"https:\/\/chrystus.pl\/pt\/nowenna-do-sw-charbela\/#Znajdz_spokojne_miejsce\" >Encontre um lugar tranquilo<\/a><\/li><li class='ez-toc-page-1 ez-toc-heading-level-3'><a class=\"ez-toc-link ez-toc-heading-20\" href=\"https:\/\/chrystus.pl\/pt\/nowenna-do-sw-charbela\/#Ustal_pore_dnia\" >Determinar a hora do dia<\/a><\/li><li class='ez-toc-page-1 ez-toc-heading-level-3'><a class=\"ez-toc-link ez-toc-heading-21\" href=\"https:\/\/chrystus.pl\/pt\/nowenna-do-sw-charbela\/#W_praktyce\" >Na pr\u00e1tica<\/a><\/li><\/ul><\/li><li class='ez-toc-page-1 ez-toc-heading-level-2'><a class=\"ez-toc-link ez-toc-heading-22\" href=\"https:\/\/chrystus.pl\/pt\/nowenna-do-sw-charbela\/#Dzien_2_%E2%80%93_Nowenna_do_sw_Charbela\" >Dia 2 - Novena a S\u00e3o Charbel<\/a><\/li><li class='ez-toc-page-1 ez-toc-heading-level-2'><a class=\"ez-toc-link ez-toc-heading-23\" href=\"https:\/\/chrystus.pl\/pt\/nowenna-do-sw-charbela\/#Dzien_3_%E2%80%93_Nowenna_do_sw_Charbela\" >Dia 3 - Novena a S\u00e3o Charbel<\/a><ul class='ez-toc-list-level-3' ><li class='ez-toc-heading-level-3'><a class=\"ez-toc-link ez-toc-heading-24\" href=\"https:\/\/chrystus.pl\/pt\/nowenna-do-sw-charbela\/#Modlitwa_%E2%80%9EOjcze_Prawdy%E2%80%9D\" >Modlitwa &#8222;Ojcze Prawdy&#8221;<\/a><\/li><\/ul><\/li><li class='ez-toc-page-1 ez-toc-heading-level-2'><a class=\"ez-toc-link ez-toc-heading-25\" href=\"https:\/\/chrystus.pl\/pt\/nowenna-do-sw-charbela\/#Dzien_4_%E2%80%93_Nowenna_do_sw_Charbela\" >Dia 4 - Novena a S\u00e3o Charbel<\/a><\/li><li class='ez-toc-page-1 ez-toc-heading-level-2'><a class=\"ez-toc-link ez-toc-heading-26\" href=\"https:\/\/chrystus.pl\/pt\/nowenna-do-sw-charbela\/#Dzien_5_%E2%80%93_Nowenna_do_swCharbela\" >Dia 5 - Novena a S\u00e3o Charbel<\/a><\/li><li class='ez-toc-page-1 ez-toc-heading-level-2'><a class=\"ez-toc-link ez-toc-heading-27\" href=\"https:\/\/chrystus.pl\/pt\/nowenna-do-sw-charbela\/#Dzien_6_%E2%80%93_Nowenna_do_swCharbela\" >Dia 6 - Novena a S\u00e3o Charbel<\/a><\/li><li class='ez-toc-page-1 ez-toc-heading-level-2'><a class=\"ez-toc-link ez-toc-heading-28\" href=\"https:\/\/chrystus.pl\/pt\/nowenna-do-sw-charbela\/#Dzien_7_%E2%80%93_Nowenna_do_swCharbela\" >Dia 7 - Novena a S\u00e3o Charbel<\/a><\/li><li class='ez-toc-page-1 ez-toc-heading-level-2'><a class=\"ez-toc-link ez-toc-heading-29\" href=\"https:\/\/chrystus.pl\/pt\/nowenna-do-sw-charbela\/#Dzien_8_%E2%80%93_Nowenna_do_swCharbela\" >Dia 8 - Novena a S\u00e3o Charbel<\/a><ul class='ez-toc-list-level-3' ><li class='ez-toc-heading-level-3'><a class=\"ez-toc-link ez-toc-heading-30\" href=\"https:\/\/chrystus.pl\/pt\/nowenna-do-sw-charbela\/#Rozpoczecie_dnia\" >In\u00edcio do dia<\/a><\/li><li class='ez-toc-page-1 ez-toc-heading-level-3'><a class=\"ez-toc-link ez-toc-heading-31\" href=\"https:\/\/chrystus.pl\/pt\/nowenna-do-sw-charbela\/#Modlitwa\" >Ora\u00e7\u00e3o<\/a><\/li><li class='ez-toc-page-1 ez-toc-heading-level-3'><a class=\"ez-toc-link ez-toc-heading-32\" href=\"https:\/\/chrystus.pl\/pt\/nowenna-do-sw-charbela\/#Czas_refleksji\" >Um momento de reflex\u00e3o<\/a><\/li><li class='ez-toc-page-1 ez-toc-heading-level-3'><a class=\"ez-toc-link ez-toc-heading-33\" href=\"https:\/\/chrystus.pl\/pt\/nowenna-do-sw-charbela\/#Zakonczenie\" >Conclus\u00e3o<\/a><\/li><\/ul><\/li><li class='ez-toc-page-1 ez-toc-heading-level-2'><a class=\"ez-toc-link ez-toc-heading-34\" href=\"https:\/\/chrystus.pl\/pt\/nowenna-do-sw-charbela\/#Dzien_9_%E2%80%93_Nowenna_do_sw_Charbela\" >Dia 9 - Novena a S\u00e3o Charbel<\/a><\/li><li class='ez-toc-page-1 ez-toc-heading-level-2'><a class=\"ez-toc-link ez-toc-heading-35\" href=\"https:\/\/chrystus.pl\/pt\/nowenna-do-sw-charbela\/#Wersja_w_formacie_pdf_gotowa_do_druku\" >Vers\u00e3o em formato .pdf (pronta para impress\u00e3o)<\/a><ul class='ez-toc-list-level-3' ><li class='ez-toc-heading-level-3'><a class=\"ez-toc-link ez-toc-heading-36\" href=\"https:\/\/chrystus.pl\/pt\/nowenna-do-sw-charbela\/#Po_co_taka_forma\" >Por que esse formul\u00e1rio?<\/a><\/li><li class='ez-toc-page-1 ez-toc-heading-level-3'><a class=\"ez-toc-link ez-toc-heading-37\" href=\"https:\/\/chrystus.pl\/pt\/nowenna-do-sw-charbela\/#Jak_mozna_skorzystac_z_wersji_PDF\" >Como a vers\u00e3o em PDF pode ser usada?<\/a><\/li><\/ul><\/li><li class='ez-toc-page-1 ez-toc-heading-level-2'><a class=\"ez-toc-link ez-toc-heading-38\" href=\"https:\/\/chrystus.pl\/pt\/nowenna-do-sw-charbela\/#Refleksje_na_temat_nowenny_do_sw_Charbela\" >Reflex\u00f5es sobre a novena de S\u00e3o Charbel<\/a><\/li><li class='ez-toc-page-1 ez-toc-heading-level-2'><a class=\"ez-toc-link ez-toc-heading-39\" href=\"https:\/\/chrystus.pl\/pt\/nowenna-do-sw-charbela\/#Jak_sie_odmawia_nowenne_do_sw_Charbela\" >Como \u00e9 recitada a novena de S\u00e3o Charbel?<\/a><\/li><li class='ez-toc-page-1 ez-toc-heading-level-2'><a class=\"ez-toc-link ez-toc-heading-40\" href=\"https:\/\/chrystus.pl\/pt\/nowenna-do-sw-charbela\/#Kiedy_odmawiac_nowenne_do_sw_Charbela\" >Quando rezar a novena de S\u00e3o Charbel?<\/a><\/li><li class='ez-toc-page-1 ez-toc-heading-level-2'><a class=\"ez-toc-link ez-toc-heading-41\" href=\"https:\/\/chrystus.pl\/pt\/nowenna-do-sw-charbela\/#O_co_mozna_prosic_sw_Charbela\" >O que se pode pedir a St. Charbel para fazer?<\/a><\/li><\/ul><\/nav><\/div>\n<h2 class=\"wp-block-heading\"><span class=\"ez-toc-section\" id=\"Kim_byl_sw_Charbel\"><\/span>Quem foi S\u00e3o Charbel?<span class=\"ez-toc-section-end\"><\/span><\/h2>\n\n\n\n<p>S\u00e3o Charbel Makhlouf \u00e9 um monge liban\u00eas e presb\u00edtero da Igreja Cat\u00f3lica Maronita, nascido em 8 de maio de 1828 e falecido em 24 de dezembro de 1898. Seu nome de batismo era Youssef Antoun Makhlouf. Ele foi canonizado pelo Papa Paulo VI em 1977.<\/p>\n\n\n\n<p>Passou sua inf\u00e2ncia no pequeno vilarejo montanhoso de Beka-Kafra, onde, j\u00e1 na inf\u00e2ncia, demonstrou profunda piedade e paix\u00e3o pela vida erem\u00edtica.<\/p>\n\n\n\n<p>Aos 23 anos de idade, apesar da oposi\u00e7\u00e3o de sua fam\u00edlia, ele entrou para o mosteiro maronita de Nossa Senhora em Majfouk. Depois de alguns anos, mudou-se para o mosteiro de S\u00e3o Maron, em Annaya, onde adotou o nome Charbel em homenagem a um antigo m\u00e1rtir crist\u00e3o do s\u00e9culo II.<\/p>\n\n\n\n<p>Ele ficou conhecido por seu profundo esp\u00edrito de ora\u00e7\u00e3o, ascetismo e minist\u00e9rio sacerdotal. Ele era conhecido por seu ascetismo rigoroso, total devo\u00e7\u00e3o a Deus e trabalho manual.<\/p>\n\n\n\n<p>S\u00e3o Charbel morreu em 24 de dezembro de 1898, ap\u00f3s sofrer seu primeiro derrame card\u00edaco enquanto celebrava uma missa.<\/p>\n\n\n\n<p>O culto a S\u00e3o Charbel \u00e9 forte n\u00e3o apenas no L\u00edbano, mas tamb\u00e9m em todo o mundo, gra\u00e7as \u00e0s muitas curas atribu\u00eddas \u00e0 sua intercess\u00e3o.<\/p>\n\n\n\n<h2 class=\"wp-block-heading\"><span class=\"ez-toc-section\" id=\"Historia_i_znaczenie_nowenny_do_sw_Charbela\"><\/span>Hist\u00f3ria e significado da novena de S\u00e3o Charbel<span class=\"ez-toc-section-end\"><\/span><\/h2>\n\n\n\n<p>A Novena de S\u00e3o Charbel \u00e9 especialmente importante para todas as pessoas que anseiam por profundidade espiritual. Com foco na intercess\u00e3o do santo eremita do L\u00edbano, essa ora\u00e7\u00e3o de nove dias foi criada para nos aproximar de uma vida de harmonia interior e criar espa\u00e7o para descobrir e experimentar a presen\u00e7a de Deus.<\/p>\n\n\n\n<h3 class=\"wp-block-heading\"><span class=\"ez-toc-section\" id=\"Po_co_odmawiac_nowenne\"><\/span>Por que rezar a novena?<span class=\"ez-toc-section-end\"><\/span><\/h3>\n\n\n\n<p>A recita\u00e7\u00e3o de uma novena faz muito sentido, tanto por raz\u00f5es espirituais quanto hist\u00f3ricas. Par\u00e1grafo 1: A novena \u00e9 um di\u00e1logo com Deus, expresso por meio de um intermedi\u00e1rio - o intercessor sagrado. Ela pertence \u00e0 tradi\u00e7\u00e3o da Igreja e \u00e9 uma forma de pr\u00e1tica religiosa que tem sido usada por muitas gera\u00e7\u00f5es. Par\u00e1grafo 2: No caso da novena de S\u00e3o Charbel, diferentes aspectos de sua vida e ensinamentos s\u00e3o considerados ao longo de nove dias. Cada dia \u00e9, portanto, uma oportunidade de refletir sobre um aspecto diferente dessa figura - desde seu amor pela solid\u00e3o at\u00e9 sua determina\u00e7\u00e3o em encontrar uma voca\u00e7\u00e3o pessoal.<\/p>\n\n\n\n<h3 class=\"wp-block-heading\"><span class=\"ez-toc-section\" id=\"Jakie_laski_mozna_uzyskac_za_wstawiennictwem_sw_Charbela\"><\/span>Que gra\u00e7as podem ser obtidas pela intercess\u00e3o de S\u00e3o Charbel?<span class=\"ez-toc-section-end\"><\/span><\/h3>\n\n\n\n<p>\u015awiatowy kult \u015bw. Charbela cieszy si\u0119 nieprzerwanym nadej\u015bciem \u015bwiadectw o \u0142askach uzyskanych przez jego wstawiennictwo. Obejmuj\u0105 one zar\u00f3wno gojenie cierpie\u0144 fizycznych, jak i duchowych. Akapit 1: Znane s\u0105 przypadki ludzi doznaj\u0105cych niezwyk\u0142ych chwil ulgi po pro\u015bbie o wstawiennictwo \u015awi\u0119tego; od uwolnienia od b\u00f3lu przewlek\u0142ej choroby, po uzdrowienie z na\u0142og\u00f3w b\u0105d\u017a znalezienie pok\u00f3j umys\u0142u w chwilach kryzysu. Akapit 2: Warto jednak zauwa\u017cy\u0107, \u017ce modlitwa nie jest &#8222;magicznym zakl\u0119ciem&#8221;. Istot\u0105 jest prawdziwe otworzenie serca na dzia\u0142anie Bo\u017cej \u0142aski i wiernego ()odklepania zmaga\u0144 naszego \u017cycia \u015bw Charbelowi. Wskaz\u00f3wk\u0119 dla tych pragn\u0105cych takiego g\u0142\u0119bokiego kontaktu daje sam \u015bw Charbel w jednej ze swoich modlitw: &#8222;Najwa\u017cniejsze to mi\u0142o\u015b\u0107 Boga ponad wszystko&#8221;.<\/p>\n\n\n\n<h2 class=\"wp-block-heading\"><span class=\"ez-toc-section\" id=\"Litania_do_sw_Charbela\"><\/span>Ladainha de S\u00e3o Charbel<span class=\"ez-toc-section-end\"><\/span><\/h2>\n\n\n\n<p><a href=\"https:\/\/chrystus.pl\/pt\/litania-do-krwi-chrystusa\/\">Litania<\/a> \u00e9 uma forma particular de venera\u00e7\u00e3o dos santos e, no caso de S\u00e3o Charbel, tem um forte apelo para as pessoas que desejam sentir sua intercess\u00e3o.<\/p>\n\n\n\n<h3 class=\"wp-block-heading\"><span class=\"ez-toc-section\" id=\"Wprowadzenie\"><\/span>Introdu\u00e7\u00e3o<span class=\"ez-toc-section-end\"><\/span><\/h3>\n\n\n\n<p>Ela come\u00e7a com um apelo a Deus e a Cristo por miseric\u00f3rdia. \u00c9 importante enfatizar aqui a nossa impot\u00eancia e a depend\u00eancia da gra\u00e7a de Deus. Compreender essa verdade \u00e9 o fundamento da ora\u00e7\u00e3o eficaz.<\/p>\n\n\n\n<ol class=\"wp-block-list\">\n<li>Kyrie eleison,<\/li>\n\n\n\n<li>Christ eleison,<\/li>\n<\/ol>\n\n\n\n<p>Em seguida, o nome de S\u00e3o Charbel \u00e9 invocado:<\/p>\n\n\n\n<ol class=\"wp-block-list\">\n<li>Saint Charbel, pergunte por n\u00f3s,<\/li>\n<\/ol>\n\n\n\n<h3 class=\"wp-block-heading\"><span class=\"ez-toc-section\" id=\"Opis_mestwa_sw_Charbela\"><\/span>Descri\u00e7\u00e3o da bravura de S\u00e3o Charbel<span class=\"ez-toc-section-end\"><\/span><\/h3>\n\n\n\n<p>Essa se\u00e7\u00e3o relembra a grandeza da vida de S\u00e3o Charbel, mencionando em detalhes suas virtudes, que s\u00e3o uma forma de revela\u00e7\u00e3o da presen\u00e7a de Deus nele.<\/p>\n\n\n\n<ol class=\"wp-block-list\">\n<li>O escolhido de Nossa Senhora,<\/li>\n\n\n\n<li>Treasure of God's Graces (Tesouro das Gra\u00e7as de Deus),<\/li>\n\n\n\n<li>Milagreiro do Oriente M\u00e9dio,<\/li>\n\n\n\n<li>Uma fonte poderosa de sofrimento e tenta\u00e7\u00e3o,<\/li>\n\n\n\n<li>Ajuda os doentes e os pobres,<\/li>\n<\/ol>\n\n\n\n<h3 class=\"wp-block-heading\"><span class=\"ez-toc-section\" id=\"Koncowka_litanii\"><\/span>O fim da ladainha<span class=\"ez-toc-section-end\"><\/span><\/h3>\n\n\n\n<p>\u00c9 tradicional concluir a ladainha com uma invocatio - um ter\u00e7o que invoca a intercess\u00e3o de todos os santos, seguido de uma ora\u00e7\u00e3o a Jesus.<\/p>\n\n\n\n<ol class=\"wp-block-list\">\n<li>Todos os santos de Deus, pe\u00e7am por n\u00f3s.<\/li>\n\n\n\n<li>\u00d3 Jesus, Salvador misericordioso, ou\u00e7a-nos,<\/li>\n<\/ol>\n\n\n\n<p>A recita\u00e7\u00e3o da Ladainha de S\u00e3o Charbel \u00e9 um momento para se concentrar na pessoa desse grande santo, explorar sua fortaleza e experimentar a proximidade com ele e, por meio dele, com Deus. Essa forma de ora\u00e7\u00e3o tamb\u00e9m nos ajuda a entender melhor a especificidade da espiritualidade marivita, da qual ele foi filho at\u00e9 sua morte.<\/p>\n\n\n\n<h2 class=\"wp-block-heading\"><span class=\"ez-toc-section\" id=\"Modlitwy_w_nowennie_do_sw_Charbela\"><\/span>Ora\u00e7\u00f5es na novena de S\u00e3o Charbel<span class=\"ez-toc-section-end\"><\/span><\/h2>\n\n\n\n<p>Ao praticar a novena de S\u00e3o Charbel, a regularidade e a devo\u00e7\u00e3o s\u00e3o importantes, mas igualmente importantes s\u00e3o as ora\u00e7\u00f5es que escolhemos recitar. Cada uma delas cont\u00e9m pedidos especiais ou express\u00f5es de adora\u00e7\u00e3o dirigidas ao santo.<\/p>\n\n\n\n<h3 class=\"wp-block-heading\"><span class=\"ez-toc-section\" id=\"Modlitwa_%E2%80%9ESwiety_Ojcze_Charbelu%E2%80%A6%E2%80%9D\"><\/span>Modlitwa &#8222;\u015awi\u0119ty Ojcze Charbelu\u2026&#8221;<span class=\"ez-toc-section-end\"><\/span><\/h3>\n\n\n\n<p>&#8222;\u015awi\u0119ty Ojcze Charbelu, przepojony\u015b g\u0142\u0119bok\u0105 wiar\u0105 oraz niezmiennym oddaniem si\u0119 Bogu i Ko\u015bcio\u0142owi. B\u0142agam Ci\u0119 o Twoje wstawiennictwo, abym m\u00f3g\u0142 na\u015bladowa\u0107 Tw\u00f3j znajduj\u0105cy pok\u00f3j duch \u017cycia kontemplacyjnego.&#8221; Ta modlitwa ukazuje zrozumienie i szacunek dla poziomu po\u015bwi\u0119cenia i wiary, kt\u00f3re cechowa\u0142y \u017cycie \u015bw. Charbela.<\/p>\n\n\n\n<h3 class=\"wp-block-heading\"><span class=\"ez-toc-section\" id=\"Modlitwa_%E2%80%9EO_wielki_cudotworco%E2%80%A6%E2%80%9D\"><\/span>Modlitwa &#8222;O wielki cudotw\u00f3rco\u2026&#8221;<span class=\"ez-toc-section-end\"><\/span><\/h3>\n\n\n\n<p>To kolejna popularna modlitwa odmawiana podczas nowenny do tego \u015bwi\u0119tego: &#8222;O wielki cudotw\u00f3rco, \u015awi\u0119ty Charbelu! Przez czcigodne ub\u00f3stwo i pokor\u0119, nurtuj\u0105ce ci\u0119 ku kontemplacji boskich tajemnic &#8211; b\u0142agam Ci\u0119 o twoje b\u0142ogos\u0142awie\u0144stwo.&#8221; Prosta, ale pe\u0142na wdzi\u0119czno\u015bci za przyk\u0142ad danej nam przez \u015awi\u0119tego.<\/p>\n\n\n\n<h3 class=\"wp-block-heading\"><span class=\"ez-toc-section\" id=\"Modlitwa_z_obrazka_sw_Charbela\"><\/span>Ora\u00e7\u00e3o de uma imagem de S\u00e3o Charbel<span class=\"ez-toc-section-end\"><\/span><\/h3>\n\n\n\n<p>Ela \u00e9 encontrada em imagens que retratam o santo, muitas vezes circuladas como itens devocionais. Ela cont\u00e9m um pedido de interven\u00e7\u00e3o de S\u00e3o Charbel diante das dificuldades e dos sofrimentos da vida cotidiana.<\/p>\n\n\n\n<h3 class=\"wp-block-heading\"><span class=\"ez-toc-section\" id=\"Modlitwa_o_udzielenie_laski_przez_wstawiennictwo_sw_Charbela\"><\/span>Ora\u00e7\u00e3o para a concess\u00e3o de gra\u00e7a por intercess\u00e3o de S\u00e3o Charbel<span class=\"ez-toc-section-end\"><\/span><\/h3>\n\n\n\n<p>&#8222;W\u0142a\u015bnie teraz, kiedy jestem najbardziej potrzebny Twojego cudownego wstawiennictwa\u2026 prosz\u0119 Ci\u0119, Ojcze Charbelu&#8221;. Ta modlitwa wyra\u017ca ufno\u015b\u0107 i wiar\u0119 we wsparcie dzi\u0119ki wstawiennictwu \u015awi\u0119tego.<\/p>\n\n\n\n<h3 class=\"wp-block-heading\"><span class=\"ez-toc-section\" id=\"Modlitwa_%E2%80%9EOjcze_Charbelu%E2%80%9D\"><\/span>Modlitwa &#8222;Ojcze Charbelu&#8221;<span class=\"ez-toc-section-end\"><\/span><\/h3>\n\n\n\n<p>&#8222;Ojcze Charbelu, otocz nas sw\u0105 opiek\u0105 i prowad\u017a nas na drodze do zbawienia.&#8221; Jest to tre\u015b\u0107 niezwykle skutecznej prostej modlitwy odnosz\u0105cej si\u0119 do misji duszpasterza jak\u0105 pe\u0142ni\u0142 Ojciec Charbel.<\/p>\n\n\n\n<h3 class=\"wp-block-heading\"><span class=\"ez-toc-section\" id=\"Modlitwa_%E2%80%9EOjcze_Prawdy%E2%80%9D_Ostatnia_modlitwa_sw_Charbela_przed_smiercia\"><\/span>Modlitwa &#8222;Ojcze Prawdy&#8221;. Ostatnia modlitwa \u015bw. Charbela przed \u015bmierci\u0105<span class=\"ez-toc-section-end\"><\/span><\/h3>\n\n\n\n<p>Uznawana za dar zmar\u0142ego dla tych, kt\u00f3rych zostawia\u0142 za sob\u0105 &#8211; t\u0119 szczeg\u00f3lnie mocn\u0105 modlitw\u0119, podobno tak\u0105 sam\u0105 jak ostatni\u0105 odprawi\u0142 \u015bw. Charbel przed swoim odej\u015bciem: &#8222;Ojcze Prawdy, rado\u015bci moja umacniana przez Ciebie\u2026 B\u0105d\u017a chwalona Tw\u00f3j Mi\u0142o\u015b\u0107!&#8221;<\/p>\n\n\n\n<h1 class=\"wp-block-heading\">Indulg\u00eancia de Nossa Senhora da Consola\u00e7\u00e3o<\/h1>\n\n\n\n<p>Ao falar sobre S\u00e3o Charbel, a Indulg\u00eancia de Nossa Senhora da Consola\u00e7\u00e3o n\u00e3o pode ser ignorada. Esse importante ritual cat\u00f3lico se encaixa perfeitamente no culto a esse santo e nos d\u00e1 um contexto mais amplo do significado de sua figura.<\/p>\n\n\n\n<p>A indulg\u00eancia de Nossa Senhora da Consola\u00e7\u00e3o \u00e9 celebrada na tradi\u00e7\u00e3o eclesi\u00e1stica no mosteiro de S\u00e3o Maron em Annaya - o local onde S\u00e3o Charbel passou sua vida. Essa devo\u00e7\u00e3o \u00e9 um momento de gra\u00e7as especiais e, para muitos dos fi\u00e9is, representa um momento de intensa experi\u00eancia da presen\u00e7a de Deus e de sua m\u00e3e protetora, Maria.<\/p>\n\n\n\n<h3 class=\"wp-block-heading\"><span class=\"ez-toc-section\" id=\"Znaczenie_swieta\"><\/span>O significado do feriado<span class=\"ez-toc-section-end\"><\/span><\/h3>\n\n\n\n<p>A indulg\u00eancia de Nossa Senhora da Consola\u00e7\u00e3o \u00e9 um per\u00edodo de ora\u00e7\u00e3o e recolhimento especial, durante o qual podemos recomendar nossos pedidos ao Senhor e expressar gratid\u00e3o pelas gra\u00e7as anteriores. Esse dia marca uma devo\u00e7\u00e3o especial que manifesta o forte v\u00ednculo entre Maria e seu filho Charbel.<\/p>\n\n\n\n<p>At\u00e9 a segunda metade do s\u00e9culo XVII, as indulg\u00eancias eram associadas principalmente \u00e0 penit\u00eancia por v\u00e1rios pecados e \u00e0 reden\u00e7\u00e3o da culpa pecaminosa. Mas as indulg\u00eancias de Nossa Senhora da Consola\u00e7\u00e3o tamb\u00e9m t\u00eam outro lado - elas celebram o amor e a compaix\u00e3o de Maria como a M\u00e3e de Deus, que n\u00e3o apenas repreende os pecados do mundo, mas tamb\u00e9m conforta seus filhos em seus sofrimentos.<\/p>\n\n\n\n<h3 class=\"wp-block-heading\"><span class=\"ez-toc-section\" id=\"Charbel_i_Jego_Milosc_do_Maryi\"><\/span>Charbel e seu amor por Maria<span class=\"ez-toc-section-end\"><\/span><\/h3>\n\n\n\n<p>Fazer uma indulg\u00eancia a Nossa Senhora da Consola\u00e7\u00e3o faz todo o sentido para o culto de S\u00e3o Charbel. Esse monge maronita era um conhecido devoto de Maria, a quem dedicou sua vida, passando-a em profunda contempla\u00e7\u00e3o, envolto nos mist\u00e9rios da f\u00e9.<\/p>\n\n\n\n<p>Ele expressou sua declara\u00e7\u00e3o de amor a Maria por meio de devo\u00e7\u00f5es di\u00e1rias e uma s\u00e9rie de ora\u00e7\u00f5es dirigidas diretamente a ela. \u00c9 bem sabido que ele frequentemente atribu\u00eda suas experi\u00eancias m\u00edsticas e apari\u00e7\u00f5es precisamente \u00e0 interven\u00e7\u00e3o dela. Nesse contexto, a indulg\u00eancia de Nossa Senhora da Consola\u00e7\u00e3o \u00e9 um complemento natural para a peregrina\u00e7\u00e3o em mem\u00f3ria de S\u00e3o Charbel e suas aspira\u00e7\u00f5es.<\/p>\n\n\n\n<p>Quando estiver se perguntando como rezar a novena de S\u00e3o Charbel, voc\u00ea precisa aceitar que n\u00e3o \u00e9 uma tarefa dif\u00edcil. A parte mais importante de todo o processo \u00e9 a concentra\u00e7\u00e3o e o tempo para contemplar cada ora\u00e7\u00e3o.<\/p>\n\n\n\n<h3 class=\"wp-block-heading\"><span class=\"ez-toc-section\" id=\"Okresl_cel_nowenny\"><\/span>Determinar o prop\u00f3sito da novena<span class=\"ez-toc-section-end\"><\/span><\/h3>\n\n\n\n<p>Logo no in\u00edcio, definimos a inten\u00e7\u00e3o de nossa novena. Isso sugere o reconhecimento da necessidade ou do pedido que planejamos apresentar a St Charbel. Isso pode incluir pedidos de sa\u00fade f\u00edsica ou mental, paz de esp\u00edrito ou pelo menos <a href=\"https:\/\/chrystus.pl\/pt\/modlitwa-ktora-zawsze-pomaga\/\">assist\u00eancia<\/a> em dificuldades pessoais.<\/p>\n\n\n\n<h3 class=\"wp-block-heading\"><span class=\"ez-toc-section\" id=\"Znajdz_spokojne_miejsce\"><\/span>Encontre um lugar tranquilo<span class=\"ez-toc-section-end\"><\/span><\/h3>\n\n\n\n<p>A pr\u00f3xima etapa \u00e9 escolher um local adequado para a ora\u00e7\u00e3o - um espa\u00e7o silencioso e organizado que favore\u00e7a a concentra\u00e7\u00e3o e a reflex\u00e3o. \u00c9 importante ressaltar que o c\u00f4modo deve estar livre de est\u00edmulos f\u00edsicos e de mistura de pensamentos.<\/p>\n\n\n\n<h3 class=\"wp-block-heading\"><span class=\"ez-toc-section\" id=\"Ustal_pore_dnia\"><\/span>Determinar a hora do dia<span class=\"ez-toc-section-end\"><\/span><\/h3>\n\n\n\n<p>Rezar a novena exige regularidade, portanto, \u00e9 uma boa ideia planejar sua ora\u00e7\u00e3o em um hor\u00e1rio fixo todos os dias durante nove dias. De manh\u00e3 ou \u00e0 noite? A escolha \u00e9 sua.<\/p>\n\n\n\n<h3 class=\"wp-block-heading\"><span class=\"ez-toc-section\" id=\"W_praktyce\"><\/span>Na pr\u00e1tica<span class=\"ez-toc-section-end\"><\/span><\/h3>\n\n\n\n<p>Nos pr\u00f3ximos 9 dias, seguiremos um padr\u00e3o simples: introdu\u00e7\u00e3o -&gt; reflex\u00e3o espec\u00edfica para o dia -&gt; ora\u00e7\u00e3o a S\u00e3o Charbel -&gt; conclus\u00e3o. Lembre-se de que a novena \u00e9 um momento de intensa ora\u00e7\u00e3o e reflex\u00e3o, e n\u00e3o uma recita\u00e7\u00e3o culta de palavras.<\/p>\n\n\n\n<p>Em termos gerais, a pr\u00e1tica de rezar a novena a S\u00e3o Charbel deve ser a seguinte:<\/p>\n\n\n\n<ol class=\"wp-block-list\">\n<li>Zacznij od Modlitwy &#8222;Ojcze Prawdy&#8221;. To ostatnia modlitwa \u015bw. Charbela przed \u015bmierci\u0105.<\/li>\n\n\n\n<li>Em seguida, passe para a ora\u00e7\u00e3o espec\u00edfica do dia (1 a 9).<\/li>\n\n\n\n<li>Por fim, recite a Ladainha de S\u00e3o Charbel.<\/li>\n<\/ol>\n\n\n\n<p>Lembre-se de que todo o processo n\u00e3o se trata de recitar mecanicamente textos de ora\u00e7\u00e3o, mas de experimentar autenticamente uma conex\u00e3o espiritual com S\u00e3o Charbel e Deus por meio da medita\u00e7\u00e3o e da contempla\u00e7\u00e3o.<\/p>\n\n\n\n<p>Ao rezar uma novena todos os dias, podemos pedir a intercess\u00e3o de S\u00e3o Charbel - um dos grandes santos milagrosos da Igreja Cat\u00f3lica no L\u00edbano - em resposta \u00e0s nossas inten\u00e7\u00f5es.<\/p>\n\n\n\n<h1 class=\"wp-block-heading\">Dia 1 - Novena a S\u00e3o Charbel<\/h1>\n\n\n\n<p>Ao iniciarmos a novena de S\u00e3o Charbel, tenhamos em mente a mensagem motivadora do primeiro dia. Ela se concentra na reflex\u00e3o sobre nossas vidas e em nos colocarmos no centro do plano de Deus.<\/p>\n\n\n\n<p><strong>Ao aprofundar a ora\u00e7\u00e3o de hoje<\/strong><\/p>\n\n\n\n<p>Durante seus primeiros momentos profundos, concentre-se em encontrar o Lugar Silencioso. Esse lugar deve ser um santu\u00e1rio para voc\u00ea, onde possa se concentrar exclusivamente no di\u00e1logo com o Alt\u00edssimo. Lembre-se de que voc\u00ea est\u00e1 diante de Deus e de S\u00e3o Charbel, e que eles est\u00e3o ouvindo cada palavra de sua ora\u00e7\u00e3o.<\/p>\n\n\n\n<p>Ao permanecer nessa sacralidade, entregue-se \u00e0 gra\u00e7a da aten\u00e7\u00e3o e da abertura. Esses s\u00e3o momentos importantes que o preparam para entrar em um estado de contempla\u00e7\u00e3o do divino durante os pr\u00f3ximos oito dias da novena.<\/p>\n\n\n\n<p><strong>Atitude de ora\u00e7\u00e3o no cora\u00e7\u00e3o<\/strong><\/p>\n\n\n\n<p>Fazendo uma retrospectiva do seu dia hoje, voc\u00ea consegue identificar os momentos em que esteve perto de Deus? E quando voc\u00ea se afastou Dele? Essas perguntas simples t\u00eam o objetivo de ajud\u00e1-lo a explorar seu \"aqui e agora\" espiritual. \u00c9 essa consci\u00eancia que voc\u00ea deve lembrar a si mesmo antes do in\u00edcio e do fim da parte de hoje da novena.<\/p>\n\n\n\n<p><strong>Texto de ora\u00e7\u00e3o para o primeiro dia<\/strong><\/p>\n\n\n\n<p>Na ora\u00e7\u00e3o de hoje, nos concentramos principalmente em perceber nossa presen\u00e7a diante de Deus e de S\u00e3o Charbel. Elevamos nossas vozes ao Pai, ao Filho e ao Esp\u00edrito Santo, pedindo-lhes que abram nossos cora\u00e7\u00f5es e mentes para os pr\u00f3ximos dias da novena. Pedimos a S\u00e3o Charbel que interceda por n\u00f3s.<\/p>\n\n\n\n<p>Vamos agora recitar os elementos individuais da ora\u00e7\u00e3o:<\/p>\n\n\n\n<ol class=\"wp-block-list\">\n<li>Professamos a f\u00e9 - Pai Nosso, Ave Maria, Gl\u00f3ria a Deus.<\/li>\n\n\n\n<li>Oramos invocando o nome de S\u00e3o Charbel: S\u00e3o Charbel, que viveu uma vida de silenciosa contempla\u00e7\u00e3o de Deus na multid\u00e3o de horas passadas em solid\u00e3o com Jesus Eucar\u00edstico... (ora\u00e7\u00e3o continua)<\/li>\n\n\n\n<li>Zako\u0144czenie modlitewnego spotkania to dzi\u0119kczynienie Bogu za ten czas sp\u0119dzony wsp\u00f3lnie oraz pro\u015bba o b\u0142ogos\u0142awie\u0144stwo na kolejny dzie\u0144 novenny: &#8222;Ojcze Nasz\u2026&#8221;<\/li>\n<\/ol>\n\n\n\n<p>Lembre-se de que qualquer forma de conversa honesta com o Alt\u00edssimo \u00e9 preciosa. Permane\u00e7a em sil\u00eancio por algum tempo ap\u00f3s a ora\u00e7\u00e3o e, se desejar, compartilhe seus pensamentos ou reflex\u00f5es com Deus.<\/p>\n\n\n\n<h2 class=\"wp-block-heading\"><span class=\"ez-toc-section\" id=\"Dzien_2_%E2%80%93_Nowenna_do_sw_Charbela\"><\/span>Dia 2 - Novena a S\u00e3o Charbel<span class=\"ez-toc-section-end\"><\/span><\/h2>\n\n\n\n<p>Hoje, no segundo dia de nossa novena a S\u00e3o Charbel, vamos nos concentrar no perd\u00e3o e na cura dos relacionamentos. Vamos come\u00e7ar com uma pitada de paz e introspec\u00e7\u00e3o.<\/p>\n\n\n\n<p>O primeiro passo \u00e9 come\u00e7ar a orar com a Santa Cruz, que simboliza o <a href=\"https:\/\/chrystus.pl\/pt\/czym-jest-cierpienie\/\">sofrendo<\/a>que S\u00e3o Charbel experimentou.<\/p>\n\n\n\n<p>Ao continuarmos nossa reuni\u00e3o de hoje com o assombrado monge maronita, vamos nos voltar para a recita\u00e7\u00e3o da Liturgia das Horas - a ora\u00e7\u00e3o da noite nos fala sobre os problemas da vida di\u00e1ria e nos lembra da nossa necessidade de perdoar e perdoar os outros.<\/p>\n\n\n\n<p>Padre Charbel, em seus ensinamentos, o senhor me pede a capacidade de perdoar. O senhor sabe como \u00e0s vezes \u00e9 dif\u00edcil abrir meu cora\u00e7\u00e3o para essa gra\u00e7a. Pe\u00e7o-lhe que me ajude a alcan\u00e7ar esse estado de amor e compreens\u00e3o pelos outros.<\/p>\n\n\n\n<p>Agora vamos nos preparar para a parte principal da novena - a ora\u00e7\u00e3o dirigida diretamente a S\u00e3o Padre Charbel:<\/p>\n\n\n\n<ol class=\"wp-block-list\">\n<li>Volte seus pensamentos para o c\u00e9u, onde mora o Deus onipresente.<\/li>\n\n\n\n<li>Expresse sua gratid\u00e3o por todas as b\u00ean\u00e7\u00e3os em sua vida, sejam elas grandes ou pequenas.<\/li>\n\n\n\n<li>Pe\u00e7a a Deus a b\u00ean\u00e7\u00e3o da sa\u00fade para voc\u00ea e seus entes queridos.<\/li>\n\n\n\n<li>Apresente seus pedidos a St. Charbel mergulhando em ora\u00e7\u00e3o.<\/li>\n\n\n\n<li>Na koniec powiedz: &#8222;Po twoim \u015bwi\u0119tym wstawiennictwie, Ojcze Charbelu, niech B\u00f3g wys\u0142ucha mojej modlitwy.&#8221;<\/li>\n<\/ol>\n\n\n\n<p>W ko\u0144cu naszej dawki duchowego pokarmu na dzi\u015b powiedzmy chwa\u0142a Bogu za poprzez modlitw\u0119 &#8222;Chwa\u0142a Ojcu i Synowi, i Duchowi \u015awi\u0119temu&#8221;. To jest prosty akt wdzi\u0119czno\u015bci za wszystko co B\u00f3g nam da\u0142.<\/p>\n\n\n\n<p>Caros leitores, n\u00e3o se esque\u00e7am da import\u00e2ncia do perd\u00e3o - esse \u00e9 o caminho para a cura da alma. Tenham esperan\u00e7a e confian\u00e7a - foi isso que vi em S\u00e3o Charbel quando visitei seu santu\u00e1rio pela primeira vez.<\/p>\n\n\n\n<p>Lembre-se de mais uma coisa - a resposta pode vir imediatamente... mas tamb\u00e9m pode exigir paci\u00eancia de nossa parte. Porque toda novena deve ser acompanhada de uma abertura de cora\u00e7\u00e3o para as gra\u00e7as do Senhor Deus, facilitada pela intercess\u00e3o de um Padroeiro Digno como, sem d\u00favida, \u00e9 S\u00e3o Charbel.<\/p>\n\n\n\n<p>Amanh\u00e3 nos encontraremos novamente para o terceiro dia da novena de S\u00e3o Charbel. Eu os incentivo a manter a calma e a paci\u00eancia. Minhas ora\u00e7\u00f5es v\u00e3o para todos voc\u00eas e desejo-lhes as b\u00ean\u00e7\u00e3os de S\u00e3o Charbel.<\/p>\n\n\n\n<h2 class=\"wp-block-heading\"><span class=\"ez-toc-section\" id=\"Dzien_3_%E2%80%93_Nowenna_do_sw_Charbela\"><\/span>Dia 3 - Novena a S\u00e3o Charbel<span class=\"ez-toc-section-end\"><\/span><\/h2>\n\n\n\n<p>Kiedy przychodzi trzeci dzie\u0144 nowenny do \u015bw. Charbela, zaczynamy rozwa\u017ca\u0107 g\u0142\u0119bi\u0119 jego po\u015bwi\u0119cenia dla Boga. W tym dniu skupimy si\u0119 na modlitwie &#8222;Ojcze Prawdy&#8221;, kt\u00f3r\u0105 odmawia\u0142 \u015awi\u0119ty.<\/p>\n\n\n\n<p>No contexto do terceiro dia da novena de S\u00e3o Charbel, vale a pena nos lembrarmos da necessidade de concentra\u00e7\u00e3o e abertura de cora\u00e7\u00e3o.<\/p>\n\n\n\n<h3 class=\"wp-block-heading\"><span class=\"ez-toc-section\" id=\"Modlitwa_%E2%80%9EOjcze_Prawdy%E2%80%9D\"><\/span>Modlitwa &#8222;Ojcze Prawdy&#8221;<span class=\"ez-toc-section-end\"><\/span><\/h3>\n\n\n\n<p>Moja propozycja modlitwy na ten dzie\u0144 to w\u0142a\u015bnie &#8222;Ojcze Prawdy&#8221;. To by\u0142a ostatnia modlitwa, kt\u00f3r\u0105 odm\u00f3wi\u0142 \u015bw. Charbel przed swoj\u0105 \u015bmierci\u0105.<\/p>\n\n\n\n<p>&#8222;Ojcze Prawdy, Twoja prawda jest wieczna i niezmienne jak Ty sam.&nbsp;&nbsp;&nbsp;&nbsp; Tak jak zostali\u015bmy przez Ciebie stworzeni wed\u0142ug Twojego podobie\u0144stwa,&nbsp;&nbsp;&nbsp;&nbsp; tak chcemy by\u0107 zamienieni w Jezusa przez \u0142ask\u0119.&nbsp;&nbsp;&nbsp;&nbsp; Pom\u00f3\u017c nam pozna\u0107 Ci\u0119 lepiej,&nbsp;&nbsp;&nbsp;&nbsp; aby\u015bmy mogli z wi\u0119ksz\u0105 pewno\u015bci\u0105 kocha\u0107 Ci\u0119 i s\u0142u\u017cy\u0107 Tobie.&#8221;<\/p>\n\n\n\n<p>\u00c9 importante lembrar que a chave aqui n\u00e3o \u00e9 apenas repetir as palavras do santo, mas tamb\u00e9m tentar traduzir seu significado para a pr\u00f3pria vida.<\/p>\n\n\n\n<p>Depois de rezar essa ora\u00e7\u00e3o especial, fa\u00e7amos um momento de sil\u00eancio e recolhimento. Basear o esp\u00edrito na ora\u00e7\u00e3o nos permite vivenciar seu conte\u00fado em profundidade e abrir o cora\u00e7\u00e3o para as gra\u00e7as que fluem de Deus por meio da intercess\u00e3o de S\u00e3o Charbel.<\/p>\n\n\n\n<p>Zako\u0144czmy ten dzie\u0144 s\u0142owami z ostatniej modlitwy \u015awi\u0119tego &#8222;Ojcze Prawdy&#8221; i pro\u015bb\u0105 o udzielenie nam potrzebnej si\u0142y do kontynuowania nowenny. Wiara i determinacja w naszej modlitewnej drodze cz\u0119sto sprawiaj\u0105, \u017ce stajemy si\u0119 bli\u017csi Bogu oraz pe\u0142ni wi\u0119kszego zrozumienia Jego woli.<\/p>\n\n\n\n<h2 class=\"wp-block-heading\"><span class=\"ez-toc-section\" id=\"Dzien_4_%E2%80%93_Nowenna_do_sw_Charbela\"><\/span>Dia 4 - Novena a S\u00e3o Charbel<span class=\"ez-toc-section-end\"><\/span><\/h2>\n\n\n\n<p>O quarto dia da novena de S\u00e3o Charbel \u00e9 um momento em que devemos nos concentrar na medita\u00e7\u00e3o silenciosa e na reflex\u00e3o sobre as a\u00e7\u00f5es de nossa vida at\u00e9 o momento. A ora\u00e7\u00e3o que aprenderemos hoje cont\u00e9m uma mensagem significativa.<\/p>\n\n\n\n<p>Zacznijmy od odmawiania modlitwy &#8222;\u015awi\u0119ty Ojcze Charbelu&#8221;. Tak brzmi:<\/p>\n\n\n\n<ol class=\"wp-block-list\">\n<li>Santo Padre Charbel,<\/li>\n\n\n\n<li>Olhe com carinho para minhas preocupa\u00e7\u00f5es,<\/li>\n\n\n\n<li>Guie-me nas dificuldades da vida,<\/li>\n\n\n\n<li>Interceda por mim junto a Deus.<\/li>\n<\/ol>\n\n\n\n<p>Outra ora\u00e7\u00e3o do dia foi uma inten\u00e7\u00e3o a St. Charbel pedindo um milagre:<\/p>\n\n\n\n<ol class=\"wp-block-list\">\n<li>S\u00e3o Charbel, d\u00ea-me f\u00e9 e confian\u00e7a enquanto espero por um milagre.<\/li>\n\n\n\n<li>Busco sua prote\u00e7\u00e3o e intercess\u00e3o.<\/li>\n\n\n\n<li>Ajude-me a acreditar no poder do amor de Deus.<\/li>\n<\/ol>\n\n\n\n<p>O desejo de perseverar no caminho da f\u00e9 e fortalecer o relacionamento com Deus \u00e9 importante ao rezar o quarto dia da novena de S\u00e3o Charbel.<\/p>\n\n\n\n<p>Agora vamos nos voltar para a ladainha de S\u00e3o Charbel, que tem seu lugar em cada dia da novena:<\/p>\n\n\n\n<ol class=\"wp-block-list\">\n<li>Sobre o Mestre da solid\u00e3o e da contempla\u00e7\u00e3o,<\/li>\n\n\n\n<li>Intervenha por tr\u00e1s de n\u00f3s<\/li>\n\n\n\n<li>\u00d3 Padroeiro da humildade e da conc\u00f3rdia,<\/li>\n\n\n\n<li>Ou\u00e7a o que temos a dizer.<\/li>\n<\/ol>\n\n\n\n<p>Zako\u0144czmy czwarty dzie\u0144 nowenny modlitw\u0105 &#8222;Ojcze Charbelu&#8221;, w kt\u00f3rej prosimy o prowadzenie i umocnienie w naszej codziennej drodze wierno\u015bci Bogu:<\/p>\n\n\n\n<ol class=\"wp-block-list\">\n<li>Padre Charbel, guie-me pelos caminhos da retid\u00e3o.<\/li>\n\n\n\n<li>Fa\u00e7a de minha vida um testemunho de sua bondade.<\/li>\n\n\n\n<li>Ajude-me a sempre seguir os ensinamentos de Cristo.<\/li>\n<\/ol>\n\n\n\n<p>Lembre-se de que uma parte fundamental de qualquer novena \u00e9 a consist\u00eancia e o compromisso. Ainda faltam cinco dias - que cada um deles seja mais um passo para perseverar na ora\u00e7\u00e3o e aprofundar seu relacionamento com Deus por meio da intercess\u00e3o de S\u00e3o Charbel.<\/p>\n\n\n\n<h2 class=\"wp-block-heading\"><span class=\"ez-toc-section\" id=\"Dzien_5_%E2%80%93_Nowenna_do_swCharbela\"><\/span>Dia 5 - Novena a S\u00e3o Charbel<span class=\"ez-toc-section-end\"><\/span><\/h2>\n\n\n\n<p>O quinto dia da novena de S\u00e3o Charbel traz \u00e0 mente a profunda compreens\u00e3o de humildade e f\u00e9 que emana desse santo. Como na maioria dos dias dessa ora\u00e7\u00e3o em particular, a recita\u00e7\u00e3o desse dia segue uma estrutura espec\u00edfica. Cada elemento tem uma fun\u00e7\u00e3o na entrega total ao Esp\u00edrito Santo.<\/p>\n\n\n\n<p>1) Introdu\u00e7\u00e3o<\/p>\n\n\n\n<p>Os fi\u00e9is come\u00e7am esse dia da novena com uma breve introdu\u00e7\u00e3o referente \u00e0 vida solene do eremita. Essa \u00e9 uma pr\u00e1tica que ocorre em todos os dias da novena e forma a base das reflex\u00f5es di\u00e1rias.<\/p>\n\n\n\n<p>2) Modlitwa &#8222;Ojcze Prawdy&#8221;<\/p>\n\n\n\n<p>Essa \u00e9 uma ora\u00e7\u00e3o especial que S\u00e3o Charbel fez antes de morrer. Dessa forma, imitamos seus \u00faltimos momentos na Terra, quando ele olhava para o c\u00e9u cheio de humildade e amor por Deus.<\/p>\n\n\n\n<p>3) Reflex\u00e3o do dia<\/p>\n\n\n\n<p>Dzie\u0144 pi\u0105ty po\u015bwi\u0119cony jest refleksji nad motywem &#8222;wierno\u015bci \u015bwiatu&#8221;. Oswaja nas ono z ide\u0105 pogodzenia swojego ducha z realiami \u015bwieckiego \u017cycia bez utraty prawdziwej wiary.<\/p>\n\n\n\n<p>4) Conclus\u00e3o<\/p>\n\n\n\n<p>Ostatni etap to okazja, by podda\u0107 si\u0119 woli Bo\u017cej podobnie jak to czyni\u0142 \u015bw. Charbel. Ten dzie\u0144 ko\u0144czy si\u0119 powt\u00f3rzeniem modlitwy &#8222;Ojcze Prawdy&#8221;.<\/p>\n\n\n\n<p>Enfatizo que cada momento dedicado a uma novena a S\u00e3o Charbel \u00e9 uma oportunidade para entendermos e abra\u00e7armos as mesmas virtudes que o moldaram como santo.<\/p>\n\n\n\n<h2 class=\"wp-block-heading\"><span class=\"ez-toc-section\" id=\"Dzien_6_%E2%80%93_Nowenna_do_swCharbela\"><\/span>Dia 6 - Novena a S\u00e3o Charbel<span class=\"ez-toc-section-end\"><\/span><\/h2>\n\n\n\n<p>Ao entrarmos no sexto dia da novena de S\u00e3o Charbel, vale a pena relembrar a devo\u00e7\u00e3o e a humildade dirigidas a esse santo. A etapa atual \u00e9 um momento de contempla\u00e7\u00e3o sobre o aperfei\u00e7oamento de nossa vida espiritual.<\/p>\n\n\n\n<ol class=\"wp-block-list\">\n<li>Come\u00e7amos confessando com um ato de f\u00e9:<\/li>\n\n\n\n<li>Od recytacji modlitwy &#8222;Ojcze Prawdy&#8221;, ostatniej przed \u015bmierci\u0105 \u015bw. Charbela:<\/li>\n\n\n\n<li>Zako\u0144czeniem jest Modlitwa &#8222;Ojcze Charbelu&#8221;:<\/li>\n<\/ol>\n\n\n\n<p>Cada dia da novena deve ser dedicado a uma meta ou inten\u00e7\u00e3o espec\u00edfica, que deve emanar de nosso cora\u00e7\u00e3o e ser um sinal no caminho para um relacionamento mais profundo com Deus por meio da media\u00e7\u00e3o de S\u00e3o Charbel.<\/p>\n\n\n\n<p>Lembremo-nos tamb\u00e9m do importante papel da reflex\u00e3o. Neste dia, sugiro a contempla\u00e7\u00e3o do dom da ora\u00e7\u00e3o. Reflitamos sobre o lugar que a conversa com Deus ocupa em nossa vida e a que ela conduz.<\/p>\n\n\n\n<p>Minha profunda convic\u00e7\u00e3o da efic\u00e1cia da novena a S\u00e3o Charbel me d\u00e1 for\u00e7a para compartilhar essa pr\u00e1tica. Incentivo todos a aproveitarem esse tempo para aprofundar sua espiritualidade pessoal e seu relacionamento com S\u00e3o Charbel.<\/p>\n\n\n\n<p>Tente libertar sua mente das preocupa\u00e7\u00f5es di\u00e1rias, concentre-se na sexta ora\u00e7\u00e3o da novena - este \u00e9 um momento s\u00f3 para voc\u00ea e Deus. Que esse dia seja uma fonte de paz, paci\u00eancia e compreens\u00e3o do plano de Deus para voc\u00ea.<\/p>\n\n\n\n<h2 class=\"wp-block-heading\"><span class=\"ez-toc-section\" id=\"Dzien_7_%E2%80%93_Nowenna_do_swCharbela\"><\/span>Dia 7 - Novena a S\u00e3o Charbel<span class=\"ez-toc-section-end\"><\/span><\/h2>\n\n\n\n<p>No s\u00e9timo dia da novena de S\u00e3o Charbel, concentramos nossa aten\u00e7\u00e3o em nossa ora\u00e7\u00e3o pela capacidade de superar as dificuldades. Qualquer luta espiritual ou material se torna mais f\u00e1cil quando temos um santo intercessor como S\u00e3o Charbel ao nosso lado.<\/p>\n\n\n\n<ol class=\"wp-block-list\">\n<li>Zacznijmy od odm\u00f3wienia &#8222;Zdrowa\u015b Maryjo\u2026&#8221;.<\/li>\n\n\n\n<li>Em seguida, vamos passar para uma ora\u00e7\u00e3o especial dedicada ao dia:<\/li>\n<\/ol>\n\n\n\n<p>&#8222;Ojcze Prawdy, Ty kt\u00f3ry obdarzy\u0142e\u015b \u015awi\u0119tego Ojca Charbela m\u0119stwem i energi\u0105, pozw\u00f3l mi zyska\u0107 te same cechy przez Jego wstawiennictwo. Niech jego \u017cycie pe\u0142ne umartwie\u0144 przypomni mi o warto\u015bci cierpienia i konfrontacji z problemami.<\/p>\n\n\n\n<p>Eu lhe imploro, por intercess\u00e3o de S\u00e3o Padre Charbel, que me ensine a lidar com qualquer adversidade que esteja por vir. Am\u00e9m.\"<\/p>\n\n\n\n<ol class=\"wp-block-list\">\n<li>Po modlitwie powinni\u015bmy zn\u00f3w odm\u00f3wi\u0107 &#8222;Zdrowa\u015b Maryjo\u2026&#8221;.<\/li>\n<\/ol>\n\n\n\n<p>Lembremo-nos, ao longo do dia, de tentar imitar as atitudes e virtudes de S\u00e3o Carlos, especialmente a qualidade da fortaleza, que \u00e9 t\u00e3o importante quando confrontada com as dificuldades da vida cotidiana.<\/p>\n\n\n\n<p>Tamb\u00e9m poder\u00edamos, durante a ora\u00e7\u00e3o, pedir a intercess\u00e3o do Santo para nossas inten\u00e7\u00f5es. Mesmo agora, ao concluirmos esse dia de novena, devemos manter no fundo de nossas mentes o pensamento de S\u00e3o Charbel como nosso guia espiritual.<\/p>\n\n\n\n<p>Depois de concluir essa parte da novena, \u00e9 bom passar alguns minutos em sil\u00eancio e quietude, refletindo sobre os ensinamentos e as virtudes do santo ao longo desse dia especial.<\/p>\n\n\n\n<h2 class=\"wp-block-heading\"><span class=\"ez-toc-section\" id=\"Dzien_8_%E2%80%93_Nowenna_do_swCharbela\"><\/span>Dia 8 - Novena a S\u00e3o Charbel<span class=\"ez-toc-section-end\"><\/span><\/h2>\n\n\n\n<p>O oitavo dia da novena de S\u00e3o Charbel \u00e9 um dia de poder especial e intensidade de ora\u00e7\u00e3o. Agora abordamos o tema da esperan\u00e7a, que est\u00e1 presente em nossos cora\u00e7\u00f5es pela gra\u00e7a de Deus.<\/p>\n\n\n\n<h3 class=\"wp-block-heading\"><span class=\"ez-toc-section\" id=\"Rozpoczecie_dnia\"><\/span>In\u00edcio do dia<span class=\"ez-toc-section-end\"><\/span><\/h3>\n\n\n\n<p>Come\u00e7amos com o sinal da cruz, lembrando que, por meio desse simbolismo, garantimos a b\u00ean\u00e7\u00e3o de Deus.<\/p>\n\n\n\n<h3 class=\"wp-block-heading\"><span class=\"ez-toc-section\" id=\"Modlitwa\"><\/span>Ora\u00e7\u00e3o<span class=\"ez-toc-section-end\"><\/span><\/h3>\n\n\n\n<p>Jest to moment w kt\u00f3rym oficjalnie otwieramy nasze serca na dzia\u0142anie Boga. Odmawiamy s\u0142owa: &#8222;Ojcze niebieski, wspomagaj mnie si\u0142\u0105 Twoj\u0105\u2026&#8221;<\/p>\n\n\n\n<h3 class=\"wp-block-heading\"><span class=\"ez-toc-section\" id=\"Czas_refleksji\"><\/span>Um momento de reflex\u00e3o<span class=\"ez-toc-section-end\"><\/span><\/h3>\n\n\n\n<p>\u00c9 uma oportunidade de se concentrar na vida de S\u00e3o Charbel, aprender com suas experi\u00eancias e entender a profundidade de sua f\u00e9 e confian\u00e7a em Deus.<\/p>\n\n\n\n<h3 class=\"wp-block-heading\"><span class=\"ez-toc-section\" id=\"Zakonczenie\"><\/span>Conclus\u00e3o<span class=\"ez-toc-section-end\"><\/span><\/h3>\n\n\n\n<p>Conclu\u00edmos com uma ora\u00e7\u00e3o louvando a Deus por Seu amor e paci\u00eancia. Nesse momento, tamb\u00e9m podemos pedir uma gra\u00e7a ou interven\u00e7\u00e3o espec\u00edfica de S\u00e3o Charbel em nossa vida.<\/p>\n\n\n\n<p>Lembremo-nos de que cada dia da novena tem seu car\u00e1ter \u00fanico. Vale a pena abordar esse dia com comprometimento e dedica\u00e7\u00e3o pessoal. \u00c9 um momento de sil\u00eancio, medita\u00e7\u00e3o e ora\u00e7\u00e3o fervorosa.<\/p>\n\n\n\n<h2 class=\"wp-block-heading\"><span class=\"ez-toc-section\" id=\"Dzien_9_%E2%80%93_Nowenna_do_sw_Charbela\"><\/span>Dia 9 - Novena a S\u00e3o Charbel<span class=\"ez-toc-section-end\"><\/span><\/h2>\n\n\n\n<p>Iniciamos o nono e \u00faltimo dia da novena de S\u00e3o Charbel. Durante os dias anteriores, mergulhamos na vida e nos ensinamentos de S\u00e3o Charbel, em seu profundo amor a Deus e em sua grande caridade para com as pessoas.<\/p>\n\n\n\n<p>Hoje \u00e9 o dia da conclus\u00e3o espiritual de um per\u00edodo aben\u00e7oado de ora\u00e7\u00e3o durante nossa novena. \u00c9 um momento especial, cheio de alegre esperan\u00e7a e antecipa\u00e7\u00e3o de respostas iminentes do Senhor.<\/p>\n\n\n\n<p>Vamos come\u00e7ar fazendo a ora\u00e7\u00e3o padr\u00e3o dedicada a S\u00e3o Charbel:<\/p>\n\n\n\n<p>Santo Padre Charbel, que passou sua vida servindo a Deus com a mais profunda humildade e sabedoria....<\/p>\n\n\n\n<p>Em seguida, acrescentamos uma inten\u00e7\u00e3o especial pela qual desejamos pedir uma gra\u00e7a por meio da intercess\u00e3o do santo:<\/p>\n\n\n\n<p>Santo Padre Charbel, meu pedido de hoje diz respeito a...<\/p>\n\n\n\n<p>Lembre-se da parte final de nossa ora\u00e7\u00e3o conjunta:<\/p>\n\n\n\n<p>Pai da Verdade... A \u00faltima ora\u00e7\u00e3o de S\u00e3o Charbel antes de sua morte.<\/p>\n\n\n\n<p>N\u00e3o nos esque\u00e7amos tamb\u00e9m de agradecer a intercess\u00e3o de St. Charbel, al\u00e9m de expressar nossa f\u00e9 de que nosso pedido ser\u00e1 atendido.<\/p>\n\n\n\n<p>S\u00e3o Padre Charbel, eu lhe agrade\u00e7o por sua intercess\u00e3o misericordiosa e confio que meus pedidos ser\u00e3o ouvidos.<\/p>\n\n\n\n<p>No final, elevamos uma ora\u00e7\u00e3o a Nossa Senhora da Consola\u00e7\u00e3o, padroeira do mosteiro maronita:<\/p>\n\n\n\n<p>O Most Holy Mary , Our Consolation....<\/p>\n\n\n\n<p>Terminamos o nono dia contando nove ros\u00e1rios nas contas, meditando no mist\u00e9rio da Paix\u00e3o referente ao sofrimento de Cristo. Essa \u00e9 uma grande demonstra\u00e7\u00e3o do amor de Deus por n\u00f3s, seres humanos.<\/p>\n\n\n\n<p>Durante o \u00faltimo dia da novena em honra a S\u00e3o Charbel, lembremo-nos de como ele tentou imitar Cristo durante toda a sua vida, desde as dificuldades solit\u00e1rias do deserto at\u00e9 a oferta de si mesmo aos outros e os frutos das gra\u00e7as que ele obt\u00e9m para n\u00f3s ap\u00f3s a morte no Trono de Deus.&nbsp;<\/p>\n\n\n\n<p>Sua f\u00e9 e disciplina em permanecer nessa ora\u00e7\u00e3o lhe trar\u00e3o b\u00ean\u00e7\u00e3os n\u00e3o apenas hoje, mas tamb\u00e9m nos dias, semanas e anos que vir\u00e3o.<\/p>\n\n\n\n<h2 class=\"wp-block-heading\"><span class=\"ez-toc-section\" id=\"Wersja_w_formacie_pdf_gotowa_do_druku\"><\/span>Vers\u00e3o em formato .pdf (pronta para impress\u00e3o)<span class=\"ez-toc-section-end\"><\/span><\/h2>\n\n\n\n<p>\u00c9 poss\u00edvel ter toda a novena a S\u00e3o Charbel em um \u00fanico arquivo, conveniente para impress\u00e3o e transfer\u00eancia. Uma vers\u00e3o especial da novena em formato .pdf foi preparada especialmente para essas situa\u00e7\u00f5es.<\/p>\n\n\n\n<h3 class=\"wp-block-heading\"><span class=\"ez-toc-section\" id=\"Po_co_taka_forma\"><\/span>Por que esse formul\u00e1rio?<span class=\"ez-toc-section-end\"><\/span><\/h3>\n\n\n\n<p>Acesso pr\u00e1tico - Nem sempre estamos on-line ou temos acesso \u00e0 Internet, especialmente quando estamos fora de casa ou em uma viagem. A vers\u00e3o em pdf nos permite rezar a novena onde quer que estejamos, independentemente das condi\u00e7\u00f5es.<\/p>\n\n\n\n<p>Pronto para impress\u00e3o - O formato PDF \u00e9 excelente para impress\u00e3o. Isso pode ser muito \u00fatil se voc\u00ea quiser ter uma c\u00f3pia f\u00edsica da novena com voc\u00ea como parte de sua ora\u00e7\u00e3o regular ou para compartilhar com amigos ou sua comunidade paroquial.<\/p>\n\n\n\n<h3 class=\"wp-block-heading\"><span class=\"ez-toc-section\" id=\"Jak_mozna_skorzystac_z_wersji_PDF\"><\/span>Como a vers\u00e3o em PDF pode ser usada?<span class=\"ez-toc-section-end\"><\/span><\/h3>\n\n\n\n<p>W tej sekcji znajdziesz link, kt\u00f3ry przekieruje Ci\u0119 bezpo\u015brednio do pliku PDF. Kliknij go, a nast\u0119pnie wybierz opcj\u0119 &#8222;pobierz&#8221; lub &#8222;drukuj&#8221;, zale\u017cnie od Twoich potrzeb. Pami\u0119taj tylko o tym, by m\u00f3c zawsze korzysta\u0107 ze \u017ar\u00f3de\u0142 autoryzowanych &#8211; potwierdzonych przez duchownych lub stosuj\u0105cych oficjalny tekst nowenny.<\/p>\n\n\n\n<p>A disponibilidade da novena de S\u00e3o Charbel em um \u00fanico lugar e a possibilidade de imprimi-la \u00e9 uma grande ajuda para todos aqueles que desejam rez\u00e1-la regularmente. Dessa forma, podemos levar nossa ora\u00e7\u00e3o para onde formos.<\/p>\n\n\n\n<h2 class=\"wp-block-heading\"><span class=\"ez-toc-section\" id=\"Refleksje_na_temat_nowenny_do_sw_Charbela\"><\/span>Reflex\u00f5es sobre a novena de S\u00e3o Charbel<span class=\"ez-toc-section-end\"><\/span><\/h2>\n\n\n\n<p>A Novena de S\u00e3o Charbel \u00e9 um caminho de ora\u00e7\u00e3o que nos conduz por caminhos de excepcional confian\u00e7a e f\u00e9. Refletindo sobre seus textos, podemos compreender a profundidade dos compromissos que esse humilde monge assumiu.<\/p>\n\n\n\n<p>A primeira reflex\u00e3o que nos chama a aten\u00e7\u00e3o ao ler esta novena \u00e9 a humildade de S\u00e3o Charbel. Em todas as suas ora\u00e7\u00f5es, n\u00e3o h\u00e1 um pingo de <a href=\"https:\/\/chrystus.pl\/pt\/pycha-co-to-jest\/\">h\u00fabris<\/a> ou se vangloriar de suas pr\u00f3prias realiza\u00e7\u00f5es. S\u00f3 se pode ver mod\u00e9stia e confian\u00e7a vindas diretamente de seu cora\u00e7\u00e3o.<\/p>\n\n\n\n<p>Druga refleksja dotyczy si\u0142y i roli cierpienia w \u017cyciu chrze\u015bcijanina. \u015awi\u0119ty Charbel prawdziwie uczy nas warto\u015bci cierpienia jako ofiary oddanej Bogu: &#8222;Moje cierpienie jest moim szcz\u0119\u015bciem&#8221;, powiedzia\u0142 kiedy\u015b. Ta lekcja jest mikstur\u0105 wysokiej duchowo\u015bci przemieszanej z niepowtarzalnym ludzkim do\u015bwiadczeniem.<\/p>\n\n\n\n<p>Por fim, \u00e9 importante observar o papel de Maria na devo\u00e7\u00e3o de S\u00e3o Charbel - ela \u00e9 a pessoa pr\u00f3xima a ele, a quem ele adora tanto como m\u00e3e quanto como defensora de seu esp\u00edrito.<\/p>\n\n\n\n<p>1\ufe0f\u20e3 Humildade 2\ufe0f\u20e3 O sofrimento como um caminho para a salva\u00e7\u00e3o 3\ufe0f\u20e3 O amor de Maria<\/p>\n\n\n\n<p>Esses tr\u00eas ecos que emergem da novena a S\u00e3o Charbel nos permitem olhar para nossas experi\u00eancias e prova\u00e7\u00f5es di\u00e1rias sob uma luz completamente diferente. Ao segui-lo, aprendemos a arte da verdadeira humildade, a coragem do sofrimento e a devo\u00e7\u00e3o \u00e0 M\u00e3e de Deus.<\/p>\n\n\n\n<p>Para resumir minhas reflex\u00f5es sobre a novena de S\u00e3o Charbel, posso dizer sem hesita\u00e7\u00e3o: \u00e9 um caminho que vale a pena seguir. Com sua ajuda, podemos nos aproximar de Deus e conhecer melhor a n\u00f3s mesmos e nossa miss\u00e3o como crist\u00e3os. Sem d\u00favida, \u00e9 uma jornada espiritual repleta de aprendizado e transforma\u00e7\u00e3o, proporcionada pela vida de um santo m\u00e1rtir - um exemplo extremamente inspirador de profunda f\u00e9, determina\u00e7\u00e3o e amor a Deus.<\/p>\n\n\n\n<h1 class=\"wp-block-heading\">Que testemunhos de milagres de S\u00e3o Charbel s\u00e3o conhecidos?<\/h1>\n\n\n\n<p>Tanto na \u00e9poca em que S\u00e3o Charbel viveu quanto atualmente, muitas pessoas atribuem a ele v\u00e1rios milagres que aconteceram por sua intercess\u00e3o. Nesta se\u00e7\u00e3o, destacaremos alguns desses relatos.<\/p>\n\n\n\n<ol class=\"wp-block-list\">\n<li>O reconhecimento internacional da eleva\u00e7\u00e3o do santo \u00e0 gl\u00f3ria dos altares ocorreu quando, durante o exame de seus restos mortais por m\u00e9dicos da Igreja Maronita, o caix\u00e3o foi acidentalmente escaldado com cera quente. Inicialmente, suspeitou-se de profana\u00e7\u00e3o, mas a investiga\u00e7\u00e3o revelou o incr\u00edvel: o corpo estava intocado pela corros\u00e3o do tempo, apesar de muitos anos de repouso no t\u00famulo.<\/li>\n\n\n\n<li>Uma mulher chamada Nohad El Shami alegou ter sido milagrosamente curada de uma degenera\u00e7\u00e3o do disco intervertebral por meio de ora\u00e7\u00f5es a Saint Charbel. Ela contou que o havia visto em um sonho e que foi ele quem restaurou sua sa\u00fade. Como prova, ela apresentou radiografias de antes e depois da suposta cura.<\/li>\n\n\n\n<li>Al\u00e9m disso, muitas pessoas relataram as interven\u00e7\u00f5es do santo em suas vidas por meio da realiza\u00e7\u00e3o de uma novena a S\u00e3o Charbel ou pedindo sua intercess\u00e3o. Essas hist\u00f3rias incluem relatos de recupera\u00e7\u00e3o de v\u00edcios, curas f\u00edsicas e emocionais e convers\u00f5es.<\/li>\n<\/ol>\n\n\n\n<p>Todas essas lembran\u00e7as s\u00e3o uma prova para muitas pessoas de que S\u00e3o Charbel \u00e9 um verdadeiro santo e imp\u00f5em a obriga\u00e7\u00e3o de divulgar a possibilidade de se beneficiar de sua intercess\u00e3o.<\/p>\n\n\n\n<h2 class=\"wp-block-heading\"><span class=\"ez-toc-section\" id=\"Jak_sie_odmawia_nowenne_do_sw_Charbela\"><\/span>Como \u00e9 recitada a novena de S\u00e3o Charbel?<span class=\"ez-toc-section-end\"><\/span><\/h2>\n\n\n\n<p>A recita\u00e7\u00e3o da novena de S\u00e3o Charbel \u00e9 um processo ritual\u00edstico e pessoal espec\u00edfico, com o objetivo principal de se conectar com Deus por meio de ora\u00e7\u00f5es expressas do fundo do cora\u00e7\u00e3o. A base dessa pr\u00e1tica espiritual \u00e9 o envolvimento em um ciclo de nove dias de ora\u00e7\u00f5es para reconhecer a santidade de S\u00e3o Charbel e pedir sua intercess\u00e3o.<\/p>\n\n\n\n<ol class=\"wp-block-list\">\n<li>Saia do ambiente do barulho di\u00e1rio: Para rezar a novena de forma eficaz, tente encontrar um lugar tranquilo, livre de distra\u00e7\u00f5es e interrup\u00e7\u00f5es.<\/li>\n\n\n\n<li>Abra seu cora\u00e7\u00e3o: entre na Novena com o cora\u00e7\u00e3o e a mente abertos, pronto para receber a gra\u00e7a de Deus.<\/li>\n\n\n\n<li>Preste aten\u00e7\u00e3o \u00e0s Inten\u00e7\u00f5es: Cada dia da novena cont\u00e9m uma inten\u00e7\u00e3o ou tema especial para ponderar e orar. Tenha o cuidado de manter sua medita\u00e7\u00e3o concentrada nessas inten\u00e7\u00f5es todos os dias.<\/li>\n\n\n\n<li>Celebrar a ora\u00e7\u00e3o correta: A fidelidade aos textos de ora\u00e7\u00e3o preparados para cada dia da Novena \u00e9 crucial. Leia cuidadosamente as ora\u00e7\u00f5es indicadas, considerando seu conte\u00fado e significado.<\/li>\n\n\n\n<li>Medite: Depois de fazer suas ora\u00e7\u00f5es, encontre tempo para um momento de reflex\u00e3o e medita\u00e7\u00e3o silenciosa. Isso aumentar\u00e1 sua consci\u00eancia de seu di\u00e1logo particular com Deus.<\/li>\n<\/ol>\n\n\n\n<p>Lembre-se de que seu compromisso pessoal e a repeti\u00e7\u00e3o dessa pr\u00e1tica s\u00e3o essenciais para que a novena seja totalmente eficaz. Portanto, \u00e9 aconselh\u00e1vel garantir que voc\u00ea recite as ora\u00e7\u00f5es regularmente durante os pr\u00f3ximos nove dias.&nbsp;&nbsp;&nbsp;&nbsp;&nbsp;&nbsp;&nbsp;&nbsp;&nbsp;&nbsp;&nbsp;&nbsp;&nbsp;&nbsp;&nbsp;&nbsp;&nbsp;&nbsp;&nbsp;&nbsp;&nbsp;&nbsp;&nbsp;&nbsp;&nbsp;&nbsp;<\/p>\n\n\n\n<p>Voc\u00ea pode fazer com que o motivo para rezar a Novena de S\u00e3o Charbel seja uma inten\u00e7\u00e3o espec\u00edfica que traga a necessidade de ajuda especial ou simplesmente o desejo de uma compreens\u00e3o mais profunda da heran\u00e7a espiritual do santo padroeiro, S\u00e3o Charbel. Lembre-se, entretanto, de que o aspecto mais importante de qualquer novena \u00e9 a sinceridade e a abertura do cora\u00e7\u00e3o.<\/p>\n\n\n\n<p>A etapa final \u00e9 a a\u00e7\u00e3o de gra\u00e7as - aprecie a d\u00e1diva da gra\u00e7a recebida durante a novena e expresse sua gratid\u00e3o agradecendo a S\u00e3o Charbel e ao Alt\u00edssimo pelo apoio e cuidado.<\/p>\n\n\n\n<h2 class=\"wp-block-heading\"><span class=\"ez-toc-section\" id=\"Kiedy_odmawiac_nowenne_do_sw_Charbela\"><\/span>Quando rezar a novena de S\u00e3o Charbel?<span class=\"ez-toc-section-end\"><\/span><\/h2>\n\n\n\n<p>O tempo para rezar a novena a S\u00e3o Charbel \u00e9, na verdade, arbitr\u00e1rio, pois n\u00e3o h\u00e1 um prazo r\u00edgido para essa pr\u00e1tica de ora\u00e7\u00e3o. Como um devocional de nove dias, a novena pode ser iniciada a qualquer momento, sempre que sentirmos a necessidade de nos aprofundar na ora\u00e7\u00e3o e pedir apoio.<\/p>\n\n\n\n<p>Entretanto, gostaria de ressaltar um aspecto importante com rela\u00e7\u00e3o \u00e0 data de in\u00edcio da novena. De acordo com a tradi\u00e7\u00e3o comum da Igreja Cat\u00f3lica, o momento ideal para iniciar as novenas de um santo \u00e9 nove dias antes da festa lit\u00fargica em sua homenagem. No caso de S\u00e3o Charbel, recomendo iniciar a novena em 17 de julho para poder conclu\u00ed-la precisamente no dia de sua comemora\u00e7\u00e3o lit\u00fargica - 26 de julho.<\/p>\n\n\n\n<p>Nowenna to forma modlitwy o silnej symbolice &#8211; liczba &#8222;dziewi\u0119\u0107&#8221; nawi\u0105zuje do dni mi\u0119dzy Wniebowst\u0105pieniem a Zes\u0142aniem Ducha \u015awi\u0119tego. Jest to okres intensywnej modlitwy Aposto\u0142\u00f3w i Maryi Panny.<\/p>\n\n\n\n<ol class=\"wp-block-list\">\n<li>Escolha bem a data de in\u00edcio da novena.<\/li>\n\n\n\n<li>Prepare-se espiritualmente para esse momento de intimidade com Deus.<\/li>\n\n\n\n<li>Torne seu dever orar todos os dias.<\/li>\n<\/ol>\n\n\n\n<p>No entanto, lembre-se de que Herz Jesus, no c\u00e9u da Igreja, est\u00e1 limitado ao tempo e ao espa\u00e7o. Ele ouve nosso pedido de ajuda a qualquer momento, portanto, comece a novena quando se sentir chamado a faz\u00ea-lo.  Lembre-se tamb\u00e9m de se desligar das quest\u00f5es da vida cotidiana - concentre-se apenas em seu tempo com Deus.<\/p>\n\n\n\n<h2 class=\"wp-block-heading\"><span class=\"ez-toc-section\" id=\"O_co_mozna_prosic_sw_Charbela\"><\/span>O que se pode pedir a St. Charbel para fazer?<span class=\"ez-toc-section-end\"><\/span><\/h2>\n\n\n\n<p>Sua santidade e a devo\u00e7\u00e3o inabal\u00e1vel de sua vida a Deus fizeram de S\u00e3o Charbel um dos santos mais reverenciados na Igreja Cat\u00f3lica atualmente. As gra\u00e7as que os fi\u00e9is podem receber por meio de sua intercess\u00e3o s\u00e3o m\u00faltiplas.<\/p>\n\n\n\n<p>Um dos principais aspectos de se direcionar as ora\u00e7\u00f5es a esse santo \u00e9 o pedido de cura. In\u00fameras anedotas e hist\u00f3rias de f\u00e9 relatam hist\u00f3rias de pessoas curadas f\u00edsica e espiritualmente pela causa de S\u00e3o Charbel. Portanto, se estiver atormentado por uma enfermidade ou doen\u00e7a, ou se quiser rezar pela sa\u00fade de um ente querido, voc\u00ea pode pedir sinceramente a S\u00e3o Charbel em uma novena.<\/p>\n\n\n\n<p>Outra inten\u00e7\u00e3o poderosa pode ser a de pedir a restaura\u00e7\u00e3o da paz no cora\u00e7\u00e3o ou a resolu\u00e7\u00e3o de conflitos familiares. S\u00e3o Charbel tamb\u00e9m \u00e9 famoso pelas gra\u00e7as concedidas para a harmonia e a conc\u00f3rdia no lar e entre os entes queridos.<\/p>\n\n\n\n<p>N\u00e3o se esque\u00e7a tamb\u00e9m dos pedidos relativos ao seu pr\u00f3prio caminho espiritual. Se estiver lutando para encontrar o sentido de sua vida ou a meta que deve perseguir, recomende a si mesmo a gra\u00e7a de S\u00e3o Charbel.<\/p>\n\n\n\n<p>No entanto, \u00e9 importante lembrar que toda ora\u00e7\u00e3o deve ser sempre uma express\u00e3o de total confian\u00e7a na a\u00e7\u00e3o de Deus. S\u00e3o Charbel, como santo e nosso intercessor diante de Deus, n\u00e3o garante o cumprimento imediato de nossos pedidos, mas ajuda a lev\u00e1-los ao cora\u00e7\u00e3o de Deus. Ele sabe eternamente melhor o que \u00e9 bom para n\u00f3s e quando nos conceder essa gra\u00e7a. Nossa tarefa \u00e9 aceitar humildemente Sua vontade e esperar pacientemente por uma resposta.<\/p>","protected":false},"excerpt":{"rendered":"<p>Voc\u00ea j\u00e1 ouviu falar de S\u00e3o Charbel? Ele \u00e9 um dos santos mais importantes da Igreja Cat\u00f3lica Maronita, reconhecido como um milagreiro e o santo padroeiro daqueles que buscam a cura. Neste artigo, eu gostaria de mostrar a novena a esse santo incr\u00edvel em detalhes - desde a hist\u00f3ria de sua vida at\u00e9 o significado da ora\u00e7\u00e3o em si e como rez\u00e1-la. Ao ler este texto ...<\/p>","protected":false},"author":1,"featured_media":0,"comment_status":"closed","ping_status":"closed","sticky":false,"template":"","format":"standard","meta":{"footnotes":""},"categories":[54],"tags":[],"class_list":["post-2423","post","type-post","status-publish","format-standard","hentry","category-modlitwa"],"yoast_head":"<!-- This site is optimized with the Yoast SEO plugin v27.5 - https:\/\/yoast.com\/product\/yoast-seo-wordpress\/ -->\n<title>Nowenna do \u015bw. Charbela - Chrystus<\/title>\n<meta name=\"description\" content=\"Czy kiedykolwiek s\u0142ysza\u0142e\u015b o \u015bw. Charbelu? To jeden z najwa\u017cniejszych \u015bwi\u0119tych w maronickim Ko\u015bciele katolickim, kt\u00f3ry jest uznawany za cudotw\u00f3rc\u0119 i\" \/>\n<meta name=\"robots\" content=\"index, follow, max-snippet:-1, max-image-preview:large, max-video-preview:-1\" \/>\n<link rel=\"canonical\" href=\"https:\/\/chrystus.pl\/pt\/novena-de-sao-carlos\/\" \/>\n<meta property=\"og:locale\" content=\"pt_BR\" \/>\n<meta property=\"og:type\" content=\"article\" \/>\n<meta property=\"og:title\" content=\"Nowenna do \u015bw. Charbela - Chrystus\" \/>\n<meta property=\"og:description\" content=\"Czy kiedykolwiek s\u0142ysza\u0142e\u015b o \u015bw. Charbelu? To jeden z najwa\u017cniejszych \u015bwi\u0119tych w maronickim Ko\u015bciele katolickim, kt\u00f3ry jest uznawany za cudotw\u00f3rc\u0119 i\" \/>\n<meta property=\"og:url\" content=\"https:\/\/chrystus.pl\/pt\/novena-de-sao-carlos\/\" \/>\n<meta property=\"og:site_name\" content=\"Chrystus\" \/>\n<meta property=\"article:published_time\" content=\"2023-10-20T18:12:59+00:00\" \/>\n<meta property=\"article:modified_time\" content=\"2023-10-20T18:15:30+00:00\" \/>\n<meta name=\"author\" content=\"Samarytanka\" \/>\n<meta name=\"twitter:card\" content=\"summary_large_image\" \/>\n<meta name=\"twitter:label1\" content=\"Escrito por\" \/>\n\t<meta name=\"twitter:data1\" content=\"Samarytanka\" \/>\n\t<meta name=\"twitter:label2\" content=\"Est. tempo de leitura\" \/>\n\t<meta name=\"twitter:data2\" content=\"29 minutos\" \/>\n<!-- \/ Yoast SEO plugin. -->","yoast_head_json":{"title":"Novena a S\u00e3o Charbel - Cristo","description":"Voc\u00ea j\u00e1 ouviu falar de S\u00e3o Charbel? Ele \u00e9 um dos santos mais importantes da Igreja Cat\u00f3lica Maronita, reconhecido como um milagreiro e um dos mais importantes da Igreja.","robots":{"index":"index","follow":"follow","max-snippet":"max-snippet:-1","max-image-preview":"max-image-preview:large","max-video-preview":"max-video-preview:-1"},"canonical":"https:\/\/chrystus.pl\/pt\/novena-de-sao-carlos\/","og_locale":"pt_BR","og_type":"article","og_title":"Nowenna do \u015bw. Charbela - Chrystus","og_description":"Czy kiedykolwiek s\u0142ysza\u0142e\u015b o \u015bw. Charbelu? To jeden z najwa\u017cniejszych \u015bwi\u0119tych w maronickim Ko\u015bciele katolickim, kt\u00f3ry jest uznawany za cudotw\u00f3rc\u0119 i","og_url":"https:\/\/chrystus.pl\/pt\/novena-de-sao-carlos\/","og_site_name":"Chrystus","article_published_time":"2023-10-20T18:12:59+00:00","article_modified_time":"2023-10-20T18:15:30+00:00","author":"Samarytanka","twitter_card":"summary_large_image","twitter_misc":{"Escrito por":"Samarytanka","Est. tempo de leitura":"29 minutos"},"schema":{"@context":"https:\/\/schema.org","@graph":[{"@type":"Article","@id":"https:\/\/chrystus.pl\/nowenna-do-sw-charbela\/#article","isPartOf":{"@id":"https:\/\/chrystus.pl\/nowenna-do-sw-charbela\/"},"author":{"name":"Samarytanka","@id":"https:\/\/chrystus.pl\/#\/schema\/person\/e2e742452b8b7b2bcd23ea180671d27a"},"headline":"Nowenna do \u015bw. Charbela","datePublished":"2023-10-20T18:12:59+00:00","dateModified":"2023-10-20T18:15:30+00:00","mainEntityOfPage":{"@id":"https:\/\/chrystus.pl\/nowenna-do-sw-charbela\/"},"wordCount":5790,"publisher":{"@id":"https:\/\/chrystus.pl\/#organization"},"articleSection":["Modlitwa"],"inLanguage":"pt-BR"},{"@type":"WebPage","@id":"https:\/\/chrystus.pl\/nowenna-do-sw-charbela\/","url":"https:\/\/chrystus.pl\/nowenna-do-sw-charbela\/","name":"Novena a S\u00e3o Charbel - Cristo","isPartOf":{"@id":"https:\/\/chrystus.pl\/#website"},"datePublished":"2023-10-20T18:12:59+00:00","dateModified":"2023-10-20T18:15:30+00:00","description":"Voc\u00ea j\u00e1 ouviu falar de S\u00e3o Charbel? Ele \u00e9 um dos santos mais importantes da Igreja Cat\u00f3lica Maronita, reconhecido como um milagreiro e um dos mais importantes da Igreja.","breadcrumb":{"@id":"https:\/\/chrystus.pl\/nowenna-do-sw-charbela\/#breadcrumb"},"inLanguage":"pt-BR","potentialAction":[{"@type":"ReadAction","target":["https:\/\/chrystus.pl\/nowenna-do-sw-charbela\/"]}]},{"@type":"BreadcrumbList","@id":"https:\/\/chrystus.pl\/nowenna-do-sw-charbela\/#breadcrumb","itemListElement":[{"@type":"ListItem","position":1,"name":"Strona g\u0142\u00f3wna","item":"https:\/\/chrystus.pl\/"},{"@type":"ListItem","position":2,"name":"Nowenna do \u015bw. Charbela"}]},{"@type":"WebSite","@id":"https:\/\/chrystus.pl\/#website","url":"https:\/\/chrystus.pl\/","name":"Cristo","description":"Deus, Maria, Jesus, Comunh\u00e3o e muito mais","publisher":{"@id":"https:\/\/chrystus.pl\/#organization"},"potentialAction":[{"@type":"SearchAction","target":{"@type":"EntryPoint","urlTemplate":"https:\/\/chrystus.pl\/?s={search_term_string}"},"query-input":{"@type":"PropertyValueSpecification","valueRequired":true,"valueName":"search_term_string"}}],"inLanguage":"pt-BR"},{"@type":"Organization","@id":"https:\/\/chrystus.pl\/#organization","name":"Cristo.pl","url":"https:\/\/chrystus.pl\/","logo":{"@type":"ImageObject","inLanguage":"pt-BR","@id":"https:\/\/chrystus.pl\/#\/schema\/logo\/image\/","url":"https:\/\/chrystus.pl\/wp-content\/uploads\/2019\/03\/chrystus-bog-maryja-komunia-bierzmowanie.jpg","contentUrl":"https:\/\/chrystus.pl\/wp-content\/uploads\/2019\/03\/chrystus-bog-maryja-komunia-bierzmowanie.jpg","width":1920,"height":1280,"caption":"Chrystus.pl"},"image":{"@id":"https:\/\/chrystus.pl\/#\/schema\/logo\/image\/"}},{"@type":"Person","@id":"https:\/\/chrystus.pl\/#\/schema\/person\/e2e742452b8b7b2bcd23ea180671d27a","name":"Samaritana"}]}},"_links":{"self":[{"href":"https:\/\/chrystus.pl\/pt\/wp-json\/wp\/v2\/posts\/2423","targetHints":{"allow":["GET"]}}],"collection":[{"href":"https:\/\/chrystus.pl\/pt\/wp-json\/wp\/v2\/posts"}],"about":[{"href":"https:\/\/chrystus.pl\/pt\/wp-json\/wp\/v2\/types\/post"}],"author":[{"embeddable":true,"href":"https:\/\/chrystus.pl\/pt\/wp-json\/wp\/v2\/users\/1"}],"replies":[{"embeddable":true,"href":"https:\/\/chrystus.pl\/pt\/wp-json\/wp\/v2\/comments?post=2423"}],"version-history":[{"count":0,"href":"https:\/\/chrystus.pl\/pt\/wp-json\/wp\/v2\/posts\/2423\/revisions"}],"wp:attachment":[{"href":"https:\/\/chrystus.pl\/pt\/wp-json\/wp\/v2\/media?parent=2423"}],"wp:term":[{"taxonomy":"category","embeddable":true,"href":"https:\/\/chrystus.pl\/pt\/wp-json\/wp\/v2\/categories?post=2423"},{"taxonomy":"post_tag","embeddable":true,"href":"https:\/\/chrystus.pl\/pt\/wp-json\/wp\/v2\/tags?post=2423"}],"curies":[{"name":"wp","href":"https:\/\/api.w.org\/{rel}","templated":true}]}}