{"id":2428,"date":"2023-10-20T18:17:07","date_gmt":"2023-10-20T18:17:07","guid":{"rendered":"https:\/\/chrystus.pl\/?p=2428"},"modified":"2023-10-20T18:17:32","modified_gmt":"2023-10-20T18:17:32","slug":"oracao-a-jude-tade-em-casos-sem-esperanca","status":"publish","type":"post","link":"https:\/\/chrystus.pl\/pt\/modlitwa-do-sw-judy-tadeusza-w-sprawach-beznadziejnych\/","title":{"rendered":"Ora\u00e7\u00e3o a S\u00e3o Judas Tadeu em casos sem esperan\u00e7a"},"content":{"rendered":"<p>Voc\u00ea j\u00e1 esteve \u00e0 beira do desespero, buscando alguma centelha de esperan\u00e7a em um mundo que parece quase preto e branco? Voc\u00ea j\u00e1 se deparou com um problema aparentemente insol\u00favel? Se a resposta for sim, ent\u00e3o este artigo \u00e9 para voc\u00ea. Uma sa\u00edda interessante para muitos pode ser orar a S\u00e3o Judas Tadeu - o santo padroeiro das coisas consideradas sem esperan\u00e7a.<\/p>\n\n\n\n<div id=\"ez-toc-container\" class=\"ez-toc-v2_0_82_2 counter-hierarchy ez-toc-counter ez-toc-custom ez-toc-container-direction\">\n<p class=\"ez-toc-title\" style=\"cursor:inherit\">Tabela de conte\u00fado<\/p>\n<label for=\"ez-toc-cssicon-toggle-item-69f42930bfa24\" class=\"ez-toc-cssicon-toggle-label\"><span class=\"\"><span class=\"eztoc-hide\" style=\"display:none;\">Alternar<\/span><span class=\"ez-toc-icon-toggle-span\"><svg style=\"fill: #ffffff;color:#ffffff\" xmlns=\"http:\/\/www.w3.org\/2000\/svg\" class=\"list-377408\" width=\"20px\" height=\"20px\" viewbox=\"0 0 24 24\" fill=\"none\"><path d=\"M6 6H4v2h2V6zm14 0H8v2h12V6zM4 11h2v2H4v-2zm16 0H8v2h12v-2zM4 16h2v2H4v-2zm16 0H8v2h12v-2z\" fill=\"currentColor\"><\/path><\/svg><svg style=\"fill: #ffffff;color:#ffffff\" class=\"arrow-unsorted-368013\" xmlns=\"http:\/\/www.w3.org\/2000\/svg\" width=\"10px\" height=\"10px\" viewbox=\"0 0 24 24\" version=\"1.2\" baseprofile=\"tiny\"><path d=\"M18.2 9.3l-6.2-6.3-6.2 6.3c-.2.2-.3.4-.3.7s.1.5.3.7c.2.2.4.3.7.3h11c.3 0 .5-.1.7-.3.2-.2.3-.5.3-.7s-.1-.5-.3-.7zM5.8 14.7l6.2 6.3 6.2-6.3c.2-.2.3-.5.3-.7s-.1-.5-.3-.7c-.2-.2-.4-.3-.7-.3h-11c-.3 0-.5.1-.7.3-.2.2-.3.5-.3.7s.1.5.3.7z\"\/><\/svg><\/span><\/span><\/label><input type=\"checkbox\"  id=\"ez-toc-cssicon-toggle-item-69f42930bfa24\"  aria-label=\"Alternar\" \/><nav><ul class='ez-toc-list ez-toc-list-level-1' ><li class='ez-toc-page-1 ez-toc-heading-level-2'><a class=\"ez-toc-link ez-toc-heading-1\" href=\"https:\/\/chrystus.pl\/pt\/modlitwa-do-sw-judy-tadeusza-w-sprawach-beznadziejnych\/#Modlitwa_do_sw_Judy_Tadeusza_%E2%80%93_co_to_jest_i_jakie_ma_znaczenie\" >Ora\u00e7\u00e3o a S\u00e3o Judas Tadeu - o que \u00e9 e o que significa<\/a><\/li><li class='ez-toc-page-1 ez-toc-heading-level-2'><a class=\"ez-toc-link ez-toc-heading-2\" href=\"https:\/\/chrystus.pl\/pt\/modlitwa-do-sw-judy-tadeusza-w-sprawach-beznadziejnych\/#Podstawowe_informacje_o_sw_Judzie_Tadeuszu_%E2%80%93_kim_byl_jakie_sa_jego_atrybuty_i_patronaty\" >Informa\u00e7\u00f5es b\u00e1sicas sobre S\u00e3o Judas Tadeu - quem ele era, seus atributos e patroc\u00ednios<\/a><\/li><li class='ez-toc-page-1 ez-toc-heading-level-2'><a class=\"ez-toc-link ez-toc-heading-3\" href=\"https:\/\/chrystus.pl\/pt\/modlitwa-do-sw-judy-tadeusza-w-sprawach-beznadziejnych\/#Modlitwa_do_sw_Judy_Tadeusza_w_sprawach_beznadziejnych_%E2%80%93_jak_sie_modlic_jak_wyglada_ta_modlitwa\" >Ora\u00e7\u00e3o a S\u00e3o Judas Tadeu em casos sem esperan\u00e7a - como orar, como \u00e9 essa ora\u00e7\u00e3o<\/a><ul class='ez-toc-list-level-4' ><li class='ez-toc-heading-level-4'><ul class='ez-toc-list-level-4' ><li class='ez-toc-heading-level-4'><a class=\"ez-toc-link ez-toc-heading-4\" href=\"https:\/\/chrystus.pl\/pt\/modlitwa-do-sw-judy-tadeusza-w-sprawach-beznadziejnych\/#Jak_powinno_przebiegac_Twoje_podejscie_do_modlitwy_w_desperackich_okolicznosciach\" >Como deve funcionar sua abordagem \u00e0 ora\u00e7\u00e3o em circunst\u00e2ncias desesperadoras?<\/a><\/li><\/ul><\/li><\/ul><\/li><li class='ez-toc-page-1 ez-toc-heading-level-2'><a class=\"ez-toc-link ez-toc-heading-5\" href=\"https:\/\/chrystus.pl\/pt\/modlitwa-do-sw-judy-tadeusza-w-sprawach-beznadziejnych\/#Opowiesc_o_cudach_i_laskach_otrzymanych_za_wstawiennictwem_sw_Judy_Tadeusza_%E2%80%93_przyklady_konkretnych_przypadkow\" >Hist\u00f3ria de milagres e gra\u00e7as recebidas pela intercess\u00e3o de S\u00e3o Judas Tadeu - exemplos de casos espec\u00edficos<\/a><\/li><li class='ez-toc-page-1 ez-toc-heading-level-2'><a class=\"ez-toc-link ez-toc-heading-6\" href=\"https:\/\/chrystus.pl\/pt\/modlitwa-do-sw-judy-tadeusza-w-sprawach-beznadziejnych\/#Rola_modlitwy_w_zyciu_chrzescijanskim\" >O papel da ora\u00e7\u00e3o na vida crist\u00e3<\/a><ul class='ez-toc-list-level-3' ><li class='ez-toc-heading-level-3'><a class=\"ez-toc-link ez-toc-heading-7\" href=\"https:\/\/chrystus.pl\/pt\/modlitwa-do-sw-judy-tadeusza-w-sprawach-beznadziejnych\/#Dlaczego_warto_sie_modlic\" >Por que orar?<\/a><\/li><li class='ez-toc-page-1 ez-toc-heading-level-3'><a class=\"ez-toc-link ez-toc-heading-8\" href=\"https:\/\/chrystus.pl\/pt\/modlitwa-do-sw-judy-tadeusza-w-sprawach-beznadziejnych\/#Prosba_o_wstawiennictwo_swietych\" >Solicitar a intercess\u00e3o dos santos<\/a><\/li><\/ul><\/li><li class='ez-toc-page-1 ez-toc-heading-level-2'><a class=\"ez-toc-link ez-toc-heading-9\" href=\"https:\/\/chrystus.pl\/pt\/modlitwa-do-sw-judy-tadeusza-w-sprawach-beznadziejnych\/#Inne_formy_oddania_czci_sw_Judzie_Tadeuszu_%E2%80%93_np_nowenny_tridua_odpusty\" >Outras formas de venera\u00e7\u00e3o de S\u00e3o Judas Tadeu - por exemplo, novena, tr\u00edduo, indulg\u00eancias<\/a><ul class='ez-toc-list-level-3' ><li class='ez-toc-heading-level-3'><a class=\"ez-toc-link ez-toc-heading-10\" href=\"https:\/\/chrystus.pl\/pt\/modlitwa-do-sw-judy-tadeusza-w-sprawach-beznadziejnych\/#Nowenna_do_sw_Judy_Tadeusza\" >Novena de S\u00e3o Judas Tadeu<\/a><\/li><li class='ez-toc-page-1 ez-toc-heading-level-3'><a class=\"ez-toc-link ez-toc-heading-11\" href=\"https:\/\/chrystus.pl\/pt\/modlitwa-do-sw-judy-tadeusza-w-sprawach-beznadziejnych\/#Triduum\" >Tr\u00edduo<\/a><\/li><li class='ez-toc-page-1 ez-toc-heading-level-3'><a class=\"ez-toc-link ez-toc-heading-12\" href=\"https:\/\/chrystus.pl\/pt\/modlitwa-do-sw-judy-tadeusza-w-sprawach-beznadziejnych\/#Odpusty\" >Indulg\u00eancias<\/a><\/li><\/ul><\/li><li class='ez-toc-page-1 ez-toc-heading-level-2'><a class=\"ez-toc-link ez-toc-heading-13\" href=\"https:\/\/chrystus.pl\/pt\/modlitwa-do-sw-judy-tadeusza-w-sprawach-beznadziejnych\/#Dzialalnosc_parafii_lub_wspolnoty_zwiazanej_ze_sw_Juda_Tadeuszem_%E2%80%93_gdzie_mozna_znalezc_wsparcie_i_modlitewna_pomoc\" >As atividades de uma par\u00f3quia ou comunidade associada a St. Jude Thaddeus - onde encontrar apoio e assist\u00eancia em ora\u00e7\u00e3o<\/a><\/li><li class='ez-toc-page-1 ez-toc-heading-level-2'><a class=\"ez-toc-link ez-toc-heading-14\" href=\"https:\/\/chrystus.pl\/pt\/modlitwa-do-sw-judy-tadeusza-w-sprawach-beznadziejnych\/#Jak_sie_modlic_do_sw_Judy_Tadeusza\" >Como voc\u00ea reza para S\u00e3o Judas Tadeu?<\/a><\/li><li class='ez-toc-page-1 ez-toc-heading-level-2'><a class=\"ez-toc-link ez-toc-heading-15\" href=\"https:\/\/chrystus.pl\/pt\/modlitwa-do-sw-judy-tadeusza-w-sprawach-beznadziejnych\/#Kiedy_zaczyna_sie_Nowenna_do_swietego_Judy_Tadeusza\" >Quando come\u00e7a a Novena de S\u00e3o Judas Tadeu?<\/a><\/li><\/ul><\/nav><\/div>\n<h2 class=\"wp-block-heading\"><span class=\"ez-toc-section\" id=\"Modlitwa_do_sw_Judy_Tadeusza_%E2%80%93_co_to_jest_i_jakie_ma_znaczenie\"><\/span>Ora\u00e7\u00e3o a S\u00e3o Judas Tadeu - o que \u00e9 e o que significa<span class=\"ez-toc-section-end\"><\/span><\/h2>\n\n\n\n<p>Para ser mais preciso, a ora\u00e7\u00e3o a S\u00e3o Judas Tadeu \u00e9 um antigo costume romano testado e aprovado ao longo dos s\u00e9culos. Ela \u00e9 dirigida diretamente a esse santo, cuja comemora\u00e7\u00e3o lit\u00fargica ocorre em 28 de outubro. Ele \u00e9 conhecido como o \"santo padroeiro das coisas dif\u00edceis e sem esperan\u00e7a\", tudo gra\u00e7as a seus esfor\u00e7os tenazes para ajudar todas as pessoas necessitadas.<\/p>\n\n\n\n<p>Modlitwa ta ma szczeg\u00f3lne miejsce w chrze\u015bcija\u0144skim dialogu z Bogiem. Stanowi spos\u00f3b ekspresji naszej wiary oraz pok\u0142adanej w \u015bwi\u0119tym Judzie Tadeuszu nadziei. Jest swoistym narz\u0119dziem, kt\u00f3re chrze\u015bcijanie u\u017cywaj\u0105 w sytuacjach skrajnej desperacji &#8211; kiedy droga wydaje si\u0119 bez wyj\u015bcia, \u015bwiat\u0142o z nadziei pomocy ko\u0144cu tunelu zanika, a my jeste\u015bmy samotni i zagubieni. Zwracaj\u0105c si\u0119 za pomoc\u0105 tej modlitwy do \u015bwi\u0119tego Judy Tadeusza, zwracamy si\u0119 o \u0142ask\u0119, mi\u0142osierdzie i nadziej\u0119.<\/p>\n\n\n\n<p>Dlaczego wi\u0119c taka modlitwa ma znaczenie? Poniewa\u017c jest manifestem naszej wiary oraz symbolicznym dzia\u0142aniem uwie\u0144czonym pok\u0142adaniem ufno\u015bci w intercesj\u0119 jednego z najbli\u017cszych przyjaci\u00f3\u0142 Chrystusa. Wyznaczaj\u0105c sobie cel skorzystania z tej szczeg\u00f3lnej formy modlitwy przeznaczonej dla spraw wyj\u0105tkowo trudnych, reprezentujemy jeden z najczystszych aspekt\u00f3w ludzkich d\u0105\u017ce\u0144: poszukiwanie nadziei tam, gdzie inni mog\u0105 jej nie dostrzega\u0107.<\/p>\n\n\n\n<h2 class=\"wp-block-heading\"><span class=\"ez-toc-section\" id=\"Podstawowe_informacje_o_sw_Judzie_Tadeuszu_%E2%80%93_kim_byl_jakie_sa_jego_atrybuty_i_patronaty\"><\/span>Informa\u00e7\u00f5es b\u00e1sicas sobre S\u00e3o Judas Tadeu - quem ele era, seus atributos e patroc\u00ednios<span class=\"ez-toc-section-end\"><\/span><\/h2>\n\n\n\n<p>S\u00e3o Judas Tadeu \u00e9 uma figura frequentemente invocada na ora\u00e7\u00e3o a S\u00e3o Judas Tadeu em casos sem esperan\u00e7a. Para entender o significado dessa ora\u00e7\u00e3o, primeiro precisamos saber mais sobre o pr\u00f3prio santo.<\/p>\n\n\n\n<p>Inicialmente, vale a pena enfatizar que Judas Tadeu foi um dos doze ap\u00f3stolos de Jesus Cristo. <a href=\"https:\/\/chrystus.pl\/pt\/co-to-jest-ewangelia\/\">Evangelho<\/a> Segundo Lucas, ele \u00e9 chamado de \"Judas Tiago\" para diferenci\u00e1-lo de Judas Iscariotes, que traiu o Messias. Ao longo dos s\u00e9culos, Judas Tadeu se tornou um s\u00edmbolo de esperan\u00e7a para aqueles que se sentem perdidos ou desesperados.<\/p>\n\n\n\n<p>Quanto \u00e0 quest\u00e3o dos atributos desse santo, ele \u00e9 mais frequentemente retratado com uma clava alada - o instrumento de seu mart\u00edrio - e uma imagem de Cristo, o olho lascivo. Outro simbolismo t\u00edpico inclui um livro (a marca de um ap\u00f3stolo) e um medalh\u00e3o envolvendo a cabe\u00e7a de Jesus.<\/p>\n\n\n\n<p>Quando falamos sobre o patroc\u00ednio de St. Jude Thaddeus, nos deparamos com alguns fatos muito interessantes. Ele \u00e9 considerado o santo padroeiro de situa\u00e7\u00f5es dif\u00edceis, situa\u00e7\u00f5es sem esperan\u00e7a e pessoas em desespero. Portanto, n\u00e3o h\u00e1 figura melhor para chamar quando sentimos que n\u00e3o temos mais onde procurar ajuda.<\/p>\n\n\n\n<p>Poznanie t\u0142a i znaczenia \u015bwi\u0119tego Judasza Tadeusza pozwala nam na jeszcze g\u0142\u0119bsze zrozumienie modlitwy do \u015bw Judy Tadeusza w sprawach beznadziejnych. To on jest tym, kt\u00f3ry przynosi nadziej\u0119 tam, gdzie wydaje si\u0119 jej najmniej.<\/p>\n\n\n\n<h2 class=\"wp-block-heading\"><span class=\"ez-toc-section\" id=\"Modlitwa_do_sw_Judy_Tadeusza_w_sprawach_beznadziejnych_%E2%80%93_jak_sie_modlic_jak_wyglada_ta_modlitwa\"><\/span>Ora\u00e7\u00e3o a S\u00e3o Judas Tadeu em casos sem esperan\u00e7a - como orar, como \u00e9 essa ora\u00e7\u00e3o<span class=\"ez-toc-section-end\"><\/span><\/h2>\n\n\n\n<p>Ora\u00e7\u00e3o a S\u00e3o Judas Tadeu \u00e9 um ref\u00fagio para muitas pessoas em situa\u00e7\u00f5es que parecem sem esperan\u00e7a ou incur\u00e1veis. Ele geralmente acompanha pessoas que sofrem de uma variedade de problemas emocionais, f\u00edsicos ou pessoais, que podem ser causados por doen\u00e7as, pela perda de um ente querido ou por uma situa\u00e7\u00e3o de vida dif\u00edcil.<\/p>\n\n\n\n<h4 class=\"wp-block-heading\"><span class=\"ez-toc-section\" id=\"Jak_powinno_przebiegac_Twoje_podejscie_do_modlitwy_w_desperackich_okolicznosciach\"><\/span>Como deve funcionar sua abordagem \u00e0 ora\u00e7\u00e3o em circunst\u00e2ncias desesperadoras?<span class=\"ez-toc-section-end\"><\/span><\/h4>\n\n\n\n<p>As premissas b\u00e1sicas s\u00e3o confian\u00e7a e humildade. Sem elas, \u00e9 dif\u00edcil abrir o cora\u00e7\u00e3o para as batidas do santo e entregar a ele os problemas inimaginavelmente complexos que nos afligem atualmente.<\/p>\n\n\n\n<ol class=\"wp-block-list\">\n<li>Volte-se diretamente para S\u00e3o Judas Tadeu em ora\u00e7\u00e3o.<\/li>\n\n\n\n<li>Explique seus problemas ou solicita\u00e7\u00f5es de forma clara e precisa.<\/li>\n\n\n\n<li>Pe\u00e7a a lideran\u00e7a e a orienta\u00e7\u00e3o dele nesses momentos sombrios.<\/li>\n\n\n\n<li>Expresse sua determina\u00e7\u00e3o de melhorar a situa\u00e7\u00e3o sob a influ\u00eancia dele.<\/li>\n<\/ol>\n\n\n\n<p>Aceitar o paradoxo \u00e9 fundamental aqui - aceitar ajuda mesmo quando tudo o que voc\u00ea v\u00ea \u00e9 desesperan\u00e7a. Esse \u00e9 o principal objetivo de orar a St. Jude Thaddeus em casos sem esperan\u00e7a.<\/p>\n\n\n\n<p>Vamos considerar como \u00e9 essa ora\u00e7\u00e3o:<\/p>\n\n\n\n<p>Ora\u00e7\u00e3o a S\u00e3o Judas Tadeu: \"Querido S\u00e3o Judas, Ap\u00f3stolo de Cristo e poderoso santo dos milagres - fiel confidente de Deus, estou cheio de gratid\u00e3o por sua orienta\u00e7\u00e3o amorosa e por sua f\u00e9 em Deus. <a href=\"https:\/\/chrystus.pl\/pt\/modlitwa-ktora-zawsze-pomaga\/\">assist\u00eancia<\/a>. Agora eu lhe pe\u00e7o a coragem e a for\u00e7a necess\u00e1rias para enfrentar os principais desafios de minha vida.   Pe\u00e7o esta gra\u00e7a (aqui voc\u00ea diz o seu pedido)... Nos relacionamentos com os outros, d\u00ea-me discri\u00e7\u00e3o, enquanto isso, permita-me ser assertivo e confiante.   No trabalho, conceda-me a capacidade de aprender e desenvolver novas habilidades e a capacidade de ser ousado em minhas decis\u00f5es.   Pessoalmente, que eu esteja aberto para descobrir as coisas alegres e belas escondidas nessa situa\u00e7\u00e3o desesperadora.   Que sua luz se entrelace comigo para que juntos possamos ser a unidade que promove a escurid\u00e3o dos problemas do nosso mundo.   Am\u00e9m.\"<\/p>\n\n\n\n<p>Essa pr\u00e1tica \u00e9 uma forma de obter al\u00edvio para muitas pessoas que n\u00e3o t\u00eam esperan\u00e7a ou parecem assustadas demais para agir. Parte de nutrir a for\u00e7a \u00e9 aceitar que, mesmo diante da dificuldade, o vislumbre de esperan\u00e7a nunca desaparece completamente - especialmente quando voc\u00ea reza para S\u00e3o Judas Tadeu.<\/p>\n\n\n\n<h2 class=\"wp-block-heading\"><span class=\"ez-toc-section\" id=\"Opowiesc_o_cudach_i_laskach_otrzymanych_za_wstawiennictwem_sw_Judy_Tadeusza_%E2%80%93_przyklady_konkretnych_przypadkow\"><\/span>Hist\u00f3ria de milagres e gra\u00e7as recebidas pela intercess\u00e3o de S\u00e3o Judas Tadeu - exemplos de casos espec\u00edficos<span class=\"ez-toc-section-end\"><\/span><\/h2>\n\n\n\n<p>Um dos aspectos mais interessantes do culto a S\u00e3o Judas Tadeu \u00e9 a grande quantidade de hist\u00f3rias de milagres e gra\u00e7as que ocorreram por sua intercess\u00e3o. A seguir est\u00e3o algumas das que s\u00e3o conhecidas tanto pelo ensinamento da Igreja quanto pelo testemunho dos fi\u00e9is.<\/p>\n\n\n\n<p>O primeiro caso \u00e9 a hist\u00f3ria de um homem \u00e0 beira do desespero. Ele estava quase se afogando em um emaranhado de problemas pessoais: doen\u00e7a, fal\u00eancia, rompimento do casamento. Embora a situa\u00e7\u00e3o parecesse desesperadora, ainda lhe restava um pequeno resqu\u00edcio de f\u00e9, que ele direcionou para orar a S\u00e3o Judas Tadeu em casos desesperadores. Como resultado, ele viu uma melhora significativa na situa\u00e7\u00e3o de sua vida.<\/p>\n\n\n\n<p>Drugim przypadkiem jest relacja pary staraj\u0105cej si\u0119 o dziecko. Pomimo licznych pr\u00f3b i leczenia medycznego przez kilka lat nie mogli oni spe\u0142ni\u0107 swojego marzenia o rodzicielstwie. Zdecydowali wi\u0119c si\u0119 uda\u0107 do sanktuarium \u015bwedralne i zostawiali tam intencj\u0119 u st\u00f3p obrazu \u015bwi\u0119tego tuz po tym jak zabrzmieli te s\u0142owa &#8222;modlitwa do \u015bw. Judy Tadeusza w sprawach beznadziejnych&#8221;. Kiedy wr\u00f3cili do domu, par\u0119 tygodni p\u00f3\u017aniej otrzymali d\u0142ugowyczekiwan\u0105 wiadomo\u015b\u0107 &#8211; byli na pocz\u0105tku ci\u0105\u017cy.<\/p>\n\n\n\n<p>Kolejny przyk\u0142ad stanowi pewna zamo\u017cna kobieta, kt\u00f3ra nagle straci\u0142a wszystko. Zmuszona was sprzeda\u0107 sw\u00f3j dom i wi\u0119kszo\u015b\u0107 maj\u0105tku, popad\u0142a ona w powa\u017cne trudno\u015bci finansowe. Na skraju rozpaczy zwr\u00f3ci\u0142a si\u0119 ku modlitwie do \u015bwi\u0119tego Judy Tadeusza, kt\u00f3ra okaza\u0142 otwieraj\u0105ca jej drog\u0119 wyj\u015bcia z impasu. Zacz\u0119\u0142a prowadzi\u0107 prosty biznes, kt\u00f3ry ze szbie die rozwija\u0142 si\u0119 az do du\u017cej firmy sobie dorabiala maj\u0105tek od nowa.<\/p>\n\n\n\n<p>Eles reagem de forma diferente a cada caso, mas todos t\u00eam uma coisa em comum - todos deram de ombros para a impot\u00eancia e gritaram \"ora\u00e7\u00e3o a S\u00e3o Judas Tadeu!\". Isso mostra a import\u00e2ncia que a ora\u00e7\u00e3o intercess\u00f3ria sincera e fervorosa pode ter na vida de um crist\u00e3o.<\/p>\n\n\n\n<h2 class=\"wp-block-heading\"><span class=\"ez-toc-section\" id=\"Rola_modlitwy_w_zyciu_chrzescijanskim\"><\/span>O papel da ora\u00e7\u00e3o na vida crist\u00e3<span class=\"ez-toc-section-end\"><\/span><\/h2>\n\n\n\n<p>A ora\u00e7\u00e3o \u00e9 uma ferramenta fundamental para nos comunicarmos com Deus. \u00c9 por meio dela que nos conectamos com o Criador, expressando nossa f\u00e9, gratid\u00e3o ou pedidos.<\/p>\n\n\n\n<h3 class=\"wp-block-heading\"><span class=\"ez-toc-section\" id=\"Dlaczego_warto_sie_modlic\"><\/span>Por que orar?<span class=\"ez-toc-section-end\"><\/span><\/h3>\n\n\n\n<ol class=\"wp-block-list\">\n<li>A ora\u00e7\u00e3o constr\u00f3i um relacionamento com Deus: Quando voc\u00ea conversa com algu\u00e9m diariamente, voc\u00ea se torna pr\u00f3ximo dessa pessoa. O mesmo acontece com Deus - a ora\u00e7\u00e3o regular nos permite conhec\u00ea-lo melhor e aprofundar nosso relacionamento com ele.<\/li>\n\n\n\n<li>Ela revela nossa fidelidade: a ora\u00e7\u00e3o \u00e9 a luz que traz a verdade de nossa f\u00e9. Por meio dela, mostramos a Deus o quanto precisamos de Sua presen\u00e7a em nossa vida.<\/li>\n\n\n\n<li>Facilita o perd\u00e3o e a cura: A ora\u00e7\u00e3o tamb\u00e9m \u00e9 o lugar onde buscamos o perd\u00e3o de nossos pecados e pedimos a cura para n\u00f3s mesmos ou para os outros.<\/li>\n<\/ol>\n\n\n\n<h3 class=\"wp-block-heading\"><span class=\"ez-toc-section\" id=\"Prosba_o_wstawiennictwo_swietych\"><\/span>Solicitar a intercess\u00e3o dos santos<span class=\"ez-toc-section-end\"><\/span><\/h3>\n\n\n\n<p>Os santos, como amigos especiais de Deus, s\u00e3o uma parte importante da vida da Igreja Cat\u00f3lica. Acreditamos que eles t\u00eam um lugar especial com Deus e que podem pedir a Ele por n\u00f3s. Dirigir uma ora\u00e7\u00e3o a um santo espec\u00edfico - como S\u00e3o Judas Tadeu - \u00e9, portanto, uma express\u00e3o de nosso pedido de intercess\u00e3o.<\/p>\n\n\n\n<p>Saint Jude Thaddeus \u00e9 conhecido como o santo padroeiro dos casos sem esperan\u00e7a. Muitas pessoas recorrem a ele em busca de ajuda quando sentem que n\u00e3o h\u00e1 mais nada que possam fazer. E orar a S\u00e3o Judas Tadeu em casos sem esperan\u00e7a pode ser uma ferramenta importante de ajuda espiritual.<\/p>\n\n\n\n<p>Para concluir, vale a pena lembrar que a ora\u00e7\u00e3o significa comunicar-se com Deus e pedir que Ele nos guie ao longo de nossas vidas. Ao pedirmos aos santos - como S\u00e3o Judas Tadeu - que intercedam, combinamos os poderes atribu\u00eddos a eles durante suas vidas com nossas pr\u00f3prias inten\u00e7\u00f5es particulares, esperando um apoio milagroso.<\/p>\n\n\n\n<h2 class=\"wp-block-heading\"><span class=\"ez-toc-section\" id=\"Inne_formy_oddania_czci_sw_Judzie_Tadeuszu_%E2%80%93_np_nowenny_tridua_odpusty\"><\/span>Outras formas de venera\u00e7\u00e3o de S\u00e3o Judas Tadeu - por exemplo, novena, tr\u00edduo, indulg\u00eancias<span class=\"ez-toc-section-end\"><\/span><\/h2>\n\n\n\n<p>A venera\u00e7\u00e3o dos santos \u00e9 uma pr\u00e1tica profundamente enraizada na tradi\u00e7\u00e3o do cristianismo. No caso de S\u00e3o Judas Tadeu - o santo padroeiro dos assuntos considerados sem esperan\u00e7a - temos muitas formas de ora\u00e7\u00e3o e devo\u00e7\u00e3o dispon\u00edveis.<\/p>\n\n\n\n<h3 class=\"wp-block-heading\"><span class=\"ez-toc-section\" id=\"Nowenna_do_sw_Judy_Tadeusza\"><\/span>Novena de S\u00e3o Judas Tadeu<span class=\"ez-toc-section-end\"><\/span><\/h3>\n\n\n\n<p>Uma forma popular de devo\u00e7\u00e3o \u00e9 a novena - nove dias de ora\u00e7\u00e3o cont\u00ednua oferecida pelos fi\u00e9is pedindo gra\u00e7as ou em a\u00e7\u00e3o de gra\u00e7as por aquelas j\u00e1 recebidas. O ciclo de ora\u00e7\u00e3o come\u00e7a com uma alegre reflex\u00e3o sobre a vida e o trabalho de S\u00e3o Judas.<\/p>\n\n\n\n<h3 class=\"wp-block-heading\"><span class=\"ez-toc-section\" id=\"Triduum\"><\/span>Tr\u00edduo<span class=\"ez-toc-section-end\"><\/span><\/h3>\n\n\n\n<p>Outro bom exemplo \u00e9 o tr\u00edduo, uma pr\u00e1tica religiosa de tr\u00eas dias origin\u00e1ria do cristianismo antigo, que visa comemorar eventos importantes ou figuras eclesi\u00e1sticas.<\/p>\n\n\n\n<ol class=\"wp-block-list\">\n<li>O in\u00edcio do tr\u00edduo geralmente cai no dia da mem\u00f3ria lit\u00fargica do santo em quest\u00e3o.<\/li>\n\n\n\n<li>No segundo dia, desconsagramos santos muito particulares.<\/li>\n\n\n\n<li>No entanto, no final, depois que as cerim\u00f4nias de encerramento apropriadas tiverem sido realizadas, voc\u00ea deve confiar suas inten\u00e7\u00f5es ao santo.<\/li>\n<\/ol>\n\n\n\n<h3 class=\"wp-block-heading\"><span class=\"ez-toc-section\" id=\"Odpusty\"><\/span>Indulg\u00eancias<span class=\"ez-toc-section-end\"><\/span><\/h3>\n\n\n\n<p>Ostatecznie, w Ko\u015bciele katolickim, wiernym jest r\u00f3wnie\u017c oferowana mo\u017cliwo\u015b\u0107 uzyskania odpust\u00f3w. Odpust zupe\u0142ny oznacza ca\u0142kowite umorzenie kary za grzechy, kt\u00f3re ju\u017c zosta\u0142y odpuszczone pod wzgl\u0119dem winy. Ko\u015bci\u00f3\u0142 wyra\u017anie przyznaje takie odpusty tym, kt\u00f3rzy z nabo\u017ce\u0144stwem i pokut\u0105 podej\u015b\u0107 do modlitwy do \u015bw Judy Tadeusza w sprawach beznadziejnych.<\/p>\n\n\n\n<p>Essa ampla gama de formas de venera\u00e7\u00e3o confirma a grandeza e o poder de S\u00e3o Judas Tadeu. Os fi\u00e9is de todo o mundo continuam a pedir sua intercess\u00e3o, e as hist\u00f3rias de milagres e gra\u00e7as obtidas por sua intercess\u00e3o continuam a chegar.<\/p>\n\n\n\n<h2 class=\"wp-block-heading\"><span class=\"ez-toc-section\" id=\"Dzialalnosc_parafii_lub_wspolnoty_zwiazanej_ze_sw_Juda_Tadeuszem_%E2%80%93_gdzie_mozna_znalezc_wsparcie_i_modlitewna_pomoc\"><\/span>As atividades de uma par\u00f3quia ou comunidade associada a St. Jude Thaddeus - onde encontrar apoio e assist\u00eancia em ora\u00e7\u00e3o<span class=\"ez-toc-section-end\"><\/span><\/h2>\n\n\n\n<p>Os locais sagrados atuais, como par\u00f3quias ou comunidades religiosas de v\u00e1rios tipos, oferecem muitos caminhos diferentes para a paz espiritual. Aqueles centrados em torno do santo padroeiro dos casos dif\u00edceis e sem esperan\u00e7a - S\u00e3o Judas Tadeu - podem ser particularmente valiosos.<\/p>\n\n\n\n<p>Uma das principais atividades de uma par\u00f3quia t\u00edpica dedicada a esse santo \u00e9 a organiza\u00e7\u00e3o de estudos de ora\u00e7\u00e3o, que s\u00e3o um momento de grande concentra\u00e7\u00e3o na vida espiritual de cada um. Muitos deles se concentram em uma \"ora\u00e7\u00e3o espec\u00edfica a S\u00e3o Judas Tadeu em casos desesperadores\", que pode ser uma ajuda inestim\u00e1vel para quem est\u00e1 passando por um momento dif\u00edcil.<\/p>\n\n\n\n<p><a href=\"https:\/\/chrystus.pl\/pt\/co-to-jest-parafia\/\">Par\u00f3quia<\/a> uma comunidade que tem S\u00e3o Judas como seu santo padroeiro geralmente tamb\u00e9m realiza novenas peri\u00f3dicas ou outras celebra\u00e7\u00f5es na igreja dedicadas a esse santo. Essas celebra\u00e7\u00f5es s\u00e3o realizadas de forma bem planejada e detalhada, bem como espontaneamente, adaptadas \u00e0s necessidades das pessoas que est\u00e3o participando.<\/p>\n\n\n\n<p>Juntamente com a liturgia regular, que geralmente re\u00fane um grande n\u00famero de fi\u00e9is em busca de conforto ou ajuda com colegas que passam por dificuldades semelhantes, isso cria uma imagem pequena, mas clara, de uma comunidade atenciosa e compassiva. A presen\u00e7a de um cl\u00e9rigo experiente capaz de oferecer apoio por meio de ora\u00e7\u00f5es ou conversas \u00e9 uma grande vantagem adicional.<\/p>\n\n\n\n<p>Por fim, vale a pena observar que muitas par\u00f3quias e santu\u00e1rios dedicados a St. Jude Thaddeus mant\u00eam seus pr\u00f3prios sites e perfis nas m\u00eddias sociais. Eles s\u00e3o uma fonte extremamente \u00fatil de informa\u00e7\u00f5es sobre eventos atuais e como participar para todos aqueles que precisam do amor e do cuidado do santo padroeiro das causas sem esperan\u00e7a.<\/p>\n\n\n\n<h2 class=\"wp-block-heading\"><span class=\"ez-toc-section\" id=\"Jak_sie_modlic_do_sw_Judy_Tadeusza\"><\/span>Como voc\u00ea reza para S\u00e3o Judas Tadeu?<span class=\"ez-toc-section-end\"><\/span><\/h2>\n\n\n\n<p>Se estiver se perguntando como fazer uma ora\u00e7\u00e3o a S\u00e3o Judas Tadeu em casos sem esperan\u00e7a, o mais importante \u00e9 ter f\u00e9 verdadeira e respeito pelo santo. O desejo de atender ao seu pr\u00f3prio pedido n\u00e3o deve ser o \u00fanico motivo para recorrer a ele. Respeitar sua hist\u00f3ria e seu testemunho de uma vida de valores crist\u00e3os tamb\u00e9m \u00e9 importante.<\/p>\n\n\n\n<p>O primeiro passo, \u00e9 claro, \u00e9 a prepara\u00e7\u00e3o para a ora\u00e7\u00e3o em si. Escolha um lugar tranquilo que permita que voc\u00ea se concentre totalmente. Lembre-se de que a ess\u00eancia da ora\u00e7\u00e3o \u00e9 a comunica\u00e7\u00e3o com Deus, portanto, tente remover todos os elementos que possam distra\u00ed-lo.<\/p>\n\n\n\n<p>Aqui est\u00e1 o conte\u00fado tradicional da ora\u00e7\u00e3o a S\u00e3o Judas Tadeu:<\/p>\n\n\n\n<p>\"S\u00e3o Judas Tadeu, parente de Jesus Cristo, com o famoso t\u00edtulo de Ap\u00f3stolo e M\u00e1rtir do Precios\u00edssimo!   Pelas grandes gra\u00e7as recebidas por sua intercess\u00e3o junto a Deus, n\u00f3s o bendizemos.   V\u00f3s sois nosso salvador e protetor nas necessidades espirituais e temporais.   N\u00f3s nos refugiamos em sua prote\u00e7\u00e3o como o primeiro entre os santos.   Pe\u00e7a por n\u00f3s junto ao Senhor Deus, para que sejamos eternamente salvos de todo mal. Am\u00e9m.\"<\/p>\n\n\n\n<p>Ao orar, concentre-se principalmente em seus sentimentos e inten\u00e7\u00f5es. Repita cada frase lenta e conscientemente.<\/p>\n\n\n\n<p>Tamb\u00e9m \u00e9 importante a regularidade da ora\u00e7\u00e3o. Tradicionalmente, a ora\u00e7\u00e3o a St. Jude Thaddeus em casos sem esperan\u00e7a \u00e9 feita por 9 dias - isso \u00e9 conhecido como novena. Isso significa fazer a ora\u00e7\u00e3o todos os dias no mesmo hor\u00e1rio.<\/p>\n\n\n\n<p>Se n\u00e3o se sentir preparado para tal passo, voc\u00ea pode come\u00e7ar com uma \u00fanica ora\u00e7\u00e3o recitada ou uma simples conversa com S\u00e3o Judas Tadeu, por meio da qual voc\u00ea constr\u00f3i um relacionamento pessoal e um ritual que melhor lhe conv\u00e9m.<\/p>\n\n\n\n<p>Essa pode ser uma maneira de voc\u00ea descobrir um significado mais profundo e uma maior confian\u00e7a em rela\u00e7\u00e3o ao santo padroeiro de assuntos particularmente dif\u00edceis. Vale a pena lembrar que o objetivo n\u00e3o \u00e9 tanto conseguir encontrar uma resposta ou solu\u00e7\u00e3o imediata para os problemas, mas permitir a oportunidade de confiar e se submeter \u00e0 vontade de Deus em nossa vida.<\/p>\n\n\n\n<p>Recorrer a S\u00e3o Judas Tadeu nunca deve ser visto como um \u00faltimo recurso, mas como uma express\u00e3o de profunda f\u00e9 e confian\u00e7a na provid\u00eancia divina. Lembremo-nos de que um elemento-chave da ora\u00e7\u00e3o \u00e9 um relacionamento profundo com Deus, n\u00e3o apenas a obten\u00e7\u00e3o dos resultados desejados.<\/p>\n\n\n\n<h2 class=\"wp-block-heading\"><span class=\"ez-toc-section\" id=\"Kiedy_zaczyna_sie_Nowenna_do_swietego_Judy_Tadeusza\"><\/span>Quando come\u00e7a a Novena de S\u00e3o Judas Tadeu?<span class=\"ez-toc-section-end\"><\/span><\/h2>\n\n\n\n<p>A Novena de S\u00e3o Judas Tadeu \u00e9 uma forma especial de ora\u00e7\u00e3o de nove dias dedicada a esse santo, geralmente recitada em casos considerados sem esperan\u00e7a ou de dif\u00edcil solu\u00e7\u00e3o. O in\u00edcio da novena \u00e9 uma quest\u00e3o individual e pode ser iniciado a qualquer momento, sem a necessidade de seguir prazos definidos.<\/p>\n\n\n\n<p>Embora \u00e0s vezes os fi\u00e9is escolham datas especiais para a novena - como o per\u00edodo que antecede a festa de S\u00e3o Judas Tadeu (28 de outubro) - qualquer dia pode ser um bom dia para iniciar essa pr\u00e1tica de ora\u00e7\u00e3o concentrada. Durante os nove dias seguintes, o segredo \u00e9 continuar com a inten\u00e7\u00e3o e orar diariamente.<\/p>\n\n\n\n<p>H\u00e1 tamb\u00e9m casos conhecidos de novenas conjuntas organizadas em comunidades paroquiais, em que a data \u00e9 definida pelos pastores ou pela lideran\u00e7a do grupo em quest\u00e3o. A novena em si tamb\u00e9m n\u00e3o precisa se limitar \u00e0 medita\u00e7\u00e3o particular. Uma excelente ideia poderia ser integr\u00e1-la \u00e0 liturgia da igreja ou \u00e0 participa\u00e7\u00e3o na missa.<\/p>\n\n\n\n<p>Uma coisa \u00e9 certa: trata-se de sistematicidade e consist\u00eancia. Essa ora\u00e7\u00e3o \u00e9 um momento para nos confiarmos \u00e0 prote\u00e7\u00e3o de Deus por meio da media\u00e7\u00e3o de S\u00e3o Judas Tadeu, que pode vir a qualquer momento de nossas vidas. Lembremo-nos disso recorrendo com confian\u00e7a a esse grande santo e expondo nossos casos \"sem esperan\u00e7a\" \u00e0 sua intercess\u00e3o eficaz.<\/p>","protected":false},"excerpt":{"rendered":"<p>Czy zdarzy\u0142o Ci si\u0119 kiedy\u015b by\u0107 na skraju desperacji, szukaj\u0105c jakiej\u015b iskierki nadziei w \u015bwiecie, kt\u00f3ry wydaje si\u0119 niemal\u017ce czarno-bia\u0142y? Czy stan\u0105\u0142e\u015b kiedy\u015b twarz\u0105 w twarz z problemem zdawa\u0142oby si\u0119 nie do rozwi\u0105zania? Je\u017celi odpowied\u017a jest twierdz\u0105ca, to artyku\u0142 ten jest dla Ciebie. Ciekawym dla wielu wyj\u015bciem mo\u017ce by\u0107 modlitwa do \u015bw. Judy Tadeusza &#8211; &hellip;<\/p>","protected":false},"author":1,"featured_media":0,"comment_status":"closed","ping_status":"closed","sticky":false,"template":"","format":"standard","meta":{"footnotes":""},"categories":[1],"tags":[],"class_list":["post-2428","post","type-post","status-publish","format-standard","hentry","category-uncategorized"],"yoast_head":"<!-- This site is optimized with the Yoast SEO plugin v27.5 - https:\/\/yoast.com\/product\/yoast-seo-wordpress\/ -->\n<title>Modlitwa do \u015bw Judy Tadeusza w sprawach beznadziejnych - Chrystus<\/title>\n<meta name=\"description\" content=\"Czy zdarzy\u0142o Ci si\u0119 kiedy\u015b by\u0107 na skraju desperacji, szukaj\u0105c jakiej\u015b iskierki nadziei w \u015bwiecie, kt\u00f3ry wydaje si\u0119 niemal\u017ce czarno-bia\u0142y? Czy stan\u0105\u0142e\u015b\" \/>\n<meta name=\"robots\" content=\"index, follow, max-snippet:-1, max-image-preview:large, max-video-preview:-1\" \/>\n<link rel=\"canonical\" href=\"https:\/\/chrystus.pl\/pt\/oracao-a-jude-tade-em-casos-sem-esperanca\/\" \/>\n<meta property=\"og:locale\" content=\"pt_BR\" \/>\n<meta property=\"og:type\" content=\"article\" \/>\n<meta property=\"og:title\" content=\"Modlitwa do \u015bw Judy Tadeusza w sprawach beznadziejnych - Chrystus\" \/>\n<meta property=\"og:description\" content=\"Czy zdarzy\u0142o Ci si\u0119 kiedy\u015b by\u0107 na skraju desperacji, szukaj\u0105c jakiej\u015b iskierki nadziei w \u015bwiecie, kt\u00f3ry wydaje si\u0119 niemal\u017ce czarno-bia\u0142y? Czy stan\u0105\u0142e\u015b\" \/>\n<meta property=\"og:url\" content=\"https:\/\/chrystus.pl\/pt\/oracao-a-jude-tade-em-casos-sem-esperanca\/\" \/>\n<meta property=\"og:site_name\" content=\"Chrystus\" \/>\n<meta property=\"article:published_time\" content=\"2023-10-20T18:17:07+00:00\" \/>\n<meta property=\"article:modified_time\" content=\"2023-10-20T18:17:32+00:00\" \/>\n<meta name=\"author\" content=\"Samarytanka\" \/>\n<meta name=\"twitter:card\" content=\"summary_large_image\" \/>\n<meta name=\"twitter:label1\" content=\"Escrito por\" \/>\n\t<meta name=\"twitter:data1\" content=\"Samarytanka\" \/>\n\t<meta name=\"twitter:label2\" content=\"Est. tempo de leitura\" \/>\n\t<meta name=\"twitter:data2\" content=\"14 minutos\" \/>\n<!-- \/ Yoast SEO plugin. -->","yoast_head_json":{"title":"Ora\u00e7\u00e3o a S\u00e3o Judas Tadeu em casos sem esperan\u00e7a - Cristo","description":"Voc\u00ea j\u00e1 esteve \u00e0 beira do desespero, buscando alguma centelha de esperan\u00e7a em um mundo que parece quase preto e branco? Voc\u00ea j\u00e1 ficou","robots":{"index":"index","follow":"follow","max-snippet":"max-snippet:-1","max-image-preview":"max-image-preview:large","max-video-preview":"max-video-preview:-1"},"canonical":"https:\/\/chrystus.pl\/pt\/oracao-a-jude-tade-em-casos-sem-esperanca\/","og_locale":"pt_BR","og_type":"article","og_title":"Modlitwa do \u015bw Judy Tadeusza w sprawach beznadziejnych - Chrystus","og_description":"Czy zdarzy\u0142o Ci si\u0119 kiedy\u015b by\u0107 na skraju desperacji, szukaj\u0105c jakiej\u015b iskierki nadziei w \u015bwiecie, kt\u00f3ry wydaje si\u0119 niemal\u017ce czarno-bia\u0142y? Czy stan\u0105\u0142e\u015b","og_url":"https:\/\/chrystus.pl\/pt\/oracao-a-jude-tade-em-casos-sem-esperanca\/","og_site_name":"Chrystus","article_published_time":"2023-10-20T18:17:07+00:00","article_modified_time":"2023-10-20T18:17:32+00:00","author":"Samarytanka","twitter_card":"summary_large_image","twitter_misc":{"Escrito por":"Samarytanka","Est. tempo de leitura":"14 minutos"},"schema":{"@context":"https:\/\/schema.org","@graph":[{"@type":"Article","@id":"https:\/\/chrystus.pl\/modlitwa-do-sw-judy-tadeusza-w-sprawach-beznadziejnych\/#article","isPartOf":{"@id":"https:\/\/chrystus.pl\/cs\/modlitba-k-judovi-tadeovi-v-beznadejnych-pripadech\/"},"author":{"name":"Samarytanka","@id":"https:\/\/chrystus.pl\/#\/schema\/person\/e2e742452b8b7b2bcd23ea180671d27a"},"headline":"Modlitwa do \u015bw Judy Tadeusza w sprawach beznadziejnych","datePublished":"2023-10-20T18:17:07+00:00","dateModified":"2023-10-20T18:17:32+00:00","mainEntityOfPage":{"@id":"https:\/\/chrystus.pl\/cs\/modlitba-k-judovi-tadeovi-v-beznadejnych-pripadech\/"},"wordCount":2738,"publisher":{"@id":"https:\/\/chrystus.pl\/#organization"},"articleSection":["Uncategorized"],"inLanguage":"pt-BR"},{"@type":"WebPage","@id":"https:\/\/chrystus.pl\/cs\/modlitba-k-judovi-tadeovi-v-beznadejnych-pripadech\/","url":"https:\/\/chrystus.pl\/modlitwa-do-sw-judy-tadeusza-w-sprawach-beznadziejnych\/","name":"Ora\u00e7\u00e3o a S\u00e3o Judas Tadeu em casos sem esperan\u00e7a - Cristo","isPartOf":{"@id":"https:\/\/chrystus.pl\/#website"},"datePublished":"2023-10-20T18:17:07+00:00","dateModified":"2023-10-20T18:17:32+00:00","description":"Voc\u00ea j\u00e1 esteve \u00e0 beira do desespero, buscando alguma centelha de esperan\u00e7a em um mundo que parece quase preto e branco? Voc\u00ea j\u00e1 ficou","breadcrumb":{"@id":"https:\/\/chrystus.pl\/modlitwa-do-sw-judy-tadeusza-w-sprawach-beznadziejnych\/#breadcrumb"},"inLanguage":"pt-BR","potentialAction":[{"@type":"ReadAction","target":["https:\/\/chrystus.pl\/modlitwa-do-sw-judy-tadeusza-w-sprawach-beznadziejnych\/"]}]},{"@type":"BreadcrumbList","@id":"https:\/\/chrystus.pl\/modlitwa-do-sw-judy-tadeusza-w-sprawach-beznadziejnych\/#breadcrumb","itemListElement":[{"@type":"ListItem","position":1,"name":"Strona g\u0142\u00f3wna","item":"https:\/\/chrystus.pl\/"},{"@type":"ListItem","position":2,"name":"Modlitwa do \u015bw Judy Tadeusza w sprawach beznadziejnych"}]},{"@type":"WebSite","@id":"https:\/\/chrystus.pl\/#website","url":"https:\/\/chrystus.pl\/","name":"Cristo","description":"Deus, Maria, Jesus, Comunh\u00e3o e muito mais","publisher":{"@id":"https:\/\/chrystus.pl\/#organization"},"potentialAction":[{"@type":"SearchAction","target":{"@type":"EntryPoint","urlTemplate":"https:\/\/chrystus.pl\/?s={search_term_string}"},"query-input":{"@type":"PropertyValueSpecification","valueRequired":true,"valueName":"search_term_string"}}],"inLanguage":"pt-BR"},{"@type":"Organization","@id":"https:\/\/chrystus.pl\/#organization","name":"Cristo.pl","url":"https:\/\/chrystus.pl\/","logo":{"@type":"ImageObject","inLanguage":"pt-BR","@id":"https:\/\/chrystus.pl\/#\/schema\/logo\/image\/","url":"https:\/\/chrystus.pl\/wp-content\/uploads\/2019\/03\/chrystus-bog-maryja-komunia-bierzmowanie.jpg","contentUrl":"https:\/\/chrystus.pl\/wp-content\/uploads\/2019\/03\/chrystus-bog-maryja-komunia-bierzmowanie.jpg","width":1920,"height":1280,"caption":"Chrystus.pl"},"image":{"@id":"https:\/\/chrystus.pl\/#\/schema\/logo\/image\/"}},{"@type":"Person","@id":"https:\/\/chrystus.pl\/#\/schema\/person\/e2e742452b8b7b2bcd23ea180671d27a","name":"Samaritana"}]}},"_links":{"self":[{"href":"https:\/\/chrystus.pl\/pt\/wp-json\/wp\/v2\/posts\/2428","targetHints":{"allow":["GET"]}}],"collection":[{"href":"https:\/\/chrystus.pl\/pt\/wp-json\/wp\/v2\/posts"}],"about":[{"href":"https:\/\/chrystus.pl\/pt\/wp-json\/wp\/v2\/types\/post"}],"author":[{"embeddable":true,"href":"https:\/\/chrystus.pl\/pt\/wp-json\/wp\/v2\/users\/1"}],"replies":[{"embeddable":true,"href":"https:\/\/chrystus.pl\/pt\/wp-json\/wp\/v2\/comments?post=2428"}],"version-history":[{"count":0,"href":"https:\/\/chrystus.pl\/pt\/wp-json\/wp\/v2\/posts\/2428\/revisions"}],"wp:attachment":[{"href":"https:\/\/chrystus.pl\/pt\/wp-json\/wp\/v2\/media?parent=2428"}],"wp:term":[{"taxonomy":"category","embeddable":true,"href":"https:\/\/chrystus.pl\/pt\/wp-json\/wp\/v2\/categories?post=2428"},{"taxonomy":"post_tag","embeddable":true,"href":"https:\/\/chrystus.pl\/pt\/wp-json\/wp\/v2\/tags?post=2428"}],"curies":[{"name":"wp","href":"https:\/\/api.w.org\/{rel}","templated":true}]}}