{"id":562,"date":"2019-04-16T00:05:52","date_gmt":"2019-04-16T00:05:52","guid":{"rendered":"https:\/\/chrystus.pl\/?p=562"},"modified":"2020-01-13T07:56:50","modified_gmt":"2020-01-13T07:56:50","slug":"jak-mojzesz-nazwal-biblijna-manne-i-czym-byla-ona-dla-izraelitow","status":"publish","type":"post","link":"https:\/\/chrystus.pl\/pt\/jak-mojzesz-nazwal-biblijna-manne-i-czym-byla-ona-dla-izraelitow\/","title":{"rendered":"Como Mois\u00e9s chamou o Man\u00e1 b\u00edblico e o que era para os israelitas?"},"content":{"rendered":"<p>Como <span id=\"urn:local-text-annotation-39pgwn0c3qtzigr7j1eu39sz22wa3mxo\" class=\"textannotation disambiguated wl-person\" itemid=\"\">Mois\u00e9s<\/span> nazwa\u0142 Mann\u0119? Czym by\u0142a Manna dla Moj\u017cesza oraz dla <span id=\"urn:local-text-annotation-kphru31prntose6u9zc3xl2b9cugwrco\" class=\"textannotation disambiguated wl-thing\" itemid=\"\">Israelitas<\/span>? De onde ela veio e qual foi seu significado?<\/p>\n<p>Durante a caminhada <span id=\"urn:local-text-annotation-kqppbns71qevin8z5eysfck0wxkuzbcg\" class=\"textannotation disambiguated wl-thing\" itemid=\"\">do Povo Escolhido<\/span> desde o cativeiro eg\u00edpcio at\u00e9 <span id=\"urn:local-text-annotation-enzmzdhxjzq8r0h8dkonee9zkrm83bup\" class=\"textannotation disambiguated wl-thing\" itemid=\"\">Terra Prometida<\/span> nie raz do\u015bwiadczali oni wielkich trud\u00f3w swojej w\u0119dr\u00f3wki. Niejednokrotnie znajdowali si\u0119 oni w skrajnie trudnych sytuacjach, odczuwaj\u0105c brak jedzenie czy brak wody.<\/p>\n<p>N\u00e3o esque\u00e7amos que toda a jornada levou 40 anos. Uma dificuldade adicional era o pr\u00f3prio terreno pelo qual os israelitas passavam. Foi <span id=\"urn:enhancement-d3017cd3\" class=\"textannotation disambiguated wl-other\" itemid=\"http:\/\/data.wordlift.io\/wl01857\/entity\/pustynia\">deserto<\/span>. Portanto, s\u00f3 podemos tentar imaginar como as condi\u00e7\u00f5es eram dif\u00edceis ali.<\/p>\n<p>Mas todo o tempo ele estava cuidando de seu povo <span id=\"urn:local-text-annotation-b861854qdyrt42pk2j1hc89jyt4zq2e6\" class=\"textannotation disambiguated wl-thing\" itemid=\"\">Sr.<\/span>. Ele n\u00e3o permitiu que seu povo <a href=\"https:\/\/chrystus.pl\/pt\/czym-jest-cierpienie\/\">sofrem<\/a> priva\u00e7\u00e3o sem raz\u00e3o aparente e a pedido de Mois\u00e9s e <span id=\"urn:local-text-annotation-tu4dqrqt3fncztpsjllphrm8qyhtadth\" class=\"textannotation disambiguated wl-thing\" itemid=\"\">israelitas<\/span> os tem ajudado em suas andan\u00e7as muitas vezes.<\/p>\n<p>Um dos eventos mais famosos, testemunhando a provid\u00eancia de <span id=\"urn:local-text-annotation-fymca2gisq9d1kxc98v7hahgrg562fxi\" class=\"textannotation disambiguated wl-thing\" itemid=\"\">Sr.<\/span> foi a despedida do Mar Vermelho quando fugiram do ex\u00e9rcito do Fara\u00f3 <span id=\"urn:local-text-annotation-feom99toojdmd9nztyfli644hxlemqmb\" class=\"textannotation disambiguated wl-thing\" itemid=\"\">eg\u00edpcio<\/span>.<\/p>\n<p>Um m\u00eas ap\u00f3s deixar a casa da servid\u00e3o, o povo come\u00e7ou a reclamar da escassez de alimentos e da dificuldade de encontr\u00e1-los. Foi ent\u00e3o <span id=\"urn:local-text-annotation-jexgw6suz2jmsl7hbfikclj5k1vbrabj\" class=\"textannotation disambiguated wl-thing\" itemid=\"\">Sr.<\/span> Ele prometeu-lhes que os alimentos cairiam do c\u00e9u como chuva, e cumpriu sua palavra. No dia seguinte, os israelitas viram algo branco no ch\u00e3o. Era comida, como ele havia anunciado a eles <span id=\"urn:local-text-annotation-ovscx3gd1thyn5yku208rhb10448n9r4\" class=\"textannotation disambiguated wl-person\" itemid=\"\">Mois\u00e9s<\/span>. Foi <span id=\"urn:local-text-annotation-n5921a6npuj2lny3uyhxlymmvcjcs6wl\" class=\"textannotation disambiguated wl-thing\" itemid=\"\">man\u00e1<\/span> do c\u00e9u que tinha gosto de flocos de mel.<\/p>\n<p>No entanto, n\u00e3o lhes foi permitido reunir provis\u00f5es para o dia seguinte (exceto <span id=\"urn:enhancement-5207149\" class=\"textannotation disambiguated wl-other\" itemid=\"http:\/\/data.wordlift.io\/wl01857\/entity\/soboty\">S\u00e1bados<\/span>), como <span id=\"urn:local-text-annotation-rfcw4yyh5wqkx9c4r1iqssqxl0oi2nbw\" class=\"textannotation disambiguated wl-thing\" itemid=\"\">man\u00e1<\/span> ca\u00edam do c\u00e9u todos os dias. Ent\u00e3o ele <span id=\"urn:local-text-annotation-4zzjwgys6cuduqrcuefe1n2h01yivvm8\" class=\"textannotation disambiguated wl-person\" itemid=\"\">Mois\u00e9s<\/span>anunciando a milagrosa not\u00edcia a seu povo, ele chamou <span id=\"urn:local-text-annotation-4zlml93yj9s3s1i35cwdbyszw4haqps8\" class=\"textannotation disambiguated wl-thing\" itemid=\"\">man\u00e1<\/span> p\u00e3o.<\/p>\n<p>&nbsp;<\/p>","protected":false},"excerpt":{"rendered":"<p>Jak Moj\u017cesz nazwa\u0142 Mann\u0119? Czym by\u0142a Manna dla Moj\u017cesza oraz dla Izraelit\u00f3w? Sk\u0105d si\u0119 ona w og\u00f3le wzi\u0119\u0142a i jakie mia\u0142a znaczenie? W trakcie w\u0119dr\u00f3wki Narodu Wybranego z egipskiej niewoli do Ziemi Obiecanej nie raz do\u015bwiadczali oni wielkich trud\u00f3w swojej w\u0119dr\u00f3wki. Niejednokrotnie znajdowali si\u0119 oni w skrajnie trudnych sytuacjach, odczuwaj\u0105c brak jedzenie czy brak wody. &hellip;<\/p>","protected":false},"author":1,"featured_media":563,"comment_status":"open","ping_status":"closed","sticky":false,"template":"","format":"standard","meta":{"footnotes":""},"categories":[49],"tags":[],"class_list":["post-562","post","type-post","status-publish","format-standard","has-post-thumbnail","hentry","category-mojzesz"],"yoast_head":"<!-- This site is optimized with the Yoast SEO plugin v27.4 - https:\/\/yoast.com\/product\/yoast-seo-wordpress\/ -->\n<title>Jak Moj\u017cesz nazwa\u0142 Biblijn\u0105 Mann\u0119 i Czym by\u0142a ona dla Izraelit\u00f3w<\/title>\n<meta name=\"description\" content=\"Jak Moj\u017cesz nazwa\u0142 Mann\u0119? Czym by\u0142a Manna dla Moj\u017cesza oraz dla Izraelit\u00f3w? Sk\u0105d si\u0119 ona w og\u00f3le wzi\u0119\u0142a i jakie mia\u0142a znaczenie? W trakcie w\u0119dr\u00f3wki Narodu\" \/>\n<meta name=\"robots\" content=\"index, follow, max-snippet:-1, max-image-preview:large, max-video-preview:-1\" \/>\n<link rel=\"canonical\" href=\"https:\/\/chrystus.pl\/pt\/how-moses-named-biblical-manne-and-what-it-it-was-for-israelites\/\" \/>\n<meta property=\"og:locale\" content=\"pt_BR\" \/>\n<meta property=\"og:type\" content=\"article\" \/>\n<meta property=\"og:title\" content=\"Jak Moj\u017cesz nazwa\u0142 Biblijn\u0105 Mann\u0119 i Czym by\u0142a ona dla Izraelit\u00f3w\" \/>\n<meta property=\"og:description\" content=\"Jak Moj\u017cesz nazwa\u0142 Mann\u0119? Czym by\u0142a Manna dla Moj\u017cesza oraz dla Izraelit\u00f3w? Sk\u0105d si\u0119 ona w og\u00f3le wzi\u0119\u0142a i jakie mia\u0142a znaczenie? W trakcie w\u0119dr\u00f3wki Narodu\" \/>\n<meta property=\"og:url\" content=\"https:\/\/chrystus.pl\/pt\/how-moses-named-biblical-manne-and-what-it-it-was-for-israelites\/\" \/>\n<meta property=\"og:site_name\" content=\"Chrystus\" \/>\n<meta property=\"article:published_time\" content=\"2019-04-16T00:05:52+00:00\" \/>\n<meta property=\"article:modified_time\" content=\"2020-01-13T07:56:50+00:00\" \/>\n<meta property=\"og:image\" content=\"https:\/\/chrystus.pl\/wp-content\/uploads\/2019\/04\/Jak-Mojz\u0307esz-nazwa\u0142-Manne\u0328-i-Czym-by\u0142a-dla-Izraelito\u0301w.jpg\" \/>\n\t<meta property=\"og:image:width\" content=\"1280\" \/>\n\t<meta property=\"og:image:height\" content=\"1280\" \/>\n\t<meta property=\"og:image:type\" content=\"image\/jpeg\" \/>\n<meta name=\"author\" content=\"Samarytanka\" \/>\n<meta name=\"twitter:card\" content=\"summary_large_image\" \/>\n<meta name=\"twitter:label1\" content=\"Escrito por\" \/>\n\t<meta name=\"twitter:data1\" content=\"Samarytanka\" \/>\n\t<meta name=\"twitter:label2\" content=\"Est. tempo de leitura\" \/>\n\t<meta name=\"twitter:data2\" content=\"1 minuto\" \/>\n<!-- \/ Yoast SEO plugin. -->","yoast_head_json":{"title":"Como Mois\u00e9s nomeou o man\u00e1 b\u00edblico e o que era para os israelitas","description":"Como Mois\u00e9s chamou o Man\u00e1? O que era o Man\u00e1 para Mois\u00e9s e para os israelitas? De onde ela veio e qual foi seu significado? Durante as peregrina\u00e7\u00f5es da Na\u00e7\u00e3o","robots":{"index":"index","follow":"follow","max-snippet":"max-snippet:-1","max-image-preview":"max-image-preview:large","max-video-preview":"max-video-preview:-1"},"canonical":"https:\/\/chrystus.pl\/pt\/how-moses-named-biblical-manne-and-what-it-it-was-for-israelites\/","og_locale":"pt_BR","og_type":"article","og_title":"Jak Moj\u017cesz nazwa\u0142 Biblijn\u0105 Mann\u0119 i Czym by\u0142a ona dla Izraelit\u00f3w","og_description":"Jak Moj\u017cesz nazwa\u0142 Mann\u0119? Czym by\u0142a Manna dla Moj\u017cesza oraz dla Izraelit\u00f3w? Sk\u0105d si\u0119 ona w og\u00f3le wzi\u0119\u0142a i jakie mia\u0142a znaczenie? W trakcie w\u0119dr\u00f3wki Narodu","og_url":"https:\/\/chrystus.pl\/pt\/how-moses-named-biblical-manne-and-what-it-it-was-for-israelites\/","og_site_name":"Chrystus","article_published_time":"2019-04-16T00:05:52+00:00","article_modified_time":"2020-01-13T07:56:50+00:00","og_image":[{"width":1280,"height":1280,"url":"https:\/\/chrystus.pl\/wp-content\/uploads\/2019\/04\/Jak-Mojz\u0307esz-nazwa\u0142-Manne\u0328-i-Czym-by\u0142a-dla-Izraelito\u0301w.jpg","type":"image\/jpeg"}],"author":"Samarytanka","twitter_card":"summary_large_image","twitter_misc":{"Escrito por":"Samarytanka","Est. tempo de leitura":"1 minuto"},"schema":{"@context":"https:\/\/schema.org","@graph":[{"@type":"Article","@id":"https:\/\/chrystus.pl\/jak-mojzesz-nazwal-biblijna-manne-i-czym-byla-ona-dla-izraelitow\/#article","isPartOf":{"@id":"https:\/\/chrystus.pl\/jak-mojzesz-nazwal-biblijna-manne-i-czym-byla-ona-dla-izraelitow\/"},"author":{"name":"Samarytanka","@id":"https:\/\/chrystus.pl\/#\/schema\/person\/e2e742452b8b7b2bcd23ea180671d27a"},"headline":"Jak Moj\u017cesz nazwa\u0142 Biblijn\u0105 Mann\u0119 i Czym by\u0142a ona dla Izraelit\u00f3w?","datePublished":"2019-04-16T00:05:52+00:00","dateModified":"2020-01-13T07:56:50+00:00","mainEntityOfPage":{"@id":"https:\/\/chrystus.pl\/jak-mojzesz-nazwal-biblijna-manne-i-czym-byla-ona-dla-izraelitow\/"},"wordCount":302,"commentCount":0,"publisher":{"@id":"https:\/\/chrystus.pl\/#organization"},"image":{"@id":"https:\/\/chrystus.pl\/jak-mojzesz-nazwal-biblijna-manne-i-czym-byla-ona-dla-izraelitow\/#primaryimage"},"thumbnailUrl":"https:\/\/chrystus.pl\/wp-content\/uploads\/2019\/04\/Jak-Mojz\u0307esz-nazwa\u0142-Manne\u0328-i-Czym-by\u0142a-dla-Izraelito\u0301w.jpg","articleSection":["Moj\u017cesz"],"inLanguage":"pt-BR","potentialAction":[{"@type":"CommentAction","name":"Comment","target":["https:\/\/chrystus.pl\/jak-mojzesz-nazwal-biblijna-manne-i-czym-byla-ona-dla-izraelitow\/#respond"]}]},{"@type":"WebPage","@id":"https:\/\/chrystus.pl\/jak-mojzesz-nazwal-biblijna-manne-i-czym-byla-ona-dla-izraelitow\/","url":"https:\/\/chrystus.pl\/jak-mojzesz-nazwal-biblijna-manne-i-czym-byla-ona-dla-izraelitow\/","name":"Como Mois\u00e9s nomeou o man\u00e1 b\u00edblico e o que era para os israelitas","isPartOf":{"@id":"https:\/\/chrystus.pl\/#website"},"primaryImageOfPage":{"@id":"https:\/\/chrystus.pl\/jak-mojzesz-nazwal-biblijna-manne-i-czym-byla-ona-dla-izraelitow\/#primaryimage"},"image":{"@id":"https:\/\/chrystus.pl\/jak-mojzesz-nazwal-biblijna-manne-i-czym-byla-ona-dla-izraelitow\/#primaryimage"},"thumbnailUrl":"https:\/\/chrystus.pl\/wp-content\/uploads\/2019\/04\/Jak-Mojz\u0307esz-nazwa\u0142-Manne\u0328-i-Czym-by\u0142a-dla-Izraelito\u0301w.jpg","datePublished":"2019-04-16T00:05:52+00:00","dateModified":"2020-01-13T07:56:50+00:00","description":"Como Mois\u00e9s chamou o Man\u00e1? O que era o Man\u00e1 para Mois\u00e9s e para os israelitas? De onde ela veio e qual foi seu significado? Durante as peregrina\u00e7\u00f5es da Na\u00e7\u00e3o","breadcrumb":{"@id":"https:\/\/chrystus.pl\/jak-mojzesz-nazwal-biblijna-manne-i-czym-byla-ona-dla-izraelitow\/#breadcrumb"},"inLanguage":"pt-BR","potentialAction":[{"@type":"ReadAction","target":["https:\/\/chrystus.pl\/jak-mojzesz-nazwal-biblijna-manne-i-czym-byla-ona-dla-izraelitow\/"]}]},{"@type":"ImageObject","inLanguage":"pt-BR","@id":"https:\/\/chrystus.pl\/jak-mojzesz-nazwal-biblijna-manne-i-czym-byla-ona-dla-izraelitow\/#primaryimage","url":"https:\/\/chrystus.pl\/wp-content\/uploads\/2019\/04\/Jak-Mojz\u0307esz-nazwa\u0142-Manne\u0328-i-Czym-by\u0142a-dla-Izraelito\u0301w.jpg","contentUrl":"https:\/\/chrystus.pl\/wp-content\/uploads\/2019\/04\/Jak-Mojz\u0307esz-nazwa\u0142-Manne\u0328-i-Czym-by\u0142a-dla-Izraelito\u0301w.jpg","width":1280,"height":1280,"caption":"Jak Mojz\u0307esz nazwa\u0142 Manne\u0328 i Czym by\u0142a dla Izraelito\u0301w"},{"@type":"BreadcrumbList","@id":"https:\/\/chrystus.pl\/jak-mojzesz-nazwal-biblijna-manne-i-czym-byla-ona-dla-izraelitow\/#breadcrumb","itemListElement":[{"@type":"ListItem","position":1,"name":"Strona g\u0142\u00f3wna","item":"https:\/\/chrystus.pl\/"},{"@type":"ListItem","position":2,"name":"Jak Moj\u017cesz nazwa\u0142 Biblijn\u0105 Mann\u0119 i Czym by\u0142a ona dla Izraelit\u00f3w?"}]},{"@type":"WebSite","@id":"https:\/\/chrystus.pl\/#website","url":"https:\/\/chrystus.pl\/","name":"Cristo","description":"Deus, Maria, Jesus, Comunh\u00e3o e muito mais","publisher":{"@id":"https:\/\/chrystus.pl\/#organization"},"potentialAction":[{"@type":"SearchAction","target":{"@type":"EntryPoint","urlTemplate":"https:\/\/chrystus.pl\/?s={search_term_string}"},"query-input":{"@type":"PropertyValueSpecification","valueRequired":true,"valueName":"search_term_string"}}],"inLanguage":"pt-BR"},{"@type":"Organization","@id":"https:\/\/chrystus.pl\/#organization","name":"Cristo.pl","url":"https:\/\/chrystus.pl\/","logo":{"@type":"ImageObject","inLanguage":"pt-BR","@id":"https:\/\/chrystus.pl\/#\/schema\/logo\/image\/","url":"https:\/\/chrystus.pl\/wp-content\/uploads\/2019\/03\/chrystus-bog-maryja-komunia-bierzmowanie.jpg","contentUrl":"https:\/\/chrystus.pl\/wp-content\/uploads\/2019\/03\/chrystus-bog-maryja-komunia-bierzmowanie.jpg","width":1920,"height":1280,"caption":"Chrystus.pl"},"image":{"@id":"https:\/\/chrystus.pl\/#\/schema\/logo\/image\/"}},{"@type":"Person","@id":"https:\/\/chrystus.pl\/#\/schema\/person\/e2e742452b8b7b2bcd23ea180671d27a","name":"Samaritana"}]}},"_links":{"self":[{"href":"https:\/\/chrystus.pl\/pt\/wp-json\/wp\/v2\/posts\/562","targetHints":{"allow":["GET"]}}],"collection":[{"href":"https:\/\/chrystus.pl\/pt\/wp-json\/wp\/v2\/posts"}],"about":[{"href":"https:\/\/chrystus.pl\/pt\/wp-json\/wp\/v2\/types\/post"}],"author":[{"embeddable":true,"href":"https:\/\/chrystus.pl\/pt\/wp-json\/wp\/v2\/users\/1"}],"replies":[{"embeddable":true,"href":"https:\/\/chrystus.pl\/pt\/wp-json\/wp\/v2\/comments?post=562"}],"version-history":[{"count":0,"href":"https:\/\/chrystus.pl\/pt\/wp-json\/wp\/v2\/posts\/562\/revisions"}],"wp:featuredmedia":[{"embeddable":true,"href":"https:\/\/chrystus.pl\/pt\/wp-json\/wp\/v2\/media\/563"}],"wp:attachment":[{"href":"https:\/\/chrystus.pl\/pt\/wp-json\/wp\/v2\/media?parent=562"}],"wp:term":[{"taxonomy":"category","embeddable":true,"href":"https:\/\/chrystus.pl\/pt\/wp-json\/wp\/v2\/categories?post=562"},{"taxonomy":"post_tag","embeddable":true,"href":"https:\/\/chrystus.pl\/pt\/wp-json\/wp\/v2\/tags?post=562"}],"curies":[{"name":"wp","href":"https:\/\/api.w.org\/{rel}","templated":true}]}}