{"id":1450,"date":"2020-03-31T03:26:17","date_gmt":"2020-03-31T03:26:17","guid":{"rendered":"https:\/\/chrystus.pl\/?p=1450"},"modified":"2020-04-26T22:40:54","modified_gmt":"2020-04-26T22:40:54","slug":"jak-wyglada-rozaniec-za-zmarlego-przed-pogrzebem","status":"publish","type":"post","link":"https:\/\/chrystus.pl\/ro\/jak-wyglada-rozaniec-za-zmarlego-przed-pogrzebem\/","title":{"rendered":"Cum arat\u0103 rozariul pentru cel decedat \u00eenainte de \u00eenmorm\u00e2ntare?"},"content":{"rendered":"<h2>Cum s\u0103 te rogi rozariul pentru cel decedat \u00eenainte de \u00eenmorm\u00e2ntare?<\/h2>\n<ul>\n<li><a href=\"https:\/\/chrystus.pl\/ro\/jak-dobrze-odmawiac-rozaniec-swiety-krok-po-kroku\/\">Rozariu<\/a> pentru cei deceda\u021bi, \u00eencepem prin a face semnul crucii.<\/li>\n<li>Apoi recitam Crezul apostolilor.<\/li>\n<li>Apoi enumer\u0103m misterul care trebuie luat \u00een considerare.<\/li>\n<li>Dup\u0103 reflec\u021biile asupra fiec\u0103rui mister, repet\u0103m:\n<ul>\n<li>1 dat\u0103 \"Tat\u0103l nostru\".<\/li>\n<li>Zece \"Ave Maria\",<\/li>\n<li>1 dat\u0103 \"Slav\u0103 Tat\u0103lui\".<\/li>\n<li>1 dat\u0103 \"Odihna ve\u0219nic\u0103\".<\/li>\n<li>Acest ciclu se repet\u0103 cu fiecare dintre mistere.<\/li>\n<\/ul>\n<\/li>\n<\/ul>\n<p>Timp de secole, tradi\u021bia cre\u0219tin\u0103 a atribuit o mare importan\u021b\u0103 rug\u0103ciunii pentru cei deceda\u021bi. Ar trebui s\u0103 fie o rug\u0103ciune pentru sufletul lor, ca o mijlocire c\u0103tre Dumnezeu, \u00een care \u00cei cerem s\u0103 le arate celor deceda\u021bi calea cea bun\u0103 \u0219i s\u0103 \u00eei conduc\u0103 spre \u00cemp\u0103r\u0103\u021bia Cerurilor. O rug\u0103ciune pentru cei deceda\u021bi este, \u00eentr-un fel, \u0219i o \u00eencercare de a vorbi cu cei deceda\u021bi, de a le transmite grijile, temerile sau dorin\u021bele lor. \u00cen timpul unei astfel de conversa\u021bii, facem apel la el prin intermediul lui Dumnezeu.<\/p>\n<p>Rug\u0103ciune pentru cei deceda\u021bi <a href=\"https:\/\/chrystus.pl\/ro\/modlitwa-ktora-zawsze-pomaga\/\">ajut\u0103<\/a> de asemenea, \u00eei face pe oamenii care tr\u0103iesc \u00een condi\u021bii de mortalitate s\u0103 realizeze c\u00e2t de fragile sunt vie\u021bile noastre \u0219i c\u0103 tot ceea ce urmeaz\u0103 este inevitabil. Rozariul \u00een sine este o rug\u0103ciune care a fost cultivat\u0103 \u00een cre\u0219tinism \u00eenc\u0103 din Evul Mediu, inclusiv la ocazii de doliu.<\/p>\n<p>\u00cen acest caz, \u00eens\u0103, rug\u0103ciunea arat\u0103 pu\u021bin diferit fa\u021b\u0103 de recitarea standard a rozariului. Cum arat\u0103 rozariul pentru cel decedat \u00eenainte de \u00eenmorm\u00e2ntare? Este cu siguran\u021b\u0103 o versiune mult mai prescurtat\u0103, din cauza timpului limitat al \u00eentregii ceremonii. De obicei, se roste\u0219te un rozariu dedicat exclusiv uneia dintre cele patru p\u0103r\u021bi (Misterele Vesel, Glorios, \u00centristat \u0219i Luminos). Aceasta este aleas\u0103 \u00een mod liber, iar faptul c\u0103 rozariul se roag\u0103 pentru cel decedat \u00eenainte de \u00eenmorm\u00e2ntare nu \u00eenseamn\u0103 neap\u0103rat c\u0103 trebuie s\u0103 se aleag\u0103 misterul dureros. Restul se face \u00eentr-un mod destul de standard, adic\u0103 sub conducerea unei persoane care va conduce o astfel de rug\u0103ciune.<\/p>","protected":false},"excerpt":{"rendered":"<p>Cum ne rug\u0103m rozariul pentru cel decedat \u00eenainte de \u00eenmorm\u00e2ntare? \u00cencepem Rozariul pentru cel decedat prin a face semnul crucii. Apoi recit\u0103m \"Crezul Apostolului\" Apoi enumer\u0103m misterul care trebuie meditat. Dup\u0103 medita\u021biile la fiecare mister repet\u0103m: De 1 dat\u0103 \"Tat\u0103l nostru\", de 10 ori \"Ave Maria\", de 1 dat\u0103 \"Slav\u0103 Tat\u0103lui\", de 1 dat\u0103 \"Odihna ve\u0219nic\u0103\", Acest ciclu se repet\u0103 cu fiecare dintre mistere. W ...<\/p>","protected":false},"author":1,"featured_media":1451,"comment_status":"open","ping_status":"closed","sticky":false,"template":"","format":"standard","meta":{"footnotes":""},"categories":[59],"tags":[],"class_list":["post-1450","post","type-post","status-publish","format-standard","has-post-thumbnail","hentry","category-rozaniec"],"yoast_head":"<!-- This site is optimized with the Yoast SEO plugin v27.4 - https:\/\/yoast.com\/product\/yoast-seo-wordpress\/ -->\n<title>Jak wygl\u0105da r\u00f3\u017caniec za zmar\u0142ego przed pogrzebem? - Chrystus<\/title>\n<meta name=\"description\" content=\"Jak odmawia\u0107 r\u00f3\u017caniec za zmar\u0142ego przed pogrzebem? R\u00f3\u017caniec za zmar\u0142ego zaczynamy czyni\u0105c znak krzy\u017ca. P\u00f3\u017aniej odmawiamy \u201eSk\u0142ad Apostolski\u201d Nast\u0119pnie\" \/>\n<meta name=\"robots\" content=\"index, follow, max-snippet:-1, max-image-preview:large, max-video-preview:-1\" \/>\n<link rel=\"canonical\" href=\"https:\/\/chrystus.pl\/ro\/cum-arata-rozariul-pentru-morti-inainte-de-inmormantare\/\" \/>\n<meta property=\"og:locale\" content=\"ro_RO\" \/>\n<meta property=\"og:type\" content=\"article\" \/>\n<meta property=\"og:title\" content=\"Jak wygla\u0328da ro\u0301z\u0307aniec za zmar\u0142ego przed pogrzebem\" \/>\n<meta property=\"og:description\" content=\"Jak odmawia\u0107 r\u00f3\u017caniec za zmar\u0142ego przed pogrzebem? R\u00f3\u017caniec za zmar\u0142ego zaczynamy czyni\u0105c znak krzy\u017ca. P\u00f3\u017aniej odmawiamy \u201eSk\u0142ad Apostolski\u201d Nast\u0119pnie\" \/>\n<meta property=\"og:url\" content=\"https:\/\/chrystus.pl\/ro\/cum-arata-rozariul-pentru-morti-inainte-de-inmormantare\/\" \/>\n<meta property=\"og:site_name\" content=\"Chrystus\" \/>\n<meta property=\"article:published_time\" content=\"2020-03-31T03:26:17+00:00\" \/>\n<meta property=\"article:modified_time\" content=\"2020-04-26T22:40:54+00:00\" \/>\n<meta property=\"og:image\" content=\"https:\/\/chrystus.pl\/wp-content\/uploads\/2020\/03\/Jak-wygla\u0328da-ro\u0301z\u0307aniec-za-zmar\u0142ego-przed-pogrzebem.jpg\" \/>\n\t<meta property=\"og:image:width\" content=\"640\" \/>\n\t<meta property=\"og:image:height\" content=\"426\" \/>\n\t<meta property=\"og:image:type\" content=\"image\/jpeg\" \/>\n<meta name=\"author\" content=\"Samarytanka\" \/>\n<meta name=\"twitter:card\" content=\"summary_large_image\" \/>\n<meta name=\"twitter:title\" content=\"Jak wygla\u0328da ro\u0301z\u0307aniec za zmar\u0142ego przed pogrzebem\" \/>\n<meta name=\"twitter:image\" content=\"https:\/\/chrystus.pl\/wp-content\/uploads\/2020\/03\/Jak-wygla\u0328da-ro\u0301z\u0307aniec-za-zmar\u0142ego-przed-pogrzebem.jpg\" \/>\n<meta name=\"twitter:label1\" content=\"Scris de\" \/>\n\t<meta name=\"twitter:data1\" content=\"Samarytanka\" \/>\n\t<meta name=\"twitter:label2\" content=\"Timp estimat pentru citire\" \/>\n\t<meta name=\"twitter:data2\" content=\"2 minute\" \/>\n<!-- \/ Yoast SEO plugin. -->","yoast_head_json":{"title":"Cum arat\u0103 rozariul pentru cel decedat \u00eenainte de \u00eenmorm\u00e2ntare? - Hristos","description":"Cum ne rug\u0103m rozariul pentru cel decedat \u00eenainte de \u00eenmorm\u00e2ntare? \u00cencepem rozariul pentru cel decedat prin a face semnul crucii. Apoi recitam Crezul apostolilor.","robots":{"index":"index","follow":"follow","max-snippet":"max-snippet:-1","max-image-preview":"max-image-preview:large","max-video-preview":"max-video-preview:-1"},"canonical":"https:\/\/chrystus.pl\/ro\/cum-arata-rozariul-pentru-morti-inainte-de-inmormantare\/","og_locale":"ro_RO","og_type":"article","og_title":"Jak wygla\u0328da ro\u0301z\u0307aniec za zmar\u0142ego przed pogrzebem","og_description":"Jak odmawia\u0107 r\u00f3\u017caniec za zmar\u0142ego przed pogrzebem? R\u00f3\u017caniec za zmar\u0142ego zaczynamy czyni\u0105c znak krzy\u017ca. P\u00f3\u017aniej odmawiamy \u201eSk\u0142ad Apostolski\u201d Nast\u0119pnie","og_url":"https:\/\/chrystus.pl\/ro\/cum-arata-rozariul-pentru-morti-inainte-de-inmormantare\/","og_site_name":"Chrystus","article_published_time":"2020-03-31T03:26:17+00:00","article_modified_time":"2020-04-26T22:40:54+00:00","og_image":[{"width":640,"height":426,"url":"https:\/\/chrystus.pl\/wp-content\/uploads\/2020\/03\/Jak-wygla\u0328da-ro\u0301z\u0307aniec-za-zmar\u0142ego-przed-pogrzebem.jpg","type":"image\/jpeg"}],"author":"Samarytanka","twitter_card":"summary_large_image","twitter_title":"Jak wygla\u0328da ro\u0301z\u0307aniec za zmar\u0142ego przed pogrzebem","twitter_image":"https:\/\/chrystus.pl\/wp-content\/uploads\/2020\/03\/Jak-wygla\u0328da-ro\u0301z\u0307aniec-za-zmar\u0142ego-przed-pogrzebem.jpg","twitter_misc":{"Scris de":"Samarytanka","Timp estimat pentru citire":"2 minute"},"schema":{"@context":"https:\/\/schema.org","@graph":[{"@type":"Article","@id":"https:\/\/chrystus.pl\/jak-wyglada-rozaniec-za-zmarlego-przed-pogrzebem\/#article","isPartOf":{"@id":"https:\/\/chrystus.pl\/jak-wyglada-rozaniec-za-zmarlego-przed-pogrzebem\/"},"author":{"name":"Samarytanka","@id":"https:\/\/chrystus.pl\/#\/schema\/person\/e2e742452b8b7b2bcd23ea180671d27a"},"headline":"Jak wygl\u0105da r\u00f3\u017caniec za zmar\u0142ego przed pogrzebem?","datePublished":"2020-03-31T03:26:17+00:00","dateModified":"2020-04-26T22:40:54+00:00","mainEntityOfPage":{"@id":"https:\/\/chrystus.pl\/jak-wyglada-rozaniec-za-zmarlego-przed-pogrzebem\/"},"wordCount":316,"commentCount":0,"publisher":{"@id":"https:\/\/chrystus.pl\/#organization"},"image":{"@id":"https:\/\/chrystus.pl\/jak-wyglada-rozaniec-za-zmarlego-przed-pogrzebem\/#primaryimage"},"thumbnailUrl":"https:\/\/chrystus.pl\/wp-content\/uploads\/2020\/03\/Jak-wygla\u0328da-ro\u0301z\u0307aniec-za-zmar\u0142ego-przed-pogrzebem.jpg","articleSection":["R\u00f3\u017caniec"],"inLanguage":"ro-RO","potentialAction":[{"@type":"CommentAction","name":"Comment","target":["https:\/\/chrystus.pl\/jak-wyglada-rozaniec-za-zmarlego-przed-pogrzebem\/#respond"]}]},{"@type":"WebPage","@id":"https:\/\/chrystus.pl\/jak-wyglada-rozaniec-za-zmarlego-przed-pogrzebem\/","url":"https:\/\/chrystus.pl\/jak-wyglada-rozaniec-za-zmarlego-przed-pogrzebem\/","name":"Cum arat\u0103 rozariul pentru cel decedat \u00eenainte de \u00eenmorm\u00e2ntare? - Hristos","isPartOf":{"@id":"https:\/\/chrystus.pl\/#website"},"primaryImageOfPage":{"@id":"https:\/\/chrystus.pl\/jak-wyglada-rozaniec-za-zmarlego-przed-pogrzebem\/#primaryimage"},"image":{"@id":"https:\/\/chrystus.pl\/jak-wyglada-rozaniec-za-zmarlego-przed-pogrzebem\/#primaryimage"},"thumbnailUrl":"https:\/\/chrystus.pl\/wp-content\/uploads\/2020\/03\/Jak-wygla\u0328da-ro\u0301z\u0307aniec-za-zmar\u0142ego-przed-pogrzebem.jpg","datePublished":"2020-03-31T03:26:17+00:00","dateModified":"2020-04-26T22:40:54+00:00","description":"Cum ne rug\u0103m rozariul pentru cel decedat \u00eenainte de \u00eenmorm\u00e2ntare? \u00cencepem rozariul pentru cel decedat prin a face semnul crucii. Apoi recitam Crezul apostolilor.","breadcrumb":{"@id":"https:\/\/chrystus.pl\/jak-wyglada-rozaniec-za-zmarlego-przed-pogrzebem\/#breadcrumb"},"inLanguage":"ro-RO","potentialAction":[{"@type":"ReadAction","target":["https:\/\/chrystus.pl\/jak-wyglada-rozaniec-za-zmarlego-przed-pogrzebem\/"]}]},{"@type":"ImageObject","inLanguage":"ro-RO","@id":"https:\/\/chrystus.pl\/jak-wyglada-rozaniec-za-zmarlego-przed-pogrzebem\/#primaryimage","url":"https:\/\/chrystus.pl\/wp-content\/uploads\/2020\/03\/Jak-wygla\u0328da-ro\u0301z\u0307aniec-za-zmar\u0142ego-przed-pogrzebem.jpg","contentUrl":"https:\/\/chrystus.pl\/wp-content\/uploads\/2020\/03\/Jak-wygla\u0328da-ro\u0301z\u0307aniec-za-zmar\u0142ego-przed-pogrzebem.jpg","width":640,"height":426,"caption":"Jak wygla\u0328da ro\u0301z\u0307aniec za zmar\u0142ego przed pogrzebem"},{"@type":"BreadcrumbList","@id":"https:\/\/chrystus.pl\/jak-wyglada-rozaniec-za-zmarlego-przed-pogrzebem\/#breadcrumb","itemListElement":[{"@type":"ListItem","position":1,"name":"Strona g\u0142\u00f3wna","item":"https:\/\/chrystus.pl\/"},{"@type":"ListItem","position":2,"name":"Jak wygl\u0105da r\u00f3\u017caniec za zmar\u0142ego przed pogrzebem?"}]},{"@type":"WebSite","@id":"https:\/\/chrystus.pl\/#website","url":"https:\/\/chrystus.pl\/","name":"Hristos","description":"Dumnezeu, Maria, Isus, \u00eemp\u0103rt\u0103\u0219ania \u0219i multe altele","publisher":{"@id":"https:\/\/chrystus.pl\/#organization"},"potentialAction":[{"@type":"SearchAction","target":{"@type":"EntryPoint","urlTemplate":"https:\/\/chrystus.pl\/?s={search_term_string}"},"query-input":{"@type":"PropertyValueSpecification","valueRequired":true,"valueName":"search_term_string"}}],"inLanguage":"ro-RO"},{"@type":"Organization","@id":"https:\/\/chrystus.pl\/#organization","name":"Christ.pl","url":"https:\/\/chrystus.pl\/","logo":{"@type":"ImageObject","inLanguage":"ro-RO","@id":"https:\/\/chrystus.pl\/#\/schema\/logo\/image\/","url":"https:\/\/chrystus.pl\/wp-content\/uploads\/2019\/03\/chrystus-bog-maryja-komunia-bierzmowanie.jpg","contentUrl":"https:\/\/chrystus.pl\/wp-content\/uploads\/2019\/03\/chrystus-bog-maryja-komunia-bierzmowanie.jpg","width":1920,"height":1280,"caption":"Chrystus.pl"},"image":{"@id":"https:\/\/chrystus.pl\/#\/schema\/logo\/image\/"}},{"@type":"Person","@id":"https:\/\/chrystus.pl\/#\/schema\/person\/e2e742452b8b7b2bcd23ea180671d27a","name":"Femeia samariteanc\u0103"}]}},"_links":{"self":[{"href":"https:\/\/chrystus.pl\/ro\/wp-json\/wp\/v2\/posts\/1450","targetHints":{"allow":["GET"]}}],"collection":[{"href":"https:\/\/chrystus.pl\/ro\/wp-json\/wp\/v2\/posts"}],"about":[{"href":"https:\/\/chrystus.pl\/ro\/wp-json\/wp\/v2\/types\/post"}],"author":[{"embeddable":true,"href":"https:\/\/chrystus.pl\/ro\/wp-json\/wp\/v2\/users\/1"}],"replies":[{"embeddable":true,"href":"https:\/\/chrystus.pl\/ro\/wp-json\/wp\/v2\/comments?post=1450"}],"version-history":[{"count":0,"href":"https:\/\/chrystus.pl\/ro\/wp-json\/wp\/v2\/posts\/1450\/revisions"}],"wp:featuredmedia":[{"embeddable":true,"href":"https:\/\/chrystus.pl\/ro\/wp-json\/wp\/v2\/media\/1451"}],"wp:attachment":[{"href":"https:\/\/chrystus.pl\/ro\/wp-json\/wp\/v2\/media?parent=1450"}],"wp:term":[{"taxonomy":"category","embeddable":true,"href":"https:\/\/chrystus.pl\/ro\/wp-json\/wp\/v2\/categories?post=1450"},{"taxonomy":"post_tag","embeddable":true,"href":"https:\/\/chrystus.pl\/ro\/wp-json\/wp\/v2\/tags?post=1450"}],"curies":[{"name":"wp","href":"https:\/\/api.w.org\/{rel}","templated":true}]}}