{"id":1498,"date":"2020-04-26T23:04:36","date_gmt":"2020-04-26T23:04:36","guid":{"rendered":"https:\/\/chrystus.pl\/?p=1498"},"modified":"2020-04-26T23:04:36","modified_gmt":"2020-04-26T23:04:36","slug":"co-chrystus-powiedzial-do-swietej-brygidy","status":"publish","type":"post","link":"https:\/\/chrystus.pl\/ro\/co-chrystus-powiedzial-do-swietej-brygidy\/","title":{"rendered":"Ce i-a spus Hristos Sfintei Brigid?"},"content":{"rendered":"<p>Ce i-a spus Hristos Sfintei Brigid?<\/p>\n<p>Pentru \u00eenceput, s\u0103 explic\u0103m cine a fost Sf\u00e2nta Brigid. Sf\u00e2nta Brigid a Suediei a tr\u0103it \u00eentre anii 1303 \u0219i 1373 \u0219i a fost o aristocrat\u0103 educat\u0103, bine n\u0103scut\u0103, dintr-o familie de avoca\u021bi. Ini\u021bial a dus o via\u021b\u0103 normal\u0103 al\u0103turi de so\u021bul ei, a fost mama a opt copii, printre care \u0219i Sf\u00e2nta Ecaterina a Suediei. Dup\u0103 moartea so\u021bului ei \u00een 1344, Brigid descoper\u0103 \u00een ea o mare nevoie de apropiere de Dumnezeu. Ea decide s\u0103 devin\u0103 c\u0103lug\u0103ri\u021b\u0103, pelerin\u0103, misionar\u0103.<\/p>\n<p>P\u00e2n\u0103 \u00een ziua de azi este cunoscut\u0103 ca un excelent teolog, primind multe viziuni cu privire la m\u00e2ntuirea cre\u0219tinilor. A devenit faimoas\u0103 pentru discursurile sale curajoase adresate preo\u021bilor \u0219i papilor, f\u0103r\u0103 a cru\u021ba mustr\u0103ri severe la adresa \u00eentregului cler. Sf\u00e2nta Brigid este cunoscut\u0103 \u0219i ast\u0103zi ca fondatoare a Ordinului Brigidinei. Ac\u021biunile sale au impresionat \u00eentreaga lume cre\u0219tin\u0103, astfel \u00eenc\u00e2t procesul de canonizare a \u00eenceput \u00eenc\u0103 din 1377. <span>Totul s-a \u00eencheiat cu declararea ei ca sf\u00e2nt\u0103 \u00een 1391 de c\u0103tre Papa Bonifaciu al IX-lea. Sfin\u021benia lui Brigid a fost confirmat\u0103 \u0219i \u00een 1415, la Conciliul de la Constan\u021ba. <\/span><\/p>\n<p><span>Mai recent, \u00eens\u0103, Brigid, al\u0103turi de Ecaterina din Siena \u0219i Edith Stein, a fost declarat\u0103 \u00een 1999 sf\u00e2nta patroan\u0103 a Europei, ceea ce nu face dec\u00e2t s\u0103-i confirme realiz\u0103rile. A fost scris\u0103 o carte excelent\u0103 despre via\u021ba \u0219i activitatea lui Brigid, care descrie apari\u021biile pe care le-a tr\u0103it. Este vorba de o lucrare colectiv\u0103 intitulat\u0103: Ce i-a spus Hristos Sfintei Brigid. Apocalipsa. <\/span><\/p>","protected":false},"excerpt":{"rendered":"<p>Ce i-a spus Hristos Sfintei Brigid? Pentru \u00eenceput, s\u0103 explic\u0103m cine a fost Sf\u00e2nta Brigid. Sf\u00e2nta Brigida a Suediei a tr\u0103it \u00eentre anii 1303 \u0219i 1373 \u0219i a fost o aristocrat\u0103 educat\u0103, bine n\u0103scut\u0103, dintr-o familie de avoca\u021bi. Ini\u021bial a dus o via\u021b\u0103 normal\u0103 al\u0103turi de so\u021bul ei, a fost mama a opt copii, printre care \u0219i Sf\u00e2nta Ecaterina a Suediei. Dup\u0103 moartea so\u021bului ei \u00een 1344, Brigid a descoperit \u00een sine ...<\/p>","protected":false},"author":1,"featured_media":1499,"comment_status":"closed","ping_status":"closed","sticky":false,"template":"","format":"standard","meta":{"footnotes":""},"categories":[61],"tags":[],"class_list":["post-1498","post","type-post","status-publish","format-standard","has-post-thumbnail","hentry","category-chrystus"],"yoast_head":"<!-- This site is optimized with the Yoast SEO plugin v27.5 - https:\/\/yoast.com\/product\/yoast-seo-wordpress\/ -->\n<title>Co Chrystus powiedzia\u0142 do \u015bwi\u0119tej Brygidy? - Chrystus<\/title>\n<meta name=\"description\" content=\"Co Chrystus powiedzia\u0142 do \u015bwi\u0119tej Brygidy? Na pocz\u0105tek wyja\u015bnijmy sobie kim by\u0142a \u015bwi\u0119ta Brygida. \u015aw. Brygida Szwedzka \u017cy\u0142a w latach 1303-1373. By\u0142a ona\" \/>\n<meta name=\"robots\" content=\"index, follow, max-snippet:-1, max-image-preview:large, max-video-preview:-1\" \/>\n<link rel=\"canonical\" href=\"https:\/\/chrystus.pl\/ro\/ce-a-spus-hristos-cu-care-a-sa-si-brigideaza-in-trebarea\/\" \/>\n<meta property=\"og:locale\" content=\"ro_RO\" \/>\n<meta property=\"og:type\" content=\"article\" \/>\n<meta property=\"og:title\" content=\"Co Chrystus powiedzia\u0142 do \u015bwi\u0119tej Brygidy?\" \/>\n<meta property=\"og:description\" content=\"Na podstawie \u017cycia i dokona\u0144 \u015bwi\u0119tej Brygidy powsta\u0142a znakomita ksi\u0105\u017cka opisuj\u0105ca objawienia jakich dozna\u0142a. Jest to praca zbiorowa pod tytu\u0142em: Co Chrystus powiedzia\u0142 do \u015bwi\u0119tej Brygidy. Objawienia.\" \/>\n<meta property=\"og:url\" content=\"https:\/\/chrystus.pl\/ro\/ce-a-spus-hristos-cu-care-a-sa-si-brigideaza-in-trebarea\/\" \/>\n<meta property=\"og:site_name\" content=\"Chrystus\" \/>\n<meta property=\"article:published_time\" content=\"2020-04-26T23:04:36+00:00\" \/>\n<meta property=\"og:image\" content=\"https:\/\/chrystus.pl\/wp-content\/uploads\/2020\/04\/Co-Chrystus-powiedzia\u0142-do-s\u0301wie\u0328tej-Brygidy.jpg\" \/>\n\t<meta property=\"og:image:width\" content=\"1920\" \/>\n\t<meta property=\"og:image:height\" content=\"1634\" \/>\n\t<meta property=\"og:image:type\" content=\"image\/jpeg\" \/>\n<meta name=\"author\" content=\"Samarytanka\" \/>\n<meta name=\"twitter:card\" content=\"summary_large_image\" \/>\n<meta name=\"twitter:title\" content=\"Co Chrystus powiedzia\u0142 do \u015bwi\u0119tej Brygidy?\" \/>\n<meta name=\"twitter:description\" content=\"Na podstawie \u017cycia i dokona\u0144 \u015bwi\u0119tej Brygidy powsta\u0142a znakomita ksi\u0105\u017cka opisuj\u0105ca objawienia jakich dozna\u0142a. Jest to praca zbiorowa pod tytu\u0142em: Co Chrystus powiedzia\u0142 do \u015bwi\u0119tej Brygidy. Objawienia.\" \/>\n<meta name=\"twitter:image\" content=\"https:\/\/chrystus.pl\/wp-content\/uploads\/2020\/04\/Co-Chrystus-powiedzia\u0142-do-s\u0301wie\u0328tej-Brygidy.jpg\" \/>\n<meta name=\"twitter:label1\" content=\"Scris de\" \/>\n\t<meta name=\"twitter:data1\" content=\"Samarytanka\" \/>\n\t<meta name=\"twitter:label2\" content=\"Timp estimat pentru citire\" \/>\n\t<meta name=\"twitter:data2\" content=\"1 minut\" \/>\n<!-- \/ Yoast SEO plugin. -->","yoast_head_json":{"title":"Ce i-a spus Hristos Sfintei Brigid? - Hristos","description":"Ce i-a spus Hristos Sfintei Brigid? Pentru \u00eenceput, s\u0103 explic\u0103m cine a fost Sf\u00e2nta Brigid. Sf\u00e2nta Brigida a Suediei a tr\u0103it \u00eentre anii 1303 \u0219i 1373 \u0219i a fost","robots":{"index":"index","follow":"follow","max-snippet":"max-snippet:-1","max-image-preview":"max-image-preview:large","max-video-preview":"max-video-preview:-1"},"canonical":"https:\/\/chrystus.pl\/ro\/ce-a-spus-hristos-cu-care-a-sa-si-brigideaza-in-trebarea\/","og_locale":"ro_RO","og_type":"article","og_title":"Co Chrystus powiedzia\u0142 do \u015bwi\u0119tej Brygidy?","og_description":"Na podstawie \u017cycia i dokona\u0144 \u015bwi\u0119tej Brygidy powsta\u0142a znakomita ksi\u0105\u017cka opisuj\u0105ca objawienia jakich dozna\u0142a. Jest to praca zbiorowa pod tytu\u0142em: Co Chrystus powiedzia\u0142 do \u015bwi\u0119tej Brygidy. Objawienia.","og_url":"https:\/\/chrystus.pl\/ro\/ce-a-spus-hristos-cu-care-a-sa-si-brigideaza-in-trebarea\/","og_site_name":"Chrystus","article_published_time":"2020-04-26T23:04:36+00:00","og_image":[{"width":1920,"height":1634,"url":"https:\/\/chrystus.pl\/wp-content\/uploads\/2020\/04\/Co-Chrystus-powiedzia\u0142-do-s\u0301wie\u0328tej-Brygidy.jpg","type":"image\/jpeg"}],"author":"Samarytanka","twitter_card":"summary_large_image","twitter_title":"Co Chrystus powiedzia\u0142 do \u015bwi\u0119tej Brygidy?","twitter_description":"Na podstawie \u017cycia i dokona\u0144 \u015bwi\u0119tej Brygidy powsta\u0142a znakomita ksi\u0105\u017cka opisuj\u0105ca objawienia jakich dozna\u0142a. Jest to praca zbiorowa pod tytu\u0142em: Co Chrystus powiedzia\u0142 do \u015bwi\u0119tej Brygidy. Objawienia.","twitter_image":"https:\/\/chrystus.pl\/wp-content\/uploads\/2020\/04\/Co-Chrystus-powiedzia\u0142-do-s\u0301wie\u0328tej-Brygidy.jpg","twitter_misc":{"Scris de":"Samarytanka","Timp estimat pentru citire":"1 minut"},"schema":{"@context":"https:\/\/schema.org","@graph":[{"@type":"Article","@id":"https:\/\/chrystus.pl\/de\/was-christus-gesagt-hat-zu-der-heiligen-brigid\/#article","isPartOf":{"@id":"https:\/\/chrystus.pl\/de\/was-christus-gesagt-hat-zu-der-heiligen-brigid\/"},"author":{"name":"Samarytanka","@id":"https:\/\/chrystus.pl\/#\/schema\/person\/e2e742452b8b7b2bcd23ea180671d27a"},"headline":"Co Chrystus powiedzia\u0142 do \u015bwi\u0119tej Brygidy?","datePublished":"2020-04-26T23:04:36+00:00","mainEntityOfPage":{"@id":"https:\/\/chrystus.pl\/de\/was-christus-gesagt-hat-zu-der-heiligen-brigid\/"},"wordCount":259,"publisher":{"@id":"https:\/\/chrystus.pl\/#organization"},"image":{"@id":"https:\/\/chrystus.pl\/de\/was-christus-gesagt-hat-zu-der-heiligen-brigid\/#primaryimage"},"thumbnailUrl":"https:\/\/chrystus.pl\/wp-content\/uploads\/2020\/04\/Co-Chrystus-powiedzia\u0142-do-s\u0301wie\u0328tej-Brygidy.jpg","articleSection":["Chrystus"],"inLanguage":"ro-RO"},{"@type":"WebPage","@id":"https:\/\/chrystus.pl\/de\/was-christus-gesagt-hat-zu-der-heiligen-brigid\/","url":"https:\/\/chrystus.pl\/de\/was-christus-gesagt-hat-zu-der-heiligen-brigid\/","name":"Ce i-a spus Hristos Sfintei Brigid? - Hristos","isPartOf":{"@id":"https:\/\/chrystus.pl\/#website"},"primaryImageOfPage":{"@id":"https:\/\/chrystus.pl\/de\/was-christus-gesagt-hat-zu-der-heiligen-brigid\/#primaryimage"},"image":{"@id":"https:\/\/chrystus.pl\/de\/was-christus-gesagt-hat-zu-der-heiligen-brigid\/#primaryimage"},"thumbnailUrl":"https:\/\/chrystus.pl\/wp-content\/uploads\/2020\/04\/Co-Chrystus-powiedzia\u0142-do-s\u0301wie\u0328tej-Brygidy.jpg","datePublished":"2020-04-26T23:04:36+00:00","description":"Ce i-a spus Hristos Sfintei Brigid? Pentru \u00eenceput, s\u0103 explic\u0103m cine a fost Sf\u00e2nta Brigid. Sf\u00e2nta Brigida a Suediei a tr\u0103it \u00eentre anii 1303 \u0219i 1373 \u0219i a fost","breadcrumb":{"@id":"https:\/\/chrystus.pl\/de\/was-christus-gesagt-hat-zu-der-heiligen-brigid\/#breadcrumb"},"inLanguage":"ro-RO","potentialAction":[{"@type":"ReadAction","target":["https:\/\/chrystus.pl\/de\/was-christus-gesagt-hat-zu-der-heiligen-brigid\/"]}]},{"@type":"ImageObject","inLanguage":"ro-RO","@id":"https:\/\/chrystus.pl\/de\/was-christus-gesagt-hat-zu-der-heiligen-brigid\/#primaryimage","url":"https:\/\/chrystus.pl\/wp-content\/uploads\/2020\/04\/Co-Chrystus-powiedzia\u0142-do-s\u0301wie\u0328tej-Brygidy.jpg","contentUrl":"https:\/\/chrystus.pl\/wp-content\/uploads\/2020\/04\/Co-Chrystus-powiedzia\u0142-do-s\u0301wie\u0328tej-Brygidy.jpg","width":1920,"height":1634,"caption":"Co Chrystus powiedzia\u0142 do \u015bwi\u0119tej Brygidy"},{"@type":"BreadcrumbList","@id":"https:\/\/chrystus.pl\/de\/was-christus-gesagt-hat-zu-der-heiligen-brigid\/#breadcrumb","itemListElement":[{"@type":"ListItem","position":1,"name":"Strona g\u0142\u00f3wna","item":"https:\/\/chrystus.pl\/"},{"@type":"ListItem","position":2,"name":"Co Chrystus powiedzia\u0142 do \u015bwi\u0119tej Brygidy?"}]},{"@type":"WebSite","@id":"https:\/\/chrystus.pl\/#website","url":"https:\/\/chrystus.pl\/","name":"Hristos","description":"Dumnezeu, Maria, Isus, \u00eemp\u0103rt\u0103\u0219ania \u0219i multe altele","publisher":{"@id":"https:\/\/chrystus.pl\/#organization"},"potentialAction":[{"@type":"SearchAction","target":{"@type":"EntryPoint","urlTemplate":"https:\/\/chrystus.pl\/?s={search_term_string}"},"query-input":{"@type":"PropertyValueSpecification","valueRequired":true,"valueName":"search_term_string"}}],"inLanguage":"ro-RO"},{"@type":"Organization","@id":"https:\/\/chrystus.pl\/#organization","name":"Christ.pl","url":"https:\/\/chrystus.pl\/","logo":{"@type":"ImageObject","inLanguage":"ro-RO","@id":"https:\/\/chrystus.pl\/#\/schema\/logo\/image\/","url":"https:\/\/chrystus.pl\/wp-content\/uploads\/2019\/03\/chrystus-bog-maryja-komunia-bierzmowanie.jpg","contentUrl":"https:\/\/chrystus.pl\/wp-content\/uploads\/2019\/03\/chrystus-bog-maryja-komunia-bierzmowanie.jpg","width":1920,"height":1280,"caption":"Chrystus.pl"},"image":{"@id":"https:\/\/chrystus.pl\/#\/schema\/logo\/image\/"}},{"@type":"Person","@id":"https:\/\/chrystus.pl\/#\/schema\/person\/e2e742452b8b7b2bcd23ea180671d27a","name":"Femeia samariteanc\u0103"}]}},"_links":{"self":[{"href":"https:\/\/chrystus.pl\/ro\/wp-json\/wp\/v2\/posts\/1498","targetHints":{"allow":["GET"]}}],"collection":[{"href":"https:\/\/chrystus.pl\/ro\/wp-json\/wp\/v2\/posts"}],"about":[{"href":"https:\/\/chrystus.pl\/ro\/wp-json\/wp\/v2\/types\/post"}],"author":[{"embeddable":true,"href":"https:\/\/chrystus.pl\/ro\/wp-json\/wp\/v2\/users\/1"}],"replies":[{"embeddable":true,"href":"https:\/\/chrystus.pl\/ro\/wp-json\/wp\/v2\/comments?post=1498"}],"version-history":[{"count":0,"href":"https:\/\/chrystus.pl\/ro\/wp-json\/wp\/v2\/posts\/1498\/revisions"}],"wp:featuredmedia":[{"embeddable":true,"href":"https:\/\/chrystus.pl\/ro\/wp-json\/wp\/v2\/media\/1499"}],"wp:attachment":[{"href":"https:\/\/chrystus.pl\/ro\/wp-json\/wp\/v2\/media?parent=1498"}],"wp:term":[{"taxonomy":"category","embeddable":true,"href":"https:\/\/chrystus.pl\/ro\/wp-json\/wp\/v2\/categories?post=1498"},{"taxonomy":"post_tag","embeddable":true,"href":"https:\/\/chrystus.pl\/ro\/wp-json\/wp\/v2\/tags?post=1498"}],"curies":[{"name":"wp","href":"https:\/\/api.w.org\/{rel}","templated":true}]}}