{"id":1585,"date":"2020-04-29T19:50:52","date_gmt":"2020-04-29T19:50:52","guid":{"rendered":"https:\/\/chrystus.pl\/?p=1585"},"modified":"2020-04-29T19:54:12","modified_gmt":"2020-04-29T19:54:12","slug":"dlaczego-jozef-i-maryja-udali-sie-do-betlejem","status":"publish","type":"post","link":"https:\/\/chrystus.pl\/ro\/dlaczego-jozef-i-maryja-udali-sie-do-betlejem\/","title":{"rendered":"De ce au mers Iosif \u0219i Maria la Betleem?"},"content":{"rendered":"<p>De ce <a href=\"https:\/\/chrystus.pl\/ro\/modlitwa-w-sprawach-trudnych-i-beznadziejnych-do-sw-jozefa\/\">Joseph<\/a> i Maryja udali si\u0119 do Betlejem? Z czym wi\u0105\u017ce si\u0119 podr\u00f3\u017c jak\u0105 odby\u0142a \u015awi\u0119ta Rodzina, w trakcie kt\u00f3rej przyszed\u0142 na \u015bwiat Zbawiciel? Ma to pod\u0142o\u017ce czysto historyczne. Nale\u017cy zacz\u0105\u0107 od tego, \u017ce okres o kt\u00f3rym m\u00f3wimy przypada na panowanie Cesarstwa Rzymskiego na terenach Izraela. W owym czasie powszechne by\u0142y w tych regionach tak zwane spisy ludno\u015bci.<\/p>\n<p>Din ordinul \u00eemp\u0103ratului Augustus, conduc\u0103torul vremii, un astfel de recens\u0103m\u00e2nt trebuia s\u0103 aib\u0103 loc \u00een statul lui Iosif \u0219i al Mariei. Marele conduc\u0103tor al teritoriilor siriene a fost Quirinius. \u00cen consecin\u021b\u0103, fiecare locuitor trebuia s\u0103 mearg\u0103 la un moment dat \u00een ora\u0219ul s\u0103u. Printre ei era \u0219i Iosif, care a plecat din cetatea Nazaret \u00een Iudeea, \u00een cetatea lui David, numit\u0103 Betleem. Acest lucru a fost determinat de descenden\u021ba lui Iosif din Casa lui David. A trebuit s\u0103 mearg\u0103 acolo \u00eempreun\u0103 cu Maria, c\u0103s\u0103torit\u0103 anterior, care era \u00eens\u0103rcinat\u0103 \u0219i purta \u00een p\u00e2ntece copilul Iisus. Mai mult, Iosif era p\u0103zitorul Sfintei Familii, a\u0219a c\u0103 nu a p\u0103r\u0103sit-o de l\u00e2ng\u0103 ea. \u00cen timpul \u0219ederii lor \u00een ora\u0219ul Betleem, a venit solu\u021bia \u0219i s-a n\u0103scut M\u00e2ntuitorul.<\/p>\n<p>To w\u0142a\u015bnie dlatego dzisiaj Betlejem kojarzone jest przez wszystkich chrze\u015bcijan z tym wielkim i cudownym wydarzeniem, jakim bez w\u0105tpienia by\u0142y narodziny Jezusa Chrystusa, a kt\u00f3remu Betlejem zawdzi\u0119cza sw\u0105 s\u0142aw\u0119. Poza spisem ludno\u015bci istotny jest r\u00f3wnie\u017c fakt, \u017ce to sam B\u00f3g chcia\u0142 ochroni\u0107 swojego Syna przed wrogo\u015bci\u0105 ludzi, kt\u00f3rzy mogli go napotka\u0107 w Nazarecie. Chcia\u0142 on bowiem uchroni\u0107 \u015awi\u0119t\u0105 Rodzin\u0119 przed wrogo\u015bci\u0105 p\u0142yn\u0105c\u0105 od \u00f3wczesnych elit.<\/p>","protected":false},"excerpt":{"rendered":"<p>Dlaczego J\u00f3zef i Maryja udali si\u0119 do Betlejem? Z czym wi\u0105\u017ce si\u0119 podr\u00f3\u017c jak\u0105 odby\u0142a \u015awi\u0119ta Rodzina, w trakcie kt\u00f3rej przyszed\u0142 na \u015bwiat Zbawiciel? Ma to pod\u0142o\u017ce czysto historyczne. Nale\u017cy zacz\u0105\u0107 od tego, \u017ce okres o kt\u00f3rym m\u00f3wimy przypada na panowanie Cesarstwa Rzymskiego na terenach Izraela. W owym czasie powszechne by\u0142y w tych regionach tak &hellip;<\/p>","protected":false},"author":1,"featured_media":0,"comment_status":"closed","ping_status":"closed","sticky":false,"template":"","format":"standard","meta":{"footnotes":""},"categories":[64],"tags":[],"class_list":["post-1585","post","type-post","status-publish","format-standard","hentry","category-maryja"],"yoast_head":"<!-- This site is optimized with the Yoast SEO plugin v27.5 - https:\/\/yoast.com\/product\/yoast-seo-wordpress\/ -->\n<title>Dlaczego J\u00f3zef i Maryja udali si\u0119 do Betlejem? - Chrystus<\/title>\n<meta name=\"description\" content=\"Dlaczego J\u00f3zef i Maryja udali si\u0119 do Betlejem? Z czym wi\u0105\u017ce si\u0119 podr\u00f3\u017c jak\u0105 odby\u0142a \u015awi\u0119ta Rodzina, w trakcie kt\u00f3rej przyszed\u0142 na \u015bwiat Zbawiciel? Ma to\" \/>\n<meta name=\"robots\" content=\"index, follow, max-snippet:-1, max-image-preview:large, max-video-preview:-1\" \/>\n<link rel=\"canonical\" href=\"https:\/\/chrystus.pl\/ro\/de-ce-s-au-dus-iosif-si-maria-la-betleem-2\/\" \/>\n<meta property=\"og:locale\" content=\"ro_RO\" \/>\n<meta property=\"og:type\" content=\"article\" \/>\n<meta property=\"og:title\" content=\"Dlaczego J\u00f3zef i Maryja udali si\u0119 do Betlejem?\" \/>\n<meta property=\"og:description\" content=\"Dlaczego J\u00f3zef i Maryja udali si\u0119 do Betlejem? Z czym wi\u0105\u017ce si\u0119 podr\u00f3\u017c jak\u0105 odby\u0142a \u015awi\u0119ta Rodzina, w trakcie kt\u00f3rej przyszed\u0142 na \u015bwiat Zbawiciel?\" \/>\n<meta property=\"og:url\" content=\"https:\/\/chrystus.pl\/ro\/de-ce-s-au-dus-iosif-si-maria-la-betleem-2\/\" \/>\n<meta property=\"og:site_name\" content=\"Chrystus\" \/>\n<meta property=\"article:published_time\" content=\"2020-04-29T19:50:52+00:00\" \/>\n<meta property=\"article:modified_time\" content=\"2020-04-29T19:54:12+00:00\" \/>\n<meta property=\"og:image\" content=\"https:\/\/chrystus.pl\/wp-content\/uploads\/2020\/04\/Czy-Maryja-umarla.jpg\" \/>\n\t<meta property=\"og:image:width\" content=\"640\" \/>\n\t<meta property=\"og:image:height\" content=\"480\" \/>\n\t<meta property=\"og:image:type\" content=\"image\/jpeg\" \/>\n<meta name=\"author\" content=\"Samarytanka\" \/>\n<meta name=\"twitter:card\" content=\"summary_large_image\" \/>\n<meta name=\"twitter:title\" content=\"Dlaczego J\u00f3zef i Maryja udali si\u0119 do Betlejem?\" \/>\n<meta name=\"twitter:description\" content=\"Dlaczego J\u00f3zef i Maryja udali si\u0119 do Betlejem? Z czym wi\u0105\u017ce si\u0119 podr\u00f3\u017c jak\u0105 odby\u0142a \u015awi\u0119ta Rodzina, w trakcie kt\u00f3rej przyszed\u0142 na \u015bwiat Zbawiciel?\" \/>\n<meta name=\"twitter:image\" content=\"https:\/\/chrystus.pl\/wp-content\/uploads\/2020\/04\/Czy-Maryja-umarla.jpg\" \/>\n<meta name=\"twitter:label1\" content=\"Scris de\" \/>\n\t<meta name=\"twitter:data1\" content=\"Samarytanka\" \/>\n\t<meta name=\"twitter:label2\" content=\"Timp estimat pentru citire\" \/>\n\t<meta name=\"twitter:data2\" content=\"1 minut\" \/>\n<!-- \/ Yoast SEO plugin. -->","yoast_head_json":{"title":"De ce au mers Iosif \u0219i Maria la Betleem? - Hristos","description":"De ce au mers Iosif \u0219i Maria la Betleem? Care este c\u0103l\u0103toria pe care a f\u0103cut-o Sf\u00e2nta Familie, \u00een timpul c\u0103reia s-a n\u0103scut M\u00e2ntuitorul? Acesta are","robots":{"index":"index","follow":"follow","max-snippet":"max-snippet:-1","max-image-preview":"max-image-preview:large","max-video-preview":"max-video-preview:-1"},"canonical":"https:\/\/chrystus.pl\/ro\/de-ce-s-au-dus-iosif-si-maria-la-betleem-2\/","og_locale":"ro_RO","og_type":"article","og_title":"Dlaczego J\u00f3zef i Maryja udali si\u0119 do Betlejem?","og_description":"Dlaczego J\u00f3zef i Maryja udali si\u0119 do Betlejem? Z czym wi\u0105\u017ce si\u0119 podr\u00f3\u017c jak\u0105 odby\u0142a \u015awi\u0119ta Rodzina, w trakcie kt\u00f3rej przyszed\u0142 na \u015bwiat Zbawiciel?","og_url":"https:\/\/chrystus.pl\/ro\/de-ce-s-au-dus-iosif-si-maria-la-betleem-2\/","og_site_name":"Chrystus","article_published_time":"2020-04-29T19:50:52+00:00","article_modified_time":"2020-04-29T19:54:12+00:00","og_image":[{"width":640,"height":480,"url":"https:\/\/chrystus.pl\/wp-content\/uploads\/2020\/04\/Czy-Maryja-umarla.jpg","type":"image\/jpeg"}],"author":"Samarytanka","twitter_card":"summary_large_image","twitter_title":"Dlaczego J\u00f3zef i Maryja udali si\u0119 do Betlejem?","twitter_description":"Dlaczego J\u00f3zef i Maryja udali si\u0119 do Betlejem? Z czym wi\u0105\u017ce si\u0119 podr\u00f3\u017c jak\u0105 odby\u0142a \u015awi\u0119ta Rodzina, w trakcie kt\u00f3rej przyszed\u0142 na \u015bwiat Zbawiciel?","twitter_image":"https:\/\/chrystus.pl\/wp-content\/uploads\/2020\/04\/Czy-Maryja-umarla.jpg","twitter_misc":{"Scris de":"Samarytanka","Timp estimat pentru citire":"1 minut"},"schema":{"@context":"https:\/\/schema.org","@graph":[{"@type":"Article","@id":"https:\/\/chrystus.pl\/dlaczego-jozef-i-maryja-udali-sie-do-betlejem\/#article","isPartOf":{"@id":"https:\/\/chrystus.pl\/dlaczego-jozef-i-maryja-udali-sie-do-betlejem\/"},"author":{"name":"Samarytanka","@id":"https:\/\/chrystus.pl\/#\/schema\/person\/e2e742452b8b7b2bcd23ea180671d27a"},"headline":"Dlaczego J\u00f3zef i Maryja udali si\u0119 do Betlejem?","datePublished":"2020-04-29T19:50:52+00:00","dateModified":"2020-04-29T19:54:12+00:00","mainEntityOfPage":{"@id":"https:\/\/chrystus.pl\/dlaczego-jozef-i-maryja-udali-sie-do-betlejem\/"},"wordCount":299,"publisher":{"@id":"https:\/\/chrystus.pl\/#organization"},"articleSection":["Maryja"],"inLanguage":"ro-RO"},{"@type":"WebPage","@id":"https:\/\/chrystus.pl\/dlaczego-jozef-i-maryja-udali-sie-do-betlejem\/","url":"https:\/\/chrystus.pl\/dlaczego-jozef-i-maryja-udali-sie-do-betlejem\/","name":"De ce au mers Iosif \u0219i Maria la Betleem? - Hristos","isPartOf":{"@id":"https:\/\/chrystus.pl\/#website"},"datePublished":"2020-04-29T19:50:52+00:00","dateModified":"2020-04-29T19:54:12+00:00","description":"De ce au mers Iosif \u0219i Maria la Betleem? Care este c\u0103l\u0103toria pe care a f\u0103cut-o Sf\u00e2nta Familie, \u00een timpul c\u0103reia s-a n\u0103scut M\u00e2ntuitorul? Acesta are","breadcrumb":{"@id":"https:\/\/chrystus.pl\/dlaczego-jozef-i-maryja-udali-sie-do-betlejem\/#breadcrumb"},"inLanguage":"ro-RO","potentialAction":[{"@type":"ReadAction","target":["https:\/\/chrystus.pl\/dlaczego-jozef-i-maryja-udali-sie-do-betlejem\/"]}]},{"@type":"BreadcrumbList","@id":"https:\/\/chrystus.pl\/dlaczego-jozef-i-maryja-udali-sie-do-betlejem\/#breadcrumb","itemListElement":[{"@type":"ListItem","position":1,"name":"Strona g\u0142\u00f3wna","item":"https:\/\/chrystus.pl\/"},{"@type":"ListItem","position":2,"name":"Dlaczego J\u00f3zef i Maryja udali si\u0119 do Betlejem?"}]},{"@type":"WebSite","@id":"https:\/\/chrystus.pl\/#website","url":"https:\/\/chrystus.pl\/","name":"Hristos","description":"Dumnezeu, Maria, Isus, \u00eemp\u0103rt\u0103\u0219ania \u0219i multe altele","publisher":{"@id":"https:\/\/chrystus.pl\/#organization"},"potentialAction":[{"@type":"SearchAction","target":{"@type":"EntryPoint","urlTemplate":"https:\/\/chrystus.pl\/?s={search_term_string}"},"query-input":{"@type":"PropertyValueSpecification","valueRequired":true,"valueName":"search_term_string"}}],"inLanguage":"ro-RO"},{"@type":"Organization","@id":"https:\/\/chrystus.pl\/#organization","name":"Christ.pl","url":"https:\/\/chrystus.pl\/","logo":{"@type":"ImageObject","inLanguage":"ro-RO","@id":"https:\/\/chrystus.pl\/#\/schema\/logo\/image\/","url":"https:\/\/chrystus.pl\/wp-content\/uploads\/2019\/03\/chrystus-bog-maryja-komunia-bierzmowanie.jpg","contentUrl":"https:\/\/chrystus.pl\/wp-content\/uploads\/2019\/03\/chrystus-bog-maryja-komunia-bierzmowanie.jpg","width":1920,"height":1280,"caption":"Chrystus.pl"},"image":{"@id":"https:\/\/chrystus.pl\/#\/schema\/logo\/image\/"}},{"@type":"Person","@id":"https:\/\/chrystus.pl\/#\/schema\/person\/e2e742452b8b7b2bcd23ea180671d27a","name":"Femeia samariteanc\u0103"}]}},"_links":{"self":[{"href":"https:\/\/chrystus.pl\/ro\/wp-json\/wp\/v2\/posts\/1585","targetHints":{"allow":["GET"]}}],"collection":[{"href":"https:\/\/chrystus.pl\/ro\/wp-json\/wp\/v2\/posts"}],"about":[{"href":"https:\/\/chrystus.pl\/ro\/wp-json\/wp\/v2\/types\/post"}],"author":[{"embeddable":true,"href":"https:\/\/chrystus.pl\/ro\/wp-json\/wp\/v2\/users\/1"}],"replies":[{"embeddable":true,"href":"https:\/\/chrystus.pl\/ro\/wp-json\/wp\/v2\/comments?post=1585"}],"version-history":[{"count":0,"href":"https:\/\/chrystus.pl\/ro\/wp-json\/wp\/v2\/posts\/1585\/revisions"}],"wp:attachment":[{"href":"https:\/\/chrystus.pl\/ro\/wp-json\/wp\/v2\/media?parent=1585"}],"wp:term":[{"taxonomy":"category","embeddable":true,"href":"https:\/\/chrystus.pl\/ro\/wp-json\/wp\/v2\/categories?post=1585"},{"taxonomy":"post_tag","embeddable":true,"href":"https:\/\/chrystus.pl\/ro\/wp-json\/wp\/v2\/tags?post=1585"}],"curies":[{"name":"wp","href":"https:\/\/api.w.org\/{rel}","templated":true}]}}