{"id":1587,"date":"2020-04-29T19:52:42","date_gmt":"2020-04-29T19:52:42","guid":{"rendered":"https:\/\/chrystus.pl\/?p=1587"},"modified":"2020-04-29T19:52:53","modified_gmt":"2020-04-29T19:52:53","slug":"dlaczego-maryja-jest-wzorem-adwentowego-czuwania","status":"publish","type":"post","link":"https:\/\/chrystus.pl\/ro\/dlaczego-maryja-jest-wzorem-adwentowego-czuwania\/","title":{"rendered":"De ce este Maria modelul vegherii de Advent?"},"content":{"rendered":"<p>De ce este Maria modelul vegherii de Advent? R\u0103spunsul la aceast\u0103 \u00eentrebare poate fi g\u0103sit \u00eentr-un pasaj din Evanghelia dup\u0103 Luca. \u00cen Luca, capitolul 1, versetele 26-38, el descrie Buna Vestire \u0219i evenimentul \u00een care Maria afl\u0103 despre rolul ei special de la \u00eengerul Gabriel, trimis de Dumnezeu.<\/p>\n<p>Maria a ascultat cu aten\u021bie rolul pe care Dumnezeu \u00eel avea \u00een vedere pentru ea \u0219i apoi, f\u0103r\u0103 nici cea mai mic\u0103 ezitare, i-a \u00eencredin\u021bat via\u021ba ei. Maria \u00eencepe perioada de a\u0219teptare a venirii Fiului ei, \u00een acela\u0219i timp \u00een care \u00ee\u0219i \u00eencepe rolul.<\/p>\n<p>Ce este Vigilia de Advent? Este perioada de la prima vecernie din a patra duminic\u0103 \u00eenainte de Cr\u0103ciun p\u00e2n\u0103 la c\u0103derea nop\u021bii din 24 decembrie. Ea marcheaz\u0103 perioada de a\u0219teptare pentru <a href=\"https:\/\/chrystus.pl\/ro\/co-to-jest-paruzja-i-co-znaczy\/\">re<\/a> venirea lui Iisus Hristos pe p\u0103m\u00e2nt, care comemoreaz\u0103, \u00een acela\u0219i timp, prima Sa venire pe p\u0103m\u00e2nt, adic\u0103 na\u0219terea lui Hristos. Astfel, Maria este un model deosebit aici, pentru c\u0103 ea a fost cea care \u0219i-a acceptat prima dat\u0103 rolul \u0219i ne-a ar\u0103tat tuturor cum s\u0103 ne preg\u0103tim pentru venirea Domnului nostru. Ea a fost cea care s-a d\u0103ruit complet acestui rol, pun\u00e2ndu-l pe Dumnezeu pe primul loc, ceea ce ar trebui s\u0103 fac\u0103 fiecare cre\u0219tin, mai ales \u00een timpul vegherii de Advent. \u00cen aceast\u0103 perioad\u0103 special\u0103, fie ca fiecare dintre noi s\u0103 ne punem sub protec\u021bia Fecioarei Maria \u0219i s\u0103 ne \u00eencredin\u021b\u0103m via\u021ba \u00een \u00eentregime ei.<\/p>","protected":false},"excerpt":{"rendered":"<p>De ce este Maria modelul de veghe de Advent? R\u0103spunsul la aceast\u0103 \u00eentrebare poate fi g\u0103sit \u00eentr-un pasaj din Evanghelia Sf\u00e2ntului Luca. Este vorba tocmai de capitolul 1, versetele 26-38, \u00een care Luca descrie Buna Vestire \u0219i evenimentul \u00een care Maria afl\u0103 despre rolul ei special de la \u00eengerul Gabriel, trimis de Dumnezeu. Mary ...<\/p>","protected":false},"author":1,"featured_media":1588,"comment_status":"closed","ping_status":"closed","sticky":false,"template":"","format":"standard","meta":{"footnotes":""},"categories":[64],"tags":[],"class_list":["post-1587","post","type-post","status-publish","format-standard","has-post-thumbnail","hentry","category-maryja"],"yoast_head":"<!-- This site is optimized with the Yoast SEO plugin v27.5 - https:\/\/yoast.com\/product\/yoast-seo-wordpress\/ -->\n<title>Dlaczego Maryja jest wzorem adwentowego czuwania? - Chrystus<\/title>\n<meta name=\"description\" content=\"Dlaczego Maryja jest wzorem adwentowego czuwania? Odpowied\u017a na to pytanie znajdziemy we fragmencie Ewangelii \u015bwi\u0119tego \u0141ukasza. Chodzi dok\u0142adnie o rozdzia\u0142\" \/>\n<meta name=\"robots\" content=\"index, follow, max-snippet:-1, max-image-preview:large, max-video-preview:-1\" \/>\n<link rel=\"canonical\" href=\"https:\/\/chrystus.pl\/ro\/de-ce-mare-este-un-model-de-simtire-de-avent\/\" \/>\n<meta property=\"og:locale\" content=\"ro_RO\" \/>\n<meta property=\"og:type\" content=\"article\" \/>\n<meta property=\"og:title\" content=\"Dlaczego Maryja jest wzorem adwentowego czuwania?\" \/>\n<meta property=\"og:description\" content=\"Maryja uwa\u017cnie wys\u0142ucha\u0142a roli jak\u0105 przeznaczy\u0142 dla niej Pan B\u00f3g po czym bez najmniejszego zawahania zaufa\u0142a Mu oddaj\u0105c w pe\u0142ni swoje \u017cycie. Maryja zaczyna okres oczekiwania na przyj\u015bcie swojego Syna, jednocze\u015bnie rozpoczynaj\u0105c swoj\u0105 rol\u0119.\" \/>\n<meta property=\"og:url\" content=\"https:\/\/chrystus.pl\/ro\/de-ce-mare-este-un-model-de-simtire-de-avent\/\" \/>\n<meta property=\"og:site_name\" content=\"Chrystus\" \/>\n<meta property=\"article:published_time\" content=\"2020-04-29T19:52:42+00:00\" \/>\n<meta property=\"article:modified_time\" content=\"2020-04-29T19:52:53+00:00\" \/>\n<meta property=\"og:image\" content=\"https:\/\/chrystus.pl\/wp-content\/uploads\/2020\/04\/Dlaczego-Maryja-jest-wzorem-adwentowego-czuwania.jpg\" \/>\n\t<meta property=\"og:image:width\" content=\"640\" \/>\n\t<meta property=\"og:image:height\" content=\"426\" \/>\n\t<meta property=\"og:image:type\" content=\"image\/jpeg\" \/>\n<meta name=\"author\" content=\"Samarytanka\" \/>\n<meta name=\"twitter:card\" content=\"summary_large_image\" \/>\n<meta name=\"twitter:title\" content=\"Dlaczego Maryja jest wzorem adwentowego czuwania?\" \/>\n<meta name=\"twitter:description\" content=\"Maryja uwa\u017cnie wys\u0142ucha\u0142a roli jak\u0105 przeznaczy\u0142 dla niej Pan B\u00f3g po czym bez najmniejszego zawahania zaufa\u0142a Mu oddaj\u0105c w pe\u0142ni swoje \u017cycie. Maryja zaczyna okres oczekiwania na przyj\u015bcie swojego Syna, jednocze\u015bnie rozpoczynaj\u0105c swoj\u0105 rol\u0119.\" \/>\n<meta name=\"twitter:image\" content=\"https:\/\/chrystus.pl\/wp-content\/uploads\/2020\/04\/Dlaczego-Maryja-jest-wzorem-adwentowego-czuwania.jpg\" \/>\n<meta name=\"twitter:label1\" content=\"Scris de\" \/>\n\t<meta name=\"twitter:data1\" content=\"Samarytanka\" \/>\n\t<meta name=\"twitter:label2\" content=\"Timp estimat pentru citire\" \/>\n\t<meta name=\"twitter:data2\" content=\"1 minut\" \/>\n<!-- \/ Yoast SEO plugin. -->","yoast_head_json":{"title":"De ce este Maria modelul vegherii de Advent? - Hristos","description":"De ce este Maria modelul vegherii de Advent? R\u0103spunsul la aceast\u0103 \u00eentrebare poate fi g\u0103sit \u00eentr-un pasaj din Evanghelia Sf\u00e2ntului Luca. Este tocmai capitolul","robots":{"index":"index","follow":"follow","max-snippet":"max-snippet:-1","max-image-preview":"max-image-preview:large","max-video-preview":"max-video-preview:-1"},"canonical":"https:\/\/chrystus.pl\/ro\/de-ce-mare-este-un-model-de-simtire-de-avent\/","og_locale":"ro_RO","og_type":"article","og_title":"Dlaczego Maryja jest wzorem adwentowego czuwania?","og_description":"Maryja uwa\u017cnie wys\u0142ucha\u0142a roli jak\u0105 przeznaczy\u0142 dla niej Pan B\u00f3g po czym bez najmniejszego zawahania zaufa\u0142a Mu oddaj\u0105c w pe\u0142ni swoje \u017cycie. Maryja zaczyna okres oczekiwania na przyj\u015bcie swojego Syna, jednocze\u015bnie rozpoczynaj\u0105c swoj\u0105 rol\u0119.","og_url":"https:\/\/chrystus.pl\/ro\/de-ce-mare-este-un-model-de-simtire-de-avent\/","og_site_name":"Chrystus","article_published_time":"2020-04-29T19:52:42+00:00","article_modified_time":"2020-04-29T19:52:53+00:00","og_image":[{"width":640,"height":426,"url":"https:\/\/chrystus.pl\/wp-content\/uploads\/2020\/04\/Dlaczego-Maryja-jest-wzorem-adwentowego-czuwania.jpg","type":"image\/jpeg"}],"author":"Samarytanka","twitter_card":"summary_large_image","twitter_title":"Dlaczego Maryja jest wzorem adwentowego czuwania?","twitter_description":"Maryja uwa\u017cnie wys\u0142ucha\u0142a roli jak\u0105 przeznaczy\u0142 dla niej Pan B\u00f3g po czym bez najmniejszego zawahania zaufa\u0142a Mu oddaj\u0105c w pe\u0142ni swoje \u017cycie. Maryja zaczyna okres oczekiwania na przyj\u015bcie swojego Syna, jednocze\u015bnie rozpoczynaj\u0105c swoj\u0105 rol\u0119.","twitter_image":"https:\/\/chrystus.pl\/wp-content\/uploads\/2020\/04\/Dlaczego-Maryja-jest-wzorem-adwentowego-czuwania.jpg","twitter_misc":{"Scris de":"Samarytanka","Timp estimat pentru citire":"1 minut"},"schema":{"@context":"https:\/\/schema.org","@graph":[{"@type":"Article","@id":"https:\/\/chrystus.pl\/dlaczego-maryja-jest-wzorem-adwentowego-czuwania\/#article","isPartOf":{"@id":"https:\/\/chrystus.pl\/dlaczego-maryja-jest-wzorem-adwentowego-czuwania\/"},"author":{"name":"Samarytanka","@id":"https:\/\/chrystus.pl\/#\/schema\/person\/e2e742452b8b7b2bcd23ea180671d27a"},"headline":"Dlaczego Maryja jest wzorem adwentowego czuwania?","datePublished":"2020-04-29T19:52:42+00:00","dateModified":"2020-04-29T19:52:53+00:00","mainEntityOfPage":{"@id":"https:\/\/chrystus.pl\/dlaczego-maryja-jest-wzorem-adwentowego-czuwania\/"},"wordCount":253,"publisher":{"@id":"https:\/\/chrystus.pl\/#organization"},"image":{"@id":"https:\/\/chrystus.pl\/dlaczego-maryja-jest-wzorem-adwentowego-czuwania\/#primaryimage"},"thumbnailUrl":"https:\/\/chrystus.pl\/wp-content\/uploads\/2020\/04\/Dlaczego-Maryja-jest-wzorem-adwentowego-czuwania.jpg","articleSection":["Maryja"],"inLanguage":"ro-RO"},{"@type":"WebPage","@id":"https:\/\/chrystus.pl\/dlaczego-maryja-jest-wzorem-adwentowego-czuwania\/","url":"https:\/\/chrystus.pl\/dlaczego-maryja-jest-wzorem-adwentowego-czuwania\/","name":"De ce este Maria modelul vegherii de Advent? - Hristos","isPartOf":{"@id":"https:\/\/chrystus.pl\/#website"},"primaryImageOfPage":{"@id":"https:\/\/chrystus.pl\/dlaczego-maryja-jest-wzorem-adwentowego-czuwania\/#primaryimage"},"image":{"@id":"https:\/\/chrystus.pl\/dlaczego-maryja-jest-wzorem-adwentowego-czuwania\/#primaryimage"},"thumbnailUrl":"https:\/\/chrystus.pl\/wp-content\/uploads\/2020\/04\/Dlaczego-Maryja-jest-wzorem-adwentowego-czuwania.jpg","datePublished":"2020-04-29T19:52:42+00:00","dateModified":"2020-04-29T19:52:53+00:00","description":"De ce este Maria modelul vegherii de Advent? R\u0103spunsul la aceast\u0103 \u00eentrebare poate fi g\u0103sit \u00eentr-un pasaj din Evanghelia Sf\u00e2ntului Luca. Este tocmai capitolul","breadcrumb":{"@id":"https:\/\/chrystus.pl\/dlaczego-maryja-jest-wzorem-adwentowego-czuwania\/#breadcrumb"},"inLanguage":"ro-RO","potentialAction":[{"@type":"ReadAction","target":["https:\/\/chrystus.pl\/dlaczego-maryja-jest-wzorem-adwentowego-czuwania\/"]}]},{"@type":"ImageObject","inLanguage":"ro-RO","@id":"https:\/\/chrystus.pl\/dlaczego-maryja-jest-wzorem-adwentowego-czuwania\/#primaryimage","url":"https:\/\/chrystus.pl\/wp-content\/uploads\/2020\/04\/Dlaczego-Maryja-jest-wzorem-adwentowego-czuwania.jpg","contentUrl":"https:\/\/chrystus.pl\/wp-content\/uploads\/2020\/04\/Dlaczego-Maryja-jest-wzorem-adwentowego-czuwania.jpg","width":640,"height":426,"caption":"Dlaczego Maryja jest wzorem adwentowego czuwania"},{"@type":"BreadcrumbList","@id":"https:\/\/chrystus.pl\/dlaczego-maryja-jest-wzorem-adwentowego-czuwania\/#breadcrumb","itemListElement":[{"@type":"ListItem","position":1,"name":"Strona g\u0142\u00f3wna","item":"https:\/\/chrystus.pl\/"},{"@type":"ListItem","position":2,"name":"Dlaczego Maryja jest wzorem adwentowego czuwania?"}]},{"@type":"WebSite","@id":"https:\/\/chrystus.pl\/#website","url":"https:\/\/chrystus.pl\/","name":"Hristos","description":"Dumnezeu, Maria, Isus, \u00eemp\u0103rt\u0103\u0219ania \u0219i multe altele","publisher":{"@id":"https:\/\/chrystus.pl\/#organization"},"potentialAction":[{"@type":"SearchAction","target":{"@type":"EntryPoint","urlTemplate":"https:\/\/chrystus.pl\/?s={search_term_string}"},"query-input":{"@type":"PropertyValueSpecification","valueRequired":true,"valueName":"search_term_string"}}],"inLanguage":"ro-RO"},{"@type":"Organization","@id":"https:\/\/chrystus.pl\/#organization","name":"Christ.pl","url":"https:\/\/chrystus.pl\/","logo":{"@type":"ImageObject","inLanguage":"ro-RO","@id":"https:\/\/chrystus.pl\/#\/schema\/logo\/image\/","url":"https:\/\/chrystus.pl\/wp-content\/uploads\/2019\/03\/chrystus-bog-maryja-komunia-bierzmowanie.jpg","contentUrl":"https:\/\/chrystus.pl\/wp-content\/uploads\/2019\/03\/chrystus-bog-maryja-komunia-bierzmowanie.jpg","width":1920,"height":1280,"caption":"Chrystus.pl"},"image":{"@id":"https:\/\/chrystus.pl\/#\/schema\/logo\/image\/"}},{"@type":"Person","@id":"https:\/\/chrystus.pl\/#\/schema\/person\/e2e742452b8b7b2bcd23ea180671d27a","name":"Femeia samariteanc\u0103"}]}},"_links":{"self":[{"href":"https:\/\/chrystus.pl\/ro\/wp-json\/wp\/v2\/posts\/1587","targetHints":{"allow":["GET"]}}],"collection":[{"href":"https:\/\/chrystus.pl\/ro\/wp-json\/wp\/v2\/posts"}],"about":[{"href":"https:\/\/chrystus.pl\/ro\/wp-json\/wp\/v2\/types\/post"}],"author":[{"embeddable":true,"href":"https:\/\/chrystus.pl\/ro\/wp-json\/wp\/v2\/users\/1"}],"replies":[{"embeddable":true,"href":"https:\/\/chrystus.pl\/ro\/wp-json\/wp\/v2\/comments?post=1587"}],"version-history":[{"count":0,"href":"https:\/\/chrystus.pl\/ro\/wp-json\/wp\/v2\/posts\/1587\/revisions"}],"wp:featuredmedia":[{"embeddable":true,"href":"https:\/\/chrystus.pl\/ro\/wp-json\/wp\/v2\/media\/1588"}],"wp:attachment":[{"href":"https:\/\/chrystus.pl\/ro\/wp-json\/wp\/v2\/media?parent=1587"}],"wp:term":[{"taxonomy":"category","embeddable":true,"href":"https:\/\/chrystus.pl\/ro\/wp-json\/wp\/v2\/categories?post=1587"},{"taxonomy":"post_tag","embeddable":true,"href":"https:\/\/chrystus.pl\/ro\/wp-json\/wp\/v2\/tags?post=1587"}],"curies":[{"name":"wp","href":"https:\/\/api.w.org\/{rel}","templated":true}]}}