{"id":1607,"date":"2020-04-29T20:05:44","date_gmt":"2020-04-29T20:05:44","guid":{"rendered":"https:\/\/chrystus.pl\/?p=1607"},"modified":"2020-05-09T20:40:11","modified_gmt":"2020-05-09T20:40:11","slug":"jak-mogla-wygladac-swieta-maryja","status":"publish","type":"post","link":"https:\/\/chrystus.pl\/ro\/jak-mogla-wygladac-swieta-maryja\/","title":{"rendered":"Cum ar fi putut ar\u0103ta Sf\u00e2nta Maria?"},"content":{"rendered":"<p>Cum ar fi putut ar\u0103ta <span id=\"urn:enhancement-23f04998\" class=\"textannotation disambiguated wl-person\" itemid=\"http:\/\/data.wordlift.io\/wl02137\/entity\/maria_z_nazaretu\">Mary<\/span>? Este foarte derutant, \u00eentr-adev\u0103r, la fel ca \u0219i \u00eentreb\u0103rile despre aspect <span id=\"urn:enhancement-e5bb8829\" class=\"textannotation disambiguated wl-person\" itemid=\"http:\/\/data.wordlift.io\/wl02137\/entity\/jezus_chrystus\">Isus<\/span>care a tr\u0103it printre noi \u0219i a avut un trup muritor. <span id=\"urn:enhancement-ca1e4595\" class=\"textannotation disambiguated wl-thing\" itemid=\"http:\/\/data.wordlift.io\/wl02137\/entity\/biblia\"><a href=\"https:\/\/chrystus.pl\/ro\/biblia-jakuba-wujka\/\">Biblia<\/a><\/span> nu descrie \u00eens\u0103 \u00een mod explicit cum ar fi putut s\u0103 arate <span id=\"urn:enhancement-c6771a2e\" class=\"textannotation disambiguated wl-person\" itemid=\"http:\/\/data.wordlift.io\/wl02137\/entity\/maria_z_nazaretu\">Mary<\/span>.<\/p>\n<p>Din Sfintele Evanghelii \u0219tim mai mult sau mai pu\u021bin doar v\u00e2rsta ei (n\u0103scut\u0103 \u00een jurul anului 20 \u00ee.Hr.) \u0219i originea ei, din care putem doar s\u0103 presupunem c\u0103 avea tr\u0103s\u0103turi faciale potrivite pentru oamenii din acea regiune.<\/p>\n<p>Mai aproape de realitate <span id=\"urn:enhancement-dfcd3e7b\" class=\"textannotation disambiguated wl-person\" itemid=\"http:\/\/data.wordlift.io\/wl02137\/entity\/maria_z_nazaretu\">Mary<\/span> dar putem fi prin revela\u021bii \u00een timpul c\u0103rora <span id=\"urn:enhancement-2b18eee4\" class=\"textannotation disambiguated wl-person\" itemid=\"http:\/\/data.wordlift.io\/wl02137\/entity\/maria_z_nazaretu\">Mary<\/span> El se dezv\u0103luie \u00een adev\u0103rata sa form\u0103. P\u0103rintele Janko Bubalo, care a devenit interesat de apari\u021biile din Medjugorje, a creat cea mai bun\u0103 descriere. El a decis s\u0103 \u00ee\u0219i adune observa\u021biile din conversa\u021biile cu locuitorii \u0219i martorii locali. <span id=\"urn:enhancement-8218aeae\" class=\"textannotation disambiguated wl-thing\" itemid=\"http:\/\/data.wordlift.io\/wl02137\/entity\/objawienie\">dezv\u0103luiri<\/span> Rezultatul a fost o carte intitulat\u0103. \"O mie de \u00eent\u00e2lniri cu mama <span id=\"urn:enhancement-91556165\" class=\"textannotation disambiguated wl-thing\" itemid=\"http:\/\/data.wordlift.io\/wl02137\/entity\/bog\">Dumnezeu<\/span>\" din 1985.<\/p>\n<p>Din toate pove\u0219tile, se pot desprinde c\u00e2teva fapte semnificative despre cum ar fi putut fi <span id=\"urn:enhancement-fd3e49a0\" class=\"textannotation disambiguated wl-person\" itemid=\"http:\/\/data.wordlift.io\/wl02137\/entity\/maria_z_nazaretu\">Mary<\/span>. \u0218tim c\u0103 <span id=\"urn:enhancement-510c0532\" class=\"textannotation disambiguated wl-person\" itemid=\"http:\/\/data.wordlift.io\/wl02137\/entity\/maria_z_nazaretu\">Mary<\/span> \u00een timpul <span id=\"urn:enhancement-2b26230b\" class=\"textannotation disambiguated wl-thing\" itemid=\"http:\/\/data.wordlift.io\/wl02137\/entity\/objawienie\">dezv\u0103luiri<\/span> era o femeie t\u00e2n\u0103r\u0103 \u0219i frumoas\u0103, cu pielea deschis\u0103 la culoare, p\u0103rul negru \u0219i ochii alba\u0219tri. <span id=\"urn:enhancement-240c2f9c\" class=\"textannotation disambiguated wl-person\" itemid=\"http:\/\/data.wordlift.io\/wl02137\/entity\/maria_z_nazaretu\">Mary<\/span> Este descris\u0103 ca fiind scund\u0103 \u0219i slab\u0103, cu o expresie delicat\u0103 pe fa\u021b\u0103, purt\u00e2nd o rochie lung\u0103 \u0219i modest\u0103, cu m\u00e2neci lungi care \u00eei ajungeau p\u00e2n\u0103 la jum\u0103tatea bra\u021belor \u0219i cu un voal pe cap. Pentru detalii mai detaliate, v\u0103 invit\u0103m s\u0103 consulta\u021bi cartea.<\/p>","protected":false},"excerpt":{"rendered":"<p>Cum ar fi putut ar\u0103ta Maria? \u00centr-adev\u0103r, acest lucru este foarte derutant, la fel ca \u0219i \u00eentreb\u0103rile legate de apari\u021bia lui Iisus, care, la urma urmei, a tr\u0103it printre noi \u0219i a avut un trup muritor. Cu toate acestea, Biblia nu descrie \u00een mod explicit cum ar fi putut ar\u0103ta Maria. Din Sfintele Evanghelii, nu \u0219tim, mai mult sau mai pu\u021bin, dec\u00e2t v\u00e2rsta ei (n\u0103scut\u0103 \u00een jurul anului 20 \u00ee.Hr.) \u0219i originea ei, pe baza c\u0103reia ...<\/p>","protected":false},"author":1,"featured_media":1608,"comment_status":"closed","ping_status":"closed","sticky":false,"template":"","format":"standard","meta":{"footnotes":""},"categories":[64],"tags":[],"class_list":["post-1607","post","type-post","status-publish","format-standard","has-post-thumbnail","hentry","category-maryja"],"yoast_head":"<!-- This site is optimized with the Yoast SEO plugin v27.5 - https:\/\/yoast.com\/product\/yoast-seo-wordpress\/ -->\n<title>Jak mog\u0142a wygl\u0105da\u0107 \u015awi\u0119ta Maryja? - Chrystus<\/title>\n<meta name=\"description\" content=\"Jak mog\u0142a wygl\u0105da\u0107 Maryja? Rzeczywi\u015bcie jest to bardzo zastanawiaj\u0105ce, tak samo jak w przypadku pyta\u0144 o wygl\u0105d Jezusa, kt\u00f3ry przecie\u017c \u017cy\u0142 w\u015br\u00f3d nas oraz\" \/>\n<meta name=\"robots\" content=\"index, follow, max-snippet:-1, max-image-preview:large, max-video-preview:-1\" \/>\n<link rel=\"canonical\" href=\"https:\/\/chrystus.pl\/ro\/cum-arata-vacanta-lui-mary-ar-fi-trebuit-sa-arate\/\" \/>\n<meta property=\"og:locale\" content=\"ro_RO\" \/>\n<meta property=\"og:type\" content=\"article\" \/>\n<meta property=\"og:title\" content=\"Jak mog\u0142a wygl\u0105da\u0107 \u015awi\u0119ta Maryja?\" \/>\n<meta property=\"og:description\" content=\"Jak mog\u0142a wygl\u0105da\u0107 Maryja? Rzeczywi\u015bcie jest to bardzo zastanawiaj\u0105ce, tak samo jak w przypadku pyta\u0144 o wygl\u0105d Jezusa, kt\u00f3ry przecie\u017c \u017cy\u0142 w\u015br\u00f3d nas oraz posiada\u0142 \u015bmiertelne cia\u0142o. Biblia nie opisuje jednak jednoznacznie jak mog\u0142a wygl\u0105da\u0107 Maryja.\" \/>\n<meta property=\"og:url\" content=\"https:\/\/chrystus.pl\/ro\/cum-arata-vacanta-lui-mary-ar-fi-trebuit-sa-arate\/\" \/>\n<meta property=\"og:site_name\" content=\"Chrystus\" \/>\n<meta property=\"article:published_time\" content=\"2020-04-29T20:05:44+00:00\" \/>\n<meta property=\"article:modified_time\" content=\"2020-05-09T20:40:11+00:00\" \/>\n<meta property=\"og:image\" content=\"https:\/\/chrystus.pl\/wp-content\/uploads\/2020\/04\/Jak-mog\u0142a-wygla\u0328dac\u0301-S\u0301wie\u0328ta-Maryja.jpg\" \/>\n\t<meta property=\"og:image:width\" content=\"640\" \/>\n\t<meta property=\"og:image:height\" content=\"392\" \/>\n\t<meta property=\"og:image:type\" content=\"image\/jpeg\" \/>\n<meta name=\"author\" content=\"Samarytanka\" \/>\n<meta name=\"twitter:card\" content=\"summary_large_image\" \/>\n<meta name=\"twitter:title\" content=\"Jak mog\u0142a wygl\u0105da\u0107 \u015awi\u0119ta Maryja?\" \/>\n<meta name=\"twitter:description\" content=\"Jak mog\u0142a wygl\u0105da\u0107 Maryja? Rzeczywi\u015bcie jest to bardzo zastanawiaj\u0105ce, tak samo jak w przypadku pyta\u0144 o wygl\u0105d Jezusa, kt\u00f3ry przecie\u017c \u017cy\u0142 w\u015br\u00f3d nas oraz posiada\u0142 \u015bmiertelne cia\u0142o. Biblia nie opisuje jednak jednoznacznie jak mog\u0142a wygl\u0105da\u0107 Maryja.\" \/>\n<meta name=\"twitter:label1\" content=\"Scris de\" \/>\n\t<meta name=\"twitter:data1\" content=\"Samarytanka\" \/>\n\t<meta name=\"twitter:label2\" content=\"Timp estimat pentru citire\" \/>\n\t<meta name=\"twitter:data2\" content=\"1 minut\" \/>\n<!-- \/ Yoast SEO plugin. -->","yoast_head_json":{"title":"Cum ar fi putut ar\u0103ta Sf\u00e2nta Maria? - Hristos","description":"Cum ar fi putut ar\u0103ta Maria? Este \u00eentr-adev\u0103r foarte derutant, la fel ca \u0219i \u00een cazul \u00eentreb\u0103rilor legate de apari\u021bia lui Iisus, care p\u00e2n\u0103 la urm\u0103 a tr\u0103it printre noi \u0219i","robots":{"index":"index","follow":"follow","max-snippet":"max-snippet:-1","max-image-preview":"max-image-preview:large","max-video-preview":"max-video-preview:-1"},"canonical":"https:\/\/chrystus.pl\/ro\/cum-arata-vacanta-lui-mary-ar-fi-trebuit-sa-arate\/","og_locale":"ro_RO","og_type":"article","og_title":"Jak mog\u0142a wygl\u0105da\u0107 \u015awi\u0119ta Maryja?","og_description":"Jak mog\u0142a wygl\u0105da\u0107 Maryja? Rzeczywi\u015bcie jest to bardzo zastanawiaj\u0105ce, tak samo jak w przypadku pyta\u0144 o wygl\u0105d Jezusa, kt\u00f3ry przecie\u017c \u017cy\u0142 w\u015br\u00f3d nas oraz posiada\u0142 \u015bmiertelne cia\u0142o. Biblia nie opisuje jednak jednoznacznie jak mog\u0142a wygl\u0105da\u0107 Maryja.","og_url":"https:\/\/chrystus.pl\/ro\/cum-arata-vacanta-lui-mary-ar-fi-trebuit-sa-arate\/","og_site_name":"Chrystus","article_published_time":"2020-04-29T20:05:44+00:00","article_modified_time":"2020-05-09T20:40:11+00:00","og_image":[{"width":640,"height":392,"url":"https:\/\/chrystus.pl\/wp-content\/uploads\/2020\/04\/Jak-mog\u0142a-wygla\u0328dac\u0301-S\u0301wie\u0328ta-Maryja.jpg","type":"image\/jpeg"}],"author":"Samarytanka","twitter_card":"summary_large_image","twitter_title":"Jak mog\u0142a wygl\u0105da\u0107 \u015awi\u0119ta Maryja?","twitter_description":"Jak mog\u0142a wygl\u0105da\u0107 Maryja? Rzeczywi\u015bcie jest to bardzo zastanawiaj\u0105ce, tak samo jak w przypadku pyta\u0144 o wygl\u0105d Jezusa, kt\u00f3ry przecie\u017c \u017cy\u0142 w\u015br\u00f3d nas oraz posiada\u0142 \u015bmiertelne cia\u0142o. Biblia nie opisuje jednak jednoznacznie jak mog\u0142a wygl\u0105da\u0107 Maryja.","twitter_misc":{"Scris de":"Samarytanka","Timp estimat pentru citire":"1 minut"},"schema":{"@context":"https:\/\/schema.org","@graph":[{"@type":"Article","@id":"https:\/\/chrystus.pl\/jak-mogla-wygladac-swieta-maryja\/#article","isPartOf":{"@id":"https:\/\/chrystus.pl\/jak-mogla-wygladac-swieta-maryja\/"},"author":{"name":"Samarytanka","@id":"https:\/\/chrystus.pl\/#\/schema\/person\/e2e742452b8b7b2bcd23ea180671d27a"},"headline":"Jak mog\u0142a wygl\u0105da\u0107 \u015awi\u0119ta Maryja?","datePublished":"2020-04-29T20:05:44+00:00","dateModified":"2020-05-09T20:40:11+00:00","mainEntityOfPage":{"@id":"https:\/\/chrystus.pl\/jak-mogla-wygladac-swieta-maryja\/"},"wordCount":270,"publisher":{"@id":"https:\/\/chrystus.pl\/#organization"},"image":{"@id":"https:\/\/chrystus.pl\/jak-mogla-wygladac-swieta-maryja\/#primaryimage"},"thumbnailUrl":"https:\/\/chrystus.pl\/wp-content\/uploads\/2020\/04\/Jak-mog\u0142a-wygla\u0328dac\u0301-S\u0301wie\u0328ta-Maryja.jpg","articleSection":["Maryja"],"inLanguage":"ro-RO"},{"@type":"WebPage","@id":"https:\/\/chrystus.pl\/jak-mogla-wygladac-swieta-maryja\/","url":"https:\/\/chrystus.pl\/jak-mogla-wygladac-swieta-maryja\/","name":"Cum ar fi putut ar\u0103ta Sf\u00e2nta Maria? - Hristos","isPartOf":{"@id":"https:\/\/chrystus.pl\/#website"},"primaryImageOfPage":{"@id":"https:\/\/chrystus.pl\/jak-mogla-wygladac-swieta-maryja\/#primaryimage"},"image":{"@id":"https:\/\/chrystus.pl\/jak-mogla-wygladac-swieta-maryja\/#primaryimage"},"thumbnailUrl":"https:\/\/chrystus.pl\/wp-content\/uploads\/2020\/04\/Jak-mog\u0142a-wygla\u0328dac\u0301-S\u0301wie\u0328ta-Maryja.jpg","datePublished":"2020-04-29T20:05:44+00:00","dateModified":"2020-05-09T20:40:11+00:00","description":"Cum ar fi putut ar\u0103ta Maria? Este \u00eentr-adev\u0103r foarte derutant, la fel ca \u0219i \u00een cazul \u00eentreb\u0103rilor legate de apari\u021bia lui Iisus, care p\u00e2n\u0103 la urm\u0103 a tr\u0103it printre noi \u0219i","breadcrumb":{"@id":"https:\/\/chrystus.pl\/jak-mogla-wygladac-swieta-maryja\/#breadcrumb"},"inLanguage":"ro-RO","potentialAction":[{"@type":"ReadAction","target":["https:\/\/chrystus.pl\/jak-mogla-wygladac-swieta-maryja\/"]}]},{"@type":"ImageObject","inLanguage":"ro-RO","@id":"https:\/\/chrystus.pl\/jak-mogla-wygladac-swieta-maryja\/#primaryimage","url":"https:\/\/chrystus.pl\/wp-content\/uploads\/2020\/04\/Jak-mog\u0142a-wygla\u0328dac\u0301-S\u0301wie\u0328ta-Maryja.jpg","contentUrl":"https:\/\/chrystus.pl\/wp-content\/uploads\/2020\/04\/Jak-mog\u0142a-wygla\u0328dac\u0301-S\u0301wie\u0328ta-Maryja.jpg","width":640,"height":392,"caption":"Jak mog\u0142a wygla\u0328dac\u0301 S\u0301wie\u0328ta Maryja"},{"@type":"BreadcrumbList","@id":"https:\/\/chrystus.pl\/jak-mogla-wygladac-swieta-maryja\/#breadcrumb","itemListElement":[{"@type":"ListItem","position":1,"name":"Strona g\u0142\u00f3wna","item":"https:\/\/chrystus.pl\/"},{"@type":"ListItem","position":2,"name":"Jak mog\u0142a wygl\u0105da\u0107 \u015awi\u0119ta Maryja?"}]},{"@type":"WebSite","@id":"https:\/\/chrystus.pl\/#website","url":"https:\/\/chrystus.pl\/","name":"Hristos","description":"Dumnezeu, Maria, Isus, \u00eemp\u0103rt\u0103\u0219ania \u0219i multe altele","publisher":{"@id":"https:\/\/chrystus.pl\/#organization"},"potentialAction":[{"@type":"SearchAction","target":{"@type":"EntryPoint","urlTemplate":"https:\/\/chrystus.pl\/?s={search_term_string}"},"query-input":{"@type":"PropertyValueSpecification","valueRequired":true,"valueName":"search_term_string"}}],"inLanguage":"ro-RO"},{"@type":"Organization","@id":"https:\/\/chrystus.pl\/#organization","name":"Christ.pl","url":"https:\/\/chrystus.pl\/","logo":{"@type":"ImageObject","inLanguage":"ro-RO","@id":"https:\/\/chrystus.pl\/#\/schema\/logo\/image\/","url":"https:\/\/chrystus.pl\/wp-content\/uploads\/2019\/03\/chrystus-bog-maryja-komunia-bierzmowanie.jpg","contentUrl":"https:\/\/chrystus.pl\/wp-content\/uploads\/2019\/03\/chrystus-bog-maryja-komunia-bierzmowanie.jpg","width":1920,"height":1280,"caption":"Chrystus.pl"},"image":{"@id":"https:\/\/chrystus.pl\/#\/schema\/logo\/image\/"}},{"@type":"Person","@id":"https:\/\/chrystus.pl\/#\/schema\/person\/e2e742452b8b7b2bcd23ea180671d27a","name":"Femeia samariteanc\u0103"}]}},"_links":{"self":[{"href":"https:\/\/chrystus.pl\/ro\/wp-json\/wp\/v2\/posts\/1607","targetHints":{"allow":["GET"]}}],"collection":[{"href":"https:\/\/chrystus.pl\/ro\/wp-json\/wp\/v2\/posts"}],"about":[{"href":"https:\/\/chrystus.pl\/ro\/wp-json\/wp\/v2\/types\/post"}],"author":[{"embeddable":true,"href":"https:\/\/chrystus.pl\/ro\/wp-json\/wp\/v2\/users\/1"}],"replies":[{"embeddable":true,"href":"https:\/\/chrystus.pl\/ro\/wp-json\/wp\/v2\/comments?post=1607"}],"version-history":[{"count":0,"href":"https:\/\/chrystus.pl\/ro\/wp-json\/wp\/v2\/posts\/1607\/revisions"}],"wp:featuredmedia":[{"embeddable":true,"href":"https:\/\/chrystus.pl\/ro\/wp-json\/wp\/v2\/media\/1608"}],"wp:attachment":[{"href":"https:\/\/chrystus.pl\/ro\/wp-json\/wp\/v2\/media?parent=1607"}],"wp:term":[{"taxonomy":"category","embeddable":true,"href":"https:\/\/chrystus.pl\/ro\/wp-json\/wp\/v2\/categories?post=1607"},{"taxonomy":"post_tag","embeddable":true,"href":"https:\/\/chrystus.pl\/ro\/wp-json\/wp\/v2\/tags?post=1607"}],"curies":[{"name":"wp","href":"https:\/\/api.w.org\/{rel}","templated":true}]}}