{"id":1931,"date":"2020-12-27T05:13:22","date_gmt":"2020-12-27T05:13:22","guid":{"rendered":"https:\/\/chrystus.pl\/?p=1931"},"modified":"2020-12-27T05:13:28","modified_gmt":"2020-12-27T05:13:28","slug":"co-sie-dzieje-z-dusza-po-smierci","status":"publish","type":"post","link":"https:\/\/chrystus.pl\/ro\/co-sie-dzieje-z-dusza-po-smierci\/","title":{"rendered":"Ce se \u00eent\u00e2mpl\u0103 cu sufletul dup\u0103 moarte?"},"content":{"rendered":"<p><strong>To pytanie pojawia si\u0119 wielokrotnie w g\u0142owach ludzi wierz\u0105cych i niewierz\u0105cych na ca\u0142ym \u015bwiecie. I jest ono jak najbardziej naturalne, porusza sprawy egzystencji oraz nurtuje wszystkich filozof\u00f3w na przestrzeni wiek\u00f3w. Ko\u015bci\u00f3\u0142 Katolicki m\u00f3wi nam jednak jasno o tym, <\/strong><strong>se \u00eent\u00e2mpl\u0103 <a href=\"https:\/\/chrystus.pl\/ro\/jak-wyglada-pismo-swiete\/\">istorie<\/a> z dusza po pogrzebie: jest ona zbawiona, pot\u0119piona lub trafia do czy\u015b\u0107ca.<\/strong><\/p>\n\n\n\n<p>Te trzy \u201eopcje\u201d maj\u0105 do\u015b\u0107 jasne podstawy, a s\u0105 nimi uczynki osoby, kt\u00f3ra umiera. Przy okazji warto wspomnie\u0107 o nieuchronno\u015bci samej \u015bmierci, kt\u00f3ra dosi\u0119ga ka\u017cdego cz\u0142owieka, a tak\u017ce nie\u015bmiertelno\u015bci duszy \u2014 b\u0119d\u0105cej metafizycznym elementem naszego cz\u0142owiecze\u0144stwa i swego rodzaju archiwum ww. uczynk\u00f3w. Co si\u0119 dzieje z dusz\u0105 po \u015bmierci? Trafia ona pod tzw. s\u0105d szczeg\u00f3\u0142owy (Hbr 9, 27), gdzie przed Bogiem raz jeszcze analizowane jest ca\u0142e \u017cycie cz\u0142owieka. W tym przede wszystkim jego decyzje wynikaj\u0105ce z wolnej woli oraz reakcje wynikaj\u0105ce z sumienia. Dlatego m.in. wa\u017cne jest zrozumienie tego, aby stara\u0107 si\u0119&nbsp;by\u0107 dobrym cz\u0142owiekiem przez ca\u0142e \u017cycie, a ponadto mie\u0107 cel (b\u0105d\u017a cele), kt\u00f3re w konsekwencji prowadz\u0105 do dobra.<\/p>\n\n\n\n<h2 class=\"wp-block-heading\">Ce se \u00eent\u00e2mpl\u0103 cu sufletul dup\u0103 \u00eenmorm\u00e2ntare? <\/h2>\n\n\n\n<p>\u00cen termeni simpli, cei care apar\u021bin oamenilor buni merg \u00een paradis. Pentru cei r\u0103i \u0219i p\u0103c\u0103to\u0219i. <a href=\"https:\/\/chrystus.pl\/ro\/jak-wyglada-pieklo-2\/\">iad<\/a>. Iar op\u021biunea intermediar\u0103 - purgatoriul - este \u00eenc\u0103 o \u0219ans\u0103 de a c\u0103l\u0103tori \u00een ambele direc\u021bii. Un subiect aparte este Judecata de Apoi, descris\u0103 perfect \u00een Evanghelia dup\u0103 Matei, unde, pe l\u00e2ng\u0103 suflet, va fi judecat \u0219i trupul. Acest lucru se va \u00eent\u00e2mpla chiar la sf\u00e2r\u0219itul istoriei umane.<\/p>","protected":false},"excerpt":{"rendered":"<p>To pytanie pojawia si\u0119 wielokrotnie w g\u0142owach ludzi wierz\u0105cych i niewierz\u0105cych na ca\u0142ym \u015bwiecie. I jest ono jak najbardziej naturalne, porusza sprawy egzystencji oraz nurtuje wszystkich filozof\u00f3w na przestrzeni wiek\u00f3w. Ko\u015bci\u00f3\u0142 Katolicki m\u00f3wi nam jednak jasno o tym, co si\u0119 dzieje z dusza po pogrzebie: jest ona zbawiona, pot\u0119piona lub trafia do czy\u015b\u0107ca. Te trzy &hellip;<\/p>","protected":false},"author":1,"featured_media":1932,"comment_status":"closed","ping_status":"closed","sticky":false,"template":"","format":"standard","meta":{"footnotes":""},"categories":[60,62],"tags":[],"class_list":["post-1931","post","type-post","status-publish","format-standard","has-post-thumbnail","hentry","category-niebo","category-pieklo"],"yoast_head":"<!-- This site is optimized with the Yoast SEO plugin v27.5 - https:\/\/yoast.com\/product\/yoast-seo-wordpress\/ -->\n<title>Co si\u0119 dzieje z dusz\u0105 po \u015bmierci? - Chrystus<\/title>\n<meta name=\"description\" content=\"Te trzy \u201eopcje\u201d maj\u0105 do\u015b\u0107 jasne podstawy, a s\u0105 nimi uczynki osoby, kt\u00f3ra umiera. Przy okazji warto wspomnie\u0107 o nieuchronno\u015bci samej \u015bmierci\" \/>\n<meta name=\"robots\" content=\"index, follow, max-snippet:-1, max-image-preview:large, max-video-preview:-1\" \/>\n<link rel=\"canonical\" href=\"https:\/\/chrystus.pl\/ro\/ce-se-va-intampla-cu-sufletul-tau-dupa-moarte\/\" \/>\n<meta property=\"og:locale\" content=\"ro_RO\" \/>\n<meta property=\"og:type\" content=\"article\" \/>\n<meta property=\"og:title\" content=\"Co si\u0119 dzieje z dusz\u0105 po \u015bmierci?\" \/>\n<meta property=\"og:description\" content=\"Te trzy \u201eopcje\u201d maj\u0105 do\u015b\u0107 jasne podstawy, a s\u0105 nimi uczynki osoby, kt\u00f3ra umiera. Przy okazji warto wspomnie\u0107 o nieuchronno\u015bci samej \u015bmierci\" \/>\n<meta property=\"og:url\" content=\"https:\/\/chrystus.pl\/ro\/ce-se-va-intampla-cu-sufletul-tau-dupa-moarte\/\" \/>\n<meta property=\"og:site_name\" content=\"Chrystus\" \/>\n<meta property=\"article:published_time\" content=\"2020-12-27T05:13:22+00:00\" \/>\n<meta property=\"article:modified_time\" content=\"2020-12-27T05:13:28+00:00\" \/>\n<meta property=\"og:image\" content=\"https:\/\/chrystus.pl\/wp-content\/uploads\/2020\/12\/Co-sie\u0328-dzieje-z-dusza\u0328-po-s\u0301mierci.jpg\" \/>\n\t<meta property=\"og:image:width\" content=\"1280\" \/>\n\t<meta property=\"og:image:height\" content=\"853\" \/>\n\t<meta property=\"og:image:type\" content=\"image\/jpeg\" \/>\n<meta name=\"author\" content=\"Samarytanka\" \/>\n<meta name=\"twitter:card\" content=\"summary_large_image\" \/>\n<meta name=\"twitter:title\" content=\"Co si\u0119 dzieje z dusz\u0105 po \u015bmierci?\" \/>\n<meta name=\"twitter:description\" content=\"Te trzy \u201eopcje\u201d maj\u0105 do\u015b\u0107 jasne podstawy, a s\u0105 nimi uczynki osoby, kt\u00f3ra umiera. Przy okazji warto wspomnie\u0107 o nieuchronno\u015bci samej \u015bmierci\" \/>\n<meta name=\"twitter:label1\" content=\"Scris de\" \/>\n\t<meta name=\"twitter:data1\" content=\"Samarytanka\" \/>\n\t<meta name=\"twitter:label2\" content=\"Timp estimat pentru citire\" \/>\n\t<meta name=\"twitter:data2\" content=\"1 minut\" \/>\n<!-- \/ Yoast SEO plugin. -->","yoast_head_json":{"title":"Ce se \u00eent\u00e2mpl\u0103 cu sufletul dup\u0103 moarte? - Hristos","description":"Aceste trei \"op\u021biuni\" au o baz\u0103 destul de clar\u0103, iar acestea sunt faptele persoanei care moare. \u00cen treac\u0103t fie spus, merit\u0103 s\u0103 men\u021bion\u0103m inevitabilitatea mor\u021bii \u00eens\u0103\u0219i","robots":{"index":"index","follow":"follow","max-snippet":"max-snippet:-1","max-image-preview":"max-image-preview:large","max-video-preview":"max-video-preview:-1"},"canonical":"https:\/\/chrystus.pl\/ro\/ce-se-va-intampla-cu-sufletul-tau-dupa-moarte\/","og_locale":"ro_RO","og_type":"article","og_title":"Co si\u0119 dzieje z dusz\u0105 po \u015bmierci?","og_description":"Te trzy \u201eopcje\u201d maj\u0105 do\u015b\u0107 jasne podstawy, a s\u0105 nimi uczynki osoby, kt\u00f3ra umiera. Przy okazji warto wspomnie\u0107 o nieuchronno\u015bci samej \u015bmierci","og_url":"https:\/\/chrystus.pl\/ro\/ce-se-va-intampla-cu-sufletul-tau-dupa-moarte\/","og_site_name":"Chrystus","article_published_time":"2020-12-27T05:13:22+00:00","article_modified_time":"2020-12-27T05:13:28+00:00","og_image":[{"width":1280,"height":853,"url":"https:\/\/chrystus.pl\/wp-content\/uploads\/2020\/12\/Co-sie\u0328-dzieje-z-dusza\u0328-po-s\u0301mierci.jpg","type":"image\/jpeg"}],"author":"Samarytanka","twitter_card":"summary_large_image","twitter_title":"Co si\u0119 dzieje z dusz\u0105 po \u015bmierci?","twitter_description":"Te trzy \u201eopcje\u201d maj\u0105 do\u015b\u0107 jasne podstawy, a s\u0105 nimi uczynki osoby, kt\u00f3ra umiera. Przy okazji warto wspomnie\u0107 o nieuchronno\u015bci samej \u015bmierci","twitter_misc":{"Scris de":"Samarytanka","Timp estimat pentru citire":"1 minut"},"schema":{"@context":"https:\/\/schema.org","@graph":[{"@type":"Article","@id":"https:\/\/chrystus.pl\/co-sie-dzieje-z-dusza-po-smierci\/#article","isPartOf":{"@id":"https:\/\/chrystus.pl\/co-sie-dzieje-z-dusza-po-smierci\/"},"author":{"name":"Samarytanka","@id":"https:\/\/chrystus.pl\/#\/schema\/person\/e2e742452b8b7b2bcd23ea180671d27a"},"headline":"Co si\u0119 dzieje z dusz\u0105 po \u015bmierci?","datePublished":"2020-12-27T05:13:22+00:00","dateModified":"2020-12-27T05:13:28+00:00","mainEntityOfPage":{"@id":"https:\/\/chrystus.pl\/co-sie-dzieje-z-dusza-po-smierci\/"},"wordCount":287,"publisher":{"@id":"https:\/\/chrystus.pl\/#organization"},"image":{"@id":"https:\/\/chrystus.pl\/co-sie-dzieje-z-dusza-po-smierci\/#primaryimage"},"thumbnailUrl":"https:\/\/chrystus.pl\/wp-content\/uploads\/2020\/12\/Co-sie\u0328-dzieje-z-dusza\u0328-po-s\u0301mierci.jpg","articleSection":["Niebo","Piek\u0142o"],"inLanguage":"ro-RO"},{"@type":"WebPage","@id":"https:\/\/chrystus.pl\/co-sie-dzieje-z-dusza-po-smierci\/","url":"https:\/\/chrystus.pl\/co-sie-dzieje-z-dusza-po-smierci\/","name":"Ce se \u00eent\u00e2mpl\u0103 cu sufletul dup\u0103 moarte? - Hristos","isPartOf":{"@id":"https:\/\/chrystus.pl\/#website"},"primaryImageOfPage":{"@id":"https:\/\/chrystus.pl\/co-sie-dzieje-z-dusza-po-smierci\/#primaryimage"},"image":{"@id":"https:\/\/chrystus.pl\/co-sie-dzieje-z-dusza-po-smierci\/#primaryimage"},"thumbnailUrl":"https:\/\/chrystus.pl\/wp-content\/uploads\/2020\/12\/Co-sie\u0328-dzieje-z-dusza\u0328-po-s\u0301mierci.jpg","datePublished":"2020-12-27T05:13:22+00:00","dateModified":"2020-12-27T05:13:28+00:00","description":"Aceste trei \"op\u021biuni\" au o baz\u0103 destul de clar\u0103, iar acestea sunt faptele persoanei care moare. \u00cen treac\u0103t fie spus, merit\u0103 s\u0103 men\u021bion\u0103m inevitabilitatea mor\u021bii \u00eens\u0103\u0219i","breadcrumb":{"@id":"https:\/\/chrystus.pl\/co-sie-dzieje-z-dusza-po-smierci\/#breadcrumb"},"inLanguage":"ro-RO","potentialAction":[{"@type":"ReadAction","target":["https:\/\/chrystus.pl\/co-sie-dzieje-z-dusza-po-smierci\/"]}]},{"@type":"ImageObject","inLanguage":"ro-RO","@id":"https:\/\/chrystus.pl\/co-sie-dzieje-z-dusza-po-smierci\/#primaryimage","url":"https:\/\/chrystus.pl\/wp-content\/uploads\/2020\/12\/Co-sie\u0328-dzieje-z-dusza\u0328-po-s\u0301mierci.jpg","contentUrl":"https:\/\/chrystus.pl\/wp-content\/uploads\/2020\/12\/Co-sie\u0328-dzieje-z-dusza\u0328-po-s\u0301mierci.jpg","width":1280,"height":853,"caption":"Co sie\u0328 dzieje z dusza\u0328 po s\u0301mierci"},{"@type":"BreadcrumbList","@id":"https:\/\/chrystus.pl\/co-sie-dzieje-z-dusza-po-smierci\/#breadcrumb","itemListElement":[{"@type":"ListItem","position":1,"name":"Strona g\u0142\u00f3wna","item":"https:\/\/chrystus.pl\/"},{"@type":"ListItem","position":2,"name":"Co si\u0119 dzieje z dusz\u0105 po \u015bmierci?"}]},{"@type":"WebSite","@id":"https:\/\/chrystus.pl\/#website","url":"https:\/\/chrystus.pl\/","name":"Hristos","description":"Dumnezeu, Maria, Isus, \u00eemp\u0103rt\u0103\u0219ania \u0219i multe altele","publisher":{"@id":"https:\/\/chrystus.pl\/#organization"},"potentialAction":[{"@type":"SearchAction","target":{"@type":"EntryPoint","urlTemplate":"https:\/\/chrystus.pl\/?s={search_term_string}"},"query-input":{"@type":"PropertyValueSpecification","valueRequired":true,"valueName":"search_term_string"}}],"inLanguage":"ro-RO"},{"@type":"Organization","@id":"https:\/\/chrystus.pl\/#organization","name":"Christ.pl","url":"https:\/\/chrystus.pl\/","logo":{"@type":"ImageObject","inLanguage":"ro-RO","@id":"https:\/\/chrystus.pl\/#\/schema\/logo\/image\/","url":"https:\/\/chrystus.pl\/wp-content\/uploads\/2019\/03\/chrystus-bog-maryja-komunia-bierzmowanie.jpg","contentUrl":"https:\/\/chrystus.pl\/wp-content\/uploads\/2019\/03\/chrystus-bog-maryja-komunia-bierzmowanie.jpg","width":1920,"height":1280,"caption":"Chrystus.pl"},"image":{"@id":"https:\/\/chrystus.pl\/#\/schema\/logo\/image\/"}},{"@type":"Person","@id":"https:\/\/chrystus.pl\/#\/schema\/person\/e2e742452b8b7b2bcd23ea180671d27a","name":"Femeia samariteanc\u0103"}]}},"_links":{"self":[{"href":"https:\/\/chrystus.pl\/ro\/wp-json\/wp\/v2\/posts\/1931","targetHints":{"allow":["GET"]}}],"collection":[{"href":"https:\/\/chrystus.pl\/ro\/wp-json\/wp\/v2\/posts"}],"about":[{"href":"https:\/\/chrystus.pl\/ro\/wp-json\/wp\/v2\/types\/post"}],"author":[{"embeddable":true,"href":"https:\/\/chrystus.pl\/ro\/wp-json\/wp\/v2\/users\/1"}],"replies":[{"embeddable":true,"href":"https:\/\/chrystus.pl\/ro\/wp-json\/wp\/v2\/comments?post=1931"}],"version-history":[{"count":0,"href":"https:\/\/chrystus.pl\/ro\/wp-json\/wp\/v2\/posts\/1931\/revisions"}],"wp:featuredmedia":[{"embeddable":true,"href":"https:\/\/chrystus.pl\/ro\/wp-json\/wp\/v2\/media\/1932"}],"wp:attachment":[{"href":"https:\/\/chrystus.pl\/ro\/wp-json\/wp\/v2\/media?parent=1931"}],"wp:term":[{"taxonomy":"category","embeddable":true,"href":"https:\/\/chrystus.pl\/ro\/wp-json\/wp\/v2\/categories?post=1931"},{"taxonomy":"post_tag","embeddable":true,"href":"https:\/\/chrystus.pl\/ro\/wp-json\/wp\/v2\/tags?post=1931"}],"curies":[{"name":"wp","href":"https:\/\/api.w.org\/{rel}","templated":true}]}}