{"id":2136,"date":"2021-09-21T05:29:42","date_gmt":"2021-09-21T05:29:42","guid":{"rendered":"https:\/\/chrystus.pl\/?p=2136"},"modified":"2021-09-21T05:29:44","modified_gmt":"2021-09-21T05:29:44","slug":"dlaczego-jan-pawel-ii-zostal-ogloszony-swietym","status":"publish","type":"post","link":"https:\/\/chrystus.pl\/ro\/dlaczego-jan-pawel-ii-zostal-ogloszony-swietym\/","title":{"rendered":"De ce a fost declarat sf\u00e2nt Ioan Paul al II-lea?"},"content":{"rendered":"<p>Karol Wojtyla a fost ales Pap\u0103, fiind primul preot din Polonia \u0219i unul dintre primii dintr-o alt\u0103 \u021bar\u0103 dec\u00e2t Italia. Prin pontificatul s\u0103u, precum \u0219i prin \u00eentreaga sa via\u021b\u0103, a c\u00e2\u0219tigat respectul a milioane de oameni din \u00eentreaga lume. Totu\u0219i, acest lucru nu este suficient pentru a deveni un sf\u00e2nt. Atunci de ce a fost declarat sf\u00e2nt Ioan Paul al II-lea? Afla\u021bi mai multe \u00een acest articol.<\/p>\n\n\n\n<p>Aby Ko\u015bci\u00f3\u0142 Katolicki wyni\u00f3s\u0142 jak\u0105\u015b osob\u0119 na o\u0142tarze, musz\u0105 zosta\u0142 spe\u0142nione liczne warunki. Jednym z nich jest proces kanonizacyjny, kt\u00f3rego zadaniem jest zbadanie i potwierdzenie, \u017ce dana osoba zas\u0142uguje na publiczny kult oraz wpisanie do katalogu \u015bwi\u0119tych. Badane jest \u017cycie zmar\u0142ej osoby, jej moralno\u015b\u0107, wp\u0142yw na innych ludzi, a przede wszystkim cuda dokonywane za jej po\u015brednictwem, kt\u00f3re s\u0105 szczeg\u00f3lnym znakiem otrzymywania \u0142aski Bo\u017cej. Cuda s\u0105 obecnie jedn\u0105 z&nbsp;najwa\u017cniejszych przes\u0142anek do tego, by dana osoba zosta\u0142a \u015bwi\u0119tym.<\/p>\n\n\n\n<p>O procedur\u0103 similar\u0103 a fost urmat\u0103 pentru canonizarea lui Ioan Paul al II-lea. Miracolul de care s-a \u021binut cont \u00een acest proces a fost vindecarea inexplicabil\u0103 a costaricancei Floribeth Mora Diaz, care suferea de un anevrism cerebral inoperabil. Acesta a fost aprobat de clerul Congrega\u021biei pentru Cauzele Sfin\u021bilor, precum \u0219i de medici.<\/p>","protected":false},"excerpt":{"rendered":"<p>Karol Wojty\u0142a zosta\u0142 wybrany na papie\u017ca jako pierwszy duchowny z Polski i jeden z pierwszych z\u00a0kraju innego ni\u017c W\u0142ochy. Poprzez sw\u00f3j pontyfikat, jak r\u00f3wnie\u017c ca\u0142e \u017cycie, zaskarbi\u0142 sobie szacunek milion\u00f3w ludzi z ca\u0142ego \u015bwiata. To jednak za ma\u0142o, by zosta\u0107 \u015bwi\u0119tym. Zatem dlaczego Jan Pawe\u0142 II zosta\u0142 og\u0142oszony \u015bwi\u0119tym? Dowiedz si\u0119 wi\u0119cej z tego artyku\u0142u. &hellip;<\/p>","protected":false},"author":1,"featured_media":0,"comment_status":"closed","ping_status":"closed","sticky":false,"template":"","format":"standard","meta":{"footnotes":""},"categories":[33],"tags":[],"class_list":["post-2136","post","type-post","status-publish","format-standard","hentry","category-kosciol"],"yoast_head":"<!-- This site is optimized with the Yoast SEO plugin v27.5 - https:\/\/yoast.com\/product\/yoast-seo-wordpress\/ -->\n<title>Dlaczego Jan Pawe\u0142 II zosta\u0142 og\u0142oszony \u015bwi\u0119tym? - Chrystus<\/title>\n<meta name=\"description\" content=\"Karol Wojty\u0142a zosta\u0142 wybrany na papie\u017ca jako pierwszy duchowny z Polski i jeden z pierwszych z\u00a0kraju innego ni\u017c W\u0142ochy. Poprzez sw\u00f3j pontyfikat, jak\" \/>\n<meta name=\"robots\" content=\"index, follow, max-snippet:-1, max-image-preview:large, max-video-preview:-1\" \/>\n<link rel=\"canonical\" href=\"https:\/\/chrystus.pl\/ro\/de-ce-jan-pawel-ii-a-fost-proclamat-sfant\/\" \/>\n<meta property=\"og:locale\" content=\"ro_RO\" \/>\n<meta property=\"og:type\" content=\"article\" \/>\n<meta property=\"og:title\" content=\"Dlaczego Jan Pawe\u0142 II zosta\u0142 og\u0142oszony \u015bwi\u0119tym? - Chrystus\" \/>\n<meta property=\"og:description\" content=\"Karol Wojty\u0142a zosta\u0142 wybrany na papie\u017ca jako pierwszy duchowny z Polski i jeden z pierwszych z\u00a0kraju innego ni\u017c W\u0142ochy. Poprzez sw\u00f3j pontyfikat, jak\" \/>\n<meta property=\"og:url\" content=\"https:\/\/chrystus.pl\/ro\/de-ce-jan-pawel-ii-a-fost-proclamat-sfant\/\" \/>\n<meta property=\"og:site_name\" content=\"Chrystus\" \/>\n<meta property=\"article:published_time\" content=\"2021-09-21T05:29:42+00:00\" \/>\n<meta property=\"article:modified_time\" content=\"2021-09-21T05:29:44+00:00\" \/>\n<meta name=\"author\" content=\"Samarytanka\" \/>\n<meta name=\"twitter:card\" content=\"summary_large_image\" \/>\n<meta name=\"twitter:label1\" content=\"Scris de\" \/>\n\t<meta name=\"twitter:data1\" content=\"Samarytanka\" \/>\n\t<meta name=\"twitter:label2\" content=\"Timp estimat pentru citire\" \/>\n\t<meta name=\"twitter:data2\" content=\"1 minut\" \/>\n<!-- \/ Yoast SEO plugin. -->","yoast_head_json":{"title":"De ce a fost declarat sf\u00e2nt Ioan Paul al II-lea? - Hristos","description":"Karol Wojtyla a fost ales Pap\u0103, fiind primul preot din Polonia \u0219i unul dintre primii dintr-o alt\u0103 \u021bar\u0103 dec\u00e2t Italia. Prin pontificatul s\u0103u, ca","robots":{"index":"index","follow":"follow","max-snippet":"max-snippet:-1","max-image-preview":"max-image-preview:large","max-video-preview":"max-video-preview:-1"},"canonical":"https:\/\/chrystus.pl\/ro\/de-ce-jan-pawel-ii-a-fost-proclamat-sfant\/","og_locale":"ro_RO","og_type":"article","og_title":"Dlaczego Jan Pawe\u0142 II zosta\u0142 og\u0142oszony \u015bwi\u0119tym? - Chrystus","og_description":"Karol Wojty\u0142a zosta\u0142 wybrany na papie\u017ca jako pierwszy duchowny z Polski i jeden z pierwszych z\u00a0kraju innego ni\u017c W\u0142ochy. Poprzez sw\u00f3j pontyfikat, jak","og_url":"https:\/\/chrystus.pl\/ro\/de-ce-jan-pawel-ii-a-fost-proclamat-sfant\/","og_site_name":"Chrystus","article_published_time":"2021-09-21T05:29:42+00:00","article_modified_time":"2021-09-21T05:29:44+00:00","author":"Samarytanka","twitter_card":"summary_large_image","twitter_misc":{"Scris de":"Samarytanka","Timp estimat pentru citire":"1 minut"},"schema":{"@context":"https:\/\/schema.org","@graph":[{"@type":"Article","@id":"https:\/\/chrystus.pl\/dlaczego-jan-pawel-ii-zostal-ogloszony-swietym\/#article","isPartOf":{"@id":"https:\/\/chrystus.pl\/dlaczego-jan-pawel-ii-zostal-ogloszony-swietym\/"},"author":{"name":"Samarytanka","@id":"https:\/\/chrystus.pl\/#\/schema\/person\/e2e742452b8b7b2bcd23ea180671d27a"},"headline":"Dlaczego Jan Pawe\u0142 II zosta\u0142 og\u0142oszony \u015bwi\u0119tym?","datePublished":"2021-09-21T05:29:42+00:00","dateModified":"2021-09-21T05:29:44+00:00","mainEntityOfPage":{"@id":"https:\/\/chrystus.pl\/dlaczego-jan-pawel-ii-zostal-ogloszony-swietym\/"},"wordCount":224,"publisher":{"@id":"https:\/\/chrystus.pl\/#organization"},"articleSection":["Ko\u015bci\u00f3\u0142"],"inLanguage":"ro-RO"},{"@type":"WebPage","@id":"https:\/\/chrystus.pl\/dlaczego-jan-pawel-ii-zostal-ogloszony-swietym\/","url":"https:\/\/chrystus.pl\/dlaczego-jan-pawel-ii-zostal-ogloszony-swietym\/","name":"De ce a fost declarat sf\u00e2nt Ioan Paul al II-lea? - Hristos","isPartOf":{"@id":"https:\/\/chrystus.pl\/#website"},"datePublished":"2021-09-21T05:29:42+00:00","dateModified":"2021-09-21T05:29:44+00:00","description":"Karol Wojtyla a fost ales Pap\u0103, fiind primul preot din Polonia \u0219i unul dintre primii dintr-o alt\u0103 \u021bar\u0103 dec\u00e2t Italia. Prin pontificatul s\u0103u, ca","breadcrumb":{"@id":"https:\/\/chrystus.pl\/dlaczego-jan-pawel-ii-zostal-ogloszony-swietym\/#breadcrumb"},"inLanguage":"ro-RO","potentialAction":[{"@type":"ReadAction","target":["https:\/\/chrystus.pl\/dlaczego-jan-pawel-ii-zostal-ogloszony-swietym\/"]}]},{"@type":"BreadcrumbList","@id":"https:\/\/chrystus.pl\/dlaczego-jan-pawel-ii-zostal-ogloszony-swietym\/#breadcrumb","itemListElement":[{"@type":"ListItem","position":1,"name":"Strona g\u0142\u00f3wna","item":"https:\/\/chrystus.pl\/"},{"@type":"ListItem","position":2,"name":"Dlaczego Jan Pawe\u0142 II zosta\u0142 og\u0142oszony \u015bwi\u0119tym?"}]},{"@type":"WebSite","@id":"https:\/\/chrystus.pl\/#website","url":"https:\/\/chrystus.pl\/","name":"Hristos","description":"Dumnezeu, Maria, Isus, \u00eemp\u0103rt\u0103\u0219ania \u0219i multe altele","publisher":{"@id":"https:\/\/chrystus.pl\/#organization"},"potentialAction":[{"@type":"SearchAction","target":{"@type":"EntryPoint","urlTemplate":"https:\/\/chrystus.pl\/?s={search_term_string}"},"query-input":{"@type":"PropertyValueSpecification","valueRequired":true,"valueName":"search_term_string"}}],"inLanguage":"ro-RO"},{"@type":"Organization","@id":"https:\/\/chrystus.pl\/#organization","name":"Christ.pl","url":"https:\/\/chrystus.pl\/","logo":{"@type":"ImageObject","inLanguage":"ro-RO","@id":"https:\/\/chrystus.pl\/#\/schema\/logo\/image\/","url":"https:\/\/chrystus.pl\/wp-content\/uploads\/2019\/03\/chrystus-bog-maryja-komunia-bierzmowanie.jpg","contentUrl":"https:\/\/chrystus.pl\/wp-content\/uploads\/2019\/03\/chrystus-bog-maryja-komunia-bierzmowanie.jpg","width":1920,"height":1280,"caption":"Chrystus.pl"},"image":{"@id":"https:\/\/chrystus.pl\/#\/schema\/logo\/image\/"}},{"@type":"Person","@id":"https:\/\/chrystus.pl\/#\/schema\/person\/e2e742452b8b7b2bcd23ea180671d27a","name":"Femeia samariteanc\u0103"}]}},"_links":{"self":[{"href":"https:\/\/chrystus.pl\/ro\/wp-json\/wp\/v2\/posts\/2136","targetHints":{"allow":["GET"]}}],"collection":[{"href":"https:\/\/chrystus.pl\/ro\/wp-json\/wp\/v2\/posts"}],"about":[{"href":"https:\/\/chrystus.pl\/ro\/wp-json\/wp\/v2\/types\/post"}],"author":[{"embeddable":true,"href":"https:\/\/chrystus.pl\/ro\/wp-json\/wp\/v2\/users\/1"}],"replies":[{"embeddable":true,"href":"https:\/\/chrystus.pl\/ro\/wp-json\/wp\/v2\/comments?post=2136"}],"version-history":[{"count":0,"href":"https:\/\/chrystus.pl\/ro\/wp-json\/wp\/v2\/posts\/2136\/revisions"}],"wp:attachment":[{"href":"https:\/\/chrystus.pl\/ro\/wp-json\/wp\/v2\/media?parent=2136"}],"wp:term":[{"taxonomy":"category","embeddable":true,"href":"https:\/\/chrystus.pl\/ro\/wp-json\/wp\/v2\/categories?post=2136"},{"taxonomy":"post_tag","embeddable":true,"href":"https:\/\/chrystus.pl\/ro\/wp-json\/wp\/v2\/tags?post=2136"}],"curies":[{"name":"wp","href":"https:\/\/api.w.org\/{rel}","templated":true}]}}