{"id":2388,"date":"2023-02-12T21:24:55","date_gmt":"2023-02-12T21:24:55","guid":{"rendered":"https:\/\/chrystus.pl\/?p=2388"},"modified":"2023-02-12T21:24:59","modified_gmt":"2023-02-12T21:24:59","slug":"ktora-msza-zwalnia-z-obowiazku-uczestnictwa-w-niedzielnej-mszy","status":"publish","type":"post","link":"https:\/\/chrystus.pl\/ro\/ktora-msza-zwalnia-z-obowiazku-uczestnictwa-w-niedzielnej-mszy\/","title":{"rendered":"Ce Liturghie v\u0103 scute\u0219te de participarea la Liturghia de duminic\u0103?"},"content":{"rendered":"<p>Conform Codului de Drept Canonic: <em>\"Porunca de a participa la Sf\u00e2nta Liturghie este \u00eendeplinit\u0103 de cel care ia parte la ea... fie \u00een ziua s\u0103rb\u0103torii \u00eens\u0103\u0219i, fie \u00een seara zilei precedente\" (CDC, canonul 1248).\"<\/em> Prin urmare, exist\u0103 posibilitatea ca Liturghia de s\u00e2mb\u0103t\u0103 s\u0103 fie recunoscut\u0103 ca o obliga\u021bie a Liturghiei de duminic\u0103. \u00cen afar\u0103 de ora de sear\u0103 la care trebuie celebrat\u0103 slujba, cea mai important\u0103 condi\u021bie este ca aceasta s\u0103 fie din formularul duminical.<\/p>\n\n\n\n<h2 class=\"wp-block-heading\"><a><\/a>O slujb\u0103 de nunt\u0103 se consider\u0103 o slujb\u0103 de duminic\u0103?<\/h2>\n\n\n\n<p>Liturghia ritual\u0103, cum ar fi nun\u021bile, este cel mai adesea celebrat\u0103 din formularul pentru tinerii c\u0103s\u0103tori\u021bi. \u00cen plus, acestea sunt cel mai adesea celebrate la pr\u00e2nz. Din aceste motive, mirele \u0219i mireasa, precum \u0219i to\u021bi invita\u021bii la nunt\u0103 sunt obliga\u021bi s\u0103 participe la slujba de duminic\u0103 a doua zi. Ceremonia de nunt\u0103 nu \u00eei scute\u0219te de aceast\u0103 obliga\u021bie. \u00cen acest caz, nu se poate dec\u00e2t s\u0103 se cear\u0103 preotului s\u0103 celebreze Euharistia din formularul duminical \u0219i s\u0103 se verifice dac\u0103 acest lucru este suficient pentru a fi scuti\u021bi de obliga\u021bia catolic\u0103.<\/p>","protected":false},"excerpt":{"rendered":"<p>\u00cen conformitate cu Codul de drept canonic: \"\u00cendemnul de a participa la Sf\u00e2nta Liturghie este \u00eendeplinit de cel care ia parte la ea ... fie \u00een ziua s\u0103rb\u0103torii \u00eense\u0219i, fie \u00een seara zilei precedente\" (Codul de Drept Canonic, can., 1248)\". Exist\u0103 astfel posibilitatea ca Liturghia de s\u00e2mb\u0103t\u0103 s\u0103 fie recunoscut\u0103 ca o obliga\u021bie a Liturghiei de duminic\u0103. \u00cen afar\u0103 de ora de sear\u0103 a Liturghiei care urmeaz\u0103 s\u0103 fie celebrat\u0103, cea mai important\u0103 condi\u021bie este ca aceasta s\u0103 fie de forma ...<\/p>","protected":false},"author":1,"featured_media":0,"comment_status":"closed","ping_status":"closed","sticky":false,"template":"","format":"standard","meta":{"footnotes":""},"categories":[1],"tags":[],"class_list":["post-2388","post","type-post","status-publish","format-standard","hentry","category-uncategorized"],"yoast_head":"<!-- This site is optimized with the Yoast SEO plugin v27.5 - https:\/\/yoast.com\/product\/yoast-seo-wordpress\/ -->\n<title>Kt\u00f3ra msza zwalnia z obowi\u0105zku uczestnictwa w niedzielnej mszy? - Chrystus<\/title>\n<meta name=\"description\" content=\"Wed\u0142ug Kodeksu Prawa Kanonicznego: \u201cNakazowi uczestniczenia we Mszy \u015awi\u0119tej czyni zado\u015b\u0107 ten, kto bierze w niej udzia\u0142 (...) b\u0105d\u017a w sam dzie\u0144 \u015bwi\u0105teczny,\" \/>\n<meta name=\"robots\" content=\"index, follow, max-snippet:-1, max-image-preview:large, max-video-preview:-1\" \/>\n<link rel=\"canonical\" href=\"https:\/\/chrystus.pl\/ro\/care-masa-cu-retragere-de-la-obligatia-de-participare-la-mesia-de-duminica\/\" \/>\n<meta property=\"og:locale\" content=\"ro_RO\" \/>\n<meta property=\"og:type\" content=\"article\" \/>\n<meta property=\"og:title\" content=\"Kt\u00f3ra msza zwalnia z obowi\u0105zku uczestnictwa w niedzielnej mszy? - Chrystus\" \/>\n<meta property=\"og:description\" content=\"Wed\u0142ug Kodeksu Prawa Kanonicznego: \u201cNakazowi uczestniczenia we Mszy \u015awi\u0119tej czyni zado\u015b\u0107 ten, kto bierze w niej udzia\u0142 (...) b\u0105d\u017a w sam dzie\u0144 \u015bwi\u0105teczny,\" \/>\n<meta property=\"og:url\" content=\"https:\/\/chrystus.pl\/ro\/care-masa-cu-retragere-de-la-obligatia-de-participare-la-mesia-de-duminica\/\" \/>\n<meta property=\"og:site_name\" content=\"Chrystus\" \/>\n<meta property=\"article:published_time\" content=\"2023-02-12T21:24:55+00:00\" \/>\n<meta property=\"article:modified_time\" content=\"2023-02-12T21:24:59+00:00\" \/>\n<meta name=\"author\" content=\"Samarytanka\" \/>\n<meta name=\"twitter:card\" content=\"summary_large_image\" \/>\n<meta name=\"twitter:label1\" content=\"Scris de\" \/>\n\t<meta name=\"twitter:data1\" content=\"Samarytanka\" \/>\n\t<meta name=\"twitter:label2\" content=\"Timp estimat pentru citire\" \/>\n\t<meta name=\"twitter:data2\" content=\"1 minut\" \/>\n<!-- \/ Yoast SEO plugin. -->","yoast_head_json":{"title":"Ce Liturghie v\u0103 scute\u0219te de participarea la Liturghia de duminic\u0103? - Hristos","description":"Conform Codului de Drept Canonic: \"Obliga\u021bia de a participa la Sf\u00e2nta Liturghie este \u00eendeplinit\u0103 de cel care ia parte la ea (...) sau chiar \u00een ziua s\u0103rb\u0103torii,","robots":{"index":"index","follow":"follow","max-snippet":"max-snippet:-1","max-image-preview":"max-image-preview:large","max-video-preview":"max-video-preview:-1"},"canonical":"https:\/\/chrystus.pl\/ro\/care-masa-cu-retragere-de-la-obligatia-de-participare-la-mesia-de-duminica\/","og_locale":"ro_RO","og_type":"article","og_title":"Kt\u00f3ra msza zwalnia z obowi\u0105zku uczestnictwa w niedzielnej mszy? - Chrystus","og_description":"Wed\u0142ug Kodeksu Prawa Kanonicznego: \u201cNakazowi uczestniczenia we Mszy \u015awi\u0119tej czyni zado\u015b\u0107 ten, kto bierze w niej udzia\u0142 (...) b\u0105d\u017a w sam dzie\u0144 \u015bwi\u0105teczny,","og_url":"https:\/\/chrystus.pl\/ro\/care-masa-cu-retragere-de-la-obligatia-de-participare-la-mesia-de-duminica\/","og_site_name":"Chrystus","article_published_time":"2023-02-12T21:24:55+00:00","article_modified_time":"2023-02-12T21:24:59+00:00","author":"Samarytanka","twitter_card":"summary_large_image","twitter_misc":{"Scris de":"Samarytanka","Timp estimat pentru citire":"1 minut"},"schema":{"@context":"https:\/\/schema.org","@graph":[{"@type":"Article","@id":"https:\/\/chrystus.pl\/ktora-msza-zwalnia-z-obowiazku-uczestnictwa-w-niedzielnej-mszy\/#article","isPartOf":{"@id":"https:\/\/chrystus.pl\/ktora-msza-zwalnia-z-obowiazku-uczestnictwa-w-niedzielnej-mszy\/"},"author":{"name":"Samarytanka","@id":"https:\/\/chrystus.pl\/#\/schema\/person\/e2e742452b8b7b2bcd23ea180671d27a"},"headline":"Kt\u00f3ra msza zwalnia z obowi\u0105zku uczestnictwa w niedzielnej mszy?","datePublished":"2023-02-12T21:24:55+00:00","dateModified":"2023-02-12T21:24:59+00:00","mainEntityOfPage":{"@id":"https:\/\/chrystus.pl\/ktora-msza-zwalnia-z-obowiazku-uczestnictwa-w-niedzielnej-mszy\/"},"wordCount":176,"publisher":{"@id":"https:\/\/chrystus.pl\/#organization"},"articleSection":["Uncategorized"],"inLanguage":"ro-RO"},{"@type":"WebPage","@id":"https:\/\/chrystus.pl\/ktora-msza-zwalnia-z-obowiazku-uczestnictwa-w-niedzielnej-mszy\/","url":"https:\/\/chrystus.pl\/ktora-msza-zwalnia-z-obowiazku-uczestnictwa-w-niedzielnej-mszy\/","name":"Ce Liturghie v\u0103 scute\u0219te de participarea la Liturghia de duminic\u0103? - Hristos","isPartOf":{"@id":"https:\/\/chrystus.pl\/#website"},"datePublished":"2023-02-12T21:24:55+00:00","dateModified":"2023-02-12T21:24:59+00:00","description":"Conform Codului de Drept Canonic: \"Obliga\u021bia de a participa la Sf\u00e2nta Liturghie este \u00eendeplinit\u0103 de cel care ia parte la ea (...) sau chiar \u00een ziua s\u0103rb\u0103torii,","breadcrumb":{"@id":"https:\/\/chrystus.pl\/ktora-msza-zwalnia-z-obowiazku-uczestnictwa-w-niedzielnej-mszy\/#breadcrumb"},"inLanguage":"ro-RO","potentialAction":[{"@type":"ReadAction","target":["https:\/\/chrystus.pl\/ktora-msza-zwalnia-z-obowiazku-uczestnictwa-w-niedzielnej-mszy\/"]}]},{"@type":"BreadcrumbList","@id":"https:\/\/chrystus.pl\/ktora-msza-zwalnia-z-obowiazku-uczestnictwa-w-niedzielnej-mszy\/#breadcrumb","itemListElement":[{"@type":"ListItem","position":1,"name":"Strona g\u0142\u00f3wna","item":"https:\/\/chrystus.pl\/"},{"@type":"ListItem","position":2,"name":"Kt\u00f3ra msza zwalnia z obowi\u0105zku uczestnictwa w niedzielnej mszy?"}]},{"@type":"WebSite","@id":"https:\/\/chrystus.pl\/#website","url":"https:\/\/chrystus.pl\/","name":"Hristos","description":"Dumnezeu, Maria, Isus, \u00eemp\u0103rt\u0103\u0219ania \u0219i multe altele","publisher":{"@id":"https:\/\/chrystus.pl\/#organization"},"potentialAction":[{"@type":"SearchAction","target":{"@type":"EntryPoint","urlTemplate":"https:\/\/chrystus.pl\/?s={search_term_string}"},"query-input":{"@type":"PropertyValueSpecification","valueRequired":true,"valueName":"search_term_string"}}],"inLanguage":"ro-RO"},{"@type":"Organization","@id":"https:\/\/chrystus.pl\/#organization","name":"Christ.pl","url":"https:\/\/chrystus.pl\/","logo":{"@type":"ImageObject","inLanguage":"ro-RO","@id":"https:\/\/chrystus.pl\/#\/schema\/logo\/image\/","url":"https:\/\/chrystus.pl\/wp-content\/uploads\/2019\/03\/chrystus-bog-maryja-komunia-bierzmowanie.jpg","contentUrl":"https:\/\/chrystus.pl\/wp-content\/uploads\/2019\/03\/chrystus-bog-maryja-komunia-bierzmowanie.jpg","width":1920,"height":1280,"caption":"Chrystus.pl"},"image":{"@id":"https:\/\/chrystus.pl\/#\/schema\/logo\/image\/"}},{"@type":"Person","@id":"https:\/\/chrystus.pl\/#\/schema\/person\/e2e742452b8b7b2bcd23ea180671d27a","name":"Femeia samariteanc\u0103"}]}},"_links":{"self":[{"href":"https:\/\/chrystus.pl\/ro\/wp-json\/wp\/v2\/posts\/2388","targetHints":{"allow":["GET"]}}],"collection":[{"href":"https:\/\/chrystus.pl\/ro\/wp-json\/wp\/v2\/posts"}],"about":[{"href":"https:\/\/chrystus.pl\/ro\/wp-json\/wp\/v2\/types\/post"}],"author":[{"embeddable":true,"href":"https:\/\/chrystus.pl\/ro\/wp-json\/wp\/v2\/users\/1"}],"replies":[{"embeddable":true,"href":"https:\/\/chrystus.pl\/ro\/wp-json\/wp\/v2\/comments?post=2388"}],"version-history":[{"count":0,"href":"https:\/\/chrystus.pl\/ro\/wp-json\/wp\/v2\/posts\/2388\/revisions"}],"wp:attachment":[{"href":"https:\/\/chrystus.pl\/ro\/wp-json\/wp\/v2\/media?parent=2388"}],"wp:term":[{"taxonomy":"category","embeddable":true,"href":"https:\/\/chrystus.pl\/ro\/wp-json\/wp\/v2\/categories?post=2388"},{"taxonomy":"post_tag","embeddable":true,"href":"https:\/\/chrystus.pl\/ro\/wp-json\/wp\/v2\/tags?post=2388"}],"curies":[{"name":"wp","href":"https:\/\/api.w.org\/{rel}","templated":true}]}}