{"id":650,"date":"2019-06-01T13:33:53","date_gmt":"2019-06-01T13:33:53","guid":{"rendered":"https:\/\/chrystus.pl\/?p=650"},"modified":"2020-01-13T07:58:25","modified_gmt":"2020-01-13T07:58:25","slug":"czy-jezus-mial-zone","status":"publish","type":"post","link":"https:\/\/chrystus.pl\/ro\/czy-jezus-mial-zone\/","title":{"rendered":"A avut Isus o so\u021bie?"},"content":{"rendered":"<p>Din c\u00e2nd \u00een c\u00e2nd, \u00eentreaga lume cre\u0219tin\u0103 este zguduit\u0103 de astfel de senza\u021bii. Unele dintre faptele vie\u021bii lui Isus sunt foarte greu de stabilit cu adev\u0103rat, deoarece mesajul principal despre via\u021ba sa este <span id=\"urn:enhancement-736aaf04\" class=\"textannotation disambiguated wl-other\" itemid=\"http:\/\/data.wordlift.io\/wl01378\/entity\/biblia\"><a href=\"https:\/\/chrystus.pl\/ro\/jak-wyglada-pismo-swiete\/\">Biblia<\/a><\/span>care descrie partea spiritual\u0103 a lui \u0219i omite o perioad\u0103 destul de ampl\u0103 din via\u021ba lui Hristos. Cu ceva timp \u00een urm\u0103, oamenii de \u0219tiin\u021b\u0103 au confirmat autenticitatea unei buc\u0103\u021bi de h\u00e2rtie pe care era scris c\u0103 Iisus a avut o so\u021bie.<\/p>\n<p>Papirusul \u00een cauz\u0103 dateaz\u0103 din secolul al IV-lea d.Hr. Cu toate acestea, potrivit <span id=\"urn:enhancement-90a447c4\" class=\"textannotation disambiguated wl-other\" itemid=\"http:\/\/data.wordlift.io\/wl01378\/entity\/kosciol_teologia_2\">Biserica<\/span> \u0219i pozi\u021bia oficial\u0103 a Vaticanului, nu poate fi o dovad\u0103, deoarece nu are nicio leg\u0103tur\u0103 direct\u0103 cu Iisus istoric. Singurul lucru care poate fi luat \u00een considerare \u00een acest caz este credin\u021ba primilor credincio\u0219i, care nu erau \u00een via\u021b\u0103 \u00een timpul lui Isus. Originea papirusului este desp\u0103r\u021bit\u0103 de \u00eens\u0103\u0219i via\u021ba lui Hristos cu patru secole. Potrivit tradi\u021biei cre\u0219tine, Iisus nu a fost c\u0103s\u0103torit. Toate <span id=\"urn:enhancement-59d70a80\" class=\"textannotation disambiguated wl-other\" itemid=\"http:\/\/data.wordlift.io\/wl01378\/entity\/kosciol_organizacja\">Biserici<\/span> ei o transmit astfel.<\/p>\n<p>Cu toate acestea, exist\u0103 o mare ambiguitate \u00een ceea ce prive\u0219te descoperirea \u00een sine. De fapt, nu este \u00een \u00eentregime clar de unde provine papirusul. Nu se \u0219tie cine l-a pus \u00een m\u00e2inile cercet\u0103torilor, iar autorul \u00eensu\u0219i este, de asemenea, necunoscut. De\u0219i papirusul \u00een sine este autentic \u0219i putem data cu un grad ridicat de precizie perioada din care provine, nu putem exclude posibilitatea unei farse care s\u0103 implice scrierea a ceva nou pe el.<\/p>\n<p><span id=\"urn:enhancement-806ff7c6\" class=\"textannotation disambiguated wl-other\" itemid=\"http:\/\/data.wordlift.io\/wl01378\/entity\/biblia\">Biblia<\/span> nu spune nimic despre so\u021bia lui Isus. Nu exist\u0103 nici o persoan\u0103 suficient de apropiat\u0103 pentru a afirma acest tip de intimitate. \u00cen timpul mor\u021bii <span id=\"urn:enhancement-d5a9c65d\" class=\"textannotation disambiguated wl-other\" itemid=\"http:\/\/data.wordlift.io\/wl01857\/entity\/kyrios\">Dl.<\/span> pe Cruce, Maica Domnului este cea mai aproape de El, iar <span id=\"urn:enhancement-ddc10dd9\" class=\"textannotation disambiguated wl-other\" itemid=\"http:\/\/data.wordlift.io\/wl01378\/entity\/apostol\">studen\u021bi<\/span>.<\/p>","protected":false},"excerpt":{"rendered":"<p>Din c\u00e2nd \u00een c\u00e2nd, \u00eentreaga lume cre\u0219tin\u0103 este zguduit\u0103 de astfel de senza\u021bii. Unele fapte despre via\u021ba lui Isus sunt \u00eentr-adev\u0103r foarte greu de stabilit, deoarece principala relatare a vie\u021bii sale este Biblia, care descrie partea spiritual\u0103 a vie\u021bii sale \u0219i omite o perioad\u0103 destul de vast\u0103 din via\u021ba lui Hristos. Cu ceva timp \u00een urm\u0103, oamenii de \u0219tiin\u021b\u0103 au confirmat autenticitatea unei buc\u0103\u021bi de h\u00e2rtie pe care era scris c\u0103 ...<\/p>","protected":false},"author":1,"featured_media":651,"comment_status":"open","ping_status":"closed","sticky":false,"template":"","format":"standard","meta":{"footnotes":""},"categories":[52],"tags":[],"class_list":["post-650","post","type-post","status-publish","format-standard","has-post-thumbnail","hentry","category-jezus"],"yoast_head":"<!-- This site is optimized with the Yoast SEO plugin v27.5 - https:\/\/yoast.com\/product\/yoast-seo-wordpress\/ -->\n<title>Czy Jezus mia\u0142 \u017con\u0119? - Chrystus<\/title>\n<meta name=\"description\" content=\"Raz na jaki\u015b czas, ca\u0142ym \u015bwiatem chrze\u015bcija\u0144skim wstrz\u0105saj\u0105 tego typu sensacje. Niekt\u00f3re fakty z \u017cycia Jezusa na prawd\u0119 bardzo ci\u0119\u017cko ustali\u0107, poniewa\u017c\" \/>\n<meta name=\"robots\" content=\"index, follow, max-snippet:-1, max-image-preview:large, max-video-preview:-1\" \/>\n<link rel=\"canonical\" href=\"https:\/\/chrystus.pl\/ro\/did-jezus-have-a-zone-2\/\" \/>\n<meta property=\"og:locale\" content=\"ro_RO\" \/>\n<meta property=\"og:type\" content=\"article\" \/>\n<meta property=\"og:title\" content=\"Czy Jezus mia\u0142 \u017con\u0119? - Chrystus\" \/>\n<meta property=\"og:description\" content=\"Raz na jaki\u015b czas, ca\u0142ym \u015bwiatem chrze\u015bcija\u0144skim wstrz\u0105saj\u0105 tego typu sensacje. Niekt\u00f3re fakty z \u017cycia Jezusa na prawd\u0119 bardzo ci\u0119\u017cko ustali\u0107, poniewa\u017c\" \/>\n<meta property=\"og:url\" content=\"https:\/\/chrystus.pl\/ro\/did-jezus-have-a-zone-2\/\" \/>\n<meta property=\"og:site_name\" content=\"Chrystus\" \/>\n<meta property=\"article:published_time\" content=\"2019-06-01T13:33:53+00:00\" \/>\n<meta property=\"article:modified_time\" content=\"2020-01-13T07:58:25+00:00\" \/>\n<meta property=\"og:image\" content=\"https:\/\/chrystus.pl\/wp-content\/uploads\/2019\/06\/Czy-Jezus-mia\u0142-z\u0307one\u0328.jpg\" \/>\n\t<meta property=\"og:image:width\" content=\"640\" \/>\n\t<meta property=\"og:image:height\" content=\"424\" \/>\n\t<meta property=\"og:image:type\" content=\"image\/jpeg\" \/>\n<meta name=\"author\" content=\"Samarytanka\" \/>\n<meta name=\"twitter:card\" content=\"summary_large_image\" \/>\n<meta name=\"twitter:label1\" content=\"Scris de\" \/>\n\t<meta name=\"twitter:data1\" content=\"Samarytanka\" \/>\n\t<meta name=\"twitter:label2\" content=\"Timp estimat pentru citire\" \/>\n\t<meta name=\"twitter:data2\" content=\"1 minut\" \/>\n<!-- \/ Yoast SEO plugin. -->","yoast_head_json":{"title":"A avut Isus o so\u021bie? - Hristos","description":"Din c\u00e2nd \u00een c\u00e2nd, \u00eentreaga lume cre\u0219tin\u0103 este zguduit\u0103 de astfel de senza\u021bii. Unele fapte din via\u021ba lui Isus sunt foarte greu de stabilit, deoarece","robots":{"index":"index","follow":"follow","max-snippet":"max-snippet:-1","max-image-preview":"max-image-preview:large","max-video-preview":"max-video-preview:-1"},"canonical":"https:\/\/chrystus.pl\/ro\/did-jezus-have-a-zone-2\/","og_locale":"ro_RO","og_type":"article","og_title":"Czy Jezus mia\u0142 \u017con\u0119? - Chrystus","og_description":"Raz na jaki\u015b czas, ca\u0142ym \u015bwiatem chrze\u015bcija\u0144skim wstrz\u0105saj\u0105 tego typu sensacje. Niekt\u00f3re fakty z \u017cycia Jezusa na prawd\u0119 bardzo ci\u0119\u017cko ustali\u0107, poniewa\u017c","og_url":"https:\/\/chrystus.pl\/ro\/did-jezus-have-a-zone-2\/","og_site_name":"Chrystus","article_published_time":"2019-06-01T13:33:53+00:00","article_modified_time":"2020-01-13T07:58:25+00:00","og_image":[{"width":640,"height":424,"url":"https:\/\/chrystus.pl\/wp-content\/uploads\/2019\/06\/Czy-Jezus-mia\u0142-z\u0307one\u0328.jpg","type":"image\/jpeg"}],"author":"Samarytanka","twitter_card":"summary_large_image","twitter_misc":{"Scris de":"Samarytanka","Timp estimat pentru citire":"1 minut"},"schema":{"@context":"https:\/\/schema.org","@graph":[{"@type":"Article","@id":"https:\/\/chrystus.pl\/jp\/%e3%83%87%e3%82%a3%e3%82%b8%e3%82%a7%e3%82%b9%e3%83%81%e3%83%a3%e3%83%bc%e3%82%be%e3%83%bc%e3%83%b3\/#article","isPartOf":{"@id":"https:\/\/chrystus.pl\/jp\/%e3%83%87%e3%82%a3%e3%82%b8%e3%82%a7%e3%82%b9%e3%83%81%e3%83%a3%e3%83%bc%e3%82%be%e3%83%bc%e3%83%b3\/"},"author":{"name":"Samarytanka","@id":"https:\/\/chrystus.pl\/#\/schema\/person\/e2e742452b8b7b2bcd23ea180671d27a"},"headline":"Czy Jezus mia\u0142 \u017con\u0119?","datePublished":"2019-06-01T13:33:53+00:00","dateModified":"2020-01-13T07:58:25+00:00","mainEntityOfPage":{"@id":"https:\/\/chrystus.pl\/jp\/%e3%83%87%e3%82%a3%e3%82%b8%e3%82%a7%e3%82%b9%e3%83%81%e3%83%a3%e3%83%bc%e3%82%be%e3%83%bc%e3%83%b3\/"},"wordCount":283,"commentCount":0,"publisher":{"@id":"https:\/\/chrystus.pl\/#organization"},"image":{"@id":"https:\/\/chrystus.pl\/jp\/%e3%83%87%e3%82%a3%e3%82%b8%e3%82%a7%e3%82%b9%e3%83%81%e3%83%a3%e3%83%bc%e3%82%be%e3%83%bc%e3%83%b3\/#primaryimage"},"thumbnailUrl":"https:\/\/chrystus.pl\/wp-content\/uploads\/2019\/06\/Czy-Jezus-mia\u0142-z\u0307one\u0328.jpg","articleSection":["Jezus"],"inLanguage":"ro-RO","potentialAction":[{"@type":"CommentAction","name":"Comment","target":["https:\/\/chrystus.pl\/jp\/%e3%83%87%e3%82%a3%e3%82%b8%e3%82%a7%e3%82%b9%e3%83%81%e3%83%a3%e3%83%bc%e3%82%be%e3%83%bc%e3%83%b3\/#respond"]}]},{"@type":"WebPage","@id":"https:\/\/chrystus.pl\/jp\/%e3%83%87%e3%82%a3%e3%82%b8%e3%82%a7%e3%82%b9%e3%83%81%e3%83%a3%e3%83%bc%e3%82%be%e3%83%bc%e3%83%b3\/","url":"https:\/\/chrystus.pl\/jp\/%e3%83%87%e3%82%a3%e3%82%b8%e3%82%a7%e3%82%b9%e3%83%81%e3%83%a3%e3%83%bc%e3%82%be%e3%83%bc%e3%83%b3\/","name":"A avut Isus o so\u021bie? - Hristos","isPartOf":{"@id":"https:\/\/chrystus.pl\/#website"},"primaryImageOfPage":{"@id":"https:\/\/chrystus.pl\/jp\/%e3%83%87%e3%82%a3%e3%82%b8%e3%82%a7%e3%82%b9%e3%83%81%e3%83%a3%e3%83%bc%e3%82%be%e3%83%bc%e3%83%b3\/#primaryimage"},"image":{"@id":"https:\/\/chrystus.pl\/jp\/%e3%83%87%e3%82%a3%e3%82%b8%e3%82%a7%e3%82%b9%e3%83%81%e3%83%a3%e3%83%bc%e3%82%be%e3%83%bc%e3%83%b3\/#primaryimage"},"thumbnailUrl":"https:\/\/chrystus.pl\/wp-content\/uploads\/2019\/06\/Czy-Jezus-mia\u0142-z\u0307one\u0328.jpg","datePublished":"2019-06-01T13:33:53+00:00","dateModified":"2020-01-13T07:58:25+00:00","description":"Din c\u00e2nd \u00een c\u00e2nd, \u00eentreaga lume cre\u0219tin\u0103 este zguduit\u0103 de astfel de senza\u021bii. Unele fapte din via\u021ba lui Isus sunt foarte greu de stabilit, deoarece","breadcrumb":{"@id":"https:\/\/chrystus.pl\/jp\/%e3%83%87%e3%82%a3%e3%82%b8%e3%82%a7%e3%82%b9%e3%83%81%e3%83%a3%e3%83%bc%e3%82%be%e3%83%bc%e3%83%b3\/#breadcrumb"},"inLanguage":"ro-RO","potentialAction":[{"@type":"ReadAction","target":["https:\/\/chrystus.pl\/jp\/%e3%83%87%e3%82%a3%e3%82%b8%e3%82%a7%e3%82%b9%e3%83%81%e3%83%a3%e3%83%bc%e3%82%be%e3%83%bc%e3%83%b3\/"]}]},{"@type":"ImageObject","inLanguage":"ro-RO","@id":"https:\/\/chrystus.pl\/jp\/%e3%83%87%e3%82%a3%e3%82%b8%e3%82%a7%e3%82%b9%e3%83%81%e3%83%a3%e3%83%bc%e3%82%be%e3%83%bc%e3%83%b3\/#primaryimage","url":"https:\/\/chrystus.pl\/wp-content\/uploads\/2019\/06\/Czy-Jezus-mia\u0142-z\u0307one\u0328.jpg","contentUrl":"https:\/\/chrystus.pl\/wp-content\/uploads\/2019\/06\/Czy-Jezus-mia\u0142-z\u0307one\u0328.jpg","width":640,"height":424,"caption":"Czy Jezus mia\u0142 z\u0307one\u0328"},{"@type":"BreadcrumbList","@id":"https:\/\/chrystus.pl\/jp\/%e3%83%87%e3%82%a3%e3%82%b8%e3%82%a7%e3%82%b9%e3%83%81%e3%83%a3%e3%83%bc%e3%82%be%e3%83%bc%e3%83%b3\/#breadcrumb","itemListElement":[{"@type":"ListItem","position":1,"name":"Strona g\u0142\u00f3wna","item":"https:\/\/chrystus.pl\/"},{"@type":"ListItem","position":2,"name":"Czy Jezus mia\u0142 \u017con\u0119?"}]},{"@type":"WebSite","@id":"https:\/\/chrystus.pl\/#website","url":"https:\/\/chrystus.pl\/","name":"Hristos","description":"Dumnezeu, Maria, Isus, \u00eemp\u0103rt\u0103\u0219ania \u0219i multe altele","publisher":{"@id":"https:\/\/chrystus.pl\/#organization"},"potentialAction":[{"@type":"SearchAction","target":{"@type":"EntryPoint","urlTemplate":"https:\/\/chrystus.pl\/?s={search_term_string}"},"query-input":{"@type":"PropertyValueSpecification","valueRequired":true,"valueName":"search_term_string"}}],"inLanguage":"ro-RO"},{"@type":"Organization","@id":"https:\/\/chrystus.pl\/#organization","name":"Christ.pl","url":"https:\/\/chrystus.pl\/","logo":{"@type":"ImageObject","inLanguage":"ro-RO","@id":"https:\/\/chrystus.pl\/#\/schema\/logo\/image\/","url":"https:\/\/chrystus.pl\/wp-content\/uploads\/2019\/03\/chrystus-bog-maryja-komunia-bierzmowanie.jpg","contentUrl":"https:\/\/chrystus.pl\/wp-content\/uploads\/2019\/03\/chrystus-bog-maryja-komunia-bierzmowanie.jpg","width":1920,"height":1280,"caption":"Chrystus.pl"},"image":{"@id":"https:\/\/chrystus.pl\/#\/schema\/logo\/image\/"}},{"@type":"Person","@id":"https:\/\/chrystus.pl\/#\/schema\/person\/e2e742452b8b7b2bcd23ea180671d27a","name":"Femeia samariteanc\u0103"}]}},"_links":{"self":[{"href":"https:\/\/chrystus.pl\/ro\/wp-json\/wp\/v2\/posts\/650","targetHints":{"allow":["GET"]}}],"collection":[{"href":"https:\/\/chrystus.pl\/ro\/wp-json\/wp\/v2\/posts"}],"about":[{"href":"https:\/\/chrystus.pl\/ro\/wp-json\/wp\/v2\/types\/post"}],"author":[{"embeddable":true,"href":"https:\/\/chrystus.pl\/ro\/wp-json\/wp\/v2\/users\/1"}],"replies":[{"embeddable":true,"href":"https:\/\/chrystus.pl\/ro\/wp-json\/wp\/v2\/comments?post=650"}],"version-history":[{"count":0,"href":"https:\/\/chrystus.pl\/ro\/wp-json\/wp\/v2\/posts\/650\/revisions"}],"wp:featuredmedia":[{"embeddable":true,"href":"https:\/\/chrystus.pl\/ro\/wp-json\/wp\/v2\/media\/651"}],"wp:attachment":[{"href":"https:\/\/chrystus.pl\/ro\/wp-json\/wp\/v2\/media?parent=650"}],"wp:term":[{"taxonomy":"category","embeddable":true,"href":"https:\/\/chrystus.pl\/ro\/wp-json\/wp\/v2\/categories?post=650"},{"taxonomy":"post_tag","embeddable":true,"href":"https:\/\/chrystus.pl\/ro\/wp-json\/wp\/v2\/tags?post=650"}],"curies":[{"name":"wp","href":"https:\/\/api.w.org\/{rel}","templated":true}]}}