{"id":832,"date":"2019-12-27T20:57:36","date_gmt":"2019-12-27T20:57:36","guid":{"rendered":"https:\/\/chrystus.pl\/?p=832"},"modified":"2019-12-27T20:57:41","modified_gmt":"2019-12-27T20:57:41","slug":"dlaczego-wielkanoc-jest-swietem-ruchomym","status":"publish","type":"post","link":"https:\/\/chrystus.pl\/ro\/dlaczego-wielkanoc-jest-swietem-ruchomym\/","title":{"rendered":"De ce este Pa\u0219tele o s\u0103rb\u0103toare mobil\u0103? De unde \u0219tiu c\u00e2nd cade?"},"content":{"rendered":"<p><strong>De ce <span id=\"urn:enhancement-adea0d2c\" class=\"textannotation disambiguated wl-other\" itemid=\"http:\/\/data.wordlift.io\/wl01857\/entity\/wielkanoc\">Pa\u0219te<\/span> are date diferite?<\/strong><\/p>\n<p><strong>Cum se calculeaz\u0103 <span id=\"urn:enhancement-55e4ae4c\" class=\"textannotation disambiguated wl-other\" itemid=\"http:\/\/data.wordlift.io\/wl01857\/entity\/wielkanoc\">Pa\u0219te<\/span>?<\/strong><\/p>\n<p><strong>Cum se determin\u0103 <span id=\"urn:enhancement-49d0468a\" class=\"textannotation disambiguated wl-other\" itemid=\"http:\/\/data.wordlift.io\/wl01857\/entity\/wielkanoc\">Pa\u0219te<\/span>?<\/strong><\/p>\n<div id=\"ez-toc-container\" class=\"ez-toc-v2_0_82_2 counter-hierarchy ez-toc-counter ez-toc-custom ez-toc-container-direction\">\n<p class=\"ez-toc-title\" style=\"cursor:inherit\">Cuprins<\/p>\n<label for=\"ez-toc-cssicon-toggle-item-69f16dd457363\" class=\"ez-toc-cssicon-toggle-label\"><span class=\"\"><span class=\"eztoc-hide\" style=\"display:none;\">Toggle<\/span><span class=\"ez-toc-icon-toggle-span\"><svg style=\"fill: #ffffff;color:#ffffff\" xmlns=\"http:\/\/www.w3.org\/2000\/svg\" class=\"list-377408\" width=\"20px\" height=\"20px\" viewbox=\"0 0 24 24\" fill=\"none\"><path d=\"M6 6H4v2h2V6zm14 0H8v2h12V6zM4 11h2v2H4v-2zm16 0H8v2h12v-2zM4 16h2v2H4v-2zm16 0H8v2h12v-2z\" fill=\"currentColor\"><\/path><\/svg><svg style=\"fill: #ffffff;color:#ffffff\" class=\"arrow-unsorted-368013\" xmlns=\"http:\/\/www.w3.org\/2000\/svg\" width=\"10px\" height=\"10px\" viewbox=\"0 0 24 24\" version=\"1.2\" baseprofile=\"tiny\"><path d=\"M18.2 9.3l-6.2-6.3-6.2 6.3c-.2.2-.3.4-.3.7s.1.5.3.7c.2.2.4.3.7.3h11c.3 0 .5-.1.7-.3.2-.2.3-.5.3-.7s-.1-.5-.3-.7zM5.8 14.7l6.2 6.3 6.2-6.3c.2-.2.3-.5.3-.7s-.1-.5-.3-.7c-.2-.2-.4-.3-.7-.3h-11c-.3 0-.5.1-.7.3-.2.2-.3.5-.3.7s.1.5.3.7z\"\/><\/svg><\/span><\/span><\/label><input type=\"checkbox\"  id=\"ez-toc-cssicon-toggle-item-69f16dd457363\"  aria-label=\"Toggle\" \/><nav><ul class='ez-toc-list ez-toc-list-level-1' ><li class='ez-toc-page-1 ez-toc-heading-level-2'><a class=\"ez-toc-link ez-toc-heading-1\" href=\"https:\/\/chrystus.pl\/ro\/dlaczego-wielkanoc-jest-swietem-ruchomym\/#Jak_obliczyc_Wielkanoc\" >Cum se calculeaz\u0103 Pa\u0219tele?<\/a><\/li><li class='ez-toc-page-1 ez-toc-heading-level-2'><a class=\"ez-toc-link ez-toc-heading-2\" href=\"https:\/\/chrystus.pl\/ro\/dlaczego-wielkanoc-jest-swietem-ruchomym\/#OBLICZENIA\" >CALCULA\u021aII<\/a><\/li><li class='ez-toc-page-1 ez-toc-heading-level-2'><a class=\"ez-toc-link ez-toc-heading-3\" href=\"https:\/\/chrystus.pl\/ro\/dlaczego-wielkanoc-jest-swietem-ruchomym\/#Jak_obliczyc_Wielkanoc_w_danym_roku\" >Cum se calculeaz\u0103 Pa\u0219tele \u00eentr-un anumit an?<\/a><\/li><li class='ez-toc-page-1 ez-toc-heading-level-2'><a class=\"ez-toc-link ez-toc-heading-4\" href=\"https:\/\/chrystus.pl\/ro\/dlaczego-wielkanoc-jest-swietem-ruchomym\/#Wyjatki_w_Obliczaniu_dat_Wielkanocy\" >Excep\u021bii de la calculul datelor de Pa\u0219te<\/a><\/li><\/ul><\/nav><\/div>\n<h2><span class=\"ez-toc-section\" id=\"Jak_obliczyc_Wielkanoc\"><\/span>Cum se calculeaz\u0103 Pa\u0219tele?<span class=\"ez-toc-section-end\"><\/span><\/h2>\n<p>Wyznaczanie daty wielkanocy. Dlaczego <span id=\"urn:enhancement-67ad85b0\" class=\"textannotation disambiguated wl-other\" itemid=\"http:\/\/data.wordlift.io\/wl01857\/entity\/wielkanoc\">Pa\u0219te<\/span> este o s\u0103rb\u0103toare mobil\u0103? De ce <span id=\"urn:enhancement-77a864de\" class=\"textannotation disambiguated wl-other\" itemid=\"http:\/\/data.wordlift.io\/wl01857\/entity\/wielkanoc\">Pa\u0219te<\/span> au date diferite? Cum se determin\u0103 <span id=\"urn:enhancement-85bb890f\" class=\"textannotation disambiguated wl-other\" itemid=\"http:\/\/data.wordlift.io\/wl01857\/entity\/wielkanoc\">Pa\u0219te<\/span>?<\/p>\n<p>Dup\u0103 cum \u0219tim deja <span id=\"urn:enhancement-ad73dae1\" class=\"textannotation disambiguated wl-other\" itemid=\"http:\/\/data.wordlift.io\/wl01857\/entity\/wielkanoc\">Pa\u0219te<\/span> \u00een calendar este o s\u0103rb\u0103toare mobil\u0103. Aceasta a fost stabilit\u0103 \u00een timpul primului Conciliu de la Niceea, care a avut loc \u00een 325. Atunci s-a stabilit c\u0103 ziua de Pa\u0219ti va fi s\u0103rb\u0103torit\u0103 \u00een prima zi de Pa\u0219ti. <span id=\"urn:enhancement-5a188182\" class=\"textannotation disambiguated wl-other\" itemid=\"http:\/\/data.wordlift.io\/wl01857\/entity\/niedziela\">Duminic\u0103<\/span> dup\u0103 prima lun\u0103 plin\u0103 de prim\u0103var\u0103. \u00censu\u0219i modelul de stabilire a acestei date la Primul Conciliu a provenit din principiile de transpunere a unei date specifice din calendarul religios ebraic (data de 14 nisan - nisan este numele lunii), \u00een calendarul solar, calendarul iulian. Data de 14 nisan reprezint\u0103 \u00eenceputul s\u0103rb\u0103torii Pa\u0219telui \u00een calendarul ebraic.<\/p>\n<p>Prin urmare, rezult\u0103 c\u0103 <span id=\"urn:enhancement-8f1345aa\" class=\"textannotation disambiguated wl-other\" itemid=\"http:\/\/data.wordlift.io\/wl01857\/entity\/wielkanoc\">Pa\u0219te<\/span> este o s\u0103rb\u0103toare mobil\u0103. Ziua de Pa\u0219te poate c\u0103dea cel mai devreme pe 22 martie \u0219i cel mai t\u00e2rziu pe 25 aprilie. Alte s\u0103rb\u0103tori din aceast\u0103 perioad\u0103 asociate cu Pa\u0219tele sunt, de asemenea, mobile. <span id=\"urn:enhancement-eb0ed53a\" class=\"textannotation disambiguated wl-other\" itemid=\"http:\/\/data.wordlift.io\/wl01857\/entity\/uroczystosc_najswietszego_ciala_i_krwi_panskiej\">Corpus Christi<\/span>, <span id=\"urn:enhancement-e628c89a\" class=\"textannotation disambiguated wl-other\" itemid=\"http:\/\/data.wordlift.io\/wl01378\/entity\/zeslanie_ducha_swietego\">Rusalii<\/span> (dok\u0142adnie 50 dni po Wielkanocy), <span id=\"urn:enhancement-a7b1d88e\" class=\"textannotation disambiguated wl-other\" itemid=\"http:\/\/data.wordlift.io\/wl01857\/entity\/feast_of_the_ascension\">\u00cen\u0103l\u021barea Domnului<\/span>, \u00eentregul <span id=\"urn:enhancement-57a139f1\" class=\"textannotation disambiguated wl-other\" itemid=\"http:\/\/data.wordlift.io\/wl01857\/entity\/triduum_paschalne\">Triodul pascal<\/span> (<span id=\"urn:enhancement-ec70e2ad\" class=\"textannotation disambiguated wl-other\" itemid=\"http:\/\/data.wordlift.io\/wl01857\/entity\/wielki_czwartek\">Joia Mare<\/span>, <span id=\"urn:enhancement-107287c9\" class=\"textannotation disambiguated wl-other\" itemid=\"http:\/\/data.wordlift.io\/wl01857\/entity\/wielki_piatek\">Vinerea Mare<\/span>, <span id=\"urn:enhancement-97e092ed\" class=\"textannotation disambiguated wl-other\" itemid=\"http:\/\/data.wordlift.io\/wl01857\/entity\/wielka_sobota\">S\u00e2mb\u0103ta Mare<\/span>, <span id=\"urn:enhancement-c8c5fbb\" class=\"textannotation disambiguated wl-other\" itemid=\"http:\/\/data.wordlift.io\/wl01857\/entity\/niedziela\">Duminic\u0103<\/span>), <span id=\"urn:enhancement-d372af4e\" class=\"textannotation disambiguated wl-other\" itemid=\"http:\/\/data.wordlift.io\/wl01857\/entity\/popielec\">Miercurea Cenu\u0219ii<\/span> sau, \u00een cele din urm\u0103, \u00een perioada Postului Mare. Dup\u0103 introducerea calendarului gregorian au ap\u0103rut unele modific\u0103ri. Cu toate acestea, ele nu au inclus credin\u021ba ortodox\u0103, care \u00eenc\u0103 s\u0103rb\u0103tore\u0219te s\u0103rb\u0103torile \u00een conformitate cu calendarul iulian.<\/p>\n<p>De-a lungul istoriei Bisericii, au existat \u00eencerc\u0103ri de a standardiza Pa\u0219tele \u0219i de a stabili o dat\u0103 anume pentru acesta.<\/p>\n<p>O astfel de \u00eencercare a fost f\u0103cut\u0103 sub Pius X. Proiectul a fost aproape de a fi adoptat, majoritatea episcopilor fiind de acord, dar \u00een cele din urm\u0103, dup\u0103 proteste care au acuzat \u00eencerc\u0103ri de a diminua importan\u021ba \u00cenvierii Domnului, modific\u0103rile au fost respinse.<\/p>\n<p>P\u00e2n\u0103 \u00een prezent, au existat persoane care au sus\u021binut schimbarea datelor de celebrare a Pa\u0219telui. Se vorbe\u0219te de alegerea \u00eentotdeauna a doua duminic\u0103 din aprilie, ceea ce ar da date \u00eentre 8 \u0219i 14 aprilie sau de alegerea duminicilor \u00eentre s\u0103rb\u0103toarea de <span id=\"urn:enhancement-4e0c98e0\" class=\"textannotation disambiguated wl-other\" itemid=\"http:\/\/data.wordlift.io\/wl01857\/entity\/objawienie_panskie\">Epifanie<\/span> a <span id=\"urn:enhancement-ef0065aa\" class=\"textannotation disambiguated wl-other\" itemid=\"http:\/\/data.wordlift.io\/wl01857\/entity\/popielec\">Miercurea Cenu\u0219ii<\/span>care ar coincide, de asemenea, cu datele 8-14 (cu excep\u021bia anilor bisec\u021bi, c\u00e2nd ar fi 7-13 aprilie). Este perfect acceptabil ca Biserica s\u0103 schimbe data.<\/p>\n<p>&nbsp;<\/p>\n<h2><span class=\"ez-toc-section\" id=\"OBLICZENIA\"><\/span>CALCULA\u021aII<span class=\"ez-toc-section-end\"><\/span><\/h2>\n<h2><span class=\"ez-toc-section\" id=\"Jak_obliczyc_Wielkanoc_w_danym_roku\"><\/span>Cum se calculeaz\u0103 Pa\u0219tele \u00eentr-un anumit an?<span class=\"ez-toc-section-end\"><\/span><\/h2>\n<p>Atunci c\u00e2nd se stabile\u0219te data Pa\u0219telui, este important s\u0103 se \u021bin\u0103 cont de regula de baz\u0103 care spune c\u0103 <span id=\"urn:enhancement-768c9498\" class=\"textannotation disambiguated wl-other\" itemid=\"http:\/\/data.wordlift.io\/wl01857\/entity\/wielkanoc\">Pa\u0219te<\/span> cade \u00eentotdeauna pe primul <span id=\"urn:enhancement-1770e351\" class=\"textannotation disambiguated wl-other\" itemid=\"http:\/\/data.wordlift.io\/wl01857\/entity\/niedziela\">Duminic\u0103<\/span> dup\u0103 prima lun\u0103 plin\u0103 de prim\u0103var\u0103 care are loc dup\u0103 21 martie. Astfel, ea cade \u00eentre 22 martie \u0219i 25 aprilie. Metoda de calcul a zilei specifice de Pa\u0219te a fost dat\u0103 de matematicianul german C.F. Gauss. \u00cen acest caz, se utilizeaz\u0103 tabelul de mai jos:<\/p>\n<table style=\"height: 922px;\" width=\"513\">\n<tbody>\n<tr>\n<td rowspan=\"2\">\n<pre><strong>Ani<\/strong><\/pre>\n<\/td>\n<td rowspan=\"2\">\n<pre><strong>A<\/strong><\/pre>\n<\/td>\n<td rowspan=\"2\">\n<pre><strong>B<\/strong><\/pre>\n<\/td>\n<td colspan=\"2\">\n<pre><strong>Excep\u021bii (an)<\/strong><\/pre>\n<\/td>\n<\/tr>\n<tr>\n<td>\n<pre><strong>Am un fel de...<\/strong><\/pre>\n<\/td>\n<td>\n<pre><strong>II tip<\/strong><\/pre>\n<\/td>\n<\/tr>\n<tr>\n<td>\n<pre>33-1582<\/pre>\n<\/td>\n<td>\n<pre>15<\/pre>\n<\/td>\n<td>\n<pre>6<\/pre>\n<\/td>\n<td>\n<pre>nu<\/pre>\n<\/td>\n<td>\n<pre>nu<\/pre>\n<\/td>\n<\/tr>\n<tr>\n<td>\n<pre>1583-1699<\/pre>\n<\/td>\n<td>\n<pre>22<\/pre>\n<\/td>\n<td>\n<pre>2<\/pre>\n<\/td>\n<td>\n<pre>1609<\/pre>\n<\/td>\n<td>\n<pre>nu<\/pre>\n<\/td>\n<\/tr>\n<tr>\n<td>\n<pre>1700-1799<\/pre>\n<\/td>\n<td>\n<pre>23<\/pre>\n<\/td>\n<td>\n<pre>3<\/pre>\n<\/td>\n<td>\n<pre>nu<\/pre>\n<\/td>\n<td>\n<pre>nu<\/pre>\n<\/td>\n<\/tr>\n<tr>\n<td>\n<pre>1800-1899<\/pre>\n<\/td>\n<td>\n<pre>23<\/pre>\n<\/td>\n<td>\n<pre>4<\/pre>\n<\/td>\n<td>\n<pre>nu<\/pre>\n<\/td>\n<td>\n<pre>nu<\/pre>\n<\/td>\n<\/tr>\n<tr>\n<td>\n<pre>1900-2099<\/pre>\n<\/td>\n<td>\n<pre>24<\/pre>\n<\/td>\n<td>\n<pre>5<\/pre>\n<\/td>\n<td>\n<pre>1981, 2076<\/pre>\n<\/td>\n<td>\n<pre>1954, 2049<\/pre>\n<\/td>\n<\/tr>\n<tr>\n<td>\n<pre>2100-2199<\/pre>\n<\/td>\n<td>\n<pre>24<\/pre>\n<\/td>\n<td>\n<pre>6<\/pre>\n<\/td>\n<td>\n<pre>2133<\/pre>\n<\/td>\n<td>\n<pre>2106<\/pre>\n<\/td>\n<\/tr>\n<tr>\n<td>\n<pre>2200-2299<\/pre>\n<\/td>\n<td>\n<pre>25<\/pre>\n<\/td>\n<td>\n<pre>0<\/pre>\n<\/td>\n<td>\n<pre>2201, 2296<\/pre>\n<\/td>\n<td>\n<pre>nu<\/pre>\n<\/td>\n<\/tr>\n<tr>\n<td>\n<pre>2300-2399<\/pre>\n<\/td>\n<td>\n<pre>26<\/pre>\n<\/td>\n<td>\n<pre>1<\/pre>\n<\/td>\n<td>\n<pre>nu<\/pre>\n<\/td>\n<td>\n<pre>nu<\/pre>\n<\/td>\n<\/tr>\n<tr>\n<td>\n<pre>2400-2499<\/pre>\n<\/td>\n<td>\n<pre>25<\/pre>\n<\/td>\n<td>\n<pre>1<\/pre>\n<\/td>\n<td>\n<pre>2448<\/pre>\n<\/td>\n<td>\n<pre>nu<\/pre>\n<\/td>\n<\/tr>\n<tr>\n<td>\n<pre>2500-2599<\/pre>\n<\/td>\n<td>\n<pre>26<\/pre>\n<\/td>\n<td>\n<pre>2<\/pre>\n<\/td>\n<td>\n<pre>nu<\/pre>\n<\/td>\n<td>\n<pre>nu<\/pre>\n<\/td>\n<\/tr>\n<tr>\n<td>\n<pre>2600-2699<\/pre>\n<\/td>\n<td>\n<pre>27<\/pre>\n<\/td>\n<td>\n<pre>3<\/pre>\n<\/td>\n<td>\n<pre>2668<\/pre>\n<\/td>\n<td>\n<pre>nu<\/pre>\n<\/td>\n<\/tr>\n<tr>\n<td>\n<pre>2700-2899<\/pre>\n<\/td>\n<td>\n<pre>27<\/pre>\n<\/td>\n<td>\n<pre>4<\/pre>\n<\/td>\n<td>\n<pre>2725, 2820<\/pre>\n<\/td>\n<td>\n<pre>nu<\/pre>\n<\/td>\n<\/tr>\n<tr>\n<td>\n<pre>2900-2999<\/pre>\n<\/td>\n<td>\n<pre>28<\/pre>\n<\/td>\n<td>\n<pre>5<\/pre>\n<\/td>\n<td>\n<pre>nu<\/pre>\n<\/td>\n<td>\n<pre>nu<\/pre>\n<\/td>\n<\/tr>\n<\/tbody>\n<\/table>\n<p>&nbsp;<\/p>\n<p><strong>Utiliz\u0103m 6 pa\u0219i pentru calcul:<\/strong><\/p>\n<ol>\n<li>\u00eemp\u0103r\u021bi\u021bi num\u0103rul anului la 19 \u0219i apoi g\u0103si\u021bi restul. <em>a<\/em><\/li>\n<li>\u00eemp\u0103r\u021bi\u021bi num\u0103rul anului la 4 \u0219i apoi g\u0103si\u021bi restul. <em>b<\/em><\/li>\n<li>\u00eemp\u0103r\u021bi\u021bi num\u0103rul anului la 7 \u0219i apoi g\u0103si\u021bi restul. <em>c<\/em><\/li>\n<li>restul determinat ca <em>a,<\/em> \u00eenmul\u021bi\u021bi cu 19, ad\u0103uga\u021bi num\u0103rul A la produs, \u00eemp\u0103r\u021bi\u021bi suma la 30 \u0219i determina\u021bi restul. <em>d<\/em><\/li>\n<li>Suma produselor a 2<em>b <\/em>+ 4<em>c<\/em> +6<em>d <\/em>+ B se \u00eemparte la 7 \u0219i se determin\u0103 restul <em>e<\/em><\/li>\n<li>Suma reziduurilor <em>e + d <\/em>ad\u0103ugare la data de 22 martie<\/li>\n<\/ol>\n<p><strong>A\u0219a se ob\u021bine data Pa\u0219telui.<\/strong><\/p>\n<p>\u00cen cazul \u00een care data este mai mare de 31 martie, aceasta trebuie convertit\u0103 \u00een ziua corespunz\u0103toare din aprilie. Dac\u0103 suma (d+e)&gt;10, atunci suntem siguri c\u0103 este aprilie. \u00cen cazul opus, este martie.<\/p>\n<h2><span class=\"ez-toc-section\" id=\"Wyjatki_w_Obliczaniu_dat_Wielkanocy\"><\/span>Excep\u021bii de la calculul datelor de Pa\u0219te<span class=\"ez-toc-section-end\"><\/span><\/h2>\n<p>\u00cen unele cazuri exist\u0103 \u0219i excep\u021bii (excep\u021bie de primul tip, excep\u021bie de al doilea tip).<\/p>\n<p>Excep\u021biile de primul tip apar atunci c\u00e2nd <em>d=29, <\/em>a <em>e=6 <\/em>\u0219i conform calculelor <span id=\"urn:enhancement-86fc98a\" class=\"textannotation disambiguated wl-other\" itemid=\"http:\/\/data.wordlift.io\/wl01857\/entity\/wielkanoc\">Pa\u0219te<\/span> va c\u0103dea pe 26 aprilie. \u00cen acest caz, se s\u0103rb\u0103tore\u0219te cu o s\u0103pt\u0103m\u00e2n\u0103 mai devreme, la 19 aprilie (de exemplu, \u00een 1609 \u0219i 1981).<\/p>\n<p>Excep\u021biile de al doilea tip apar atunci c\u00e2nd <em>d=28 <\/em>a <em>e=6, <\/em>\u0219i \u00eemp\u0103r\u021bind 11<em>A + <\/em>11 cu 30 d\u0103 un rest mai mic de 19. \u00cen acest caz <span id=\"urn:enhancement-5213e1df\" class=\"textannotation disambiguated wl-other\" itemid=\"http:\/\/data.wordlift.io\/wl01857\/entity\/wielkanoc\">Pa\u0219te<\/span> cade pe 5 aprilie \u0219i este s\u0103rb\u0103torit\u0103 pe 29 martie (1807 \u0219i 1954).<\/p>\n<p>Toate excep\u021biile care apar p\u00e2n\u0103 \u00een anul 2999 sunt enumerate \u00een tabelul de mai sus.<\/p>\n<p><strong>EXEMPLU:<\/strong><\/p>\n<p>S\u0103 calcul\u0103m data Pa\u0219telui pentru anul 2008;<\/p>\n<ul>\n<li>Pasul 1: 2008:19=105, restul a=13<\/li>\n<li>Pasul 2: 2008:4=502, restul b=0<\/li>\n<li>Pasul 3: 2008:7=286, restul c=6<\/li>\n<li>Pasul 4: (19+a+A):30 sau (19+13+24):30=271:30=9, restul d=1<\/li>\n<li>Pasul 5: (2xb + 4xc + 6xd + B):7 adic\u0103 (2\u00d70 + 4\u00d76 + 6\u00d71 + 5):7=5, restul 0<\/li>\n<li>Pasul 6: d+e+22 sau 1+0+22=23<\/li>\n<\/ul>\n<p>Rezultatul final este egal cu 23. Aceasta \u00eenseamn\u0103 c\u0103 data s\u0103rb\u0103torii de Pa\u0219te pentru 2008 este 23 martie 2008. (pentru calendarul gregorian).<\/p>\n<p>\u00cen cazul calendarului iulian, calculele sunt identice, dar pentru A \u00eenlocuim A=15, iar pentru B \u00eenlocuim B=6).<\/p>\n<p>Istnieje jeszcze jedna metoda obliczania daty Wielkanocy. Jest to metoda Meeusa\/Jonesa\/Butchera. Jest ona o tyle prostsza, \u017ce nie wymaga podawania liczb A i B, oraz nie ma w tym wypadku \u017cadnych wyj\u0105tk\u00f3w. Metoda ta przebiega nast\u0119puj\u0105co:<\/p>\n<ol>\n<li>Mai \u00eent\u00e2i \u00eemp\u0103r\u021bim num\u0103rul anului la 19 \u0219i determin\u0103m restul. <em>a<\/em>.<\/li>\n<li>Se \u00eemparte num\u0103rul de ani la 100, se rotunje\u0219te rezultatul (se taie partea frac\u021bionar\u0103) \u0219i se ob\u021bine num\u0103rul <em>b<\/em>.<\/li>\n<li>\u00cemp\u0103r\u021bim num\u0103rul de ani la 100 \u0219i ob\u021binem restul <em>c<\/em>.<\/li>\n<li>Noi calcul\u0103m: <em>b<\/em> : 4, iar rezultatul se rotunje\u0219te \u00een jos \u0219i ob\u021binem num\u0103rul <em>d<\/em>.<\/li>\n<li>Noi calcul\u0103m: <em>b<\/em> : 4 \u0219i se determin\u0103 restul <em>e<\/em>.<\/li>\n<li>Noi calcul\u0103m: (<em>b<\/em> + 8) : 25, iar rezultatul se rotunje\u0219te \u00een jos \u0219i ob\u021binem num\u0103rul <em>f<\/em>.<\/li>\n<li>Noi calcul\u0103m: (<em>b<\/em> - <em>f<\/em> + 1) : 3, iar rezultatul se rotunje\u0219te \u00een jos \u0219i ob\u021binem num\u0103rul <em>g<\/em>.<\/li>\n<li>Noi calcul\u0103m: (19 \u00d7 <em>a<\/em> + <em>b<\/em> - <em>d<\/em> - <em>g<\/em> + 15) : 30 \u0219i se determin\u0103 restul <em>h<\/em>.<\/li>\n<li>Noi calcul\u0103m: <em>c<\/em> : 4, iar rezultatul se rotunje\u0219te \u00een jos \u0219i ob\u021binem num\u0103rul <em>i<\/em>.<\/li>\n<li>Noi calcul\u0103m: <em>c<\/em> : 4 \u0219i se determin\u0103 restul <em>k<\/em>.<\/li>\n<li>Noi calcul\u0103m: (32 + 2 \u00d7 <em>e<\/em> + 2 \u00d7 <em>i<\/em> - <em>h<\/em> - <em>k<\/em>) : 7 \u0219i ob\u021binem restul <em>l<\/em>.<\/li>\n<li>Efectu\u0103m o ac\u021biune (<em>a<\/em> + 11 \u00d7 <em>h<\/em> + 22 \u00d7 <em>l<\/em>) : 451 \u0219i rezultatul se rotunje\u0219te \u00een jos \u0219i ob\u021binem num\u0103rul <em>m<\/em>.<\/li>\n<li>Efectu\u0103m ac\u021biunea: (<em>h<\/em> + <em>l<\/em> - 7 \u00d7 <em>m<\/em> + 114) : 31 \u0219i ob\u021binem restul <em>p<\/em>.<\/li>\n<li>Rezultatul este x = <em>p<\/em> + 1 (este ziua de Pa\u0219te)<\/li>\n<li>Luna = rotunjirea diviziunii \u00een jos (<em>h<\/em> + <em>l<\/em> - 7 \u00d7 <em>m<\/em> + 114) cu 31.<\/li>\n<\/ol>\n<p>Pentru simplificare, exist\u0103 o conversie \u00eentre calendarul gregorian \u0219i cel iulian. Pentru anii 1900-2100, este suficient s\u0103 ad\u0103ug\u0103m num\u0103rul 13 la datele din calendarul iulian pentru a ob\u021bine data din calendarul gregorian.<\/p>","protected":false},"excerpt":{"rendered":"<p>Dlaczego Wielkanoc ma rozne daty? Jak obliczy\u0107 Wielkanoc? Jak wyznacza sie Wielkanoc? Jak obliczy\u0107 Wielkanoc? Wyznaczanie daty wielkanocy. Dlaczego Wielkanoc jest \u015bwi\u0119tem ruchomym? Dlaczego Wielkanoc ma r\u00f3\u017cne daty? Jak wyznaczy\u0107 Wielkanoc? Jak ju\u017c wiemy Wielkanoc w kalendarzu jest \u015bwi\u0119tem ruchomym. Zosta\u0142o to ustalone w trakcie trwania pierwszego soboru nicejskiego, kt\u00f3ry odby\u0142 si\u0119 w 325 roku. &hellip;<\/p>","protected":false},"author":1,"featured_media":833,"comment_status":"open","ping_status":"closed","sticky":false,"template":"","format":"standard","meta":{"footnotes":""},"categories":[53],"tags":[],"class_list":["post-832","post","type-post","status-publish","format-standard","has-post-thumbnail","hentry","category-wielkanoc"],"yoast_head":"<!-- This site is optimized with the Yoast SEO plugin v27.5 - https:\/\/yoast.com\/product\/yoast-seo-wordpress\/ -->\n<title>Dlaczego Wielkanoc jest \u015awi\u0119tem Ruchomym? Jak obliczy\u0107?<\/title>\n<meta name=\"description\" content=\"Dlaczego Wielkanoc ma rozne daty? Jak obliczy\u0107 Wielkanoc? Jak wyznacza sie Wielkanoc? Jak obliczy\u0107 Wielkanoc? Wyznaczanie daty wielkanocy. Dlaczego\" \/>\n<meta name=\"robots\" content=\"index, follow, max-snippet:-1, max-image-preview:large, max-video-preview:-1\" \/>\n<link rel=\"canonical\" href=\"https:\/\/chrystus.pl\/ro\/de-ce-pastele-este-o-sarbatoare-mutabila-2\/\" \/>\n<meta property=\"og:locale\" content=\"ro_RO\" \/>\n<meta property=\"og:type\" content=\"article\" \/>\n<meta property=\"og:title\" content=\"Dlaczego Wielkanoc jest \u015awi\u0119tem Ruchomym? Jak obliczy\u0107?\" \/>\n<meta property=\"og:description\" content=\"Dlaczego Wielkanoc ma rozne daty? Jak obliczy\u0107 Wielkanoc? Jak wyznacza sie Wielkanoc? Jak obliczy\u0107 Wielkanoc? Wyznaczanie daty wielkanocy. Dlaczego\" \/>\n<meta property=\"og:url\" content=\"https:\/\/chrystus.pl\/ro\/de-ce-pastele-este-o-sarbatoare-mutabila-2\/\" \/>\n<meta property=\"og:site_name\" content=\"Chrystus\" \/>\n<meta property=\"article:published_time\" content=\"2019-12-27T20:57:36+00:00\" \/>\n<meta property=\"article:modified_time\" content=\"2019-12-27T20:57:41+00:00\" \/>\n<meta property=\"og:image\" content=\"https:\/\/chrystus.pl\/wp-content\/uploads\/2019\/12\/Dlaczego-Wielkanoc-jest-Swietem-Ruchomym.jpg\" \/>\n\t<meta property=\"og:image:width\" content=\"1280\" \/>\n\t<meta property=\"og:image:height\" content=\"853\" \/>\n\t<meta property=\"og:image:type\" content=\"image\/jpeg\" \/>\n<meta name=\"author\" content=\"Samarytanka\" \/>\n<meta name=\"twitter:card\" content=\"summary_large_image\" \/>\n<meta name=\"twitter:label1\" content=\"Scris de\" \/>\n\t<meta name=\"twitter:data1\" content=\"Samarytanka\" \/>\n\t<meta name=\"twitter:label2\" content=\"Timp estimat pentru citire\" \/>\n\t<meta name=\"twitter:data2\" content=\"5 minute\" \/>\n<!-- \/ Yoast SEO plugin. -->","yoast_head_json":{"title":"De ce este Pa\u0219tele o s\u0103rb\u0103toare \u00een mi\u0219care? Cum se calculeaz\u0103?","description":"De ce Pa\u0219tele are date diferite? Cum se calculeaz\u0103 Pa\u0219tele? Cum se calculeaz\u0103 Pa\u0219tele? Cum se calculeaz\u0103 Pa\u0219tele? Determinarea datei Pa\u0219telui De ce","robots":{"index":"index","follow":"follow","max-snippet":"max-snippet:-1","max-image-preview":"max-image-preview:large","max-video-preview":"max-video-preview:-1"},"canonical":"https:\/\/chrystus.pl\/ro\/de-ce-pastele-este-o-sarbatoare-mutabila-2\/","og_locale":"ro_RO","og_type":"article","og_title":"Dlaczego Wielkanoc jest \u015awi\u0119tem Ruchomym? Jak obliczy\u0107?","og_description":"Dlaczego Wielkanoc ma rozne daty? Jak obliczy\u0107 Wielkanoc? Jak wyznacza sie Wielkanoc? Jak obliczy\u0107 Wielkanoc? Wyznaczanie daty wielkanocy. Dlaczego","og_url":"https:\/\/chrystus.pl\/ro\/de-ce-pastele-este-o-sarbatoare-mutabila-2\/","og_site_name":"Chrystus","article_published_time":"2019-12-27T20:57:36+00:00","article_modified_time":"2019-12-27T20:57:41+00:00","og_image":[{"width":1280,"height":853,"url":"https:\/\/chrystus.pl\/wp-content\/uploads\/2019\/12\/Dlaczego-Wielkanoc-jest-Swietem-Ruchomym.jpg","type":"image\/jpeg"}],"author":"Samarytanka","twitter_card":"summary_large_image","twitter_misc":{"Scris de":"Samarytanka","Timp estimat pentru citire":"5 minute"},"schema":{"@context":"https:\/\/schema.org","@graph":[{"@type":"Article","@id":"https:\/\/chrystus.pl\/dlaczego-wielkanoc-jest-swietem-ruchomym\/#article","isPartOf":{"@id":"https:\/\/chrystus.pl\/dlaczego-wielkanoc-jest-swietem-ruchomym\/"},"author":{"name":"Samarytanka","@id":"https:\/\/chrystus.pl\/#\/schema\/person\/e2e742452b8b7b2bcd23ea180671d27a"},"headline":"Dlaczego Wielkanoc jest \u015awi\u0119tem Ruchomym? Jak obliczy\u0107 kiedy przypada?","datePublished":"2019-12-27T20:57:36+00:00","dateModified":"2019-12-27T20:57:41+00:00","mainEntityOfPage":{"@id":"https:\/\/chrystus.pl\/dlaczego-wielkanoc-jest-swietem-ruchomym\/"},"wordCount":990,"commentCount":0,"publisher":{"@id":"https:\/\/chrystus.pl\/#organization"},"image":{"@id":"https:\/\/chrystus.pl\/dlaczego-wielkanoc-jest-swietem-ruchomym\/#primaryimage"},"thumbnailUrl":"https:\/\/chrystus.pl\/wp-content\/uploads\/2019\/12\/Dlaczego-Wielkanoc-jest-Swietem-Ruchomym.jpg","articleSection":["Wielkanoc"],"inLanguage":"ro-RO","potentialAction":[{"@type":"CommentAction","name":"Comment","target":["https:\/\/chrystus.pl\/dlaczego-wielkanoc-jest-swietem-ruchomym\/#respond"]}]},{"@type":"WebPage","@id":"https:\/\/chrystus.pl\/dlaczego-wielkanoc-jest-swietem-ruchomym\/","url":"https:\/\/chrystus.pl\/dlaczego-wielkanoc-jest-swietem-ruchomym\/","name":"De ce este Pa\u0219tele o s\u0103rb\u0103toare \u00een mi\u0219care? Cum se calculeaz\u0103?","isPartOf":{"@id":"https:\/\/chrystus.pl\/#website"},"primaryImageOfPage":{"@id":"https:\/\/chrystus.pl\/dlaczego-wielkanoc-jest-swietem-ruchomym\/#primaryimage"},"image":{"@id":"https:\/\/chrystus.pl\/dlaczego-wielkanoc-jest-swietem-ruchomym\/#primaryimage"},"thumbnailUrl":"https:\/\/chrystus.pl\/wp-content\/uploads\/2019\/12\/Dlaczego-Wielkanoc-jest-Swietem-Ruchomym.jpg","datePublished":"2019-12-27T20:57:36+00:00","dateModified":"2019-12-27T20:57:41+00:00","description":"De ce Pa\u0219tele are date diferite? Cum se calculeaz\u0103 Pa\u0219tele? Cum se calculeaz\u0103 Pa\u0219tele? Cum se calculeaz\u0103 Pa\u0219tele? Determinarea datei Pa\u0219telui De ce","breadcrumb":{"@id":"https:\/\/chrystus.pl\/dlaczego-wielkanoc-jest-swietem-ruchomym\/#breadcrumb"},"inLanguage":"ro-RO","potentialAction":[{"@type":"ReadAction","target":["https:\/\/chrystus.pl\/dlaczego-wielkanoc-jest-swietem-ruchomym\/"]}]},{"@type":"ImageObject","inLanguage":"ro-RO","@id":"https:\/\/chrystus.pl\/dlaczego-wielkanoc-jest-swietem-ruchomym\/#primaryimage","url":"https:\/\/chrystus.pl\/wp-content\/uploads\/2019\/12\/Dlaczego-Wielkanoc-jest-Swietem-Ruchomym.jpg","contentUrl":"https:\/\/chrystus.pl\/wp-content\/uploads\/2019\/12\/Dlaczego-Wielkanoc-jest-Swietem-Ruchomym.jpg","width":1280,"height":853,"caption":"Dlaczego Wielkanoc jest Swietem Ruchomym"},{"@type":"BreadcrumbList","@id":"https:\/\/chrystus.pl\/dlaczego-wielkanoc-jest-swietem-ruchomym\/#breadcrumb","itemListElement":[{"@type":"ListItem","position":1,"name":"Strona g\u0142\u00f3wna","item":"https:\/\/chrystus.pl\/"},{"@type":"ListItem","position":2,"name":"Dlaczego Wielkanoc jest \u015awi\u0119tem Ruchomym? Jak obliczy\u0107 kiedy przypada?"}]},{"@type":"WebSite","@id":"https:\/\/chrystus.pl\/#website","url":"https:\/\/chrystus.pl\/","name":"Hristos","description":"Dumnezeu, Maria, Isus, \u00eemp\u0103rt\u0103\u0219ania \u0219i multe altele","publisher":{"@id":"https:\/\/chrystus.pl\/#organization"},"potentialAction":[{"@type":"SearchAction","target":{"@type":"EntryPoint","urlTemplate":"https:\/\/chrystus.pl\/?s={search_term_string}"},"query-input":{"@type":"PropertyValueSpecification","valueRequired":true,"valueName":"search_term_string"}}],"inLanguage":"ro-RO"},{"@type":"Organization","@id":"https:\/\/chrystus.pl\/#organization","name":"Christ.pl","url":"https:\/\/chrystus.pl\/","logo":{"@type":"ImageObject","inLanguage":"ro-RO","@id":"https:\/\/chrystus.pl\/#\/schema\/logo\/image\/","url":"https:\/\/chrystus.pl\/wp-content\/uploads\/2019\/03\/chrystus-bog-maryja-komunia-bierzmowanie.jpg","contentUrl":"https:\/\/chrystus.pl\/wp-content\/uploads\/2019\/03\/chrystus-bog-maryja-komunia-bierzmowanie.jpg","width":1920,"height":1280,"caption":"Chrystus.pl"},"image":{"@id":"https:\/\/chrystus.pl\/#\/schema\/logo\/image\/"}},{"@type":"Person","@id":"https:\/\/chrystus.pl\/#\/schema\/person\/e2e742452b8b7b2bcd23ea180671d27a","name":"Femeia samariteanc\u0103"}]}},"_links":{"self":[{"href":"https:\/\/chrystus.pl\/ro\/wp-json\/wp\/v2\/posts\/832","targetHints":{"allow":["GET"]}}],"collection":[{"href":"https:\/\/chrystus.pl\/ro\/wp-json\/wp\/v2\/posts"}],"about":[{"href":"https:\/\/chrystus.pl\/ro\/wp-json\/wp\/v2\/types\/post"}],"author":[{"embeddable":true,"href":"https:\/\/chrystus.pl\/ro\/wp-json\/wp\/v2\/users\/1"}],"replies":[{"embeddable":true,"href":"https:\/\/chrystus.pl\/ro\/wp-json\/wp\/v2\/comments?post=832"}],"version-history":[{"count":0,"href":"https:\/\/chrystus.pl\/ro\/wp-json\/wp\/v2\/posts\/832\/revisions"}],"wp:featuredmedia":[{"embeddable":true,"href":"https:\/\/chrystus.pl\/ro\/wp-json\/wp\/v2\/media\/833"}],"wp:attachment":[{"href":"https:\/\/chrystus.pl\/ro\/wp-json\/wp\/v2\/media?parent=832"}],"wp:term":[{"taxonomy":"category","embeddable":true,"href":"https:\/\/chrystus.pl\/ro\/wp-json\/wp\/v2\/categories?post=832"},{"taxonomy":"post_tag","embeddable":true,"href":"https:\/\/chrystus.pl\/ro\/wp-json\/wp\/v2\/tags?post=832"}],"curies":[{"name":"wp","href":"https:\/\/api.w.org\/{rel}","templated":true}]}}