{"id":1826,"date":"2020-07-11T10:53:57","date_gmt":"2020-07-11T10:53:57","guid":{"rendered":"https:\/\/chrystus.pl\/?p=1826"},"modified":"2020-07-11T10:53:57","modified_gmt":"2020-07-11T10:53:57","slug":"czy-w-nowy-rok-trzeba-isc-do-kosciola","status":"publish","type":"post","link":"https:\/\/chrystus.pl\/ru\/czy-w-nowy-rok-trzeba-isc-do-kosciola\/","title":{"rendered":"\u041d\u0443\u0436\u043d\u043e \u043b\u0438 \u0445\u043e\u0434\u0438\u0442\u044c \u0432 \u0446\u0435\u0440\u043a\u043e\u0432\u044c \u0432 \u043d\u043e\u0432\u043e\u043c \u0433\u043e\u0434\u0443?"},"content":{"rendered":"<p>Czy w Nowy Rok trzeba i\u015b\u0107 do ko\u015bcio\u0142a? Nowy rok, podobnie jak wi\u0119kszo\u015b\u0107 poprzednich \u015bwi\u0105t nie jest \u015bwi\u0119tem nakazanym. W przepisach prawa kanonicznego nie jest wymieniony na li\u015bcie dni, w kt\u00f3rych wierni koniecznie musz\u0105 stawi\u0107 si\u0119 w ko\u015bciele. Dla wielu Nowy Rok jest dniem odpoczynku po hucznej zabawie sylwestrowej. Pami\u0119tajmy jednak, \u017ce jest to r\u00f3wnie\u017c dla wielu z nas nowy pocz\u0105tek i warto przywita\u0107 go we wsp\u00f3lnocie i pomodli\u0107 si\u0119 do Pana Boga o szcz\u0119\u015bcie na ten nowy rok. Dobrym pomys\u0142em jest zacz\u0105\u0107 nowy rok od podzi\u0119kowa\u0144 i pr\u00f3\u015bb o szcz\u0119\u015bcie i pomy\u015blno\u015b\u0107. Szczeg\u00f3lnie, je\u017celi ten nowy rok przypada na niedziel\u0119. <\/p>","protected":false},"excerpt":{"rendered":"<p>Czy w Nowy Rok trzeba i\u015b\u0107 do ko\u015bcio\u0142a? Nowy rok, podobnie jak wi\u0119kszo\u015b\u0107 poprzednich \u015bwi\u0105t nie jest \u015bwi\u0119tem nakazanym. W przepisach prawa kanonicznego nie jest wymieniony na li\u015bcie dni, w kt\u00f3rych wierni koniecznie musz\u0105 stawi\u0107 si\u0119 w ko\u015bciele. Dla wielu Nowy Rok jest dniem odpoczynku po hucznej zabawie sylwestrowej. Pami\u0119tajmy jednak, \u017ce jest to r\u00f3wnie\u017c &hellip;<\/p>","protected":false},"author":1,"featured_media":0,"comment_status":"closed","ping_status":"closed","sticky":false,"template":"","format":"standard","meta":{"footnotes":""},"categories":[69],"tags":[],"class_list":["post-1826","post","type-post","status-publish","format-standard","hentry","category-swieta"],"yoast_head":"<!-- This site is optimized with the Yoast SEO plugin v27.5 - https:\/\/yoast.com\/product\/yoast-seo-wordpress\/ -->\n<title>Czy w nowy rok trzeba i\u015b\u0107 do Ko\u015bcio\u0142a? - Chrystus<\/title>\n<meta name=\"description\" content=\"Czy w Nowy Rok trzeba i\u015b\u0107 do ko\u015bcio\u0142a? Nowy rok, podobnie jak wi\u0119kszo\u015b\u0107 poprzednich \u015bwi\u0105t nie jest \u015bwi\u0119tem nakazanym. W przepisach prawa kanonicznego nie\" \/>\n<meta name=\"robots\" content=\"index, follow, max-snippet:-1, max-image-preview:large, max-video-preview:-1\" \/>\n<link rel=\"canonical\" href=\"https:\/\/chrystus.pl\/ru\/\u043d\u043e\u0432\u044b\u0439-\u0433\u043e\u0434-\u043d\u0435\u043e\u0431\u0445\u043e\u0434\u0438\u043c\u043e-\u0434\u0438\u0441\u043a-\u043a-\u0446\u0435\u0440\u043a\u0432\u0438\/\" \/>\n<meta property=\"og:locale\" content=\"ru_RU\" \/>\n<meta property=\"og:type\" content=\"article\" \/>\n<meta property=\"og:title\" content=\"Czy w nowy rok trzeba i\u015b\u0107 do Ko\u015bcio\u0142a? - Chrystus\" \/>\n<meta property=\"og:description\" content=\"Czy w Nowy Rok trzeba i\u015b\u0107 do ko\u015bcio\u0142a? Nowy rok, podobnie jak wi\u0119kszo\u015b\u0107 poprzednich \u015bwi\u0105t nie jest \u015bwi\u0119tem nakazanym. W przepisach prawa kanonicznego nie\" \/>\n<meta property=\"og:url\" content=\"https:\/\/chrystus.pl\/ru\/\u043d\u043e\u0432\u044b\u0439-\u0433\u043e\u0434-\u043d\u0435\u043e\u0431\u0445\u043e\u0434\u0438\u043c\u043e-\u0434\u0438\u0441\u043a-\u043a-\u0446\u0435\u0440\u043a\u0432\u0438\/\" \/>\n<meta property=\"og:site_name\" content=\"Chrystus\" \/>\n<meta property=\"article:published_time\" content=\"2020-07-11T10:53:57+00:00\" \/>\n<meta name=\"author\" content=\"Samarytanka\" \/>\n<meta name=\"twitter:card\" content=\"summary_large_image\" \/>\n<meta name=\"twitter:label1\" content=\"\u041d\u0430\u043f\u0438\u0441\u0430\u043d\u043e \u0430\u0432\u0442\u043e\u0440\u043e\u043c\" \/>\n\t<meta name=\"twitter:data1\" content=\"Samarytanka\" \/>\n\t<meta name=\"twitter:label2\" content=\"\u041f\u0440\u0438\u043c\u0435\u0440\u043d\u043e\u0435 \u0432\u0440\u0435\u043c\u044f \u0434\u043b\u044f \u0447\u0442\u0435\u043d\u0438\u044f\" \/>\n\t<meta name=\"twitter:data2\" content=\"1 \u043c\u0438\u043d\u0443\u0442\u0430\" \/>\n<!-- \/ Yoast SEO plugin. -->","yoast_head_json":{"title":"\u041d\u0443\u0436\u043d\u043e \u043b\u0438 \u0445\u043e\u0434\u0438\u0442\u044c \u0432 \u0446\u0435\u0440\u043a\u043e\u0432\u044c \u0432 \u043d\u043e\u0432\u043e\u043c \u0433\u043e\u0434\u0443? - \u0425\u0440\u0438\u0441\u0442\u043e\u0441","description":"\u041d\u0443\u0436\u043d\u043e \u043b\u0438 \u0445\u043e\u0434\u0438\u0442\u044c \u0432 \u0446\u0435\u0440\u043a\u043e\u0432\u044c \u043d\u0430 \u041d\u043e\u0432\u044b\u0439 \u0433\u043e\u0434? \u041d\u043e\u0432\u044b\u0439 \u0433\u043e\u0434, \u043a\u0430\u043a \u0438 \u0431\u043e\u043b\u044c\u0448\u0438\u043d\u0441\u0442\u0432\u043e \u043f\u0440\u043e\u0448\u043b\u044b\u0445 \u043f\u0440\u0430\u0437\u0434\u043d\u0438\u043a\u043e\u0432, \u043d\u0435 \u044f\u0432\u043b\u044f\u0435\u0442\u0441\u044f \u0437\u0430\u043f\u043e\u0432\u0435\u0434\u043d\u044b\u043c \u043f\u0440\u0430\u0437\u0434\u043d\u0438\u043a\u043e\u043c. \u0412 \u043f\u0440\u0430\u0432\u0438\u043b\u0430\u0445 \u043a\u0430\u043d\u043e\u043d\u0438\u0447\u0435\u0441\u043a\u043e\u0433\u043e \u043f\u0440\u0430\u0432\u0430 \u043d\u0435\u0442","robots":{"index":"index","follow":"follow","max-snippet":"max-snippet:-1","max-image-preview":"max-image-preview:large","max-video-preview":"max-video-preview:-1"},"canonical":"https:\/\/chrystus.pl\/ru\/\u043d\u043e\u0432\u044b\u0439-\u0433\u043e\u0434-\u043d\u0435\u043e\u0431\u0445\u043e\u0434\u0438\u043c\u043e-\u0434\u0438\u0441\u043a-\u043a-\u0446\u0435\u0440\u043a\u0432\u0438\/","og_locale":"ru_RU","og_type":"article","og_title":"Czy w nowy rok trzeba i\u015b\u0107 do Ko\u015bcio\u0142a? - Chrystus","og_description":"Czy w Nowy Rok trzeba i\u015b\u0107 do ko\u015bcio\u0142a? Nowy rok, podobnie jak wi\u0119kszo\u015b\u0107 poprzednich \u015bwi\u0105t nie jest \u015bwi\u0119tem nakazanym. W przepisach prawa kanonicznego nie","og_url":"https:\/\/chrystus.pl\/ru\/\u043d\u043e\u0432\u044b\u0439-\u0433\u043e\u0434-\u043d\u0435\u043e\u0431\u0445\u043e\u0434\u0438\u043c\u043e-\u0434\u0438\u0441\u043a-\u043a-\u0446\u0435\u0440\u043a\u0432\u0438\/","og_site_name":"Chrystus","article_published_time":"2020-07-11T10:53:57+00:00","author":"Samarytanka","twitter_card":"summary_large_image","twitter_misc":{"\u041d\u0430\u043f\u0438\u0441\u0430\u043d\u043e \u0430\u0432\u0442\u043e\u0440\u043e\u043c":"Samarytanka","\u041f\u0440\u0438\u043c\u0435\u0440\u043d\u043e\u0435 \u0432\u0440\u0435\u043c\u044f \u0434\u043b\u044f \u0447\u0442\u0435\u043d\u0438\u044f":"1 \u043c\u0438\u043d\u0443\u0442\u0430"},"schema":{"@context":"https:\/\/schema.org","@graph":[{"@type":"Article","@id":"https:\/\/chrystus.pl\/hu\/do-uj-ev-uj-gyulekezet-szukseges\/#article","isPartOf":{"@id":"https:\/\/chrystus.pl\/hu\/do-uj-ev-uj-gyulekezet-szukseges\/"},"author":{"name":"Samarytanka","@id":"https:\/\/chrystus.pl\/#\/schema\/person\/e2e742452b8b7b2bcd23ea180671d27a"},"headline":"Czy w nowy rok trzeba i\u015b\u0107 do Ko\u015bcio\u0142a?","datePublished":"2020-07-11T10:53:57+00:00","mainEntityOfPage":{"@id":"https:\/\/chrystus.pl\/hu\/do-uj-ev-uj-gyulekezet-szukseges\/"},"wordCount":131,"publisher":{"@id":"https:\/\/chrystus.pl\/#organization"},"articleSection":["\u015awi\u0119ta"],"inLanguage":"ru-RU"},{"@type":"WebPage","@id":"https:\/\/chrystus.pl\/hu\/do-uj-ev-uj-gyulekezet-szukseges\/","url":"https:\/\/chrystus.pl\/hu\/do-uj-ev-uj-gyulekezet-szukseges\/","name":"\u041d\u0443\u0436\u043d\u043e \u043b\u0438 \u0445\u043e\u0434\u0438\u0442\u044c \u0432 \u0446\u0435\u0440\u043a\u043e\u0432\u044c \u0432 \u043d\u043e\u0432\u043e\u043c \u0433\u043e\u0434\u0443? - \u0425\u0440\u0438\u0441\u0442\u043e\u0441","isPartOf":{"@id":"https:\/\/chrystus.pl\/#website"},"datePublished":"2020-07-11T10:53:57+00:00","description":"\u041d\u0443\u0436\u043d\u043e \u043b\u0438 \u0445\u043e\u0434\u0438\u0442\u044c \u0432 \u0446\u0435\u0440\u043a\u043e\u0432\u044c \u043d\u0430 \u041d\u043e\u0432\u044b\u0439 \u0433\u043e\u0434? \u041d\u043e\u0432\u044b\u0439 \u0433\u043e\u0434, \u043a\u0430\u043a \u0438 \u0431\u043e\u043b\u044c\u0448\u0438\u043d\u0441\u0442\u0432\u043e \u043f\u0440\u043e\u0448\u043b\u044b\u0445 \u043f\u0440\u0430\u0437\u0434\u043d\u0438\u043a\u043e\u0432, \u043d\u0435 \u044f\u0432\u043b\u044f\u0435\u0442\u0441\u044f \u0437\u0430\u043f\u043e\u0432\u0435\u0434\u043d\u044b\u043c \u043f\u0440\u0430\u0437\u0434\u043d\u0438\u043a\u043e\u043c. \u0412 \u043f\u0440\u0430\u0432\u0438\u043b\u0430\u0445 \u043a\u0430\u043d\u043e\u043d\u0438\u0447\u0435\u0441\u043a\u043e\u0433\u043e \u043f\u0440\u0430\u0432\u0430 \u043d\u0435\u0442","breadcrumb":{"@id":"https:\/\/chrystus.pl\/hu\/do-uj-ev-uj-gyulekezet-szukseges\/#breadcrumb"},"inLanguage":"ru-RU","potentialAction":[{"@type":"ReadAction","target":["https:\/\/chrystus.pl\/hu\/do-uj-ev-uj-gyulekezet-szukseges\/"]}]},{"@type":"BreadcrumbList","@id":"https:\/\/chrystus.pl\/hu\/do-uj-ev-uj-gyulekezet-szukseges\/#breadcrumb","itemListElement":[{"@type":"ListItem","position":1,"name":"Strona g\u0142\u00f3wna","item":"https:\/\/chrystus.pl\/"},{"@type":"ListItem","position":2,"name":"Czy w nowy rok trzeba i\u015b\u0107 do Ko\u015bcio\u0142a?"}]},{"@type":"WebSite","@id":"https:\/\/chrystus.pl\/#website","url":"https:\/\/chrystus.pl\/","name":"\u0425\u0440\u0438\u0441\u0442\u043e\u0441","description":"\u0411\u043e\u0433, \u041c\u0430\u0440\u0438\u044f, \u0418\u0438\u0441\u0443\u0441, \u041f\u0440\u0438\u0447\u0430\u0441\u0442\u0438\u0435 \u0438 \u043c\u043d\u043e\u0433\u043e\u0435 \u0434\u0440\u0443\u0433\u043e\u0435...","publisher":{"@id":"https:\/\/chrystus.pl\/#organization"},"potentialAction":[{"@type":"SearchAction","target":{"@type":"EntryPoint","urlTemplate":"https:\/\/chrystus.pl\/?s={search_term_string}"},"query-input":{"@type":"PropertyValueSpecification","valueRequired":true,"valueName":"search_term_string"}}],"inLanguage":"ru-RU"},{"@type":"Organization","@id":"https:\/\/chrystus.pl\/#organization","name":"Christ.pl","url":"https:\/\/chrystus.pl\/","logo":{"@type":"ImageObject","inLanguage":"ru-RU","@id":"https:\/\/chrystus.pl\/#\/schema\/logo\/image\/","url":"https:\/\/chrystus.pl\/wp-content\/uploads\/2019\/03\/chrystus-bog-maryja-komunia-bierzmowanie.jpg","contentUrl":"https:\/\/chrystus.pl\/wp-content\/uploads\/2019\/03\/chrystus-bog-maryja-komunia-bierzmowanie.jpg","width":1920,"height":1280,"caption":"Chrystus.pl"},"image":{"@id":"https:\/\/chrystus.pl\/#\/schema\/logo\/image\/"}},{"@type":"Person","@id":"https:\/\/chrystus.pl\/#\/schema\/person\/e2e742452b8b7b2bcd23ea180671d27a","name":"\u0441\u0430\u043c\u0430\u0440\u044f\u043d\u043a\u0430"}]}},"_links":{"self":[{"href":"https:\/\/chrystus.pl\/ru\/wp-json\/wp\/v2\/posts\/1826","targetHints":{"allow":["GET"]}}],"collection":[{"href":"https:\/\/chrystus.pl\/ru\/wp-json\/wp\/v2\/posts"}],"about":[{"href":"https:\/\/chrystus.pl\/ru\/wp-json\/wp\/v2\/types\/post"}],"author":[{"embeddable":true,"href":"https:\/\/chrystus.pl\/ru\/wp-json\/wp\/v2\/users\/1"}],"replies":[{"embeddable":true,"href":"https:\/\/chrystus.pl\/ru\/wp-json\/wp\/v2\/comments?post=1826"}],"version-history":[{"count":0,"href":"https:\/\/chrystus.pl\/ru\/wp-json\/wp\/v2\/posts\/1826\/revisions"}],"wp:attachment":[{"href":"https:\/\/chrystus.pl\/ru\/wp-json\/wp\/v2\/media?parent=1826"}],"wp:term":[{"taxonomy":"category","embeddable":true,"href":"https:\/\/chrystus.pl\/ru\/wp-json\/wp\/v2\/categories?post=1826"},{"taxonomy":"post_tag","embeddable":true,"href":"https:\/\/chrystus.pl\/ru\/wp-json\/wp\/v2\/tags?post=1826"}],"curies":[{"name":"wp","href":"https:\/\/api.w.org\/{rel}","templated":true}]}}