{"id":2111,"date":"2021-07-09T17:54:19","date_gmt":"2021-07-09T17:54:19","guid":{"rendered":"https:\/\/chrystus.pl\/?p=2111"},"modified":"2021-07-09T17:54:23","modified_gmt":"2021-07-09T17:54:23","slug":"w-ktorym-roku-umarl-jezus","status":"publish","type":"post","link":"https:\/\/chrystus.pl\/ru\/w-ktorym-roku-umarl-jezus\/","title":{"rendered":"\u0412 \u043a\u0430\u043a\u043e\u043c \u0433\u043e\u0434\u0443 \u0443\u043c\u0435\u0440 \u0418\u0438\u0441\u0443\u0441?"},"content":{"rendered":"<p>Nie wiemy dok\u0142adnie, kiedy Jezus umar\u0142. Ale wiemy z Biblii, \u017ce zosta\u0142 ukrzy\u017cowany w \u015brod\u0119 10-go Nisan w \u017cydowskim kalendarzu ksi\u0119\u017cycowo-s\u0142onecznym, oko\u0142o 30 r. n.e. (zbieg\u0142o si\u0119 to z 3 na 4 kwietnia). Zosta\u0142 pochowany przed zachodem s\u0142o\u0144ca w pi\u0105tek w pobliskim rodzinnym grobowcu <a href=\"https:\/\/chrystus.pl\/ru\/modlitwa-w-sprawach-trudnych-i-beznadziejnych-do-sw-jozefa\/\">Joseph<\/a> \u0438 \u0432\u0437\u043e\u0448\u043b\u0430 \u0432 \u0432\u043e\u0441\u043a\u0440\u0435\u0441\u0435\u043d\u044c\u0435 \u0443\u0442\u0440\u043e\u043c \u043f\u043e\u0441\u043b\u0435 \u0432\u043e\u0441\u0445\u043e\u0434\u0430 \u0441\u043e\u043b\u043d\u0446\u0430 \u0432 \u0441\u0443\u0431\u0431\u043e\u0442\u0443 \u0432\u0435\u0447\u0435\u0440\u043e\u043c.<\/p>\n\n\n\n<p>By\u0107 mo\u017ce s\u0142ysza\u0142e\u015b, \u017ce Jezus umar\u0142 przez ukrzy\u017cowanie. Ale czy wiesz, kt\u00f3rego dnia zosta\u0142 ukrzy\u017cowany? To \u015broda, 10 kwietnia 30 roku n.e. Co ta data oznacza dla nas? Jest to szczeg\u00f3lny dzie\u0144! Oznacza to, \u017ce jest to 3-4 kwietnia we wsp\u00f3\u0142czesnym kalendarzu i jest to pierwszy raz, kiedy mo\u017cemy by\u0107 pewni, kiedy Jezus umar\u0142, poniewa\u017c zosta\u0142 pochowany przed zachodem s\u0142o\u0144ca w pi\u0105tek i zmartwychwsta\u0142 po wschodzie s\u0142o\u0144ca w niedziel\u0119 rano.<br>\u0417\u0430 \u0434\u0435\u043d\u044c \u0434\u043e \u0441\u0432\u043e\u0435\u0439 \u0441\u043c\u0435\u0440\u0442\u0438 \u0418\u0438\u0441\u0443\u0441 \u0433\u043e\u0442\u043e\u0432\u0438\u043b\u0441\u044f \u043d\u0430\u0447\u0430\u0442\u044c \u043d\u043e\u0432\u0443\u044e \u0436\u0438\u0437\u043d\u044c. \u041d\u0430 \u043f\u0440\u043e\u0442\u044f\u0436\u0435\u043d\u0438\u0438 \u043c\u043d\u043e\u0433\u0438\u0445 \u043b\u0435\u0442 \u043e\u043d \u0445\u043e\u0434\u0438\u043b \u043d\u0430 \u0440\u044b\u043d\u043e\u043a \u0441 \u0441\u0435\u043c\u044c\u0435\u0439 \u0438 \u0434\u0440\u0443\u0437\u044c\u044f\u043c\u0438 \u043f\u043e \u043f\u044f\u0442\u043d\u0438\u0446\u0430\u043c, \u043d\u043e \u0432 \u044d\u0442\u043e\u0442 \u0440\u0430\u0437 \u0432\u0441\u0435 \u0431\u044b\u043b\u043e \u043f\u043e-\u0434\u0440\u0443\u0433\u043e\u043c\u0443. \u041e\u043d\u0438 \u0441\u043e\u0431\u0438\u0440\u0430\u043b\u0438\u0441\u044c \u0432 \u044d\u0442\u0443 \u043f\u044f\u0442\u043d\u0438\u0446\u0443 \u0442\u043e\u043b\u044c\u043a\u043e \u043f\u043e\u0442\u043e\u043c\u0443, \u0447\u0442\u043e \u044d\u0442\u043e \u0431\u044b\u043b \u041f\u0435\u0441\u0430\u0445.<\/p>","protected":false},"excerpt":{"rendered":"<p>Nie wiemy dok\u0142adnie, kiedy Jezus umar\u0142. Ale wiemy z Biblii, \u017ce zosta\u0142 ukrzy\u017cowany w \u015brod\u0119 10-go Nisan w \u017cydowskim kalendarzu ksi\u0119\u017cycowo-s\u0142onecznym, oko\u0142o 30 r. n.e. (zbieg\u0142o si\u0119 to z 3 na 4 kwietnia). Zosta\u0142 pochowany przed zachodem s\u0142o\u0144ca w pi\u0105tek w pobliskim rodzinnym grobowcu J\u00f3zefa i zmartwychwsta\u0142 w niedziel\u0119 rano po wschodzie s\u0142o\u0144ca w sobotni\u0105 &hellip;<\/p>","protected":false},"author":1,"featured_media":0,"comment_status":"closed","ping_status":"closed","sticky":false,"template":"","format":"standard","meta":{"footnotes":""},"categories":[61],"tags":[],"class_list":["post-2111","post","type-post","status-publish","format-standard","hentry","category-chrystus"],"yoast_head":"<!-- This site is optimized with the Yoast SEO plugin v27.5 - https:\/\/yoast.com\/product\/yoast-seo-wordpress\/ -->\n<title>W kt\u00f3rym roku umar\u0142 Jezus? - Chrystus<\/title>\n<meta name=\"description\" content=\"Nie wiemy dok\u0142adnie, kiedy Jezus umar\u0142. Ale wiemy z Biblii, \u017ce zosta\u0142 ukrzy\u017cowany w \u015brod\u0119 10-go Nisan w \u017cydowskim kalendarzu ksi\u0119\u017cycowo-s\u0142onecznym, oko\u0142o\" \/>\n<meta name=\"robots\" content=\"index, follow, max-snippet:-1, max-image-preview:large, max-video-preview:-1\" \/>\n<link rel=\"canonical\" href=\"https:\/\/chrystus.pl\/ru\/\u0432-\u043a\u0430\u043a\u043e\u043c-\u0433\u043e\u0434\u0443-\u0443\u043c\u0430\u0440\u043b-\u0434\u0436\u0435\u0443\u0441\/\" \/>\n<meta property=\"og:locale\" content=\"ru_RU\" \/>\n<meta property=\"og:type\" content=\"article\" \/>\n<meta property=\"og:title\" content=\"W kt\u00f3rym roku umar\u0142 Jezus? - Chrystus\" \/>\n<meta property=\"og:description\" content=\"Nie wiemy dok\u0142adnie, kiedy Jezus umar\u0142. Ale wiemy z Biblii, \u017ce zosta\u0142 ukrzy\u017cowany w \u015brod\u0119 10-go Nisan w \u017cydowskim kalendarzu ksi\u0119\u017cycowo-s\u0142onecznym, oko\u0142o\" \/>\n<meta property=\"og:url\" content=\"https:\/\/chrystus.pl\/ru\/\u0432-\u043a\u0430\u043a\u043e\u043c-\u0433\u043e\u0434\u0443-\u0443\u043c\u0430\u0440\u043b-\u0434\u0436\u0435\u0443\u0441\/\" \/>\n<meta property=\"og:site_name\" content=\"Chrystus\" \/>\n<meta property=\"article:published_time\" content=\"2021-07-09T17:54:19+00:00\" \/>\n<meta property=\"article:modified_time\" content=\"2021-07-09T17:54:23+00:00\" \/>\n<meta name=\"author\" content=\"Samarytanka\" \/>\n<meta name=\"twitter:card\" content=\"summary_large_image\" \/>\n<meta name=\"twitter:label1\" content=\"\u041d\u0430\u043f\u0438\u0441\u0430\u043d\u043e \u0430\u0432\u0442\u043e\u0440\u043e\u043c\" \/>\n\t<meta name=\"twitter:data1\" content=\"Samarytanka\" \/>\n\t<meta name=\"twitter:label2\" content=\"\u041f\u0440\u0438\u043c\u0435\u0440\u043d\u043e\u0435 \u0432\u0440\u0435\u043c\u044f \u0434\u043b\u044f \u0447\u0442\u0435\u043d\u0438\u044f\" \/>\n\t<meta name=\"twitter:data2\" content=\"1 \u043c\u0438\u043d\u0443\u0442\u0430\" \/>\n<!-- \/ Yoast SEO plugin. -->","yoast_head_json":{"title":"\u0412 \u043a\u0430\u043a\u043e\u043c \u0433\u043e\u0434\u0443 \u0443\u043c\u0435\u0440 \u0418\u0438\u0441\u0443\u0441? - \u0425\u0440\u0438\u0441\u0442\u043e\u0441","description":"\u041c\u044b \u043d\u0435 \u0437\u043d\u0430\u0435\u043c \u0442\u043e\u0447\u043d\u043e, \u043a\u043e\u0433\u0434\u0430 \u0443\u043c\u0435\u0440 \u0418\u0438\u0441\u0443\u0441. \u041d\u043e \u0438\u0437 \u0411\u0438\u0431\u043b\u0438\u0438 \u043c\u044b \u0437\u043d\u0430\u0435\u043c, \u0447\u0442\u043e \u041e\u043d \u0431\u044b\u043b \u0440\u0430\u0441\u043f\u044f\u0442 \u0432 \u0441\u0440\u0435\u0434\u0443 10-\u0433\u043e \u043d\u0438\u0441\u0430\u043d\u0430 \u043f\u043e \u0435\u0432\u0440\u0435\u0439\u0441\u043a\u043e\u043c\u0443 \u043b\u0443\u043d\u043d\u043e-\u0441\u043e\u043b\u043d\u0435\u0447\u043d\u043e\u043c\u0443 \u043a\u0430\u043b\u0435\u043d\u0434\u0430\u0440\u044e, \u043e\u043a\u043e\u043b\u043e","robots":{"index":"index","follow":"follow","max-snippet":"max-snippet:-1","max-image-preview":"max-image-preview:large","max-video-preview":"max-video-preview:-1"},"canonical":"https:\/\/chrystus.pl\/ru\/\u0432-\u043a\u0430\u043a\u043e\u043c-\u0433\u043e\u0434\u0443-\u0443\u043c\u0430\u0440\u043b-\u0434\u0436\u0435\u0443\u0441\/","og_locale":"ru_RU","og_type":"article","og_title":"W kt\u00f3rym roku umar\u0142 Jezus? - Chrystus","og_description":"Nie wiemy dok\u0142adnie, kiedy Jezus umar\u0142. Ale wiemy z Biblii, \u017ce zosta\u0142 ukrzy\u017cowany w \u015brod\u0119 10-go Nisan w \u017cydowskim kalendarzu ksi\u0119\u017cycowo-s\u0142onecznym, oko\u0142o","og_url":"https:\/\/chrystus.pl\/ru\/\u0432-\u043a\u0430\u043a\u043e\u043c-\u0433\u043e\u0434\u0443-\u0443\u043c\u0430\u0440\u043b-\u0434\u0436\u0435\u0443\u0441\/","og_site_name":"Chrystus","article_published_time":"2021-07-09T17:54:19+00:00","article_modified_time":"2021-07-09T17:54:23+00:00","author":"Samarytanka","twitter_card":"summary_large_image","twitter_misc":{"\u041d\u0430\u043f\u0438\u0441\u0430\u043d\u043e \u0430\u0432\u0442\u043e\u0440\u043e\u043c":"Samarytanka","\u041f\u0440\u0438\u043c\u0435\u0440\u043d\u043e\u0435 \u0432\u0440\u0435\u043c\u044f \u0434\u043b\u044f \u0447\u0442\u0435\u043d\u0438\u044f":"1 \u043c\u0438\u043d\u0443\u0442\u0430"},"schema":{"@context":"https:\/\/schema.org","@graph":[{"@type":"Article","@id":"https:\/\/chrystus.pl\/w-ktorym-roku-umarl-jezus\/#article","isPartOf":{"@id":"https:\/\/chrystus.pl\/w-ktorym-roku-umarl-jezus\/"},"author":{"name":"Samarytanka","@id":"https:\/\/chrystus.pl\/#\/schema\/person\/e2e742452b8b7b2bcd23ea180671d27a"},"headline":"W kt\u00f3rym roku umar\u0142 Jezus?","datePublished":"2021-07-09T17:54:19+00:00","dateModified":"2021-07-09T17:54:23+00:00","mainEntityOfPage":{"@id":"https:\/\/chrystus.pl\/w-ktorym-roku-umarl-jezus\/"},"wordCount":197,"publisher":{"@id":"https:\/\/chrystus.pl\/#organization"},"articleSection":["Chrystus"],"inLanguage":"ru-RU"},{"@type":"WebPage","@id":"https:\/\/chrystus.pl\/w-ktorym-roku-umarl-jezus\/","url":"https:\/\/chrystus.pl\/w-ktorym-roku-umarl-jezus\/","name":"\u0412 \u043a\u0430\u043a\u043e\u043c \u0433\u043e\u0434\u0443 \u0443\u043c\u0435\u0440 \u0418\u0438\u0441\u0443\u0441? - \u0425\u0440\u0438\u0441\u0442\u043e\u0441","isPartOf":{"@id":"https:\/\/chrystus.pl\/#website"},"datePublished":"2021-07-09T17:54:19+00:00","dateModified":"2021-07-09T17:54:23+00:00","description":"\u041c\u044b \u043d\u0435 \u0437\u043d\u0430\u0435\u043c \u0442\u043e\u0447\u043d\u043e, \u043a\u043e\u0433\u0434\u0430 \u0443\u043c\u0435\u0440 \u0418\u0438\u0441\u0443\u0441. \u041d\u043e \u0438\u0437 \u0411\u0438\u0431\u043b\u0438\u0438 \u043c\u044b \u0437\u043d\u0430\u0435\u043c, \u0447\u0442\u043e \u041e\u043d \u0431\u044b\u043b \u0440\u0430\u0441\u043f\u044f\u0442 \u0432 \u0441\u0440\u0435\u0434\u0443 10-\u0433\u043e \u043d\u0438\u0441\u0430\u043d\u0430 \u043f\u043e \u0435\u0432\u0440\u0435\u0439\u0441\u043a\u043e\u043c\u0443 \u043b\u0443\u043d\u043d\u043e-\u0441\u043e\u043b\u043d\u0435\u0447\u043d\u043e\u043c\u0443 \u043a\u0430\u043b\u0435\u043d\u0434\u0430\u0440\u044e, \u043e\u043a\u043e\u043b\u043e","breadcrumb":{"@id":"https:\/\/chrystus.pl\/w-ktorym-roku-umarl-jezus\/#breadcrumb"},"inLanguage":"ru-RU","potentialAction":[{"@type":"ReadAction","target":["https:\/\/chrystus.pl\/w-ktorym-roku-umarl-jezus\/"]}]},{"@type":"BreadcrumbList","@id":"https:\/\/chrystus.pl\/w-ktorym-roku-umarl-jezus\/#breadcrumb","itemListElement":[{"@type":"ListItem","position":1,"name":"Strona g\u0142\u00f3wna","item":"https:\/\/chrystus.pl\/"},{"@type":"ListItem","position":2,"name":"W kt\u00f3rym roku umar\u0142 Jezus?"}]},{"@type":"WebSite","@id":"https:\/\/chrystus.pl\/#website","url":"https:\/\/chrystus.pl\/","name":"\u0425\u0440\u0438\u0441\u0442\u043e\u0441","description":"\u0411\u043e\u0433, \u041c\u0430\u0440\u0438\u044f, \u0418\u0438\u0441\u0443\u0441, \u041f\u0440\u0438\u0447\u0430\u0441\u0442\u0438\u0435 \u0438 \u043c\u043d\u043e\u0433\u043e\u0435 \u0434\u0440\u0443\u0433\u043e\u0435...","publisher":{"@id":"https:\/\/chrystus.pl\/#organization"},"potentialAction":[{"@type":"SearchAction","target":{"@type":"EntryPoint","urlTemplate":"https:\/\/chrystus.pl\/?s={search_term_string}"},"query-input":{"@type":"PropertyValueSpecification","valueRequired":true,"valueName":"search_term_string"}}],"inLanguage":"ru-RU"},{"@type":"Organization","@id":"https:\/\/chrystus.pl\/#organization","name":"Christ.pl","url":"https:\/\/chrystus.pl\/","logo":{"@type":"ImageObject","inLanguage":"ru-RU","@id":"https:\/\/chrystus.pl\/#\/schema\/logo\/image\/","url":"https:\/\/chrystus.pl\/wp-content\/uploads\/2019\/03\/chrystus-bog-maryja-komunia-bierzmowanie.jpg","contentUrl":"https:\/\/chrystus.pl\/wp-content\/uploads\/2019\/03\/chrystus-bog-maryja-komunia-bierzmowanie.jpg","width":1920,"height":1280,"caption":"Chrystus.pl"},"image":{"@id":"https:\/\/chrystus.pl\/#\/schema\/logo\/image\/"}},{"@type":"Person","@id":"https:\/\/chrystus.pl\/#\/schema\/person\/e2e742452b8b7b2bcd23ea180671d27a","name":"\u0441\u0430\u043c\u0430\u0440\u044f\u043d\u043a\u0430"}]}},"_links":{"self":[{"href":"https:\/\/chrystus.pl\/ru\/wp-json\/wp\/v2\/posts\/2111","targetHints":{"allow":["GET"]}}],"collection":[{"href":"https:\/\/chrystus.pl\/ru\/wp-json\/wp\/v2\/posts"}],"about":[{"href":"https:\/\/chrystus.pl\/ru\/wp-json\/wp\/v2\/types\/post"}],"author":[{"embeddable":true,"href":"https:\/\/chrystus.pl\/ru\/wp-json\/wp\/v2\/users\/1"}],"replies":[{"embeddable":true,"href":"https:\/\/chrystus.pl\/ru\/wp-json\/wp\/v2\/comments?post=2111"}],"version-history":[{"count":0,"href":"https:\/\/chrystus.pl\/ru\/wp-json\/wp\/v2\/posts\/2111\/revisions"}],"wp:attachment":[{"href":"https:\/\/chrystus.pl\/ru\/wp-json\/wp\/v2\/media?parent=2111"}],"wp:term":[{"taxonomy":"category","embeddable":true,"href":"https:\/\/chrystus.pl\/ru\/wp-json\/wp\/v2\/categories?post=2111"},{"taxonomy":"post_tag","embeddable":true,"href":"https:\/\/chrystus.pl\/ru\/wp-json\/wp\/v2\/tags?post=2111"}],"curies":[{"name":"wp","href":"https:\/\/api.w.org\/{rel}","templated":true}]}}