{"id":2139,"date":"2021-09-21T05:30:56","date_gmt":"2021-09-21T05:30:56","guid":{"rendered":"https:\/\/chrystus.pl\/?p=2139"},"modified":"2021-09-21T05:30:59","modified_gmt":"2021-09-21T05:30:59","slug":"dlaczego-in-vitro-to-grzech","status":"publish","type":"post","link":"https:\/\/chrystus.pl\/sk\/dlaczego-in-vitro-to-grzech\/","title":{"rendered":"Pre\u010do je in vitro hriech?"},"content":{"rendered":"<p><a href=\"https:\/\/chrystus.pl\/sk\/tajemnica-szczescia-jak-modlic-sie-z-sercem\/\">Z\u00e1hada<\/a> \u017cycia cz\u0142owieka rozpoczyna si\u0119 w momencie jego pocz\u0119cia. Jest to niezwykle wa\u017cny moment dla ka\u017cdego z nas, poniewa\u017c wtedy stali\u015bmy si\u0119 tym, czym jeste\u015bmy obecnie \u2013 ka\u017cdy z nas zosta\u0142 cz\u0142owiekiem, z niezbywalnym elementem godno\u015bci ludzkiej. Pod dzia\u0142aniem czasu, warunk\u00f3w \u015brodowiska i pomocy innych ludzi zmienili\u015bmy si\u0119, uro\u015bli\u015bmy, jednak w istocie pozostali\u015bmy tym samym \u2013 dzie\u0107mi Boga, takimi samymi jak przed narodzinami. Dlaczego jednak nowoczesne metody budz\u0105 w\u0105tpliwo\u015bci moralne? Dlaczego in vitro to grzech?<\/p>\n\n\n\n<p>T\u00e1to t\u00e9ma je mimoriadne rozsiahla a dalo by sa o nej p\u00edsa\u0165 na mnoh\u00fdch stran\u00e1ch, najm\u00e4 ak zv\u00e1\u017eime n\u00e1zory \u013eud\u00ed, ktor\u00ed napr\u00edklad nem\u00f4\u017eu otehotnie\u0165 prirodzenou cestou. Napriek tomu katol\u00edcka cirkev pova\u017euje umel\u00e9 oplodnenie za hriech, preto\u017ee je v rozpore s prirodzen\u00fdm prenosom \u017eivota. Okrem toho sa v procese umel\u00e9ho oplodnenia pou\u017e\u00edvaj\u00fa aj in\u00e9 plody a potom sa vyberie ten s najlep\u0161ou progn\u00f3zou. Z tohto poh\u013eadu je in vitro neetick\u00e9 a uznan\u00e9 za hriech, preto\u017ee \u013eudsk\u00e9 bytosti sa hodnotia pod\u013ea ich stavu; navy\u0161e niektor\u00fdm plodom nie je umo\u017enen\u00fd prirodzen\u00fd v\u00fdvoj, \u010do je pod\u013ea Cirkvi neprijate\u013en\u00e9.<\/p>\n\n\n\n<p>Odpor\u00fa\u010dame v\u00e1m, aby ste sledovali najnov\u0161ie inform\u00e1cie o tejto t\u00e9me a roz\u0161\u00edrili si tak svoje vedomosti o IVF a lie\u010dbe neplodnosti.<\/p>","protected":false},"excerpt":{"rendered":"<p>Tajemnica \u017cycia cz\u0142owieka rozpoczyna si\u0119 w momencie jego pocz\u0119cia. Jest to niezwykle wa\u017cny moment dla ka\u017cdego z nas, poniewa\u017c wtedy stali\u015bmy si\u0119 tym, czym jeste\u015bmy obecnie \u2013 ka\u017cdy z nas zosta\u0142 cz\u0142owiekiem, z niezbywalnym elementem godno\u015bci ludzkiej. Pod dzia\u0142aniem czasu, warunk\u00f3w \u015brodowiska i pomocy innych ludzi zmienili\u015bmy si\u0119, uro\u015bli\u015bmy, jednak w istocie pozostali\u015bmy tym samym &hellip;<\/p>","protected":false},"author":1,"featured_media":0,"comment_status":"closed","ping_status":"closed","sticky":false,"template":"","format":"standard","meta":{"footnotes":""},"categories":[33],"tags":[],"class_list":["post-2139","post","type-post","status-publish","format-standard","hentry","category-kosciol"],"yoast_head":"<!-- This site is optimized with the Yoast SEO plugin v27.5 - https:\/\/yoast.com\/product\/yoast-seo-wordpress\/ -->\n<title>Dlaczego in vitro to grzech? - Chrystus<\/title>\n<meta name=\"description\" content=\"Tajemnica \u017cycia cz\u0142owieka rozpoczyna si\u0119 w momencie jego pocz\u0119cia. Jest to niezwykle wa\u017cny moment dla ka\u017cdego z nas, poniewa\u017c wtedy stali\u015bmy si\u0119 tym, czym\" \/>\n<meta name=\"robots\" content=\"index, follow, max-snippet:-1, max-image-preview:large, max-video-preview:-1\" \/>\n<link rel=\"canonical\" href=\"https:\/\/chrystus.pl\/sk\/preco-je-in-vitro-hriech\/\" \/>\n<meta property=\"og:locale\" content=\"sk_SK\" \/>\n<meta property=\"og:type\" content=\"article\" \/>\n<meta property=\"og:title\" content=\"Dlaczego in vitro to grzech? - Chrystus\" \/>\n<meta property=\"og:description\" content=\"Tajemnica \u017cycia cz\u0142owieka rozpoczyna si\u0119 w momencie jego pocz\u0119cia. Jest to niezwykle wa\u017cny moment dla ka\u017cdego z nas, poniewa\u017c wtedy stali\u015bmy si\u0119 tym, czym\" \/>\n<meta property=\"og:url\" content=\"https:\/\/chrystus.pl\/sk\/preco-je-in-vitro-hriech\/\" \/>\n<meta property=\"og:site_name\" content=\"Chrystus\" \/>\n<meta property=\"article:published_time\" content=\"2021-09-21T05:30:56+00:00\" \/>\n<meta property=\"article:modified_time\" content=\"2021-09-21T05:30:59+00:00\" \/>\n<meta name=\"author\" content=\"Samarytanka\" \/>\n<meta name=\"twitter:card\" content=\"summary_large_image\" \/>\n<meta name=\"twitter:label1\" content=\"Autor\" \/>\n\t<meta name=\"twitter:data1\" content=\"Samarytanka\" \/>\n\t<meta name=\"twitter:label2\" content=\"Predpokladan\u00fd \u010das \u010d\u00edtania\" \/>\n\t<meta name=\"twitter:data2\" content=\"1 min\u00fata\" \/>\n<!-- \/ Yoast SEO plugin. -->","yoast_head_json":{"title":"Pre\u010do je in vitro hriech? - Kristus","description":"Tajomstvo \u013eudsk\u00e9ho \u017eivota sa za\u010d\u00edna v okamihu po\u010datia. Je to nesmierne d\u00f4le\u017eit\u00fd moment pre ka\u017ed\u00e9ho z n\u00e1s, preto\u017ee vtedy sme sa stali t\u00fdm, \u010d\u00edm sme","robots":{"index":"index","follow":"follow","max-snippet":"max-snippet:-1","max-image-preview":"max-image-preview:large","max-video-preview":"max-video-preview:-1"},"canonical":"https:\/\/chrystus.pl\/sk\/preco-je-in-vitro-hriech\/","og_locale":"sk_SK","og_type":"article","og_title":"Dlaczego in vitro to grzech? - Chrystus","og_description":"Tajemnica \u017cycia cz\u0142owieka rozpoczyna si\u0119 w momencie jego pocz\u0119cia. Jest to niezwykle wa\u017cny moment dla ka\u017cdego z nas, poniewa\u017c wtedy stali\u015bmy si\u0119 tym, czym","og_url":"https:\/\/chrystus.pl\/sk\/preco-je-in-vitro-hriech\/","og_site_name":"Chrystus","article_published_time":"2021-09-21T05:30:56+00:00","article_modified_time":"2021-09-21T05:30:59+00:00","author":"Samarytanka","twitter_card":"summary_large_image","twitter_misc":{"Autor":"Samarytanka","Predpokladan\u00fd \u010das \u010d\u00edtania":"1 min\u00fata"},"schema":{"@context":"https:\/\/schema.org","@graph":[{"@type":"Article","@id":"https:\/\/chrystus.pl\/fr\/pourquoi-in-vitro-a-sin\/#article","isPartOf":{"@id":"https:\/\/chrystus.pl\/fr\/pourquoi-in-vitro-a-sin\/"},"author":{"name":"Samarytanka","@id":"https:\/\/chrystus.pl\/#\/schema\/person\/e2e742452b8b7b2bcd23ea180671d27a"},"headline":"Dlaczego in vitro to grzech?","datePublished":"2021-09-21T05:30:56+00:00","dateModified":"2021-09-21T05:30:59+00:00","mainEntityOfPage":{"@id":"https:\/\/chrystus.pl\/fr\/pourquoi-in-vitro-a-sin\/"},"wordCount":243,"publisher":{"@id":"https:\/\/chrystus.pl\/#organization"},"articleSection":["Ko\u015bci\u00f3\u0142"],"inLanguage":"sk-SK"},{"@type":"WebPage","@id":"https:\/\/chrystus.pl\/fr\/pourquoi-in-vitro-a-sin\/","url":"https:\/\/chrystus.pl\/fr\/pourquoi-in-vitro-a-sin\/","name":"Pre\u010do je in vitro hriech? - Kristus","isPartOf":{"@id":"https:\/\/chrystus.pl\/#website"},"datePublished":"2021-09-21T05:30:56+00:00","dateModified":"2021-09-21T05:30:59+00:00","description":"Tajomstvo \u013eudsk\u00e9ho \u017eivota sa za\u010d\u00edna v okamihu po\u010datia. Je to nesmierne d\u00f4le\u017eit\u00fd moment pre ka\u017ed\u00e9ho z n\u00e1s, preto\u017ee vtedy sme sa stali t\u00fdm, \u010d\u00edm sme","breadcrumb":{"@id":"https:\/\/chrystus.pl\/fr\/pourquoi-in-vitro-a-sin\/#breadcrumb"},"inLanguage":"sk-SK","potentialAction":[{"@type":"ReadAction","target":["https:\/\/chrystus.pl\/fr\/pourquoi-in-vitro-a-sin\/"]}]},{"@type":"BreadcrumbList","@id":"https:\/\/chrystus.pl\/fr\/pourquoi-in-vitro-a-sin\/#breadcrumb","itemListElement":[{"@type":"ListItem","position":1,"name":"Strona g\u0142\u00f3wna","item":"https:\/\/chrystus.pl\/"},{"@type":"ListItem","position":2,"name":"Dlaczego in vitro to grzech?"}]},{"@type":"WebSite","@id":"https:\/\/chrystus.pl\/#website","url":"https:\/\/chrystus.pl\/","name":"Kristus","description":"Boh, M\u00e1ria, Je\u017ei\u0161, prij\u00edmanie a \u010fal\u0161ie","publisher":{"@id":"https:\/\/chrystus.pl\/#organization"},"potentialAction":[{"@type":"SearchAction","target":{"@type":"EntryPoint","urlTemplate":"https:\/\/chrystus.pl\/?s={search_term_string}"},"query-input":{"@type":"PropertyValueSpecification","valueRequired":true,"valueName":"search_term_string"}}],"inLanguage":"sk-SK"},{"@type":"Organization","@id":"https:\/\/chrystus.pl\/#organization","name":"Christ.pl","url":"https:\/\/chrystus.pl\/","logo":{"@type":"ImageObject","inLanguage":"sk-SK","@id":"https:\/\/chrystus.pl\/#\/schema\/logo\/image\/","url":"https:\/\/chrystus.pl\/wp-content\/uploads\/2019\/03\/chrystus-bog-maryja-komunia-bierzmowanie.jpg","contentUrl":"https:\/\/chrystus.pl\/wp-content\/uploads\/2019\/03\/chrystus-bog-maryja-komunia-bierzmowanie.jpg","width":1920,"height":1280,"caption":"Chrystus.pl"},"image":{"@id":"https:\/\/chrystus.pl\/#\/schema\/logo\/image\/"}},{"@type":"Person","@id":"https:\/\/chrystus.pl\/#\/schema\/person\/e2e742452b8b7b2bcd23ea180671d27a","name":"Samarit\u00e1nka"}]}},"_links":{"self":[{"href":"https:\/\/chrystus.pl\/sk\/wp-json\/wp\/v2\/posts\/2139","targetHints":{"allow":["GET"]}}],"collection":[{"href":"https:\/\/chrystus.pl\/sk\/wp-json\/wp\/v2\/posts"}],"about":[{"href":"https:\/\/chrystus.pl\/sk\/wp-json\/wp\/v2\/types\/post"}],"author":[{"embeddable":true,"href":"https:\/\/chrystus.pl\/sk\/wp-json\/wp\/v2\/users\/1"}],"replies":[{"embeddable":true,"href":"https:\/\/chrystus.pl\/sk\/wp-json\/wp\/v2\/comments?post=2139"}],"version-history":[{"count":0,"href":"https:\/\/chrystus.pl\/sk\/wp-json\/wp\/v2\/posts\/2139\/revisions"}],"wp:attachment":[{"href":"https:\/\/chrystus.pl\/sk\/wp-json\/wp\/v2\/media?parent=2139"}],"wp:term":[{"taxonomy":"category","embeddable":true,"href":"https:\/\/chrystus.pl\/sk\/wp-json\/wp\/v2\/categories?post=2139"},{"taxonomy":"post_tag","embeddable":true,"href":"https:\/\/chrystus.pl\/sk\/wp-json\/wp\/v2\/tags?post=2139"}],"curies":[{"name":"wp","href":"https:\/\/api.w.org\/{rel}","templated":true}]}}