{"id":2146,"date":"2021-09-24T23:45:42","date_gmt":"2021-09-24T23:45:42","guid":{"rendered":"https:\/\/chrystus.pl\/?p=2146"},"modified":"2021-09-24T23:45:44","modified_gmt":"2021-09-24T23:45:44","slug":"czym-jest-niedziela-dla-chrzescijanina","status":"publish","type":"post","link":"https:\/\/chrystus.pl\/sk\/czym-jest-niedziela-dla-chrzescijanina\/","title":{"rendered":"\u010co je pre kres\u0165ana nede\u013ea?"},"content":{"rendered":"<p>Czym jest niedziela dla chrze\u015bcijanina? Przede wszystkim cotygodniowym wspomnieniem zmartwychwstania Jezusa Chrystusa. Wed\u0142ug zapis\u00f3w Ewangelii Jezus zmartwychwsta\u0142 i objawi\u0142 si\u0119 uczniom pierwszego dnia po szabacie, czyli w niedziel\u0119.<\/p>\n\n\n\n<p>Symbolicznie niedziela pozostaje dla chrze\u015bcijan pierwszym dniem tygodnia. W Ksi\u0119dze Rodzaju znajduje si\u0119 opis stworzenia. Zgodnie z nim si\u00f3dmy dzie\u0144 B\u00f3g przeznaczy\u0142 na odpoczynek. W kr\u0119gach cywilizacji chrze\u015bcija\u0144skiej niedziela pozostaje dniem wolnym od pracy. Nawet pierwsze przykazanie ko\u015bcielne brzmi: \u201eW niedziele i \u015bwi\u0119ta nakazane uczestniczy\u0107 we mszy \u015bwi\u0119tej i powstrzyma\u0107 si\u0119 od prac niekoniecznych\u201d. R\u00f3wnie\u017c czwarte przykazanie bo\u017ce m\u00f3wi, aby \u201edzie\u0144 \u015bwi\u0119ty \u015bwi\u0119ci\u0107\u201d.<\/p>\n\n\n\n<p>Nede\u013ea je pre kres\u0165anov ur\u010dite v\u00fdnimo\u010dn\u00fdm d\u0148om. Preto by sme mali dba\u0165 na to, aby sme ho pre\u017e\u00edvali d\u00f4stojne. Povinnos\u0165ou ka\u017ed\u00e9ho kres\u0165ana je z\u00fa\u010dastni\u0165 sa na nede\u013enej sv\u00e4tej om\u0161i (alebo v sobotu po 16. hodine). Na\u0161e sl\u00e1venie nedele by sa v\u0161ak nemalo obmedzova\u0165 len na bohoslu\u017eby.<\/p>\n\n\n\n<p>Nede\u013ea je ide\u00e1lnym d\u0148om na tr\u00e1venie \u010dasu s bl\u00edzkymi. Najm\u00e4 v dne\u0161nom svete, ktor\u00fd n\u00e1s n\u00fati pon\u00e1h\u013ea\u0165 sa. Je to \u010das na rozj\u00edmanie, \u010das na spolo\u010dn\u00fa modlitbu. Pok\u00fasme sa str\u00e1vi\u0165 nede\u013eu v uvo\u013enenej atmosf\u00e9re, najlep\u0161ie pri spolo\u010dnom obede. Budovanie rodinn\u00fdch v\u00e4zieb a posil\u0148ovanie komunity je dobr\u00fd a v\u00edtan\u00fd \u010din. Z\u00e1rove\u0148 nezab\u00fadajme na Krista, ktor\u00fd v tento de\u0148 \"zomrel na kr\u00ed\u017ei za n\u00e1s, za na\u0161u sp\u00e1su\".<\/p>","protected":false},"excerpt":{"rendered":"<p>Czym jest niedziela dla chrze\u015bcijanina? Przede wszystkim cotygodniowym wspomnieniem zmartwychwstania Jezusa Chrystusa. Wed\u0142ug zapis\u00f3w Ewangelii Jezus zmartwychwsta\u0142 i objawi\u0142 si\u0119 uczniom pierwszego dnia po szabacie, czyli w niedziel\u0119. Symbolicznie niedziela pozostaje dla chrze\u015bcijan pierwszym dniem tygodnia. W Ksi\u0119dze Rodzaju znajduje si\u0119 opis stworzenia. Zgodnie z nim si\u00f3dmy dzie\u0144 B\u00f3g przeznaczy\u0142 na odpoczynek. W kr\u0119gach cywilizacji &hellip;<\/p>","protected":false},"author":1,"featured_media":0,"comment_status":"closed","ping_status":"closed","sticky":false,"template":"","format":"standard","meta":{"footnotes":""},"categories":[33],"tags":[],"class_list":["post-2146","post","type-post","status-publish","format-standard","hentry","category-kosciol"],"yoast_head":"<!-- This site is optimized with the Yoast SEO plugin v27.5 - https:\/\/yoast.com\/product\/yoast-seo-wordpress\/ -->\n<title>Czym jest niedziela dla chrze\u015bcijanina? - Chrystus<\/title>\n<meta name=\"description\" content=\"Czym jest niedziela dla chrze\u015bcijanina? Przede wszystkim cotygodniowym wspomnieniem zmartwychwstania Jezusa Chrystusa. Wed\u0142ug zapis\u00f3w Ewangelii Jezus\" \/>\n<meta name=\"robots\" content=\"index, follow, max-snippet:-1, max-image-preview:large, max-video-preview:-1\" \/>\n<link rel=\"canonical\" href=\"https:\/\/chrystus.pl\/sk\/co-je-nedela-pre-krestanov\/\" \/>\n<meta property=\"og:locale\" content=\"sk_SK\" \/>\n<meta property=\"og:type\" content=\"article\" \/>\n<meta property=\"og:title\" content=\"Czym jest niedziela dla chrze\u015bcijanina? - Chrystus\" \/>\n<meta property=\"og:description\" content=\"Czym jest niedziela dla chrze\u015bcijanina? Przede wszystkim cotygodniowym wspomnieniem zmartwychwstania Jezusa Chrystusa. Wed\u0142ug zapis\u00f3w Ewangelii Jezus\" \/>\n<meta property=\"og:url\" content=\"https:\/\/chrystus.pl\/sk\/co-je-nedela-pre-krestanov\/\" \/>\n<meta property=\"og:site_name\" content=\"Chrystus\" \/>\n<meta property=\"article:published_time\" content=\"2021-09-24T23:45:42+00:00\" \/>\n<meta property=\"article:modified_time\" content=\"2021-09-24T23:45:44+00:00\" \/>\n<meta name=\"author\" content=\"Samarytanka\" \/>\n<meta name=\"twitter:card\" content=\"summary_large_image\" \/>\n<meta name=\"twitter:label1\" content=\"Autor\" \/>\n\t<meta name=\"twitter:data1\" content=\"Samarytanka\" \/>\n\t<meta name=\"twitter:label2\" content=\"Predpokladan\u00fd \u010das \u010d\u00edtania\" \/>\n\t<meta name=\"twitter:data2\" content=\"1 min\u00fata\" \/>\n<!-- \/ Yoast SEO plugin. -->","yoast_head_json":{"title":"\u010co je pre kres\u0165ana nede\u013ea? - Kristus","description":"\u010co je pre kres\u0165ana nede\u013ea? Predov\u0161etk\u00fdm je to t\u00fd\u017edenn\u00e1 spomienka na zm\u0155tvychvstanie Je\u017ei\u0161a Krista. Pod\u013ea evanjeliov\u00e9ho z\u00e1znamu Je\u017ei\u0161","robots":{"index":"index","follow":"follow","max-snippet":"max-snippet:-1","max-image-preview":"max-image-preview:large","max-video-preview":"max-video-preview:-1"},"canonical":"https:\/\/chrystus.pl\/sk\/co-je-nedela-pre-krestanov\/","og_locale":"sk_SK","og_type":"article","og_title":"Czym jest niedziela dla chrze\u015bcijanina? - Chrystus","og_description":"Czym jest niedziela dla chrze\u015bcijanina? Przede wszystkim cotygodniowym wspomnieniem zmartwychwstania Jezusa Chrystusa. Wed\u0142ug zapis\u00f3w Ewangelii Jezus","og_url":"https:\/\/chrystus.pl\/sk\/co-je-nedela-pre-krestanov\/","og_site_name":"Chrystus","article_published_time":"2021-09-24T23:45:42+00:00","article_modified_time":"2021-09-24T23:45:44+00:00","author":"Samarytanka","twitter_card":"summary_large_image","twitter_misc":{"Autor":"Samarytanka","Predpokladan\u00fd \u010das \u010d\u00edtania":"1 min\u00fata"},"schema":{"@context":"https:\/\/schema.org","@graph":[{"@type":"Article","@id":"https:\/\/chrystus.pl\/czym-jest-niedziela-dla-chrzescijanina\/#article","isPartOf":{"@id":"https:\/\/chrystus.pl\/czym-jest-niedziela-dla-chrzescijanina\/"},"author":{"name":"Samarytanka","@id":"https:\/\/chrystus.pl\/#\/schema\/person\/e2e742452b8b7b2bcd23ea180671d27a"},"headline":"Czym jest niedziela dla chrze\u015bcijanina?","datePublished":"2021-09-24T23:45:42+00:00","dateModified":"2021-09-24T23:45:44+00:00","mainEntityOfPage":{"@id":"https:\/\/chrystus.pl\/czym-jest-niedziela-dla-chrzescijanina\/"},"wordCount":254,"publisher":{"@id":"https:\/\/chrystus.pl\/#organization"},"articleSection":["Ko\u015bci\u00f3\u0142"],"inLanguage":"sk-SK"},{"@type":"WebPage","@id":"https:\/\/chrystus.pl\/czym-jest-niedziela-dla-chrzescijanina\/","url":"https:\/\/chrystus.pl\/czym-jest-niedziela-dla-chrzescijanina\/","name":"\u010co je pre kres\u0165ana nede\u013ea? - Kristus","isPartOf":{"@id":"https:\/\/chrystus.pl\/#website"},"datePublished":"2021-09-24T23:45:42+00:00","dateModified":"2021-09-24T23:45:44+00:00","description":"\u010co je pre kres\u0165ana nede\u013ea? Predov\u0161etk\u00fdm je to t\u00fd\u017edenn\u00e1 spomienka na zm\u0155tvychvstanie Je\u017ei\u0161a Krista. Pod\u013ea evanjeliov\u00e9ho z\u00e1znamu Je\u017ei\u0161","breadcrumb":{"@id":"https:\/\/chrystus.pl\/czym-jest-niedziela-dla-chrzescijanina\/#breadcrumb"},"inLanguage":"sk-SK","potentialAction":[{"@type":"ReadAction","target":["https:\/\/chrystus.pl\/czym-jest-niedziela-dla-chrzescijanina\/"]}]},{"@type":"BreadcrumbList","@id":"https:\/\/chrystus.pl\/czym-jest-niedziela-dla-chrzescijanina\/#breadcrumb","itemListElement":[{"@type":"ListItem","position":1,"name":"Strona g\u0142\u00f3wna","item":"https:\/\/chrystus.pl\/"},{"@type":"ListItem","position":2,"name":"Czym jest niedziela dla chrze\u015bcijanina?"}]},{"@type":"WebSite","@id":"https:\/\/chrystus.pl\/#website","url":"https:\/\/chrystus.pl\/","name":"Kristus","description":"Boh, M\u00e1ria, Je\u017ei\u0161, prij\u00edmanie a \u010fal\u0161ie","publisher":{"@id":"https:\/\/chrystus.pl\/#organization"},"potentialAction":[{"@type":"SearchAction","target":{"@type":"EntryPoint","urlTemplate":"https:\/\/chrystus.pl\/?s={search_term_string}"},"query-input":{"@type":"PropertyValueSpecification","valueRequired":true,"valueName":"search_term_string"}}],"inLanguage":"sk-SK"},{"@type":"Organization","@id":"https:\/\/chrystus.pl\/#organization","name":"Christ.pl","url":"https:\/\/chrystus.pl\/","logo":{"@type":"ImageObject","inLanguage":"sk-SK","@id":"https:\/\/chrystus.pl\/#\/schema\/logo\/image\/","url":"https:\/\/chrystus.pl\/wp-content\/uploads\/2019\/03\/chrystus-bog-maryja-komunia-bierzmowanie.jpg","contentUrl":"https:\/\/chrystus.pl\/wp-content\/uploads\/2019\/03\/chrystus-bog-maryja-komunia-bierzmowanie.jpg","width":1920,"height":1280,"caption":"Chrystus.pl"},"image":{"@id":"https:\/\/chrystus.pl\/#\/schema\/logo\/image\/"}},{"@type":"Person","@id":"https:\/\/chrystus.pl\/#\/schema\/person\/e2e742452b8b7b2bcd23ea180671d27a","name":"Samarit\u00e1nka"}]}},"_links":{"self":[{"href":"https:\/\/chrystus.pl\/sk\/wp-json\/wp\/v2\/posts\/2146","targetHints":{"allow":["GET"]}}],"collection":[{"href":"https:\/\/chrystus.pl\/sk\/wp-json\/wp\/v2\/posts"}],"about":[{"href":"https:\/\/chrystus.pl\/sk\/wp-json\/wp\/v2\/types\/post"}],"author":[{"embeddable":true,"href":"https:\/\/chrystus.pl\/sk\/wp-json\/wp\/v2\/users\/1"}],"replies":[{"embeddable":true,"href":"https:\/\/chrystus.pl\/sk\/wp-json\/wp\/v2\/comments?post=2146"}],"version-history":[{"count":0,"href":"https:\/\/chrystus.pl\/sk\/wp-json\/wp\/v2\/posts\/2146\/revisions"}],"wp:attachment":[{"href":"https:\/\/chrystus.pl\/sk\/wp-json\/wp\/v2\/media?parent=2146"}],"wp:term":[{"taxonomy":"category","embeddable":true,"href":"https:\/\/chrystus.pl\/sk\/wp-json\/wp\/v2\/categories?post=2146"},{"taxonomy":"post_tag","embeddable":true,"href":"https:\/\/chrystus.pl\/sk\/wp-json\/wp\/v2\/tags?post=2146"}],"curies":[{"name":"wp","href":"https:\/\/api.w.org\/{rel}","templated":true}]}}