{"id":349,"date":"2019-04-09T22:52:38","date_gmt":"2019-04-09T22:52:38","guid":{"rendered":"https:\/\/chrystus.pl\/?p=349"},"modified":"2019-04-09T22:53:12","modified_gmt":"2019-04-09T22:53:12","slug":"czy-medjugorie-jest-uznane-przez-kosciol","status":"publish","type":"post","link":"https:\/\/chrystus.pl\/sk\/czy-medjugorie-jest-uznane-przez-kosciol\/","title":{"rendered":"Uzn\u00e1va Cirkev Med\u017eugorie?"},"content":{"rendered":"<p>Je Med\u017eugorie uznan\u00e9 <span id=\"urn:enhancement-d64d2ea8-0a78-cea3-e42b-811d1ab59871\" class=\"textannotation disambiguated wl-thing\" itemid=\"http:\/\/data.wordlift.io\/wl01378\/entity\/kosciol_organizacja\">Kostol<\/span>? Ak\u00e1 je poz\u00edcia <span id=\"urn:enhancement-769322eb-94bf-81cc-c8e4-e6372f57d7de\" class=\"textannotation disambiguated wl-thing\" itemid=\"http:\/\/data.wordlift.io\/wl01378\/entity\/kosciol_teologia_2\">Kostol<\/span> smerom k <span id=\"urn:enhancement-3f81b90d-0fef-2c0a-77cb-17827f9c93c5\" class=\"textannotation disambiguated wl-thing\" itemid=\"http:\/\/data.wordlift.io\/wl01378\/entity\/objawienie\">odhalenia<\/span> w Medjugorie? Medjugorie jest to miejscowo\u015b\u0107 znajduj\u0105ca si\u0119 w Bo\u015bni i Hercegowinie. Od kilkudziesi\u0119ciu lat miejsce to jest tematem dyskusji wszystkich chrze\u015bcijan.<\/p>\n<p>Pod\u013ea v\u00fdpoved\u00ed \u0161iestich \u013eud\u00ed, ktor\u00ed sa dnes naz\u00fdvaj\u00fa vizion\u00e1ri, za\u010dali v roku 1981 za\u017e\u00edva\u0165 <span id=\"urn:enhancement-86258c46-1207-914e-552f-a71f2ac7e93b\" class=\"textannotation disambiguated wl-thing\" itemid=\"http:\/\/data.wordlift.io\/wl01378\/entity\/objawienie\">odhalenia<\/span>. D\u00f4le\u017eit\u00e9 je, \u017ee <span id=\"urn:enhancement-e58ac6c9-5709-c584-ad39-e8809d1fb7ea\" class=\"textannotation disambiguated wl-thing\" itemid=\"http:\/\/data.wordlift.io\/wl01378\/entity\/objawienie\">odhalenia<\/span> by sa mali kona\u0165 aj dnes.<\/p>\n<p>Prv\u00e1 str\u00e1nka <span id=\"urn:enhancement-7d4495cc-ddee-4283-c7e6-d93ff69edd00\" class=\"textannotation disambiguated wl-thing\" itemid=\"http:\/\/data.wordlift.io\/wl01378\/entity\/objawienie\">zjavenie<\/span> sa malo uskuto\u010dni\u0165 24. j\u00fana 1981. Potom sa a\u017e do 29. j\u00fana, de\u0148 po dni, odohr\u00e1vali tieto udalosti <span id=\"urn:enhancement-952b5ea2-ef1d-580b-04d4-8b871a21d4fc\" class=\"textannotation disambiguated wl-thing\" itemid=\"http:\/\/data.wordlift.io\/wl01378\/entity\/objawienie\">odhalenia<\/span>. Dzieci, kt\u00f3re ich dozna\u0142y (sz\u00f3stka widz\u0105cych) relacjonuj\u0105 je jako spotkania z Pani\u0105, kt\u00f3ra przedstawi\u0142a si\u0119 jako <span id=\"urn:enhancement-1b9a9ae2-f3df-e70d-dc33-d3d2e8796d19\" class=\"textannotation disambiguated wl-thing\" itemid=\"http:\/\/data.wordlift.io\/wl01378\/entity\/blogoslawiony\">Po\u017eehnan\u00fd<\/span> Panna M\u00e1ria. V s\u00fa\u010dasnosti traja vizion\u00e1ri (Marija, Ivan a Vicka) tvrdia, \u017ee <span id=\"urn:enhancement-04ced969-07a5-53fb-b451-71e28febe198\" class=\"textannotation disambiguated wl-thing\" itemid=\"http:\/\/data.wordlift.io\/wl01378\/entity\/objawienie\">odhalenia<\/span> stret\u00e1va\u0165 sa s nimi ka\u017ed\u00fd de\u0148.<\/p>\n<p>\u010casom <span id=\"urn:enhancement-35b8d687-843d-f98d-92b6-646bab20da8f\" class=\"textannotation disambiguated wl-thing\" itemid=\"http:\/\/data.wordlift.io\/wl01378\/entity\/objawienie\">odhalenia<\/span>M\u00e1ria m\u00e1 prostredn\u00edctvom vizion\u00e1rov odovzda\u0165 \u013eu\u010fom svoje posolstv\u00e1 t\u00fdkaj\u00face sa <span id=\"urn:enhancement-6b08d24b-14ae-89e1-7b18-a29c3ed7a976\" class=\"textannotation disambiguated wl-thing\" itemid=\"http:\/\/data.wordlift.io\/wl01378\/entity\/wiara_chrzescijanstwo\">viera<\/span> w <span id=\"urn:enhancement-275acfb8-82b0-358c-1589-48dbd4406c8d\" class=\"textannotation disambiguated wl-thing\" itemid=\"http:\/\/data.wordlift.io\/wl01378\/entity\/bog\">Boh<\/span>preh\u013abenie tohto <span id=\"urn:enhancement-fdfacc0f-82bb-d884-fd27-8ccbcd7a3275\" class=\"textannotation disambiguated wl-thing\" itemid=\"http:\/\/data.wordlift.io\/wl01378\/entity\/wiara_chrzescijanstwo\">viera<\/span> a lep\u0161ie spojenie s Kristom. Posolstv\u00e1 sa venuj\u00fa t\u00e9mam ako obr\u00e1tenie, modlitba a rodinn\u00e9 hodnoty.<\/p>\n<h2>Uzn\u00e1va Cirkev Med\u017eugorie?<\/h2>\n<p>V roku 2010 p\u00e1pe\u017e Benedikt XVI. <span id=\"urn:enhancement-3bcc9b84-4bd4-7f7a-42dc-d1d211efd395\" class=\"textannotation disambiguated wl-thing\" itemid=\"http:\/\/data.wordlift.io\/wl01378\/entity\/xvi_wiek\">XVI<\/span> vymenovala osobitn\u00fa komisiu na vy\u0161etrovanie <span id=\"urn:enhancement-5faa788c-8f2e-5856-38e8-30e624936393\" class=\"textannotation disambiguated wl-thing\" itemid=\"http:\/\/data.wordlift.io\/wl01378\/entity\/objawienie\">odhalenia<\/span> v Med\u017eugor\u00ed. Komisia pozost\u00e1vala z viac ako desiatky \u013eud\u00ed. Boli medzi nimi duchovn\u00ed, teol\u00f3govia, odborn\u00edci aj laici. Pr\u00e1ca komisie trvala \u0161tyri roky.<\/p>\n<p>Ofici\u00e1lne stanovisko <span id=\"urn:enhancement-e90e2ac2-ab71-3b67-19b8-2ce9803758c2\" class=\"textannotation disambiguated wl-thing\" itemid=\"http:\/\/data.wordlift.io\/wl01378\/entity\/kosciol_teologia_2\">Kostol<\/span> na Med\u017eugorie:<\/p>\n<p>Ofici\u00e1lne stanovisko <span id=\"urn:enhancement-f706dce3-45c0-67d1-b4d0-1dc4a50a9bcb\" class=\"textannotation disambiguated wl-thing\" itemid=\"http:\/\/data.wordlift.io\/wl01378\/entity\/kosciol_teologia_2\">Kostol<\/span> je st\u00e1le zalo\u017een\u00fd na vyhl\u00e1sen\u00ed Konferencie biskupov b\u00fdval\u00e9ho <span id=\"urn:enhancement-248d5874-859a-e477-8daa-13cb4ed63e89\" class=\"textannotation disambiguated wl-thing\" itemid=\"http:\/\/data.wordlift.io\/wl01378\/entity\/jugoslawia\">Juhosl\u00e1via<\/span> z roku 1991, v ktorom pravdivos\u0165 <span id=\"urn:enhancement-9a414d81-c806-9ca4-99a4-3ca05c55d9fd\" class=\"textannotation disambiguated wl-thing\" itemid=\"http:\/\/data.wordlift.io\/wl01378\/entity\/objawienie\">odhalenia<\/span> ale tie\u017e nepotvrdzuje nadprirodzen\u00fa silu t\u00fdchto javov. <span id=\"urn:enhancement-cd35a469-b3e1-b04a-4ded-6c08c567a1fd\" class=\"textannotation disambiguated wl-thing\" itemid=\"http:\/\/data.wordlift.io\/wl01378\/entity\/kosciol_organizacja\">Kostol<\/span> Povo\u013euje p\u00fate do Med\u017eugoria, ale ofici\u00e1lne neuzn\u00e1va pravdivos\u0165 t\u00fdchto udalost\u00ed.<\/p>\n<p>Preto je tvrdenie, \u017ee <span id=\"urn:enhancement-e42b421b-02b1-0b3f-c974-f5cf56e7e651\" class=\"textannotation disambiguated wl-thing\" itemid=\"http:\/\/data.wordlift.io\/wl01378\/entity\/kosciol_organizacja\">Kostol<\/span> neuzn\u00e1va, \u017ee Med\u017eugorie je skuto\u010dn\u00e9? Nie je to pravdepodobn\u00e9. <span id=\"urn:enhancement-6dd504ae-6545-5490-aa38-6ec4c41219ff\" class=\"textannotation disambiguated wl-thing\" itemid=\"http:\/\/data.wordlift.io\/wl01378\/entity\/kosciol_organizacja\">Kostol<\/span> jasne vyjadruje svoj di\u0161tanc od <span id=\"urn:enhancement-c0f4551f-6e4e-9362-7d6e-107aa03dfd8d\" class=\"textannotation disambiguated wl-thing\" itemid=\"http:\/\/data.wordlift.io\/wl01378\/entity\/objawienie\">odhalenia<\/span> ale nevylu\u010duje ich pravdivos\u0165. Povo\u013euje p\u00fate na toto miesto a z\u00e1rove\u0148 ho ozna\u010duje za fantastick\u00e9 miesto pre na\u0161e <span id=\"urn:enhancement-bbb08866-5b3c-0bd1-26ff-e89ee578cd63\" class=\"textannotation disambiguated wl-thing\" itemid=\"http:\/\/data.wordlift.io\/wl01378\/entity\/wiara_chrzescijanstwo\">viera<\/span>. Z \u013eudsk\u00e9ho h\u013eadiska je ve\u013emi \u0165a\u017ek\u00e9 pochopi\u0165 tento jav. <span id=\"urn:enhancement-f952eaf6-fdec-ee30-0855-879536946675\" class=\"textannotation disambiguated wl-thing\" itemid=\"http:\/\/data.wordlift.io\/wl01378\/entity\/objawienie\">odhalenia<\/span> M\u00e1ria.<\/p>\n<p>Ako oby\u010dajn\u00ed smrte\u013en\u00edci si nie sme a mo\u017eno ani nikdy nebudeme m\u00f4c\u0165 by\u0165 stopercentne ist\u00ed, \u010do za t\u00fdm v\u0161etk\u00fdm skuto\u010dne stoj\u00ed. Pravdepodobne \u017eiadna nez\u00e1visl\u00e1 komisia nebude schopn\u00e1 <span id=\"urn:enhancement-14bda462-20cf-3e6c-bd8f-98b77f2cf3a3\" class=\"textannotation disambiguated wl-thing\" itemid=\"http:\/\/data.wordlift.io\/wl01378\/entity\/stan_podzial_administracyjny\">\u0161t\u00e1t<\/span> vyl\u00fa\u010di\u0165 alebo potvrdi\u0165 t\u00fato skuto\u010dnos\u0165 prostredn\u00edctvom nesporn\u00fdch <span id=\"urn:enhancement-b0f43e28-07b8-a729-3c3f-cab21417e80f\" class=\"textannotation disambiguated wl-thing\" itemid=\"http:\/\/data.wordlift.io\/wl01378\/entity\/argument_retoryka\">argumenty<\/span>. Preto je ve\u013emi \u0165a\u017ek\u00e9 zauja\u0165 k t\u00fdmto ot\u00e1zkam jasn\u00e9 stanovisko, ktor\u00e9 n\u00e1m pom\u00f4\u017ee pochopi\u0165 <span id=\"urn:enhancement-1f1e252e-b94a-4047-0561-0e46af41b29f\" class=\"textannotation disambiguated wl-thing\" itemid=\"http:\/\/data.wordlift.io\/wl01378\/entity\/istote\">esencia<\/span> tohto javu. Z\u00e1rove\u0148 <span id=\"urn:enhancement-2f8ab7c7-e453-fda4-ea91-e0239f4d9e10\" class=\"textannotation disambiguated wl-thing\" itemid=\"http:\/\/data.wordlift.io\/wl01378\/entity\/kosciol_organizacja\">Kostol<\/span> neutek\u00e1 pred svojimi povinnos\u0165ami a neust\u00e1le <span id=\"urn:enhancement-0178580c-28d9-acb8-a05c-7901dc378240\" class=\"textannotation disambiguated wl-thing\" itemid=\"http:\/\/data.wordlift.io\/wl01378\/entity\/dzialanie_algebraiczne\">akcie<\/span> aby sa <span id=\"urn:enhancement-f52838e8-debb-276c-1538-bcdd6f3091b4\" class=\"textannotation disambiguated wl-thing\" itemid=\"http:\/\/data.wordlift.io\/wl01378\/entity\/wyjasnienia\">vysvetlenia<\/span> pr\u00edpad.<\/p>\n<p><span id=\"urn:enhancement-d0d69a8d-ee03-ee84-aa39-bfa552501d77\" class=\"textannotation disambiguated wl-place\" itemid=\"http:\/\/data.wordlift.io\/wl01378\/entity\/medziugorie\">Med\u017eugorie<\/span> je ur\u010dite d\u00f4le\u017eit\u00e1 pre cel\u00fa <span id=\"urn:enhancement-55be2e2e-84ca-e602-cee4-b5a2e2f301dc\" class=\"textannotation disambiguated wl-thing\" itemid=\"http:\/\/data.wordlift.io\/wl01378\/entity\/kosciol_teologia_2\">Kostol<\/span> a nasleduj\u00faci p\u00e1pe\u017ei spolu s p\u00e1pe\u017eom <span id=\"urn:enhancement-b73550ae-9dda-2b6e-d615-7fd7e2166172\" class=\"textannotation disambiguated wl-person\" itemid=\"http:\/\/data.wordlift.io\/wl01378\/entity\/franciszek_papiez\">Francis<\/span>pok\u00fasi\u0165 sa to vysvetli\u0165 a trochu n\u00e1s k tomu pribl\u00ed\u017ei\u0165 <span id=\"urn:enhancement-e631541f-2b69-1a2a-7541-b4435caec801\" class=\"textannotation disambiguated wl-thing\" itemid=\"http:\/\/data.wordlift.io\/wl01378\/entity\/tajemnica\">tajomstv\u00e1<\/span>. Okrem toho v\u017edy existuje priestor na osobn\u00fa interpret\u00e1ciu faktov.<\/p>","protected":false},"excerpt":{"rendered":"<p>Czy Medjugorie jest uznane przez Ko\u015bci\u00f3\u0142? Jakie jest stanowisko Ko\u015bcio\u0142a wobec objawie\u0144 w Medjugorie? Medjugorie jest to miejscowo\u015b\u0107 znajduj\u0105ca si\u0119 w Bo\u015bni i Hercegowinie. Od kilkudziesi\u0119ciu lat miejsce to jest tematem dyskusji wszystkich chrze\u015bcijan. Wed\u0142ug relacji sze\u015bciu os\u00f3b, kt\u00f3rzy dzisiaj nazywani s\u0105 widz\u0105cymi, w 1981 roku zacz\u0119li oni doznawa\u0107 objawie\u0144. Co istotne objawienia maj\u0105 mie\u0107 &hellip;<\/p>","protected":false},"author":1,"featured_media":354,"comment_status":"open","ping_status":"closed","sticky":false,"template":"","format":"standard","meta":{"footnotes":""},"categories":[33],"tags":[43],"class_list":["post-349","post","type-post","status-publish","format-standard","has-post-thumbnail","hentry","category-kosciol","tag-medjugorie"],"yoast_head":"<!-- This site is optimized with the Yoast SEO plugin v27.5 - https:\/\/yoast.com\/product\/yoast-seo-wordpress\/ -->\n<title>Czy Medjugorie jest uznane przez Ko\u015bci\u00f3\u0142? - Chrystus<\/title>\n<meta name=\"description\" content=\"Czy Medjugorie jest uznane przez Ko\u015bci\u00f3\u0142? Jakie jest stanowisko Ko\u015bcio\u0142a wobec objawie\u0144 w Medjugorie? Medjugorie jest to miejscowo\u015b\u0107 znajduj\u0105ca si\u0119 w\" \/>\n<meta name=\"robots\" content=\"index, follow, max-snippet:-1, max-image-preview:large, max-video-preview:-1\" \/>\n<link rel=\"canonical\" href=\"https:\/\/chrystus.pl\/sk\/ci-medzugorie-je-uznavana-cirkvou-2\/\" \/>\n<meta property=\"og:locale\" content=\"sk_SK\" \/>\n<meta property=\"og:type\" content=\"article\" \/>\n<meta property=\"og:title\" content=\"Czy Medjugorie jest uznane przez Ko\u015bci\u00f3\u0142? - Chrystus\" \/>\n<meta property=\"og:description\" content=\"Czy Medjugorie jest uznane przez Ko\u015bci\u00f3\u0142? Jakie jest stanowisko Ko\u015bcio\u0142a wobec objawie\u0144 w Medjugorie? Medjugorie jest to miejscowo\u015b\u0107 znajduj\u0105ca si\u0119 w\" \/>\n<meta property=\"og:url\" content=\"https:\/\/chrystus.pl\/sk\/ci-medzugorie-je-uznavana-cirkvou-2\/\" \/>\n<meta property=\"og:site_name\" content=\"Chrystus\" \/>\n<meta property=\"article:published_time\" content=\"2019-04-09T22:52:38+00:00\" \/>\n<meta property=\"article:modified_time\" content=\"2019-04-09T22:53:12+00:00\" \/>\n<meta property=\"og:image\" content=\"https:\/\/chrystus.pl\/wp-content\/uploads\/2019\/04\/Czy-Medjugorie-jest-uznane-przez-Kosciol.jpg\" \/>\n\t<meta property=\"og:image:width\" content=\"1280\" \/>\n\t<meta property=\"og:image:height\" content=\"865\" \/>\n\t<meta property=\"og:image:type\" content=\"image\/jpeg\" \/>\n<meta name=\"author\" content=\"Samarytanka\" \/>\n<meta name=\"twitter:card\" content=\"summary_large_image\" \/>\n<meta name=\"twitter:label1\" content=\"Autor\" \/>\n\t<meta name=\"twitter:data1\" content=\"Samarytanka\" \/>\n\t<meta name=\"twitter:label2\" content=\"Predpokladan\u00fd \u010das \u010d\u00edtania\" \/>\n\t<meta name=\"twitter:data2\" content=\"2 min\u00faty\" \/>\n<!-- \/ Yoast SEO plugin. -->","yoast_head_json":{"title":"Uzn\u00e1va Cirkev Med\u017eugorie? - Kristus","description":"Uzn\u00e1va Cirkev Med\u017eugorie? Ak\u00fd je postoj Cirkvi k zjaveniam v Med\u017eugor\u00ed? Med\u017eugorie je obec, ktor\u00e1 sa nach\u00e1dza v","robots":{"index":"index","follow":"follow","max-snippet":"max-snippet:-1","max-image-preview":"max-image-preview:large","max-video-preview":"max-video-preview:-1"},"canonical":"https:\/\/chrystus.pl\/sk\/ci-medzugorie-je-uznavana-cirkvou-2\/","og_locale":"sk_SK","og_type":"article","og_title":"Czy Medjugorie jest uznane przez Ko\u015bci\u00f3\u0142? - Chrystus","og_description":"Czy Medjugorie jest uznane przez Ko\u015bci\u00f3\u0142? Jakie jest stanowisko Ko\u015bcio\u0142a wobec objawie\u0144 w Medjugorie? Medjugorie jest to miejscowo\u015b\u0107 znajduj\u0105ca si\u0119 w","og_url":"https:\/\/chrystus.pl\/sk\/ci-medzugorie-je-uznavana-cirkvou-2\/","og_site_name":"Chrystus","article_published_time":"2019-04-09T22:52:38+00:00","article_modified_time":"2019-04-09T22:53:12+00:00","og_image":[{"width":1280,"height":865,"url":"https:\/\/chrystus.pl\/wp-content\/uploads\/2019\/04\/Czy-Medjugorie-jest-uznane-przez-Kosciol.jpg","type":"image\/jpeg"}],"author":"Samarytanka","twitter_card":"summary_large_image","twitter_misc":{"Autor":"Samarytanka","Predpokladan\u00fd \u010das \u010d\u00edtania":"2 min\u00faty"},"schema":{"@context":"https:\/\/schema.org","@graph":[{"@type":"Article","@id":"https:\/\/chrystus.pl\/czy-medjugorie-jest-uznane-przez-kosciol\/#article","isPartOf":{"@id":"https:\/\/chrystus.pl\/czy-medjugorie-jest-uznane-przez-kosciol\/"},"author":{"name":"Samarytanka","@id":"https:\/\/chrystus.pl\/#\/schema\/person\/e2e742452b8b7b2bcd23ea180671d27a"},"headline":"Czy Medjugorie jest uznane przez Ko\u015bci\u00f3\u0142?","datePublished":"2019-04-09T22:52:38+00:00","dateModified":"2019-04-09T22:53:12+00:00","mainEntityOfPage":{"@id":"https:\/\/chrystus.pl\/czy-medjugorie-jest-uznane-przez-kosciol\/"},"wordCount":493,"commentCount":0,"publisher":{"@id":"https:\/\/chrystus.pl\/#organization"},"image":{"@id":"https:\/\/chrystus.pl\/czy-medjugorie-jest-uznane-przez-kosciol\/#primaryimage"},"thumbnailUrl":"https:\/\/chrystus.pl\/wp-content\/uploads\/2019\/04\/Czy-Medjugorie-jest-uznane-przez-Kosciol.jpg","keywords":["medjugorie"],"articleSection":["Ko\u015bci\u00f3\u0142"],"inLanguage":"sk-SK","potentialAction":[{"@type":"CommentAction","name":"Comment","target":["https:\/\/chrystus.pl\/czy-medjugorie-jest-uznane-przez-kosciol\/#respond"]}]},{"@type":"WebPage","@id":"https:\/\/chrystus.pl\/czy-medjugorie-jest-uznane-przez-kosciol\/","url":"https:\/\/chrystus.pl\/czy-medjugorie-jest-uznane-przez-kosciol\/","name":"Uzn\u00e1va Cirkev Med\u017eugorie? - Kristus","isPartOf":{"@id":"https:\/\/chrystus.pl\/#website"},"primaryImageOfPage":{"@id":"https:\/\/chrystus.pl\/czy-medjugorie-jest-uznane-przez-kosciol\/#primaryimage"},"image":{"@id":"https:\/\/chrystus.pl\/czy-medjugorie-jest-uznane-przez-kosciol\/#primaryimage"},"thumbnailUrl":"https:\/\/chrystus.pl\/wp-content\/uploads\/2019\/04\/Czy-Medjugorie-jest-uznane-przez-Kosciol.jpg","datePublished":"2019-04-09T22:52:38+00:00","dateModified":"2019-04-09T22:53:12+00:00","description":"Uzn\u00e1va Cirkev Med\u017eugorie? Ak\u00fd je postoj Cirkvi k zjaveniam v Med\u017eugor\u00ed? Med\u017eugorie je obec, ktor\u00e1 sa nach\u00e1dza v","breadcrumb":{"@id":"https:\/\/chrystus.pl\/czy-medjugorie-jest-uznane-przez-kosciol\/#breadcrumb"},"inLanguage":"sk-SK","potentialAction":[{"@type":"ReadAction","target":["https:\/\/chrystus.pl\/czy-medjugorie-jest-uznane-przez-kosciol\/"]}]},{"@type":"ImageObject","inLanguage":"sk-SK","@id":"https:\/\/chrystus.pl\/czy-medjugorie-jest-uznane-przez-kosciol\/#primaryimage","url":"https:\/\/chrystus.pl\/wp-content\/uploads\/2019\/04\/Czy-Medjugorie-jest-uznane-przez-Kosciol.jpg","contentUrl":"https:\/\/chrystus.pl\/wp-content\/uploads\/2019\/04\/Czy-Medjugorie-jest-uznane-przez-Kosciol.jpg","width":1280,"height":865,"caption":"Czy Medjugorie jest uznane przez Kosciol"},{"@type":"BreadcrumbList","@id":"https:\/\/chrystus.pl\/czy-medjugorie-jest-uznane-przez-kosciol\/#breadcrumb","itemListElement":[{"@type":"ListItem","position":1,"name":"Strona g\u0142\u00f3wna","item":"https:\/\/chrystus.pl\/"},{"@type":"ListItem","position":2,"name":"Czy Medjugorie jest uznane przez Ko\u015bci\u00f3\u0142?"}]},{"@type":"WebSite","@id":"https:\/\/chrystus.pl\/#website","url":"https:\/\/chrystus.pl\/","name":"Kristus","description":"Boh, M\u00e1ria, Je\u017ei\u0161, prij\u00edmanie a \u010fal\u0161ie","publisher":{"@id":"https:\/\/chrystus.pl\/#organization"},"potentialAction":[{"@type":"SearchAction","target":{"@type":"EntryPoint","urlTemplate":"https:\/\/chrystus.pl\/?s={search_term_string}"},"query-input":{"@type":"PropertyValueSpecification","valueRequired":true,"valueName":"search_term_string"}}],"inLanguage":"sk-SK"},{"@type":"Organization","@id":"https:\/\/chrystus.pl\/#organization","name":"Christ.pl","url":"https:\/\/chrystus.pl\/","logo":{"@type":"ImageObject","inLanguage":"sk-SK","@id":"https:\/\/chrystus.pl\/#\/schema\/logo\/image\/","url":"https:\/\/chrystus.pl\/wp-content\/uploads\/2019\/03\/chrystus-bog-maryja-komunia-bierzmowanie.jpg","contentUrl":"https:\/\/chrystus.pl\/wp-content\/uploads\/2019\/03\/chrystus-bog-maryja-komunia-bierzmowanie.jpg","width":1920,"height":1280,"caption":"Chrystus.pl"},"image":{"@id":"https:\/\/chrystus.pl\/#\/schema\/logo\/image\/"}},{"@type":"Person","@id":"https:\/\/chrystus.pl\/#\/schema\/person\/e2e742452b8b7b2bcd23ea180671d27a","name":"Samarit\u00e1nka"}]}},"_links":{"self":[{"href":"https:\/\/chrystus.pl\/sk\/wp-json\/wp\/v2\/posts\/349","targetHints":{"allow":["GET"]}}],"collection":[{"href":"https:\/\/chrystus.pl\/sk\/wp-json\/wp\/v2\/posts"}],"about":[{"href":"https:\/\/chrystus.pl\/sk\/wp-json\/wp\/v2\/types\/post"}],"author":[{"embeddable":true,"href":"https:\/\/chrystus.pl\/sk\/wp-json\/wp\/v2\/users\/1"}],"replies":[{"embeddable":true,"href":"https:\/\/chrystus.pl\/sk\/wp-json\/wp\/v2\/comments?post=349"}],"version-history":[{"count":0,"href":"https:\/\/chrystus.pl\/sk\/wp-json\/wp\/v2\/posts\/349\/revisions"}],"wp:featuredmedia":[{"embeddable":true,"href":"https:\/\/chrystus.pl\/sk\/wp-json\/wp\/v2\/media\/354"}],"wp:attachment":[{"href":"https:\/\/chrystus.pl\/sk\/wp-json\/wp\/v2\/media?parent=349"}],"wp:term":[{"taxonomy":"category","embeddable":true,"href":"https:\/\/chrystus.pl\/sk\/wp-json\/wp\/v2\/categories?post=349"},{"taxonomy":"post_tag","embeddable":true,"href":"https:\/\/chrystus.pl\/sk\/wp-json\/wp\/v2\/tags?post=349"}],"curies":[{"name":"wp","href":"https:\/\/api.w.org\/{rel}","templated":true}]}}