{"id":1620,"date":"2020-05-03T13:39:10","date_gmt":"2020-05-03T13:39:10","guid":{"rendered":"https:\/\/chrystus.pl\/?p=1620"},"modified":"2020-05-09T20:39:21","modified_gmt":"2020-05-09T20:39:21","slug":"co-dac-chlopakowi-na-bierzmowanie-jako-swiadek-2","status":"publish","type":"post","link":"https:\/\/chrystus.pl\/sl\/co-dac-chlopakowi-na-bierzmowanie-jako-swiadek-2\/","title":{"rendered":"Kaj dati svojemu fantu za potrditev kot pri\u010do?"},"content":{"rendered":"<p><span>Kaj dati fantu za <a href=\"https:\/\/chrystus.pl\/sl\/gdzie-mozna-zrobic-bierzmowanie-od-reki\/\">Potrditev<\/a>? Potrditev je zagotovo eden najpomembnej\u0161ih dogodkov v \u017eivljenju vsakega katoli\u010dana. To je edinstven in poseben trenutek, ki ga je treba ustrezno proslaviti. <\/span><\/p>\n<p><span>Potrditev je obi\u010dajno povezana z dru\u017einskimi prigrizki in skupno izku\u0161njo tega <span id=\"urn:enhancement-f89906d\" class=\"textannotation disambiguated wl-thing\" itemid=\"http:\/\/data.wordlift.io\/wl02137\/entity\/swieta_zydowskie\">po\u010ditnice<\/span>. Zato morate pred sodelovanjem v njem dobro premisliti, kaj boste darovali za konfirmacijo. \u010ce je zadevna oseba fant, razmislimo, kaj konkretno kupiti fantu za konfirmacijo? <\/span><\/p>\n<p><span>Stavite lahko na standardne in univerzalne re\u0161itve, ki se bodo izkazale za stoodstotno to\u010dne, lahko pa preizkusimo tudi izvirne re\u0161itve. Album lahko uporabite tudi za shranjevanje lastnih fotografij obreda. <span id=\"urn:enhancement-f5b2b8a4\" class=\"textannotation disambiguated wl-thing\" itemid=\"http:\/\/data.wordlift.io\/wl02137\/entity\/swieta_zydowskie\">po\u010ditnice<\/span>. \u010ce \u017eelite bolj izvirno darilo, razmislite o izdelavi lastnega albuma s prostori, namenjenimi osebnim podpisom, dodatno okra\u0161enimi z lastnimi risbami. Tak\u0161no darilo bo zdru\u017eilo funkcionalnost in izvirnost. <\/span><\/p>\n<p><span>Stavimo lahko tudi na bolj standardne stvari, kot sta kri\u017e ali medaljon, ki bosta cenjena in si ju bomo zagotovo zapomnili. Ne slab\u0161a izbira bodo predmeti vsakdanje rabe, ki niso nujno povezani z obredom, kot so ura, predvajalnik mp3 ali nakit, v primeru \u017eelje po dodelitvi ve\u010djega zneska denarja pa lahko kolo ali celo ve\u010dja elektronska oprema. <\/span><\/p>\n<p><span>Dobrym pomys\u0142em s\u0105 ksi\u0105\u017cki, kt\u00f3re je\u017celi tylko dobrze znamy osob\u0119 bierzmowan\u0105, mog\u0105 by\u0107 dok\u0142adnie pod ni\u0105 dobrane. Doskona\u0142\u0105 rol\u0119 prezentu zawsze s\u0105 pieni\u0105dze. B\u0119dzie to prezent, kt\u00f3ry zostanie doceniony ale jednocze\u015bnie da du\u017c\u0105 mo\u017cliwo\u015b\u0107 dla osoby bierzmowanej na samodzielny wyb\u00f3r przez ni\u0105 prezentu, z kt\u00f3rego b\u0119dzie na pewno najbardziej zadowolona. <\/span><\/p>\n<p><span>Ne pozabite, da morate dobro premisliti, kaj boste fantu podarili za konfirmacijo, in da mora biti vsaka va\u0161a gesta cenjena ne glede na njeno uporabnost.<\/span><\/p>\n<p><span>In kaj dati za potrditev kot pri\u010do? Kaj pa, \u010de to posebno vlogo opravljamo skupaj s konfirmandom? Ne pozabite, da je vloga pri\u010de pri konfirmaciji pomembna. Osredoto\u010diti se moramo torej na to, da bomo potrjencu slu\u017eili kot podpora in vzornik. Najpomembnej\u0161i vidik sodelovanja pri\u010de je torej <a href=\"https:\/\/chrystus.pl\/sl\/modlitwa-ktora-zawsze-pomaga\/\">pomo\u010d<\/a> pri razumevanju ideje o prejemu Svetega Duha in ustrezni pripravi na to vlogo. <\/span><\/p>\n<p><span>Pri\u010da seveda ni dol\u017ena poskrbeti, da bi njeno darilo izstopalo od drugih gostov. Njegova vloga ga ne sili k temu, da bi daroval dvakrat ve\u010d denarja ali da bi podaril impresivno darilo. Zato naj nas v tem primeru vodi dobro prejemnika zakramenta sv. birme in se najprej in predvsem osredoto\u010dimo na ustrezno skrb zanj ali zanjo.<\/span><\/p>","protected":false},"excerpt":{"rendered":"<p>Co da\u0107 ch\u0142opakowi na bierzmowanie? Sakrament bierzmowania to zdecydowanie jedno z najwa\u017cniejszych wydarze\u0144 w \u017cyciu ka\u017cdego katolika. Jest to moment wyj\u0105tkowy i jedyny w swoim rodzaju, dlatego te\u017c nale\u017cy go odpowiednio uczci\u0107. Bierzmowanie wi\u0105\u017ce si\u0119 zazwyczaj z rodzinnym pocz\u0119stunkiem i wsp\u00f3lnym prze\u017cywaniem tego \u015bwi\u0119ta. Dlatego przed uczestnictwem w nim nale\u017cy si\u0119 dok\u0142adnie zastanowi\u0107 co da\u0107 &hellip;<\/p>","protected":false},"author":1,"featured_media":1621,"comment_status":"open","ping_status":"closed","sticky":false,"template":"","format":"standard","meta":{"footnotes":""},"categories":[65],"tags":[],"class_list":["post-1620","post","type-post","status-publish","format-standard","has-post-thumbnail","hentry","category-bierzmowanie"],"yoast_head":"<!-- This site is optimized with the Yoast SEO plugin v27.5 - https:\/\/yoast.com\/product\/yoast-seo-wordpress\/ -->\n<title>Co da\u0107 ch\u0142opakowi na bierzmowanie jako \u015bwiadek? - Chrystus<\/title>\n<meta name=\"description\" content=\"Co da\u0107 ch\u0142opakowi na bierzmowanie? Sakrament bierzmowania to zdecydowanie jedno z najwa\u017cniejszych wydarze\u0144 w \u017cyciu ka\u017cdego katolika. Jest to moment\" \/>\n<meta name=\"robots\" content=\"index, follow, max-snippet:-1, max-image-preview:large, max-video-preview:-1\" \/>\n<link rel=\"canonical\" href=\"https:\/\/chrystus.pl\/sl\/kaj-dati-fantu-za-potrditev-kot-prico-2\/\" \/>\n<meta property=\"og:locale\" content=\"sl_SI\" \/>\n<meta property=\"og:type\" content=\"article\" \/>\n<meta property=\"og:title\" content=\"Co da\u0107 ch\u0142opakowi na bierzmowanie jako \u015bwiadek?\" \/>\n<meta property=\"og:description\" content=\"Co da\u0107 ch\u0142opakowi na bierzmowanie? Sakrament bierzmowania to zdecydowanie jedno z najwa\u017cniejszych wydarze\u0144 w \u017cyciu ka\u017cdego katolika. Jest to moment\" \/>\n<meta property=\"og:url\" content=\"https:\/\/chrystus.pl\/sl\/kaj-dati-fantu-za-potrditev-kot-prico-2\/\" \/>\n<meta property=\"og:site_name\" content=\"Chrystus\" \/>\n<meta property=\"article:published_time\" content=\"2020-05-03T13:39:10+00:00\" \/>\n<meta property=\"article:modified_time\" content=\"2020-05-09T20:39:21+00:00\" \/>\n<meta property=\"og:image\" content=\"https:\/\/chrystus.pl\/wp-content\/uploads\/2020\/05\/Co-dac\u0301-ch\u0142opakowi-na-bierzmowanie-jako-s\u0301wiadek.jpg\" \/>\n\t<meta property=\"og:image:width\" content=\"640\" \/>\n\t<meta property=\"og:image:height\" content=\"522\" \/>\n\t<meta property=\"og:image:type\" content=\"image\/jpeg\" \/>\n<meta name=\"author\" content=\"Samarytanka\" \/>\n<meta name=\"twitter:card\" content=\"summary_large_image\" \/>\n<meta name=\"twitter:title\" content=\"Co da\u0107 ch\u0142opakowi na bierzmowanie jako \u015bwiadek?\" \/>\n<meta name=\"twitter:image\" content=\"https:\/\/chrystus.pl\/wp-content\/uploads\/2020\/05\/Co-dac\u0301-ch\u0142opakowi-na-bierzmowanie-jako-s\u0301wiadek.jpg\" \/>\n<meta name=\"twitter:label1\" content=\"Written by\" \/>\n\t<meta name=\"twitter:data1\" content=\"Samarytanka\" \/>\n\t<meta name=\"twitter:label2\" content=\"Est. reading time\" \/>\n\t<meta name=\"twitter:data2\" content=\"2 minuti\" \/>\n<!-- \/ Yoast SEO plugin. -->","yoast_head_json":{"title":"Kaj dati de\u010dku za potrditev kot pri\u010di? - Kristus","description":"Kaj podariti svojemu fantu za potrditev? Zakrament sv. birme je zagotovo eden najpomembnej\u0161ih dogodkov v \u017eivljenju vsakega katoli\u010dana. To je trenutek.","robots":{"index":"index","follow":"follow","max-snippet":"max-snippet:-1","max-image-preview":"max-image-preview:large","max-video-preview":"max-video-preview:-1"},"canonical":"https:\/\/chrystus.pl\/sl\/kaj-dati-fantu-za-potrditev-kot-prico-2\/","og_locale":"sl_SI","og_type":"article","og_title":"Co da\u0107 ch\u0142opakowi na bierzmowanie jako \u015bwiadek?","og_description":"Co da\u0107 ch\u0142opakowi na bierzmowanie? Sakrament bierzmowania to zdecydowanie jedno z najwa\u017cniejszych wydarze\u0144 w \u017cyciu ka\u017cdego katolika. Jest to moment","og_url":"https:\/\/chrystus.pl\/sl\/kaj-dati-fantu-za-potrditev-kot-prico-2\/","og_site_name":"Chrystus","article_published_time":"2020-05-03T13:39:10+00:00","article_modified_time":"2020-05-09T20:39:21+00:00","og_image":[{"width":640,"height":522,"url":"https:\/\/chrystus.pl\/wp-content\/uploads\/2020\/05\/Co-dac\u0301-ch\u0142opakowi-na-bierzmowanie-jako-s\u0301wiadek.jpg","type":"image\/jpeg"}],"author":"Samarytanka","twitter_card":"summary_large_image","twitter_title":"Co da\u0107 ch\u0142opakowi na bierzmowanie jako \u015bwiadek?","twitter_image":"https:\/\/chrystus.pl\/wp-content\/uploads\/2020\/05\/Co-dac\u0301-ch\u0142opakowi-na-bierzmowanie-jako-s\u0301wiadek.jpg","twitter_misc":{"Written by":"Samarytanka","Est. reading time":"2 minuti"},"schema":{"@context":"https:\/\/schema.org","@graph":[{"@type":"Article","@id":"https:\/\/chrystus.pl\/co-dac-chlopakowi-na-bierzmowanie-jako-swiadek-2\/#article","isPartOf":{"@id":"https:\/\/chrystus.pl\/co-dac-chlopakowi-na-bierzmowanie-jako-swiadek-2\/"},"author":{"name":"Samarytanka","@id":"https:\/\/chrystus.pl\/#\/schema\/person\/e2e742452b8b7b2bcd23ea180671d27a"},"headline":"Co da\u0107 ch\u0142opakowi na bierzmowanie jako \u015bwiadek?","datePublished":"2020-05-03T13:39:10+00:00","dateModified":"2020-05-09T20:39:21+00:00","mainEntityOfPage":{"@id":"https:\/\/chrystus.pl\/co-dac-chlopakowi-na-bierzmowanie-jako-swiadek-2\/"},"wordCount":483,"commentCount":0,"publisher":{"@id":"https:\/\/chrystus.pl\/#organization"},"image":{"@id":"https:\/\/chrystus.pl\/co-dac-chlopakowi-na-bierzmowanie-jako-swiadek-2\/#primaryimage"},"thumbnailUrl":"https:\/\/chrystus.pl\/wp-content\/uploads\/2020\/05\/Co-dac\u0301-ch\u0142opakowi-na-bierzmowanie-jako-s\u0301wiadek.jpg","articleSection":["Bierzmowanie"],"inLanguage":"sl-SI","potentialAction":[{"@type":"CommentAction","name":"Comment","target":["https:\/\/chrystus.pl\/co-dac-chlopakowi-na-bierzmowanie-jako-swiadek-2\/#respond"]}]},{"@type":"WebPage","@id":"https:\/\/chrystus.pl\/co-dac-chlopakowi-na-bierzmowanie-jako-swiadek-2\/","url":"https:\/\/chrystus.pl\/co-dac-chlopakowi-na-bierzmowanie-jako-swiadek-2\/","name":"Kaj dati de\u010dku za potrditev kot pri\u010di? - Kristus","isPartOf":{"@id":"https:\/\/chrystus.pl\/#website"},"primaryImageOfPage":{"@id":"https:\/\/chrystus.pl\/co-dac-chlopakowi-na-bierzmowanie-jako-swiadek-2\/#primaryimage"},"image":{"@id":"https:\/\/chrystus.pl\/co-dac-chlopakowi-na-bierzmowanie-jako-swiadek-2\/#primaryimage"},"thumbnailUrl":"https:\/\/chrystus.pl\/wp-content\/uploads\/2020\/05\/Co-dac\u0301-ch\u0142opakowi-na-bierzmowanie-jako-s\u0301wiadek.jpg","datePublished":"2020-05-03T13:39:10+00:00","dateModified":"2020-05-09T20:39:21+00:00","description":"Kaj podariti svojemu fantu za potrditev? Zakrament sv. birme je zagotovo eden najpomembnej\u0161ih dogodkov v \u017eivljenju vsakega katoli\u010dana. To je trenutek.","breadcrumb":{"@id":"https:\/\/chrystus.pl\/co-dac-chlopakowi-na-bierzmowanie-jako-swiadek-2\/#breadcrumb"},"inLanguage":"sl-SI","potentialAction":[{"@type":"ReadAction","target":["https:\/\/chrystus.pl\/co-dac-chlopakowi-na-bierzmowanie-jako-swiadek-2\/"]}]},{"@type":"ImageObject","inLanguage":"sl-SI","@id":"https:\/\/chrystus.pl\/co-dac-chlopakowi-na-bierzmowanie-jako-swiadek-2\/#primaryimage","url":"https:\/\/chrystus.pl\/wp-content\/uploads\/2020\/05\/Co-dac\u0301-ch\u0142opakowi-na-bierzmowanie-jako-s\u0301wiadek.jpg","contentUrl":"https:\/\/chrystus.pl\/wp-content\/uploads\/2020\/05\/Co-dac\u0301-ch\u0142opakowi-na-bierzmowanie-jako-s\u0301wiadek.jpg","width":640,"height":522,"caption":"Co dac\u0301 ch\u0142opakowi na bierzmowanie jako s\u0301wiadek"},{"@type":"BreadcrumbList","@id":"https:\/\/chrystus.pl\/co-dac-chlopakowi-na-bierzmowanie-jako-swiadek-2\/#breadcrumb","itemListElement":[{"@type":"ListItem","position":1,"name":"Strona g\u0142\u00f3wna","item":"https:\/\/chrystus.pl\/"},{"@type":"ListItem","position":2,"name":"Co da\u0107 ch\u0142opakowi na bierzmowanie jako \u015bwiadek?"}]},{"@type":"WebSite","@id":"https:\/\/chrystus.pl\/#website","url":"https:\/\/chrystus.pl\/","name":"Kristus","description":"Bog, Marija, Jezus, obhajilo in \u0161e ve\u010d","publisher":{"@id":"https:\/\/chrystus.pl\/#organization"},"potentialAction":[{"@type":"SearchAction","target":{"@type":"EntryPoint","urlTemplate":"https:\/\/chrystus.pl\/?s={search_term_string}"},"query-input":{"@type":"PropertyValueSpecification","valueRequired":true,"valueName":"search_term_string"}}],"inLanguage":"sl-SI"},{"@type":"Organization","@id":"https:\/\/chrystus.pl\/#organization","name":"Kristus.pl","url":"https:\/\/chrystus.pl\/","logo":{"@type":"ImageObject","inLanguage":"sl-SI","@id":"https:\/\/chrystus.pl\/#\/schema\/logo\/image\/","url":"https:\/\/chrystus.pl\/wp-content\/uploads\/2019\/03\/chrystus-bog-maryja-komunia-bierzmowanie.jpg","contentUrl":"https:\/\/chrystus.pl\/wp-content\/uploads\/2019\/03\/chrystus-bog-maryja-komunia-bierzmowanie.jpg","width":1920,"height":1280,"caption":"Chrystus.pl"},"image":{"@id":"https:\/\/chrystus.pl\/#\/schema\/logo\/image\/"}},{"@type":"Person","@id":"https:\/\/chrystus.pl\/#\/schema\/person\/e2e742452b8b7b2bcd23ea180671d27a","name":"Samarijanka"}]}},"_links":{"self":[{"href":"https:\/\/chrystus.pl\/sl\/wp-json\/wp\/v2\/posts\/1620","targetHints":{"allow":["GET"]}}],"collection":[{"href":"https:\/\/chrystus.pl\/sl\/wp-json\/wp\/v2\/posts"}],"about":[{"href":"https:\/\/chrystus.pl\/sl\/wp-json\/wp\/v2\/types\/post"}],"author":[{"embeddable":true,"href":"https:\/\/chrystus.pl\/sl\/wp-json\/wp\/v2\/users\/1"}],"replies":[{"embeddable":true,"href":"https:\/\/chrystus.pl\/sl\/wp-json\/wp\/v2\/comments?post=1620"}],"version-history":[{"count":0,"href":"https:\/\/chrystus.pl\/sl\/wp-json\/wp\/v2\/posts\/1620\/revisions"}],"wp:featuredmedia":[{"embeddable":true,"href":"https:\/\/chrystus.pl\/sl\/wp-json\/wp\/v2\/media\/1621"}],"wp:attachment":[{"href":"https:\/\/chrystus.pl\/sl\/wp-json\/wp\/v2\/media?parent=1620"}],"wp:term":[{"taxonomy":"category","embeddable":true,"href":"https:\/\/chrystus.pl\/sl\/wp-json\/wp\/v2\/categories?post=1620"},{"taxonomy":"post_tag","embeddable":true,"href":"https:\/\/chrystus.pl\/sl\/wp-json\/wp\/v2\/tags?post=1620"}],"curies":[{"name":"wp","href":"https:\/\/api.w.org\/{rel}","templated":true}]}}