{"id":2139,"date":"2021-09-21T05:30:56","date_gmt":"2021-09-21T05:30:56","guid":{"rendered":"https:\/\/chrystus.pl\/?p=2139"},"modified":"2021-09-21T05:30:59","modified_gmt":"2021-09-21T05:30:59","slug":"dlaczego-in-vitro-to-grzech","status":"publish","type":"post","link":"https:\/\/chrystus.pl\/sl\/dlaczego-in-vitro-to-grzech\/","title":{"rendered":"Zakaj je in vitro greh?"},"content":{"rendered":"<p><a href=\"https:\/\/chrystus.pl\/sl\/tajemnica-szczescia-jak-modlic-sie-z-sercem\/\">Skrivnost<\/a> \u017cycia cz\u0142owieka rozpoczyna si\u0119 w momencie jego pocz\u0119cia. Jest to niezwykle wa\u017cny moment dla ka\u017cdego z nas, poniewa\u017c wtedy stali\u015bmy si\u0119 tym, czym jeste\u015bmy obecnie \u2013 ka\u017cdy z nas zosta\u0142 cz\u0142owiekiem, z niezbywalnym elementem godno\u015bci ludzkiej. Pod dzia\u0142aniem czasu, warunk\u00f3w \u015brodowiska i pomocy innych ludzi zmienili\u015bmy si\u0119, uro\u015bli\u015bmy, jednak w istocie pozostali\u015bmy tym samym \u2013 dzie\u0107mi Boga, takimi samymi jak przed narodzinami. Dlaczego jednak nowoczesne metody budz\u0105 w\u0105tpliwo\u015bci moralne? Dlaczego in vitro to grzech?<\/p>\n\n\n\n<p>Ta tema je izjemno obse\u017ena in bi o njej lahko pisali na ve\u010d straneh, zlasti \u010de upo\u0161tevamo mnenja ljudi, ki na primer ne morejo zanositi po naravni poti. Kljub temu pa nauk Katoli\u0161ke cerkve IVF obravnava kot greh, saj nasprotuje naravnemu prenosu \u017eivljenja. Poleg tega se v postopku umetne oploditve uporabijo tudi drugi plodovi, nato pa se izbere tisti z najbolj\u0161o prognozo. S tega vidika je in vitro neeti\u010dno in priznano kot greh, saj so \u010dlove\u0161ka bitja vrednotena glede na njihovo stanje; poleg tega nekaterim zarodkom ni omogo\u010den naravni razvoj, kar je po mnenju Cerkve nesprejemljivo.<\/p>\n\n\n\n<p>Priporo\u010damo vam, da spremljate najnovej\u0161e novice na to temo in tako raz\u0161irite svoje znanje o IVF in zdravljenju neplodnosti.<\/p>","protected":false},"excerpt":{"rendered":"<p>Tajemnica \u017cycia cz\u0142owieka rozpoczyna si\u0119 w momencie jego pocz\u0119cia. Jest to niezwykle wa\u017cny moment dla ka\u017cdego z nas, poniewa\u017c wtedy stali\u015bmy si\u0119 tym, czym jeste\u015bmy obecnie \u2013 ka\u017cdy z nas zosta\u0142 cz\u0142owiekiem, z niezbywalnym elementem godno\u015bci ludzkiej. Pod dzia\u0142aniem czasu, warunk\u00f3w \u015brodowiska i pomocy innych ludzi zmienili\u015bmy si\u0119, uro\u015bli\u015bmy, jednak w istocie pozostali\u015bmy tym samym &hellip;<\/p>","protected":false},"author":1,"featured_media":0,"comment_status":"closed","ping_status":"closed","sticky":false,"template":"","format":"standard","meta":{"footnotes":""},"categories":[33],"tags":[],"class_list":["post-2139","post","type-post","status-publish","format-standard","hentry","category-kosciol"],"yoast_head":"<!-- This site is optimized with the Yoast SEO plugin v27.5 - https:\/\/yoast.com\/product\/yoast-seo-wordpress\/ -->\n<title>Dlaczego in vitro to grzech? - Chrystus<\/title>\n<meta name=\"description\" content=\"Tajemnica \u017cycia cz\u0142owieka rozpoczyna si\u0119 w momencie jego pocz\u0119cia. Jest to niezwykle wa\u017cny moment dla ka\u017cdego z nas, poniewa\u017c wtedy stali\u015bmy si\u0119 tym, czym\" \/>\n<meta name=\"robots\" content=\"index, follow, max-snippet:-1, max-image-preview:large, max-video-preview:-1\" \/>\n<link rel=\"canonical\" href=\"https:\/\/chrystus.pl\/sl\/zakaj-je-in-vitro-sin\/\" \/>\n<meta property=\"og:locale\" content=\"sl_SI\" \/>\n<meta property=\"og:type\" content=\"article\" \/>\n<meta property=\"og:title\" content=\"Dlaczego in vitro to grzech? - Chrystus\" \/>\n<meta property=\"og:description\" content=\"Tajemnica \u017cycia cz\u0142owieka rozpoczyna si\u0119 w momencie jego pocz\u0119cia. Jest to niezwykle wa\u017cny moment dla ka\u017cdego z nas, poniewa\u017c wtedy stali\u015bmy si\u0119 tym, czym\" \/>\n<meta property=\"og:url\" content=\"https:\/\/chrystus.pl\/sl\/zakaj-je-in-vitro-sin\/\" \/>\n<meta property=\"og:site_name\" content=\"Chrystus\" \/>\n<meta property=\"article:published_time\" content=\"2021-09-21T05:30:56+00:00\" \/>\n<meta property=\"article:modified_time\" content=\"2021-09-21T05:30:59+00:00\" \/>\n<meta name=\"author\" content=\"Samarytanka\" \/>\n<meta name=\"twitter:card\" content=\"summary_large_image\" \/>\n<meta name=\"twitter:label1\" content=\"Written by\" \/>\n\t<meta name=\"twitter:data1\" content=\"Samarytanka\" \/>\n\t<meta name=\"twitter:label2\" content=\"Est. reading time\" \/>\n\t<meta name=\"twitter:data2\" content=\"1 minuta\" \/>\n<!-- \/ Yoast SEO plugin. -->","yoast_head_json":{"title":"Zakaj je in vitro greh? - Kristus","description":"Skrivnost \u010dlove\u0161kega \u017eivljenja se za\u010dne v trenutku spo\u010detja. To je izjemno pomemben trenutek za vsakega od nas, saj smo takrat postali to, kar smo.","robots":{"index":"index","follow":"follow","max-snippet":"max-snippet:-1","max-image-preview":"max-image-preview:large","max-video-preview":"max-video-preview:-1"},"canonical":"https:\/\/chrystus.pl\/sl\/zakaj-je-in-vitro-sin\/","og_locale":"sl_SI","og_type":"article","og_title":"Dlaczego in vitro to grzech? - Chrystus","og_description":"Tajemnica \u017cycia cz\u0142owieka rozpoczyna si\u0119 w momencie jego pocz\u0119cia. Jest to niezwykle wa\u017cny moment dla ka\u017cdego z nas, poniewa\u017c wtedy stali\u015bmy si\u0119 tym, czym","og_url":"https:\/\/chrystus.pl\/sl\/zakaj-je-in-vitro-sin\/","og_site_name":"Chrystus","article_published_time":"2021-09-21T05:30:56+00:00","article_modified_time":"2021-09-21T05:30:59+00:00","author":"Samarytanka","twitter_card":"summary_large_image","twitter_misc":{"Written by":"Samarytanka","Est. reading time":"1 minuta"},"schema":{"@context":"https:\/\/schema.org","@graph":[{"@type":"Article","@id":"https:\/\/chrystus.pl\/fr\/pourquoi-in-vitro-a-sin\/#article","isPartOf":{"@id":"https:\/\/chrystus.pl\/fr\/pourquoi-in-vitro-a-sin\/"},"author":{"name":"Samarytanka","@id":"https:\/\/chrystus.pl\/#\/schema\/person\/e2e742452b8b7b2bcd23ea180671d27a"},"headline":"Dlaczego in vitro to grzech?","datePublished":"2021-09-21T05:30:56+00:00","dateModified":"2021-09-21T05:30:59+00:00","mainEntityOfPage":{"@id":"https:\/\/chrystus.pl\/fr\/pourquoi-in-vitro-a-sin\/"},"wordCount":243,"publisher":{"@id":"https:\/\/chrystus.pl\/#organization"},"articleSection":["Ko\u015bci\u00f3\u0142"],"inLanguage":"sl-SI"},{"@type":"WebPage","@id":"https:\/\/chrystus.pl\/fr\/pourquoi-in-vitro-a-sin\/","url":"https:\/\/chrystus.pl\/fr\/pourquoi-in-vitro-a-sin\/","name":"Zakaj je in vitro greh? - Kristus","isPartOf":{"@id":"https:\/\/chrystus.pl\/#website"},"datePublished":"2021-09-21T05:30:56+00:00","dateModified":"2021-09-21T05:30:59+00:00","description":"Skrivnost \u010dlove\u0161kega \u017eivljenja se za\u010dne v trenutku spo\u010detja. To je izjemno pomemben trenutek za vsakega od nas, saj smo takrat postali to, kar smo.","breadcrumb":{"@id":"https:\/\/chrystus.pl\/fr\/pourquoi-in-vitro-a-sin\/#breadcrumb"},"inLanguage":"sl-SI","potentialAction":[{"@type":"ReadAction","target":["https:\/\/chrystus.pl\/fr\/pourquoi-in-vitro-a-sin\/"]}]},{"@type":"BreadcrumbList","@id":"https:\/\/chrystus.pl\/fr\/pourquoi-in-vitro-a-sin\/#breadcrumb","itemListElement":[{"@type":"ListItem","position":1,"name":"Strona g\u0142\u00f3wna","item":"https:\/\/chrystus.pl\/"},{"@type":"ListItem","position":2,"name":"Dlaczego in vitro to grzech?"}]},{"@type":"WebSite","@id":"https:\/\/chrystus.pl\/#website","url":"https:\/\/chrystus.pl\/","name":"Kristus","description":"Bog, Marija, Jezus, obhajilo in \u0161e ve\u010d","publisher":{"@id":"https:\/\/chrystus.pl\/#organization"},"potentialAction":[{"@type":"SearchAction","target":{"@type":"EntryPoint","urlTemplate":"https:\/\/chrystus.pl\/?s={search_term_string}"},"query-input":{"@type":"PropertyValueSpecification","valueRequired":true,"valueName":"search_term_string"}}],"inLanguage":"sl-SI"},{"@type":"Organization","@id":"https:\/\/chrystus.pl\/#organization","name":"Kristus.pl","url":"https:\/\/chrystus.pl\/","logo":{"@type":"ImageObject","inLanguage":"sl-SI","@id":"https:\/\/chrystus.pl\/#\/schema\/logo\/image\/","url":"https:\/\/chrystus.pl\/wp-content\/uploads\/2019\/03\/chrystus-bog-maryja-komunia-bierzmowanie.jpg","contentUrl":"https:\/\/chrystus.pl\/wp-content\/uploads\/2019\/03\/chrystus-bog-maryja-komunia-bierzmowanie.jpg","width":1920,"height":1280,"caption":"Chrystus.pl"},"image":{"@id":"https:\/\/chrystus.pl\/#\/schema\/logo\/image\/"}},{"@type":"Person","@id":"https:\/\/chrystus.pl\/#\/schema\/person\/e2e742452b8b7b2bcd23ea180671d27a","name":"Samarijanka"}]}},"_links":{"self":[{"href":"https:\/\/chrystus.pl\/sl\/wp-json\/wp\/v2\/posts\/2139","targetHints":{"allow":["GET"]}}],"collection":[{"href":"https:\/\/chrystus.pl\/sl\/wp-json\/wp\/v2\/posts"}],"about":[{"href":"https:\/\/chrystus.pl\/sl\/wp-json\/wp\/v2\/types\/post"}],"author":[{"embeddable":true,"href":"https:\/\/chrystus.pl\/sl\/wp-json\/wp\/v2\/users\/1"}],"replies":[{"embeddable":true,"href":"https:\/\/chrystus.pl\/sl\/wp-json\/wp\/v2\/comments?post=2139"}],"version-history":[{"count":0,"href":"https:\/\/chrystus.pl\/sl\/wp-json\/wp\/v2\/posts\/2139\/revisions"}],"wp:attachment":[{"href":"https:\/\/chrystus.pl\/sl\/wp-json\/wp\/v2\/media?parent=2139"}],"wp:term":[{"taxonomy":"category","embeddable":true,"href":"https:\/\/chrystus.pl\/sl\/wp-json\/wp\/v2\/categories?post=2139"},{"taxonomy":"post_tag","embeddable":true,"href":"https:\/\/chrystus.pl\/sl\/wp-json\/wp\/v2\/tags?post=2139"}],"curies":[{"name":"wp","href":"https:\/\/api.w.org\/{rel}","templated":true}]}}