{"id":2148,"date":"2021-09-24T23:47:02","date_gmt":"2021-09-24T23:47:02","guid":{"rendered":"https:\/\/chrystus.pl\/?p=2148"},"modified":"2021-09-24T23:47:05","modified_gmt":"2021-09-24T23:47:05","slug":"czy-manifestacja-to-grzech","status":"publish","type":"post","link":"https:\/\/chrystus.pl\/sl\/czy-manifestacja-to-grzech\/","title":{"rendered":"Ali je manifestacija greh?"},"content":{"rendered":"<p>Ali je manifestacija greh? \u010clovek velja za najpopolnej\u0161e bitje, ki ga je ustvaril Bog. Kot edini med vsemi bitji smo obdarjeni z razumom in svobodno voljo. Ta edinstvenost prina\u0161a dolo\u010dene obveznosti. Ker imamo razum in smo sposobni sprejemati zavestne odlo\u010ditve, smo v celoti odgovorni za njihove posledice.<\/p>\n\n\n\n<p>B\u00f3g da\u0142 cz\u0142owiekowi rozum, aby ten z niego korzysta\u0142. Niekorzystanie z rozumu jest wi\u0119c grzechem. Cz\u0142owiek jako istota my\u015bl\u0105ca powinien nauczy\u0107 si\u0119 odr\u00f3\u017cnia\u0107 dobro od z\u0142a. Oczywi\u015bcie drogowskazem pozostawionym ludziom przez Boga, maj\u0105cym na celu pom\u00f3c im w podejmowaniu s\u0142usznych decyzji, jest <a href=\"https:\/\/chrystus.pl\/sl\/ile-jest-przykazan-bozych\/\">Dekalog<\/a>.<\/p>\n\n\n\n<p>Ali je demonstracija greh, je odvisno od razloga, zaradi katerega jo izvajamo. Manifestiranje v obrambo kr\u0161\u010danskih vrednot, v obrambo pravic, svobode in dostojanstva drugih se vedno obravnava kot dobro dejanje. Te\u017eava nastane, ko se zavzemamo za vrednote, ki so nezdru\u017eljive s katoli\u0161tvom. Potem se lahko obravnava kot greh. Na to, ali je manifestacija greh, vplivajo na\u0161i nameni. \u010ce delujemo iz pravih in moralno upravi\u010denih vzgibov, ne more biti govora o grehu.<\/p>\n\n\n\n<p>Po drugi strani pa lahko za greh zagotovo ozna\u010dimo dokazovanje zaradi lastnih, pogosto primitivnih in praznih koristi. Demonstracije morajo vedno potekati v obrambo druge osebe ali celotne dru\u017ebene skupine. Ne sme biti v nasprotju s splo\u0161nim interesom. Manifestiranje za lastne interese je manifestacija <a href=\"https:\/\/chrystus.pl\/sl\/pycha-co-to-jest\/\">napuh<\/a> i <a href=\"https:\/\/chrystus.pl\/sl\/jak-nazwac-grzech-nieczystosci\/\">pohlep<\/a>.<\/p>","protected":false},"excerpt":{"rendered":"<p>Czy manifestacja to grzech? Cz\u0142owiek jest uznawany za najdoskonalsz\u0105 istot\u0119 stworzon\u0105 przez Boga. Jako jedyni ze wszystkich stworze\u0144 zostali\u015bmy obdarowani rozumem i woln\u0105 wol\u0105. Ta wyj\u0105tkowo\u015b\u0107 niesie za sob\u0105 pewne zobowi\u0105zania. Skoro posiadamy rozum i jeste\u015bmy w stanie podejmowa\u0107 \u015bwiadome decyzje, jeste\u015bmy w pe\u0142ni odpowiedzialni za ich skutki. B\u00f3g da\u0142 cz\u0142owiekowi rozum, aby ten z &hellip;<\/p>","protected":false},"author":1,"featured_media":0,"comment_status":"closed","ping_status":"closed","sticky":false,"template":"","format":"standard","meta":{"footnotes":""},"categories":[33],"tags":[],"class_list":["post-2148","post","type-post","status-publish","format-standard","hentry","category-kosciol"],"yoast_head":"<!-- This site is optimized with the Yoast SEO plugin v27.5 - https:\/\/yoast.com\/product\/yoast-seo-wordpress\/ -->\n<title>Czy manifestacja to grzech? - Chrystus<\/title>\n<meta name=\"description\" content=\"Czy manifestacja to grzech? Cz\u0142owiek jest uznawany za najdoskonalsz\u0105 istot\u0119 stworzon\u0105 przez Boga. Jako jedyni ze wszystkich stworze\u0144 zostali\u015bmy obdarowani\" \/>\n<meta name=\"robots\" content=\"index, follow, max-snippet:-1, max-image-preview:large, max-video-preview:-1\" \/>\n<link rel=\"canonical\" href=\"https:\/\/chrystus.pl\/sl\/ali-je-manifestacija-greh\/\" \/>\n<meta property=\"og:locale\" content=\"sl_SI\" \/>\n<meta property=\"og:type\" content=\"article\" \/>\n<meta property=\"og:title\" content=\"Czy manifestacja to grzech? - Chrystus\" \/>\n<meta property=\"og:description\" content=\"Czy manifestacja to grzech? Cz\u0142owiek jest uznawany za najdoskonalsz\u0105 istot\u0119 stworzon\u0105 przez Boga. Jako jedyni ze wszystkich stworze\u0144 zostali\u015bmy obdarowani\" \/>\n<meta property=\"og:url\" content=\"https:\/\/chrystus.pl\/sl\/ali-je-manifestacija-greh\/\" \/>\n<meta property=\"og:site_name\" content=\"Chrystus\" \/>\n<meta property=\"article:published_time\" content=\"2021-09-24T23:47:02+00:00\" \/>\n<meta property=\"article:modified_time\" content=\"2021-09-24T23:47:05+00:00\" \/>\n<meta name=\"author\" content=\"Samarytanka\" \/>\n<meta name=\"twitter:card\" content=\"summary_large_image\" \/>\n<meta name=\"twitter:label1\" content=\"Written by\" \/>\n\t<meta name=\"twitter:data1\" content=\"Samarytanka\" \/>\n\t<meta name=\"twitter:label2\" content=\"Est. reading time\" \/>\n\t<meta name=\"twitter:data2\" content=\"1 minuta\" \/>\n<!-- \/ Yoast SEO plugin. -->","yoast_head_json":{"title":"Ali je manifestacija greh? - Kristus","description":"Ali je manifestacija greh? \u010clovek velja za najpopolnej\u0161e bitje, ki ga je ustvaril Bog. Kot edini med vsemi bitji smo bili obdarjeni z","robots":{"index":"index","follow":"follow","max-snippet":"max-snippet:-1","max-image-preview":"max-image-preview:large","max-video-preview":"max-video-preview:-1"},"canonical":"https:\/\/chrystus.pl\/sl\/ali-je-manifestacija-greh\/","og_locale":"sl_SI","og_type":"article","og_title":"Czy manifestacja to grzech? - Chrystus","og_description":"Czy manifestacja to grzech? Cz\u0142owiek jest uznawany za najdoskonalsz\u0105 istot\u0119 stworzon\u0105 przez Boga. Jako jedyni ze wszystkich stworze\u0144 zostali\u015bmy obdarowani","og_url":"https:\/\/chrystus.pl\/sl\/ali-je-manifestacija-greh\/","og_site_name":"Chrystus","article_published_time":"2021-09-24T23:47:02+00:00","article_modified_time":"2021-09-24T23:47:05+00:00","author":"Samarytanka","twitter_card":"summary_large_image","twitter_misc":{"Written by":"Samarytanka","Est. reading time":"1 minuta"},"schema":{"@context":"https:\/\/schema.org","@graph":[{"@type":"Article","@id":"https:\/\/chrystus.pl\/en\/whether-manifestation-is-a-sin\/#article","isPartOf":{"@id":"https:\/\/chrystus.pl\/en\/whether-manifestation-is-a-sin\/"},"author":{"name":"Samarytanka","@id":"https:\/\/chrystus.pl\/#\/schema\/person\/e2e742452b8b7b2bcd23ea180671d27a"},"headline":"Czy manifestacja to grzech?","datePublished":"2021-09-24T23:47:02+00:00","dateModified":"2021-09-24T23:47:05+00:00","mainEntityOfPage":{"@id":"https:\/\/chrystus.pl\/en\/whether-manifestation-is-a-sin\/"},"wordCount":258,"publisher":{"@id":"https:\/\/chrystus.pl\/#organization"},"articleSection":["Ko\u015bci\u00f3\u0142"],"inLanguage":"sl-SI"},{"@type":"WebPage","@id":"https:\/\/chrystus.pl\/en\/whether-manifestation-is-a-sin\/","url":"https:\/\/chrystus.pl\/en\/whether-manifestation-is-a-sin\/","name":"Ali je manifestacija greh? - Kristus","isPartOf":{"@id":"https:\/\/chrystus.pl\/#website"},"datePublished":"2021-09-24T23:47:02+00:00","dateModified":"2021-09-24T23:47:05+00:00","description":"Ali je manifestacija greh? \u010clovek velja za najpopolnej\u0161e bitje, ki ga je ustvaril Bog. Kot edini med vsemi bitji smo bili obdarjeni z","breadcrumb":{"@id":"https:\/\/chrystus.pl\/en\/whether-manifestation-is-a-sin\/#breadcrumb"},"inLanguage":"sl-SI","potentialAction":[{"@type":"ReadAction","target":["https:\/\/chrystus.pl\/en\/whether-manifestation-is-a-sin\/"]}]},{"@type":"BreadcrumbList","@id":"https:\/\/chrystus.pl\/en\/whether-manifestation-is-a-sin\/#breadcrumb","itemListElement":[{"@type":"ListItem","position":1,"name":"Strona g\u0142\u00f3wna","item":"https:\/\/chrystus.pl\/"},{"@type":"ListItem","position":2,"name":"Czy manifestacja to grzech?"}]},{"@type":"WebSite","@id":"https:\/\/chrystus.pl\/#website","url":"https:\/\/chrystus.pl\/","name":"Kristus","description":"Bog, Marija, Jezus, obhajilo in \u0161e ve\u010d","publisher":{"@id":"https:\/\/chrystus.pl\/#organization"},"potentialAction":[{"@type":"SearchAction","target":{"@type":"EntryPoint","urlTemplate":"https:\/\/chrystus.pl\/?s={search_term_string}"},"query-input":{"@type":"PropertyValueSpecification","valueRequired":true,"valueName":"search_term_string"}}],"inLanguage":"sl-SI"},{"@type":"Organization","@id":"https:\/\/chrystus.pl\/#organization","name":"Kristus.pl","url":"https:\/\/chrystus.pl\/","logo":{"@type":"ImageObject","inLanguage":"sl-SI","@id":"https:\/\/chrystus.pl\/#\/schema\/logo\/image\/","url":"https:\/\/chrystus.pl\/wp-content\/uploads\/2019\/03\/chrystus-bog-maryja-komunia-bierzmowanie.jpg","contentUrl":"https:\/\/chrystus.pl\/wp-content\/uploads\/2019\/03\/chrystus-bog-maryja-komunia-bierzmowanie.jpg","width":1920,"height":1280,"caption":"Chrystus.pl"},"image":{"@id":"https:\/\/chrystus.pl\/#\/schema\/logo\/image\/"}},{"@type":"Person","@id":"https:\/\/chrystus.pl\/#\/schema\/person\/e2e742452b8b7b2bcd23ea180671d27a","name":"Samarijanka"}]}},"_links":{"self":[{"href":"https:\/\/chrystus.pl\/sl\/wp-json\/wp\/v2\/posts\/2148","targetHints":{"allow":["GET"]}}],"collection":[{"href":"https:\/\/chrystus.pl\/sl\/wp-json\/wp\/v2\/posts"}],"about":[{"href":"https:\/\/chrystus.pl\/sl\/wp-json\/wp\/v2\/types\/post"}],"author":[{"embeddable":true,"href":"https:\/\/chrystus.pl\/sl\/wp-json\/wp\/v2\/users\/1"}],"replies":[{"embeddable":true,"href":"https:\/\/chrystus.pl\/sl\/wp-json\/wp\/v2\/comments?post=2148"}],"version-history":[{"count":0,"href":"https:\/\/chrystus.pl\/sl\/wp-json\/wp\/v2\/posts\/2148\/revisions"}],"wp:attachment":[{"href":"https:\/\/chrystus.pl\/sl\/wp-json\/wp\/v2\/media?parent=2148"}],"wp:term":[{"taxonomy":"category","embeddable":true,"href":"https:\/\/chrystus.pl\/sl\/wp-json\/wp\/v2\/categories?post=2148"},{"taxonomy":"post_tag","embeddable":true,"href":"https:\/\/chrystus.pl\/sl\/wp-json\/wp\/v2\/tags?post=2148"}],"curies":[{"name":"wp","href":"https:\/\/api.w.org\/{rel}","templated":true}]}}