{"id":442,"date":"2019-04-09T23:17:21","date_gmt":"2019-04-09T23:17:21","guid":{"rendered":"https:\/\/chrystus.pl\/?p=442"},"modified":"2019-04-09T23:17:21","modified_gmt":"2019-04-09T23:17:21","slug":"kto-tworzy-kosciol-katolicki-czyli-powszechny","status":"publish","type":"post","link":"https:\/\/chrystus.pl\/sl\/kto-tworzy-kosciol-katolicki-czyli-powszechny\/","title":{"rendered":"Kdo sestavlja Cerkev (katoli\u0161ko ali vesoljno)?"},"content":{"rendered":"<p>Cerkev <span id=\"urn:enhancement-8a1c2b3a-d016-483a-12bb-1df5ba50b6c2\" class=\"textannotation disambiguated wl-thing\" itemid=\"http:\/\/data.wordlift.io\/wl01378\/entity\/katolicyzm\">Katoli\u0161ka<\/span>. Beseda <span id=\"urn:enhancement-4fa6d04b-024b-0a9a-050b-bba6e5e7a679\" class=\"textannotation disambiguated wl-thing\" itemid=\"http:\/\/data.wordlift.io\/wl01378\/entity\/katolicyzm\">Katoli\u0161ka<\/span> wywodzi si\u0119 od greckiego s\u0142owa katholicos co oznacza \u201epowszechny\u201d. Jak wiemy z poprzednich cz\u0119\u015bci artyku\u0142u, Ko\u015bci\u00f3\u0142 <span id=\"urn:enhancement-fdc8b3c6-3481-0fdd-4a62-18ca55757014\" class=\"textannotation disambiguated wl-thing\" itemid=\"http:\/\/data.wordlift.io\/wl01378\/entity\/katolicyzm\">Katoli\u0161ka<\/span> je najve\u010dja verska organizacija na svetu. Seveda je formaliziran, s svojimi pravili, na\u010deli in jasnimi strukturami. Toda kdo dejansko sestavlja <span id=\"urn:enhancement-26100ac8-b381-1483-901f-923e9cc7f2ee\" class=\"textannotation disambiguated wl-thing\" itemid=\"http:\/\/data.wordlift.io\/wl01378\/entity\/kosciol_budynek\">Cerkev<\/span>? Ali je to zbirka <span id=\"urn:enhancement-9432073a-5fe7-8510-853c-570b4499f208\" class=\"textannotation disambiguated wl-thing\" itemid=\"http:\/\/data.wordlift.io\/wl01378\/entity\/prezbiter\">duhovniki<\/span> i <span id=\"urn:enhancement-ee454a02-1387-e689-cc84-d7b2ff33c0d5\" class=\"textannotation disambiguated wl-thing\" itemid=\"http:\/\/data.wordlift.io\/wl01378\/entity\/ksiadz\">duhovniki<\/span>? Ali pa bi morali na to vpra\u0161anje gledati nekoliko druga\u010de?<\/p>\n<p><span id=\"urn:enhancement-b9ff16fe-8dcf-ed9e-5d74-49b06ead8bc3\" class=\"textannotation disambiguated wl-thing\" itemid=\"http:\/\/data.wordlift.io\/wl01378\/entity\/kosciol_budynek\">Cerkev<\/span> ustvarjajo ljudje. Ustvarjajo ga. <span id=\"urn:enhancement-6d860f61-3b66-d9d6-66a6-00f3b7d566d1\" class=\"textannotation disambiguated wl-thing\" itemid=\"http:\/\/data.wordlift.io\/wl01378\/entity\/wierni\">zvesta<\/span>. <span id=\"urn:enhancement-e88fe062-e303-070a-b9a5-5ed5c2fb4562\" class=\"textannotation disambiguated wl-thing\" itemid=\"http:\/\/data.wordlift.io\/wl01378\/entity\/kosciol_budynek\">Cerkev<\/span> To so ljudje. To je celoten <span id=\"urn:enhancement-e2dd481a-b1c6-75a8-cbc5-589ef35b6881\" class=\"textannotation disambiguated wl-thing\" itemid=\"http:\/\/data.wordlift.io\/wl01378\/entity\/dobro\">dobrota<\/span> in toplino, ki jo sre\u010dujemo na svoji poti, ko se sre\u010dujemo s so\u010dlovekom. To smo mi vsi. <span id=\"urn:enhancement-f0b42a51-47f2-018c-c4ae-77ca186021bf\" class=\"textannotation disambiguated wl-thing\" itemid=\"http:\/\/data.wordlift.io\/wl01378\/entity\/wierni\">zvesta<\/span> so temelj in steber celotnega <span id=\"urn:enhancement-655e7aac-0e2a-6fba-df95-65536bddc088\" class=\"textannotation disambiguated wl-thing\" itemid=\"http:\/\/data.wordlift.io\/wl01378\/entity\/kosciol_teologia\">Cerkev<\/span>. <span id=\"urn:enhancement-65cae3a3-5517-d9a6-1e34-3cab4831f3d6\" class=\"textannotation disambiguated wl-thing\" itemid=\"http:\/\/data.wordlift.io\/wl01378\/entity\/kosciol_budynek\">Cerkev<\/span> temelji na dolo\u010denih na\u010delih, ljubezni in morali, vendar so njeno glavno vezivo ljudje. Vsak od nas je vsak dan majhen kamen\u010dek v tej organizaciji. Hkrati je vsak od nas enak in enako pomemben za celotno strukturo. <span id=\"urn:enhancement-595c88fb-889f-5762-188d-95e78c62f598\" class=\"textannotation disambiguated wl-thing\" itemid=\"http:\/\/data.wordlift.io\/wl01378\/entity\/kosciol_teologia\">Cerkev<\/span>. Ljudje smo tisti, ki smo poslani na ta svet, da \u0161irimo Gospodovo delo. Lord <span id=\"urn:enhancement-c5222698-b25d-a2ff-0016-2f8680ad2c95\" class=\"textannotation disambiguated wl-person\" itemid=\"http:\/\/data.wordlift.io\/wl01378\/entity\/jezus_chrystus\">Jezus<\/span> zaradi <span id=\"urn:enhancement-a85b975f-d727-0d20-b598-aaea51a0cc5f\" class=\"textannotation disambiguated wl-thing\" itemid=\"http:\/\/data.wordlift.io\/wl01378\/entity\/duch_swiety\">Sveti Duh<\/span> za\u010del delo, ki ga danes imenujemo Cerkev. Tudi <span id=\"urn:enhancement-46264232-4a1b-3dcf-5502-978edc736f9f\" class=\"textannotation disambiguated wl-thing\" itemid=\"http:\/\/data.wordlift.io\/wl01378\/entity\/kosciol_budynek\">Cerkev<\/span> Vsi so <span id=\"urn:enhancement-7cbe54a3-2770-3907-8949-9b9618a2048a\" class=\"textannotation disambiguated wl-thing\" itemid=\"http:\/\/data.wordlift.io\/wl01378\/entity\/wierni\">zvesta<\/span>. To je eno najpomembnej\u0161ih in nespornih na\u010del celotne skupnosti.<\/p>","protected":false},"excerpt":{"rendered":"<p>Ko\u015bci\u00f3\u0142 Katolicki. S\u0142owo Katolicki wywodzi si\u0119 od greckiego s\u0142owa katholicos co oznacza \u201epowszechny\u201d. Jak wiemy z poprzednich cz\u0119\u015bci artyku\u0142u, Ko\u015bci\u00f3\u0142 Katolicki jest najwi\u0119ksz\u0105 organizacj\u0105 wyznaniow\u0105 na \u015bwiecie. Jest on oczywi\u015bcie sformalizowany, ma swoje zasady, regu\u0142y i jasne struktury. Ale kto tak naprawd\u0119 tworzy Ko\u015bci\u00f3\u0142? Czy jest to zbiorowisko kap\u0142an\u00f3w i ksi\u0119\u017cy? Czy raczej nale\u017cy spojrze\u0107 &hellip;<\/p>","protected":false},"author":1,"featured_media":448,"comment_status":"open","ping_status":"closed","sticky":false,"template":"","format":"standard","meta":{"footnotes":""},"categories":[33],"tags":[37],"class_list":["post-442","post","type-post","status-publish","format-standard","has-post-thumbnail","hentry","category-kosciol","tag-wspolnota"],"yoast_head":"<!-- This site is optimized with the Yoast SEO plugin v27.5 - https:\/\/yoast.com\/product\/yoast-seo-wordpress\/ -->\n<title>Kto tworzy Ko\u015bci\u00f3\u0142 (katolicki czyli powszechny)? - Chrystus<\/title>\n<meta name=\"description\" content=\"Ko\u015bci\u00f3\u0142 Katolicki. S\u0142owo Katolicki wywodzi si\u0119 od greckiego s\u0142owa katholicos co oznacza \u201epowszechny\u201d. Jak wiemy z poprzednich cz\u0119\u015bci artyku\u0142u, Ko\u015bci\u00f3\u0142\" \/>\n<meta name=\"robots\" content=\"index, follow, max-snippet:-1, max-image-preview:large, max-video-preview:-1\" \/>\n<link rel=\"canonical\" href=\"https:\/\/chrystus.pl\/sl\/kdo-ustvarja-katolisko-cerkev-ki-je-univerzalna\/\" \/>\n<meta property=\"og:locale\" content=\"sl_SI\" \/>\n<meta property=\"og:type\" content=\"article\" \/>\n<meta property=\"og:title\" content=\"Kto tworzy Ko\u015bci\u00f3\u0142 (katolicki czyli powszechny)? - Chrystus\" \/>\n<meta property=\"og:description\" content=\"Ko\u015bci\u00f3\u0142 Katolicki. S\u0142owo Katolicki wywodzi si\u0119 od greckiego s\u0142owa katholicos co oznacza \u201epowszechny\u201d. Jak wiemy z poprzednich cz\u0119\u015bci artyku\u0142u, Ko\u015bci\u00f3\u0142\" \/>\n<meta property=\"og:url\" content=\"https:\/\/chrystus.pl\/sl\/kdo-ustvarja-katolisko-cerkev-ki-je-univerzalna\/\" \/>\n<meta property=\"og:site_name\" content=\"Chrystus\" \/>\n<meta property=\"article:published_time\" content=\"2019-04-09T23:17:21+00:00\" \/>\n<meta property=\"og:image\" content=\"https:\/\/chrystus.pl\/wp-content\/uploads\/2019\/04\/Kto-tworzy-Kosciol.jpg\" \/>\n\t<meta property=\"og:image:width\" content=\"1280\" \/>\n\t<meta property=\"og:image:height\" content=\"853\" \/>\n\t<meta property=\"og:image:type\" content=\"image\/jpeg\" \/>\n<meta name=\"author\" content=\"Samarytanka\" \/>\n<meta name=\"twitter:card\" content=\"summary_large_image\" \/>\n<meta name=\"twitter:label1\" content=\"Written by\" \/>\n\t<meta name=\"twitter:data1\" content=\"Samarytanka\" \/>\n\t<meta name=\"twitter:label2\" content=\"Est. reading time\" \/>\n\t<meta name=\"twitter:data2\" content=\"1 minuta\" \/>\n<!-- \/ Yoast SEO plugin. -->","yoast_head_json":{"title":"Kdo sestavlja Cerkev (katoli\u0161ko ali vesoljno)? - Kristus","description":"Katoli\u0161ka cerkev. Beseda katoli\u0161ka izhaja iz gr\u0161ke besede katholicos, ki pomeni \"univerzalna\". Kot vemo iz prej\u0161njih delov tega \u010dlanka, je Cerkev","robots":{"index":"index","follow":"follow","max-snippet":"max-snippet:-1","max-image-preview":"max-image-preview:large","max-video-preview":"max-video-preview:-1"},"canonical":"https:\/\/chrystus.pl\/sl\/kdo-ustvarja-katolisko-cerkev-ki-je-univerzalna\/","og_locale":"sl_SI","og_type":"article","og_title":"Kto tworzy Ko\u015bci\u00f3\u0142 (katolicki czyli powszechny)? - Chrystus","og_description":"Ko\u015bci\u00f3\u0142 Katolicki. S\u0142owo Katolicki wywodzi si\u0119 od greckiego s\u0142owa katholicos co oznacza \u201epowszechny\u201d. Jak wiemy z poprzednich cz\u0119\u015bci artyku\u0142u, Ko\u015bci\u00f3\u0142","og_url":"https:\/\/chrystus.pl\/sl\/kdo-ustvarja-katolisko-cerkev-ki-je-univerzalna\/","og_site_name":"Chrystus","article_published_time":"2019-04-09T23:17:21+00:00","og_image":[{"width":1280,"height":853,"url":"https:\/\/chrystus.pl\/wp-content\/uploads\/2019\/04\/Kto-tworzy-Kosciol.jpg","type":"image\/jpeg"}],"author":"Samarytanka","twitter_card":"summary_large_image","twitter_misc":{"Written by":"Samarytanka","Est. reading time":"1 minuta"},"schema":{"@context":"https:\/\/schema.org","@graph":[{"@type":"Article","@id":"https:\/\/chrystus.pl\/kto-tworzy-kosciol-katolicki-czyli-powszechny\/#article","isPartOf":{"@id":"https:\/\/chrystus.pl\/kto-tworzy-kosciol-katolicki-czyli-powszechny\/"},"author":{"name":"Samarytanka","@id":"https:\/\/chrystus.pl\/#\/schema\/person\/e2e742452b8b7b2bcd23ea180671d27a"},"headline":"Kto tworzy Ko\u015bci\u00f3\u0142 (katolicki czyli powszechny)?","datePublished":"2019-04-09T23:17:21+00:00","mainEntityOfPage":{"@id":"https:\/\/chrystus.pl\/kto-tworzy-kosciol-katolicki-czyli-powszechny\/"},"wordCount":239,"commentCount":0,"publisher":{"@id":"https:\/\/chrystus.pl\/#organization"},"image":{"@id":"https:\/\/chrystus.pl\/kto-tworzy-kosciol-katolicki-czyli-powszechny\/#primaryimage"},"thumbnailUrl":"https:\/\/chrystus.pl\/wp-content\/uploads\/2019\/04\/Kto-tworzy-Kosciol.jpg","keywords":["wsp\u00f3lnota"],"articleSection":["Ko\u015bci\u00f3\u0142"],"inLanguage":"sl-SI","potentialAction":[{"@type":"CommentAction","name":"Comment","target":["https:\/\/chrystus.pl\/kto-tworzy-kosciol-katolicki-czyli-powszechny\/#respond"]}]},{"@type":"WebPage","@id":"https:\/\/chrystus.pl\/kto-tworzy-kosciol-katolicki-czyli-powszechny\/","url":"https:\/\/chrystus.pl\/kto-tworzy-kosciol-katolicki-czyli-powszechny\/","name":"Kdo sestavlja Cerkev (katoli\u0161ko ali vesoljno)? - Kristus","isPartOf":{"@id":"https:\/\/chrystus.pl\/#website"},"primaryImageOfPage":{"@id":"https:\/\/chrystus.pl\/kto-tworzy-kosciol-katolicki-czyli-powszechny\/#primaryimage"},"image":{"@id":"https:\/\/chrystus.pl\/kto-tworzy-kosciol-katolicki-czyli-powszechny\/#primaryimage"},"thumbnailUrl":"https:\/\/chrystus.pl\/wp-content\/uploads\/2019\/04\/Kto-tworzy-Kosciol.jpg","datePublished":"2019-04-09T23:17:21+00:00","description":"Katoli\u0161ka cerkev. Beseda katoli\u0161ka izhaja iz gr\u0161ke besede katholicos, ki pomeni \"univerzalna\". Kot vemo iz prej\u0161njih delov tega \u010dlanka, je Cerkev","breadcrumb":{"@id":"https:\/\/chrystus.pl\/kto-tworzy-kosciol-katolicki-czyli-powszechny\/#breadcrumb"},"inLanguage":"sl-SI","potentialAction":[{"@type":"ReadAction","target":["https:\/\/chrystus.pl\/kto-tworzy-kosciol-katolicki-czyli-powszechny\/"]}]},{"@type":"ImageObject","inLanguage":"sl-SI","@id":"https:\/\/chrystus.pl\/kto-tworzy-kosciol-katolicki-czyli-powszechny\/#primaryimage","url":"https:\/\/chrystus.pl\/wp-content\/uploads\/2019\/04\/Kto-tworzy-Kosciol.jpg","contentUrl":"https:\/\/chrystus.pl\/wp-content\/uploads\/2019\/04\/Kto-tworzy-Kosciol.jpg","width":1280,"height":853,"caption":"Kto tworzy Kosciol"},{"@type":"BreadcrumbList","@id":"https:\/\/chrystus.pl\/kto-tworzy-kosciol-katolicki-czyli-powszechny\/#breadcrumb","itemListElement":[{"@type":"ListItem","position":1,"name":"Strona g\u0142\u00f3wna","item":"https:\/\/chrystus.pl\/"},{"@type":"ListItem","position":2,"name":"Kto tworzy Ko\u015bci\u00f3\u0142 (katolicki czyli powszechny)?"}]},{"@type":"WebSite","@id":"https:\/\/chrystus.pl\/#website","url":"https:\/\/chrystus.pl\/","name":"Kristus","description":"Bog, Marija, Jezus, obhajilo in \u0161e ve\u010d","publisher":{"@id":"https:\/\/chrystus.pl\/#organization"},"potentialAction":[{"@type":"SearchAction","target":{"@type":"EntryPoint","urlTemplate":"https:\/\/chrystus.pl\/?s={search_term_string}"},"query-input":{"@type":"PropertyValueSpecification","valueRequired":true,"valueName":"search_term_string"}}],"inLanguage":"sl-SI"},{"@type":"Organization","@id":"https:\/\/chrystus.pl\/#organization","name":"Kristus.pl","url":"https:\/\/chrystus.pl\/","logo":{"@type":"ImageObject","inLanguage":"sl-SI","@id":"https:\/\/chrystus.pl\/#\/schema\/logo\/image\/","url":"https:\/\/chrystus.pl\/wp-content\/uploads\/2019\/03\/chrystus-bog-maryja-komunia-bierzmowanie.jpg","contentUrl":"https:\/\/chrystus.pl\/wp-content\/uploads\/2019\/03\/chrystus-bog-maryja-komunia-bierzmowanie.jpg","width":1920,"height":1280,"caption":"Chrystus.pl"},"image":{"@id":"https:\/\/chrystus.pl\/#\/schema\/logo\/image\/"}},{"@type":"Person","@id":"https:\/\/chrystus.pl\/#\/schema\/person\/e2e742452b8b7b2bcd23ea180671d27a","name":"Samarijanka"}]}},"_links":{"self":[{"href":"https:\/\/chrystus.pl\/sl\/wp-json\/wp\/v2\/posts\/442","targetHints":{"allow":["GET"]}}],"collection":[{"href":"https:\/\/chrystus.pl\/sl\/wp-json\/wp\/v2\/posts"}],"about":[{"href":"https:\/\/chrystus.pl\/sl\/wp-json\/wp\/v2\/types\/post"}],"author":[{"embeddable":true,"href":"https:\/\/chrystus.pl\/sl\/wp-json\/wp\/v2\/users\/1"}],"replies":[{"embeddable":true,"href":"https:\/\/chrystus.pl\/sl\/wp-json\/wp\/v2\/comments?post=442"}],"version-history":[{"count":0,"href":"https:\/\/chrystus.pl\/sl\/wp-json\/wp\/v2\/posts\/442\/revisions"}],"wp:featuredmedia":[{"embeddable":true,"href":"https:\/\/chrystus.pl\/sl\/wp-json\/wp\/v2\/media\/448"}],"wp:attachment":[{"href":"https:\/\/chrystus.pl\/sl\/wp-json\/wp\/v2\/media?parent=442"}],"wp:term":[{"taxonomy":"category","embeddable":true,"href":"https:\/\/chrystus.pl\/sl\/wp-json\/wp\/v2\/categories?post=442"},{"taxonomy":"post_tag","embeddable":true,"href":"https:\/\/chrystus.pl\/sl\/wp-json\/wp\/v2\/tags?post=442"}],"curies":[{"name":"wp","href":"https:\/\/api.w.org\/{rel}","templated":true}]}}