{"id":1380,"date":"2020-03-01T13:30:47","date_gmt":"2020-03-01T13:30:47","guid":{"rendered":"https:\/\/chrystus.pl\/?p=1380"},"modified":"2020-07-11T21:04:15","modified_gmt":"2020-07-11T21:04:15","slug":"dlaczego-mieszko-1-przyjal-chrzest-polski","status":"publish","type":"post","link":"https:\/\/chrystus.pl\/sv\/dlaczego-mieszko-1-przyjal-chrzest-polski\/","title":{"rendered":"Varf\u00f6r accepterade Mieszko 1 det polska dopet?"},"content":{"rendered":"<p><span>Dlaczego Mieszko I przyj\u0105\u0142 chrzest Polski? Jakie by\u0142y jego pobudki i z czego wynika\u0142a ca\u0142a ta sytuacja? Chrzest Polski by\u0142 wydarzeniem bezprecedensowym w ca\u0142ej historii naszego kraju. Dlaczego jednak w kraju ca\u0142kowicie poga\u0144skim, jakim by\u0142y w\u00f3wczas ziemie polskie zdecydowano si\u0119 na taki ruch? Dlaczego w\u0142adca ca\u0142ego kraju jakim by\u0142 Mieszko I przyj\u0105\u0142 w\u0142asny chrzest a co za tym idzie chrzest polski? <\/span><\/p>\n<p><span>Det finns troligen inget enkelt svar p\u00e5 denna fr\u00e5ga, utan vi kan bara n\u00e4rma oss det r\u00e4tta svaret. Som tidigare n\u00e4mnts var konverteringen av hela landet till kristendomen till stor del politiskt motiverad. V\u00e5ra st\u00f6rsta grannar, som ocks\u00e5 var v\u00e5rt st\u00f6rsta hot, var katoliker. <\/span><\/p>\n<p><span>De skulle l\u00e4tt kunna angripa v\u00e5rt land under f\u00f6rev\u00e4ndning att f\u00f6rsvara kristendomen. F\u00f6r det andra underl\u00e4ttade det officiella religionsbytet f\u00f6rbindelserna med v\u00e4stv\u00e4rlden. St\u00f6rre delen av Europa var redan kristet vid den tiden, och de \u00e5terst\u00e5ende hedniska l\u00e4nderna bytte religion ganska snabbt. F\u00f6r det tredje var prestige p\u00e5 den internationella arenan viktig, vilket vi aldrig hade kunnat uppn\u00e5 utan st\u00f6d fr\u00e5n majoriteten av makterna och utan p\u00e5ved\u00f6mets st\u00f6d. Den omedelbara politiska orsaken var alliansen med v\u00e5r s\u00f6dra granne, tjeckerna, och Mieszko I:s gifterm\u00e5l med prinsessan Dobrawa. <\/span><\/p>\n<p><span>Najprostsz\u0105 odpowiedzi\u0105 na pytanie \u201edlaczego Mieszko I przyj\u0105\u0142 chrzest polski?\u201d b\u0119dzie to, \u017ce robi\u0142 to z pobudek politycznych oraz og\u00f3lnych nastroj\u00f3w panuj\u0105cych w\u00f3wczas w europie.<\/span><\/p>\n<div class=\"suki-oembed suki-oembed-video\" style=\"padding-top: 56.228%;\"><iframe title=\"Varf\u00f6r d\u00f6ptes Polen?\" width=\"1140\" height=\"641\" src=\"https:\/\/www.youtube.com\/embed\/bS_DAc1bpzE?feature=oembed\" frameborder=\"0\" allow=\"accelerometer; autoplay; clipboard-write; encrypted-media; gyroscope; picture-in-picture\" allowfullscreen><\/iframe><\/div>\n<pre>Kiedy s\u0142yszymy o chrzcie Polski zazwyczaj my\u015blimy o wydarzeniach z 966 roku czyli tym symbolicznym wydarzeniu z udzia\u0142em Mieszka Pierwszego. Nie jest to do ko\u0144ca prawda poniewa\u017c chrystianizacji pa\u0144stwa polskiego to d\u0142ugi proces i dzi\u015b go m\u00f3wi\u0119. Wszystko zaczyna si\u0119 prawdopodobnie w 966 roku kiedy to dosz\u0142o do pora\u017cki wojsk polskich w wojnie z armi\u0105 niemieck\u0105. Wtedy to r\u00f3wnie\u017c Otton pierwszy postanowi\u0142 utworzy\u0107 arcybiskupstwa w Magdeburgu w kt\u00f3rego granicach by\u0142a wtedy Polska.\r\n\r\nSytuacja jest jasna Polska poga\u0144skie Niemcy tworz\u0105 arcybiskupstwa i za zgod\u0105 papie\u017ca zdobywaj\u0105 Polsk\u0119 w celach chrystianizacji. \r\n\r\nDodatkowym zagro\u017ceniem byli Czesi kt\u00f3rzy zwi\u0105zali si\u0119 z lekami.\r\n\r\nTaka koalicja oznacza\u0142a koniec pa\u0144stwa polskiego. Mieszko pierwsze postanowi\u0142 po\u015blubi\u0107 czesk\u0105 dobra tym samym \u0142ami\u0105c Sojusz Bielecki czeski a przy okazji przyj\u0105\u0107 chrzest sprawiaj\u0105c \u017ce Polska nie by\u0142a ju\u017c poga\u0144ski. Przynajmniej w teorii najwi\u0119cej dla chrystianizacji zrobi\u0142 jednak Boles\u0142aw Chrobry i to on powinien by\u0107 uznawany za autora Polski chrze\u015bcija\u0144skiej.\r\n\r\nCzemu bo mimo tego \u017ce Polska nie by\u0142a ju\u017c poga\u0144skie i raczej wyprawy chrystianizacji ze strony Niemiec nie by\u0142y zagro\u017ceniem to nadal polski Ko\u015bci\u00f3\u0142 podlega\u0142 metropolii niemieckiej. I tu z pomoc\u0105 przyby\u0142 biskup Wojciech kt\u00f3rego szczeg\u00f3\u0142ow\u0105 histori\u0119 opowie mi jutro.\r\n\r\n\r\nBo by\u0142 naprawd\u0119 prawdziwym diab\u0142em w ludzkiej sk\u00f3rze. Biskup Wojciech zosta\u0142 wygnany z Pragi. Zosta\u0142 powiedzmy ogarni\u0119ty przez Boles\u0142awa Chrobrego. Ten mu powiedzia\u0142 s\u0142uchaj id\u017a na Prusy i nawraca\u0107 tych ludzi w imieniu Polski. Chrobry zapracowa\u0142 sobie tym samym u papie\u017ca a Wojciech znalaz\u0142 bezpieczne miejsce. Sam biskup jednak by\u0142 do\u015b\u0107 radykalnym chrze\u015bcijaninem i nie przypad\u0142o do gustu niekt\u00f3rym ludziom jego nawracania na si\u0142\u0119 przez co go zabito a dok\u0142adnie Odr\u0105 miano g\u0142ow\u0119. \r\n\r\nBoles\u0142aw Chrobry w zwi\u0105zku z tym \u017ce by\u0142 Chrobry zap\u0142aci\u0142 za cia\u0142o Wojciecha tyle z\u0142ota ile wa\u017cy\u0142o jego cia\u0142o i z\u0142o\u017cy\u0142 je w ko\u015bciele w Gnie\u017anie.\r\n\r\nPo co to wszystko. \u017ceby uniezale\u017cni\u0107 si\u0119 od Niemiec trzeba by\u0142o utworzy\u0107 w Polsce w\u0142asn\u0105 archidiecezja. A \u017ceby to zrobi\u0107 trzeba mie\u0107 relikwi\u0119 czyli cia\u0142o \u015bwi\u0119tego. A \u017ce Wojciech by\u0142 lubiany przez papie\u017ca to nie by\u0142o najmniejszego problemu \u017ceby za pro\u015bb\u0105 Boles\u0142awa Chrobrego uczyni\u0107 go \u015bwi\u0119tym. Tak te\u017c si\u0119 sta\u0142o i w 999 roku nast\u0105pi\u0142a kanonizacja \u015bwi\u0119tego Wojciecha kt\u00f3ry zosta\u0142 patronem Polski. I tak Polska sta\u0142a si\u0119 chrze\u015bcija\u0144sk\u0105 niezale\u017cn\u0105 pot\u0119g\u0105.\r\n\r\n<\/pre>\n<div class=\"suki-oembed suki-oembed-video\" style=\"padding-top: 56.228%;\"><iframe title=\"Varf\u00f6r Mieszko I antog kristendomen - Czes\u0142aw Bia\u0142czy\u0144ski\" width=\"1140\" height=\"641\" src=\"https:\/\/www.youtube.com\/embed\/nea-3rPQA6A?feature=oembed\" frameborder=\"0\" allow=\"accelerometer; autoplay; clipboard-write; encrypted-media; gyroscope; picture-in-picture\" allowfullscreen><\/iframe><\/div>\n<pre>V\u00e4lkommen. I dag m\u00f6ter vi Czes\u0142aw Bia\u0142czy\u0144ski. V\u00e4lkommen. God morgon. Vi kommer som vanligt att tala om ord. Vi kanske ska b\u00f6rja med citadellet i Nowy S\u0105cz. N\u00e5got hittades d\u00e4r.\r\n\r\nVar och en av dessa stammar, var och en av dessa v\u00e4gar, var och en av dessa mindre samh\u00e4llen lever som om de vore hemma i sitt eget omr\u00e5de och enligt sina egna lagar och \u00e4r inte f\u00f6rem\u00e5l f\u00f6r n\u00e5gra s\u00e4rskilda p\u00e5tryckningar, och det samlas inte in h\u00f6gre tributer som skulle tj\u00e4na n\u00e5gon form av gemensam organisation av n\u00e5gon h\u00f6gre ordning. Den f\u00f6rsta gruppen, som kommer till Europa, visar sig vara ett folk som har den karakteristiska mutationen i den manliga Y D-kromosomen och haplogruppen kallas R1A.\r\n\r\nOch dessa \u00e4r skyterna, de \u00e4r de som kommer hit med sitt spr\u00e5k. Dessa 10 000 \u00e5r f\u00f6re Kristus och de m\u00f6ter dessa gamla europ\u00e9er, skyterna, \u00e4r s\u00e5 att s\u00e4ga b\u00e4rare av denna naturtro och av alla dessa ursprungliga legender, som \u00f6verf\u00f6rdes i denna bak\u00e5tstr\u00e4vande r\u00f6relse fr\u00e5n Europa till \u00f6st.\r\n\r\nDessa hj\u00e4ltemodiga folks bak\u00e5tstr\u00e4van.\r\n\r\nHur detta \u00e4r k\u00e4nt. Det \u00e4r k\u00e4nt fr\u00e5n genetiken, f\u00f6r inte bara fr\u00e5n genetiken, f\u00f6r fr\u00e5n tsarkr\u00f6nikorna \u00e4r det tv\u00e5 granngrupper I och fr\u00e5n mer eller mindre samma tid uppstod de f\u00f6r 30 000 \u00e5r sedan.\r\n\r\n\r\nP\u00e5 denna sida i Europa har vi Europa, i norr vid Svarta havet och i Lilla Asien har vi J.\r\n\r\nF\u00f6r att g\u00f6ra det hela \u00e4nnu roligare \u00e4r judar, palestinier, syrier och den stora delen av befolkningen i Turkiet och den stora delen av befolkningen i Iran och Irak en s\u00e5dan J-grupp.<\/pre>","protected":false},"excerpt":{"rendered":"<p>Dlaczego Mieszko I przyj\u0105\u0142 chrzest Polski? Jakie by\u0142y jego pobudki i z czego wynika\u0142a ca\u0142a ta sytuacja? Chrzest Polski by\u0142 wydarzeniem bezprecedensowym w ca\u0142ej historii naszego kraju. Dlaczego jednak w kraju ca\u0142kowicie poga\u0144skim, jakim by\u0142y w\u00f3wczas ziemie polskie zdecydowano si\u0119 na taki ruch? Dlaczego w\u0142adca ca\u0142ego kraju jakim by\u0142 Mieszko I przyj\u0105\u0142 w\u0142asny chrzest a &hellip;<\/p>","protected":false},"author":1,"featured_media":1381,"comment_status":"open","ping_status":"closed","sticky":false,"template":"","format":"standard","meta":{"footnotes":""},"categories":[57],"tags":[],"class_list":["post-1380","post","type-post","status-publish","format-standard","has-post-thumbnail","hentry","category-chrzest-polski"],"yoast_head":"<!-- This site is optimized with the Yoast SEO plugin v27.5 - https:\/\/yoast.com\/product\/yoast-seo-wordpress\/ -->\n<title>Dlaczego Mieszko 1 przyj\u0105\u0142 chrzest polski? - Chrystus<\/title>\n<meta name=\"description\" content=\"Dlaczego Mieszko I przyj\u0105\u0142 chrzest Polski? Jakie by\u0142y jego pobudki i z czego wynika\u0142a ca\u0142a ta sytuacja? Chrzest Polski by\u0142 wydarzeniem bezprecedensowym w\" \/>\n<meta name=\"robots\" content=\"index, follow, max-snippet:-1, max-image-preview:large, max-video-preview:-1\" \/>\n<link rel=\"canonical\" href=\"https:\/\/chrystus.pl\/sv\/varfor-mieszko-1-dopte-poland\/\" \/>\n<meta property=\"og:locale\" content=\"sv_SE\" \/>\n<meta property=\"og:type\" content=\"article\" \/>\n<meta property=\"og:title\" content=\"Dlaczego Mieszko 1 przyj\u0105\u0142 chrzest polski?\" \/>\n<meta property=\"og:description\" content=\"Chrzest Polski by\u0142 wydarzeniem bezprecedensowym w ca\u0142ej historii naszego kraju. Dlaczego jednak w kraju ca\u0142kowicie poga\u0144skim, jakim by\u0142y w\u00f3wczas ziemie polskie zdecydowano si\u0119 na taki ruch?\" \/>\n<meta property=\"og:url\" content=\"https:\/\/chrystus.pl\/sv\/varfor-mieszko-1-dopte-poland\/\" \/>\n<meta property=\"og:site_name\" content=\"Chrystus\" \/>\n<meta property=\"article:published_time\" content=\"2020-03-01T13:30:47+00:00\" \/>\n<meta property=\"article:modified_time\" content=\"2020-07-11T21:04:15+00:00\" \/>\n<meta property=\"og:image\" content=\"https:\/\/chrystus.pl\/wp-content\/uploads\/2020\/03\/Dlaczego-Mieszko-1-przyja\u0328\u0142-chrzest-polski-1024x810.png\" \/>\n\t<meta property=\"og:image:width\" content=\"1024\" \/>\n\t<meta property=\"og:image:height\" content=\"810\" \/>\n\t<meta property=\"og:image:type\" content=\"image\/png\" \/>\n<meta name=\"author\" content=\"Samarytanka\" \/>\n<meta name=\"twitter:card\" content=\"summary_large_image\" \/>\n<meta name=\"twitter:title\" content=\"Dlaczego Mieszko 1 przyj\u0105\u0142 chrzest polski?\" \/>\n<meta name=\"twitter:description\" content=\"Chrzest Polski by\u0142 wydarzeniem bezprecedensowym w ca\u0142ej historii naszego kraju. Dlaczego jednak w kraju ca\u0142kowicie poga\u0144skim, jakim by\u0142y w\u00f3wczas ziemie polskie zdecydowano si\u0119 na taki ruch?\" \/>\n<meta name=\"twitter:image\" content=\"https:\/\/chrystus.pl\/wp-content\/uploads\/2020\/03\/Dlaczego-Mieszko-1-przyja\u0328\u0142-chrzest-polski.png\" \/>\n<meta name=\"twitter:label1\" content=\"Skriven av\" \/>\n\t<meta name=\"twitter:data1\" content=\"Samarytanka\" \/>\n\t<meta name=\"twitter:label2\" content=\"Ber\u00e4knad l\u00e4stid\" \/>\n\t<meta name=\"twitter:data2\" content=\"5 minuter\" \/>\n<!-- \/ Yoast SEO plugin. -->","yoast_head_json":{"title":"Varf\u00f6r accepterade Mieszko 1 det polska dopet? - Kristus","description":"Varf\u00f6r accepterade Mieszko I Polens dop? Vilka var hans motiv och vad berodde hela situationen p\u00e5? Polens dop var en h\u00e4ndelse som saknar motstycke i","robots":{"index":"index","follow":"follow","max-snippet":"max-snippet:-1","max-image-preview":"max-image-preview:large","max-video-preview":"max-video-preview:-1"},"canonical":"https:\/\/chrystus.pl\/sv\/varfor-mieszko-1-dopte-poland\/","og_locale":"sv_SE","og_type":"article","og_title":"Dlaczego Mieszko 1 przyj\u0105\u0142 chrzest polski?","og_description":"Chrzest Polski by\u0142 wydarzeniem bezprecedensowym w ca\u0142ej historii naszego kraju. Dlaczego jednak w kraju ca\u0142kowicie poga\u0144skim, jakim by\u0142y w\u00f3wczas ziemie polskie zdecydowano si\u0119 na taki ruch?","og_url":"https:\/\/chrystus.pl\/sv\/varfor-mieszko-1-dopte-poland\/","og_site_name":"Chrystus","article_published_time":"2020-03-01T13:30:47+00:00","article_modified_time":"2020-07-11T21:04:15+00:00","og_image":[{"width":1024,"height":810,"url":"https:\/\/chrystus.pl\/wp-content\/uploads\/2020\/03\/Dlaczego-Mieszko-1-przyja\u0328\u0142-chrzest-polski-1024x810.png","type":"image\/png"}],"author":"Samarytanka","twitter_card":"summary_large_image","twitter_title":"Dlaczego Mieszko 1 przyj\u0105\u0142 chrzest polski?","twitter_description":"Chrzest Polski by\u0142 wydarzeniem bezprecedensowym w ca\u0142ej historii naszego kraju. Dlaczego jednak w kraju ca\u0142kowicie poga\u0144skim, jakim by\u0142y w\u00f3wczas ziemie polskie zdecydowano si\u0119 na taki ruch?","twitter_image":"https:\/\/chrystus.pl\/wp-content\/uploads\/2020\/03\/Dlaczego-Mieszko-1-przyja\u0328\u0142-chrzest-polski.png","twitter_misc":{"Skriven av":"Samarytanka","Ber\u00e4knad l\u00e4stid":"5 minuter"},"schema":{"@context":"https:\/\/schema.org","@graph":[{"@type":"Article","@id":"https:\/\/chrystus.pl\/pt\/porque-mieszko-1-baptise-polonia\/#article","isPartOf":{"@id":"https:\/\/chrystus.pl\/pt\/porque-mieszko-1-baptise-polonia\/"},"author":{"name":"Samarytanka","@id":"https:\/\/chrystus.pl\/#\/schema\/person\/e2e742452b8b7b2bcd23ea180671d27a"},"headline":"Dlaczego Mieszko 1 przyj\u0105\u0142 chrzest polski?","datePublished":"2020-03-01T13:30:47+00:00","dateModified":"2020-07-11T21:04:15+00:00","mainEntityOfPage":{"@id":"https:\/\/chrystus.pl\/pt\/porque-mieszko-1-baptise-polonia\/"},"wordCount":284,"commentCount":0,"publisher":{"@id":"https:\/\/chrystus.pl\/#organization"},"image":{"@id":"https:\/\/chrystus.pl\/pt\/porque-mieszko-1-baptise-polonia\/#primaryimage"},"thumbnailUrl":"https:\/\/chrystus.pl\/wp-content\/uploads\/2020\/03\/Dlaczego-Mieszko-1-przyja\u0328\u0142-chrzest-polski.png","articleSection":["Chrzest Polski"],"inLanguage":"sv-SE","potentialAction":[{"@type":"CommentAction","name":"Comment","target":["https:\/\/chrystus.pl\/pt\/porque-mieszko-1-baptise-polonia\/#respond"]}]},{"@type":"WebPage","@id":"https:\/\/chrystus.pl\/pt\/porque-mieszko-1-baptise-polonia\/","url":"https:\/\/chrystus.pl\/pt\/porque-mieszko-1-baptise-polonia\/","name":"Varf\u00f6r accepterade Mieszko 1 det polska dopet? - Kristus","isPartOf":{"@id":"https:\/\/chrystus.pl\/#website"},"primaryImageOfPage":{"@id":"https:\/\/chrystus.pl\/pt\/porque-mieszko-1-baptise-polonia\/#primaryimage"},"image":{"@id":"https:\/\/chrystus.pl\/pt\/porque-mieszko-1-baptise-polonia\/#primaryimage"},"thumbnailUrl":"https:\/\/chrystus.pl\/wp-content\/uploads\/2020\/03\/Dlaczego-Mieszko-1-przyja\u0328\u0142-chrzest-polski.png","datePublished":"2020-03-01T13:30:47+00:00","dateModified":"2020-07-11T21:04:15+00:00","description":"Varf\u00f6r accepterade Mieszko I Polens dop? Vilka var hans motiv och vad berodde hela situationen p\u00e5? Polens dop var en h\u00e4ndelse som saknar motstycke i","breadcrumb":{"@id":"https:\/\/chrystus.pl\/pt\/porque-mieszko-1-baptise-polonia\/#breadcrumb"},"inLanguage":"sv-SE","potentialAction":[{"@type":"ReadAction","target":["https:\/\/chrystus.pl\/pt\/porque-mieszko-1-baptise-polonia\/"]}]},{"@type":"ImageObject","inLanguage":"sv-SE","@id":"https:\/\/chrystus.pl\/pt\/porque-mieszko-1-baptise-polonia\/#primaryimage","url":"https:\/\/chrystus.pl\/wp-content\/uploads\/2020\/03\/Dlaczego-Mieszko-1-przyja\u0328\u0142-chrzest-polski.png","contentUrl":"https:\/\/chrystus.pl\/wp-content\/uploads\/2020\/03\/Dlaczego-Mieszko-1-przyja\u0328\u0142-chrzest-polski.png","width":2560,"height":2024,"caption":"Dlaczego Mieszko 1 przyja\u0328\u0142 chrzest polski"},{"@type":"BreadcrumbList","@id":"https:\/\/chrystus.pl\/pt\/porque-mieszko-1-baptise-polonia\/#breadcrumb","itemListElement":[{"@type":"ListItem","position":1,"name":"Strona g\u0142\u00f3wna","item":"https:\/\/chrystus.pl\/"},{"@type":"ListItem","position":2,"name":"Dlaczego Mieszko 1 przyj\u0105\u0142 chrzest polski?"}]},{"@type":"WebSite","@id":"https:\/\/chrystus.pl\/#website","url":"https:\/\/chrystus.pl\/","name":"Kristus","description":"Gud, Maria, Jesus, nattvarden med mera","publisher":{"@id":"https:\/\/chrystus.pl\/#organization"},"potentialAction":[{"@type":"SearchAction","target":{"@type":"EntryPoint","urlTemplate":"https:\/\/chrystus.pl\/?s={search_term_string}"},"query-input":{"@type":"PropertyValueSpecification","valueRequired":true,"valueName":"search_term_string"}}],"inLanguage":"sv-SE"},{"@type":"Organization","@id":"https:\/\/chrystus.pl\/#organization","name":"Christ.pl","url":"https:\/\/chrystus.pl\/","logo":{"@type":"ImageObject","inLanguage":"sv-SE","@id":"https:\/\/chrystus.pl\/#\/schema\/logo\/image\/","url":"https:\/\/chrystus.pl\/wp-content\/uploads\/2019\/03\/chrystus-bog-maryja-komunia-bierzmowanie.jpg","contentUrl":"https:\/\/chrystus.pl\/wp-content\/uploads\/2019\/03\/chrystus-bog-maryja-komunia-bierzmowanie.jpg","width":1920,"height":1280,"caption":"Chrystus.pl"},"image":{"@id":"https:\/\/chrystus.pl\/#\/schema\/logo\/image\/"}},{"@type":"Person","@id":"https:\/\/chrystus.pl\/#\/schema\/person\/e2e742452b8b7b2bcd23ea180671d27a","name":"Samaritanska kvinnan"}]}},"_links":{"self":[{"href":"https:\/\/chrystus.pl\/sv\/wp-json\/wp\/v2\/posts\/1380","targetHints":{"allow":["GET"]}}],"collection":[{"href":"https:\/\/chrystus.pl\/sv\/wp-json\/wp\/v2\/posts"}],"about":[{"href":"https:\/\/chrystus.pl\/sv\/wp-json\/wp\/v2\/types\/post"}],"author":[{"embeddable":true,"href":"https:\/\/chrystus.pl\/sv\/wp-json\/wp\/v2\/users\/1"}],"replies":[{"embeddable":true,"href":"https:\/\/chrystus.pl\/sv\/wp-json\/wp\/v2\/comments?post=1380"}],"version-history":[{"count":0,"href":"https:\/\/chrystus.pl\/sv\/wp-json\/wp\/v2\/posts\/1380\/revisions"}],"wp:featuredmedia":[{"embeddable":true,"href":"https:\/\/chrystus.pl\/sv\/wp-json\/wp\/v2\/media\/1381"}],"wp:attachment":[{"href":"https:\/\/chrystus.pl\/sv\/wp-json\/wp\/v2\/media?parent=1380"}],"wp:term":[{"taxonomy":"category","embeddable":true,"href":"https:\/\/chrystus.pl\/sv\/wp-json\/wp\/v2\/categories?post=1380"},{"taxonomy":"post_tag","embeddable":true,"href":"https:\/\/chrystus.pl\/sv\/wp-json\/wp\/v2\/tags?post=1380"}],"curies":[{"name":"wp","href":"https:\/\/api.w.org\/{rel}","templated":true}]}}