{"id":1384,"date":"2020-03-01T13:48:55","date_gmt":"2020-03-01T13:48:55","guid":{"rendered":"https:\/\/chrystus.pl\/?p=1384"},"modified":"2020-03-01T13:48:55","modified_gmt":"2020-03-01T13:48:55","slug":"gdzie-sie-odbyl-chrzest-polski","status":"publish","type":"post","link":"https:\/\/chrystus.pl\/sv\/gdzie-sie-odbyl-chrzest-polski\/","title":{"rendered":"Var \u00e4gde Polens dop rum?"},"content":{"rendered":"<p><span>Gdzie odby\u0142 si\u0119 chrzest Polski? Zdecydowana wi\u0119kszo\u015b\u0107 os\u00f3b z pewno\u015bci\u0105 potrafi trafnie odpowiedzie\u0107 na pytanie o to, kiedy odby\u0142 si\u0119 chrzest polski. Data ta, jest jedn\u0105 z najwa\u017cniejszych dat w historii naszego kraju, poniewa\u017c tak naprawd\u0119 to od tego momentu, zaczyna si\u0119 wsp\u00f3\u0142czesna historia Polski.\u00a0 <\/span><\/p>\n<p><span>Ale czy kto\u015b potrafi odpowiedzie\u0107 na pytanie gdzie si\u0119 odby\u0142 chrzest polski? Lepiej by\u0107 przygotowanym, kiedy kto\u015b w trakcie rozmowy rzuci szybkim: \u201ea gdzie by\u0142 chrzest Polski?\u201d. <\/span><\/p>\n<p>Var Polens dop \u00e4gde rum kan diskuteras. Det \u00e4r exakt samma sak med exakt samma datum. Det finns m\u00e5nga historiska ber\u00e4ttelser och m\u00e5nga slutsatser som vi kan dra av dem. Vissa s\u00e4ger att det polska dopet \u00e4gde rum efter Mieszko och Dobrawas br\u00f6llop och andra s\u00e4ger att dopet var ett av villkoren f\u00f6r br\u00f6llopet och \u00e4gde rum tidigare. Det \u00e4r likadant med ber\u00e4ttelser om var Polens dop \u00e4gde rum. Det \u00e4r inte helt klart, men den mest sannolika platsen d\u00e4r Polen d\u00f6ptes \u00e5r 966 \u00e4r Ostr\u00f3w Lednicki.<\/p>\n<p>Wskazuje na to najwi\u0119cej przekaz\u00f3w. Niekt\u00f3rzy wskazuj\u0105 r\u00f3wnie\u017c na Pozna\u0144 poniewa\u017c zar\u00f3wno tam, jak i w Ostrowie Lednickim archeologowie znajdowali baptysteria, w kt\u00f3rych m\u00f3g\u0142 zosta\u0107 ochrzczony Mieszko I. Miejscowo\u015bci Ostr\u00f3w Lednicki i Pozna\u0144 nale\u017cy wi\u0119c uzna\u0107 za najbardziej prawdopodobne miejsca gdzie m\u00f3g\u0142 odby\u0107 si\u0119 chrzest \u00f3wczesnego<\/p>","protected":false},"excerpt":{"rendered":"<p>Gdzie odby\u0142 si\u0119 chrzest Polski? Zdecydowana wi\u0119kszo\u015b\u0107 os\u00f3b z pewno\u015bci\u0105 potrafi trafnie odpowiedzie\u0107 na pytanie o to, kiedy odby\u0142 si\u0119 chrzest polski. Data ta, jest jedn\u0105 z najwa\u017cniejszych dat w historii naszego kraju, poniewa\u017c tak naprawd\u0119 to od tego momentu, zaczyna si\u0119 wsp\u00f3\u0142czesna historia Polski.\u00a0 Ale czy kto\u015b potrafi odpowiedzie\u0107 na pytanie gdzie si\u0119 odby\u0142 &hellip;<\/p>","protected":false},"author":1,"featured_media":1344,"comment_status":"open","ping_status":"closed","sticky":false,"template":"","format":"standard","meta":{"footnotes":""},"categories":[57],"tags":[],"class_list":["post-1384","post","type-post","status-publish","format-standard","has-post-thumbnail","hentry","category-chrzest-polski"],"yoast_head":"<!-- This site is optimized with the Yoast SEO plugin v27.5 - https:\/\/yoast.com\/product\/yoast-seo-wordpress\/ -->\n<title>Gdzie si\u0119 odby\u0142 chrzest Polski? - Chrystus<\/title>\n<meta name=\"description\" content=\"Gdzie odby\u0142 si\u0119 chrzest Polski? Zdecydowana wi\u0119kszo\u015b\u0107 os\u00f3b z pewno\u015bci\u0105 potrafi trafnie odpowiedzie\u0107 na pytanie o to, kiedy odby\u0142 si\u0119 chrzest polski. Data\" \/>\n<meta name=\"robots\" content=\"index, follow, max-snippet:-1, max-image-preview:large, max-video-preview:-1\" \/>\n<link rel=\"canonical\" href=\"https:\/\/chrystus.pl\/sv\/var-sie-odbyl-chrzest-polski\/\" \/>\n<meta property=\"og:locale\" content=\"sv_SE\" \/>\n<meta property=\"og:type\" content=\"article\" \/>\n<meta property=\"og:title\" content=\"Gdzie si\u0119 odby\u0142 chrzest Polski?\" \/>\n<meta property=\"og:description\" content=\"Gdzie odby\u0142 si\u0119 chrzest Polski? Zdecydowana wi\u0119kszo\u015b\u0107 os\u00f3b z pewno\u015bci\u0105 potrafi trafnie odpowiedzie\u0107 na pytanie o to, kiedy odby\u0142 si\u0119 chrzest polski.\" \/>\n<meta property=\"og:url\" content=\"https:\/\/chrystus.pl\/sv\/var-sie-odbyl-chrzest-polski\/\" \/>\n<meta property=\"og:site_name\" content=\"Chrystus\" \/>\n<meta property=\"article:published_time\" content=\"2020-03-01T13:48:55+00:00\" \/>\n<meta property=\"og:image\" content=\"https:\/\/chrystus.pl\/wp-content\/uploads\/2020\/02\/chrzest-polski.jpg\" \/>\n\t<meta property=\"og:image:width\" content=\"2500\" \/>\n\t<meta property=\"og:image:height\" content=\"1796\" \/>\n\t<meta property=\"og:image:type\" content=\"image\/jpeg\" \/>\n<meta name=\"author\" content=\"Samarytanka\" \/>\n<meta name=\"twitter:card\" content=\"summary_large_image\" \/>\n<meta name=\"twitter:title\" content=\"Gdzie si\u0119 odby\u0142 chrzest Polski?\" \/>\n<meta name=\"twitter:description\" content=\"Gdzie odby\u0142 si\u0119 chrzest Polski? Zdecydowana wi\u0119kszo\u015b\u0107 os\u00f3b z pewno\u015bci\u0105 potrafi trafnie odpowiedzie\u0107 na pytanie o to, kiedy odby\u0142 si\u0119 chrzest polski.\" \/>\n<meta name=\"twitter:image\" content=\"https:\/\/chrystus.pl\/wp-content\/uploads\/2020\/02\/chrzest-polski.jpg\" \/>\n<meta name=\"twitter:label1\" content=\"Skriven av\" \/>\n\t<meta name=\"twitter:data1\" content=\"Samarytanka\" \/>\n\t<meta name=\"twitter:label2\" content=\"Ber\u00e4knad l\u00e4stid\" \/>\n\t<meta name=\"twitter:data2\" content=\"1 minut\" \/>\n<!-- \/ Yoast SEO plugin. -->","yoast_head_json":{"title":"Var \u00e4gde Polens dop rum? - Kristus","description":"Var \u00e4gde Polens dop rum? De allra flesta m\u00e4nniskor kan s\u00e4kert svara korrekt p\u00e5 fr\u00e5gan om n\u00e4r Polens dop \u00e4gde rum. Datum","robots":{"index":"index","follow":"follow","max-snippet":"max-snippet:-1","max-image-preview":"max-image-preview:large","max-video-preview":"max-video-preview:-1"},"canonical":"https:\/\/chrystus.pl\/sv\/var-sie-odbyl-chrzest-polski\/","og_locale":"sv_SE","og_type":"article","og_title":"Gdzie si\u0119 odby\u0142 chrzest Polski?","og_description":"Gdzie odby\u0142 si\u0119 chrzest Polski? Zdecydowana wi\u0119kszo\u015b\u0107 os\u00f3b z pewno\u015bci\u0105 potrafi trafnie odpowiedzie\u0107 na pytanie o to, kiedy odby\u0142 si\u0119 chrzest polski.","og_url":"https:\/\/chrystus.pl\/sv\/var-sie-odbyl-chrzest-polski\/","og_site_name":"Chrystus","article_published_time":"2020-03-01T13:48:55+00:00","og_image":[{"width":2500,"height":1796,"url":"https:\/\/chrystus.pl\/wp-content\/uploads\/2020\/02\/chrzest-polski.jpg","type":"image\/jpeg"}],"author":"Samarytanka","twitter_card":"summary_large_image","twitter_title":"Gdzie si\u0119 odby\u0142 chrzest Polski?","twitter_description":"Gdzie odby\u0142 si\u0119 chrzest Polski? Zdecydowana wi\u0119kszo\u015b\u0107 os\u00f3b z pewno\u015bci\u0105 potrafi trafnie odpowiedzie\u0107 na pytanie o to, kiedy odby\u0142 si\u0119 chrzest polski.","twitter_image":"https:\/\/chrystus.pl\/wp-content\/uploads\/2020\/02\/chrzest-polski.jpg","twitter_misc":{"Skriven av":"Samarytanka","Ber\u00e4knad l\u00e4stid":"1 minut"},"schema":{"@context":"https:\/\/schema.org","@graph":[{"@type":"Article","@id":"https:\/\/chrystus.pl\/cs\/kde-sie-odbyl-chrzest-polski\/#article","isPartOf":{"@id":"https:\/\/chrystus.pl\/cs\/kde-sie-odbyl-chrzest-polski\/"},"author":{"name":"Samarytanka","@id":"https:\/\/chrystus.pl\/#\/schema\/person\/e2e742452b8b7b2bcd23ea180671d27a"},"headline":"Gdzie si\u0119 odby\u0142 chrzest Polski?","datePublished":"2020-03-01T13:48:55+00:00","mainEntityOfPage":{"@id":"https:\/\/chrystus.pl\/cs\/kde-sie-odbyl-chrzest-polski\/"},"wordCount":238,"commentCount":0,"publisher":{"@id":"https:\/\/chrystus.pl\/#organization"},"image":{"@id":"https:\/\/chrystus.pl\/cs\/kde-sie-odbyl-chrzest-polski\/#primaryimage"},"thumbnailUrl":"https:\/\/chrystus.pl\/wp-content\/uploads\/2020\/02\/chrzest-polski.jpg","articleSection":["Chrzest Polski"],"inLanguage":"sv-SE","potentialAction":[{"@type":"CommentAction","name":"Comment","target":["https:\/\/chrystus.pl\/cs\/kde-sie-odbyl-chrzest-polski\/#respond"]}]},{"@type":"WebPage","@id":"https:\/\/chrystus.pl\/cs\/kde-sie-odbyl-chrzest-polski\/","url":"https:\/\/chrystus.pl\/cs\/kde-sie-odbyl-chrzest-polski\/","name":"Var \u00e4gde Polens dop rum? - Kristus","isPartOf":{"@id":"https:\/\/chrystus.pl\/#website"},"primaryImageOfPage":{"@id":"https:\/\/chrystus.pl\/cs\/kde-sie-odbyl-chrzest-polski\/#primaryimage"},"image":{"@id":"https:\/\/chrystus.pl\/cs\/kde-sie-odbyl-chrzest-polski\/#primaryimage"},"thumbnailUrl":"https:\/\/chrystus.pl\/wp-content\/uploads\/2020\/02\/chrzest-polski.jpg","datePublished":"2020-03-01T13:48:55+00:00","description":"Var \u00e4gde Polens dop rum? De allra flesta m\u00e4nniskor kan s\u00e4kert svara korrekt p\u00e5 fr\u00e5gan om n\u00e4r Polens dop \u00e4gde rum. Datum","breadcrumb":{"@id":"https:\/\/chrystus.pl\/cs\/kde-sie-odbyl-chrzest-polski\/#breadcrumb"},"inLanguage":"sv-SE","potentialAction":[{"@type":"ReadAction","target":["https:\/\/chrystus.pl\/cs\/kde-sie-odbyl-chrzest-polski\/"]}]},{"@type":"ImageObject","inLanguage":"sv-SE","@id":"https:\/\/chrystus.pl\/cs\/kde-sie-odbyl-chrzest-polski\/#primaryimage","url":"https:\/\/chrystus.pl\/wp-content\/uploads\/2020\/02\/chrzest-polski.jpg","contentUrl":"https:\/\/chrystus.pl\/wp-content\/uploads\/2020\/02\/chrzest-polski.jpg","width":"2500","height":"1796"},{"@type":"BreadcrumbList","@id":"https:\/\/chrystus.pl\/cs\/kde-sie-odbyl-chrzest-polski\/#breadcrumb","itemListElement":[{"@type":"ListItem","position":1,"name":"Strona g\u0142\u00f3wna","item":"https:\/\/chrystus.pl\/"},{"@type":"ListItem","position":2,"name":"Gdzie si\u0119 odby\u0142 chrzest Polski?"}]},{"@type":"WebSite","@id":"https:\/\/chrystus.pl\/#website","url":"https:\/\/chrystus.pl\/","name":"Kristus","description":"Gud, Maria, Jesus, nattvarden med mera","publisher":{"@id":"https:\/\/chrystus.pl\/#organization"},"potentialAction":[{"@type":"SearchAction","target":{"@type":"EntryPoint","urlTemplate":"https:\/\/chrystus.pl\/?s={search_term_string}"},"query-input":{"@type":"PropertyValueSpecification","valueRequired":true,"valueName":"search_term_string"}}],"inLanguage":"sv-SE"},{"@type":"Organization","@id":"https:\/\/chrystus.pl\/#organization","name":"Christ.pl","url":"https:\/\/chrystus.pl\/","logo":{"@type":"ImageObject","inLanguage":"sv-SE","@id":"https:\/\/chrystus.pl\/#\/schema\/logo\/image\/","url":"https:\/\/chrystus.pl\/wp-content\/uploads\/2019\/03\/chrystus-bog-maryja-komunia-bierzmowanie.jpg","contentUrl":"https:\/\/chrystus.pl\/wp-content\/uploads\/2019\/03\/chrystus-bog-maryja-komunia-bierzmowanie.jpg","width":1920,"height":1280,"caption":"Chrystus.pl"},"image":{"@id":"https:\/\/chrystus.pl\/#\/schema\/logo\/image\/"}},{"@type":"Person","@id":"https:\/\/chrystus.pl\/#\/schema\/person\/e2e742452b8b7b2bcd23ea180671d27a","name":"Samaritanska kvinnan"}]}},"_links":{"self":[{"href":"https:\/\/chrystus.pl\/sv\/wp-json\/wp\/v2\/posts\/1384","targetHints":{"allow":["GET"]}}],"collection":[{"href":"https:\/\/chrystus.pl\/sv\/wp-json\/wp\/v2\/posts"}],"about":[{"href":"https:\/\/chrystus.pl\/sv\/wp-json\/wp\/v2\/types\/post"}],"author":[{"embeddable":true,"href":"https:\/\/chrystus.pl\/sv\/wp-json\/wp\/v2\/users\/1"}],"replies":[{"embeddable":true,"href":"https:\/\/chrystus.pl\/sv\/wp-json\/wp\/v2\/comments?post=1384"}],"version-history":[{"count":0,"href":"https:\/\/chrystus.pl\/sv\/wp-json\/wp\/v2\/posts\/1384\/revisions"}],"wp:featuredmedia":[{"embeddable":true,"href":"https:\/\/chrystus.pl\/sv\/wp-json\/wp\/v2\/media\/1344"}],"wp:attachment":[{"href":"https:\/\/chrystus.pl\/sv\/wp-json\/wp\/v2\/media?parent=1384"}],"wp:term":[{"taxonomy":"category","embeddable":true,"href":"https:\/\/chrystus.pl\/sv\/wp-json\/wp\/v2\/categories?post=1384"},{"taxonomy":"post_tag","embeddable":true,"href":"https:\/\/chrystus.pl\/sv\/wp-json\/wp\/v2\/tags?post=1384"}],"curies":[{"name":"wp","href":"https:\/\/api.w.org\/{rel}","templated":true}]}}