{"id":1543,"date":"2020-04-27T00:13:16","date_gmt":"2020-04-27T00:13:16","guid":{"rendered":"https:\/\/chrystus.pl\/?p=1543"},"modified":"2020-04-27T00:13:16","modified_gmt":"2020-04-27T00:13:16","slug":"gdzie-urodzil-sie-chrystus","status":"publish","type":"post","link":"https:\/\/chrystus.pl\/sv\/gdzie-urodzil-sie-chrystus\/","title":{"rendered":"Var f\u00f6ddes Kristus?"},"content":{"rendered":"<p><span>Gdzie urodzi\u0142 si\u0119 Chrystus? Gdzie dzisiaj na mapie szuka\u0107 miejsca, w kt\u00f3rym ponad 2 tysi\u0105ce lat temu dosz\u0142o do tego wydarzenia? Zgodnie z przekazem Nowego Testamentu Chrystus przyszed\u0142 na \u015bwiat w \u017cydowskiej rodzinie jako syn Maryi Dziewicy. Miejsce narodzin wed\u0142ug Ewangelii \u015awi\u0119tej to Betlejem (wed\u0142ug Mateusza oraz \u0141ukasza), znajduj\u0105ce si\u0119 niedaleko Jerozolimy. Cz\u0119\u015b\u0107 badaczy twierdzi, \u017ce miejscem, w kt\u00f3rym urodzi\u0142 si\u0119 Chrystus by\u0142 najprawdopodobniej Nazaret.<\/span><\/p>\n<p><span>Enligt Lukasevangeliet <a href=\"https:\/\/chrystus.pl\/sv\/modlitwa-w-sprawach-trudnych-i-beznadziejnych-do-sw-jozefa\/\">Joseph<\/a> wraz z Maryj\u0105 udali si\u0119 do Betlejem na spis powszechny zarz\u0105dzony przez cesarza rzymskiego Oktawiana Augusta, a gdy tam dotarli narodzi\u0142 si\u0119 Chrystus. Dodatkowo <a href=\"https:\/\/chrystus.pl\/sv\/co-to-jest-ewangelia\/\">Gospel<\/a> Matteus ber\u00e4ttar att hans f\u00f6delse \u00e5tf\u00f6ljdes av tre vise m\u00e4n fr\u00e5n \u00f6st som, ledda av en stj\u00e4rna, just hade anl\u00e4nt till Betlehem f\u00f6r att ge Kristus g\u00e5vor och visa honom sin v\u00f6rdnad.<br \/>\nBetlehem \u00e4r en stad i den palestinska myndigheten, guvernementet Betlehem. Det \u00e4r nu ett mycket viktigt centrum f\u00f6r den palestinska f\u00f6rvaltningen och ett av statens kulturella centrum. Betlehem ligger i den v\u00e4stra delen av Jud\u00e9en, som \u00e4r det bergiga geografiska omr\u00e5det i Palestina. Den ligger p\u00e5 en h\u00f6jd av 775 meter \u00f6ver havet och ungef\u00e4r 10 km fr\u00e5n Jerusalem. Det \u00e4r 59 km fr\u00e5n Medelhavskusten. Platsen d\u00e4r Kristus f\u00f6ddes \u00e4r nu ett viktigt religi\u00f6st centrum och en pilgrimsort. H\u00e4r finns m\u00e5nga kyrkor och basilikor, till exempel kyrkan Sankt Peter och Sankt Paul. <a href=\"https:\/\/chrystus.pl\/sv\/co-to-jest-bazylika\/\">Basilika<\/a> F\u00f6delsekyrkan eller kyrkan St Catherine of Alexandria.<\/span><\/p>","protected":false},"excerpt":{"rendered":"<p>Gdzie urodzi\u0142 si\u0119 Chrystus? Gdzie dzisiaj na mapie szuka\u0107 miejsca, w kt\u00f3rym ponad 2 tysi\u0105ce lat temu dosz\u0142o do tego wydarzenia? Zgodnie z przekazem Nowego Testamentu Chrystus przyszed\u0142 na \u015bwiat w \u017cydowskiej rodzinie jako syn Maryi Dziewicy. Miejsce narodzin wed\u0142ug Ewangelii \u015awi\u0119tej to Betlejem (wed\u0142ug Mateusza oraz \u0141ukasza), znajduj\u0105ce si\u0119 niedaleko Jerozolimy. Cz\u0119\u015b\u0107 badaczy twierdzi, &hellip;<\/p>","protected":false},"author":1,"featured_media":1544,"comment_status":"closed","ping_status":"closed","sticky":false,"template":"","format":"standard","meta":{"footnotes":""},"categories":[61],"tags":[],"class_list":["post-1543","post","type-post","status-publish","format-standard","has-post-thumbnail","hentry","category-chrystus"],"yoast_head":"<!-- This site is optimized with the Yoast SEO plugin v27.5 - https:\/\/yoast.com\/product\/yoast-seo-wordpress\/ -->\n<title>Gdzie Urodzi\u0142 si\u0119 Chrystus? - Chrystus<\/title>\n<meta name=\"description\" content=\"Gdzie urodzi\u0142 si\u0119 Chrystus? Gdzie dzisiaj na mapie szuka\u0107 miejsca, w kt\u00f3rym ponad 2 tysi\u0105ce lat temu dosz\u0142o do tego wydarzenia? Zgodnie z przekazem Nowego\" \/>\n<meta name=\"robots\" content=\"index, follow, max-snippet:-1, max-image-preview:large, max-video-preview:-1\" \/>\n<link rel=\"canonical\" href=\"https:\/\/chrystus.pl\/sv\/var-var-nu-var-fodd-2\/\" \/>\n<meta property=\"og:locale\" content=\"sv_SE\" \/>\n<meta property=\"og:type\" content=\"article\" \/>\n<meta property=\"og:title\" content=\"Gdzie Urodzi\u0142 si\u0119 Chrystus\" \/>\n<meta property=\"og:description\" content=\"Gdzie urodzi\u0142 si\u0119 Chrystus? Gdzie dzisiaj na mapie szuka\u0107 miejsca, w kt\u00f3rym ponad 2 tysi\u0105ce lat temu dosz\u0142o do tego wydarzenia?\" \/>\n<meta property=\"og:url\" content=\"https:\/\/chrystus.pl\/sv\/var-var-nu-var-fodd-2\/\" \/>\n<meta property=\"og:site_name\" content=\"Chrystus\" \/>\n<meta property=\"article:published_time\" content=\"2020-04-27T00:13:16+00:00\" \/>\n<meta property=\"og:image\" content=\"https:\/\/chrystus.pl\/wp-content\/uploads\/2020\/04\/gdzie-urodzil-sie-chrystus.jpg\" \/>\n\t<meta property=\"og:image:width\" content=\"640\" \/>\n\t<meta property=\"og:image:height\" content=\"425\" \/>\n\t<meta property=\"og:image:type\" content=\"image\/jpeg\" \/>\n<meta name=\"author\" content=\"Samarytanka\" \/>\n<meta name=\"twitter:card\" content=\"summary_large_image\" \/>\n<meta name=\"twitter:title\" content=\"Gdzie Urodzi\u0142 si\u0119 Chrystus\" \/>\n<meta name=\"twitter:description\" content=\"Gdzie urodzi\u0142 si\u0119 Chrystus? Gdzie dzisiaj na mapie szuka\u0107 miejsca, w kt\u00f3rym ponad 2 tysi\u0105ce lat temu dosz\u0142o do tego wydarzenia?\" \/>\n<meta name=\"twitter:label1\" content=\"Skriven av\" \/>\n\t<meta name=\"twitter:data1\" content=\"Samarytanka\" \/>\n\t<meta name=\"twitter:label2\" content=\"Ber\u00e4knad l\u00e4stid\" \/>\n\t<meta name=\"twitter:data2\" content=\"1 minut\" \/>\n<!-- \/ Yoast SEO plugin. -->","yoast_head_json":{"title":"Var f\u00f6ddes Kristus? - Kristus","description":"Var f\u00f6ddes Kristus? Var p\u00e5 kartan i dag kan du hitta den plats d\u00e4r denna h\u00e4ndelse \u00e4gde rum f\u00f6r \u00f6ver 2 000 \u00e5r sedan? Enligt New","robots":{"index":"index","follow":"follow","max-snippet":"max-snippet:-1","max-image-preview":"max-image-preview:large","max-video-preview":"max-video-preview:-1"},"canonical":"https:\/\/chrystus.pl\/sv\/var-var-nu-var-fodd-2\/","og_locale":"sv_SE","og_type":"article","og_title":"Gdzie Urodzi\u0142 si\u0119 Chrystus","og_description":"Gdzie urodzi\u0142 si\u0119 Chrystus? Gdzie dzisiaj na mapie szuka\u0107 miejsca, w kt\u00f3rym ponad 2 tysi\u0105ce lat temu dosz\u0142o do tego wydarzenia?","og_url":"https:\/\/chrystus.pl\/sv\/var-var-nu-var-fodd-2\/","og_site_name":"Chrystus","article_published_time":"2020-04-27T00:13:16+00:00","og_image":[{"width":640,"height":425,"url":"https:\/\/chrystus.pl\/wp-content\/uploads\/2020\/04\/gdzie-urodzil-sie-chrystus.jpg","type":"image\/jpeg"}],"author":"Samarytanka","twitter_card":"summary_large_image","twitter_title":"Gdzie Urodzi\u0142 si\u0119 Chrystus","twitter_description":"Gdzie urodzi\u0142 si\u0119 Chrystus? Gdzie dzisiaj na mapie szuka\u0107 miejsca, w kt\u00f3rym ponad 2 tysi\u0105ce lat temu dosz\u0142o do tego wydarzenia?","twitter_misc":{"Skriven av":"Samarytanka","Ber\u00e4knad l\u00e4stid":"1 minut"},"schema":{"@context":"https:\/\/schema.org","@graph":[{"@type":"Article","@id":"https:\/\/chrystus.pl\/gdzie-urodzil-sie-chrystus\/#article","isPartOf":{"@id":"https:\/\/chrystus.pl\/gdzie-urodzil-sie-chrystus\/"},"author":{"name":"Samarytanka","@id":"https:\/\/chrystus.pl\/#\/schema\/person\/e2e742452b8b7b2bcd23ea180671d27a"},"headline":"Gdzie Urodzi\u0142 si\u0119 Chrystus?","datePublished":"2020-04-27T00:13:16+00:00","mainEntityOfPage":{"@id":"https:\/\/chrystus.pl\/gdzie-urodzil-sie-chrystus\/"},"wordCount":265,"publisher":{"@id":"https:\/\/chrystus.pl\/#organization"},"image":{"@id":"https:\/\/chrystus.pl\/gdzie-urodzil-sie-chrystus\/#primaryimage"},"thumbnailUrl":"https:\/\/chrystus.pl\/wp-content\/uploads\/2020\/04\/gdzie-urodzil-sie-chrystus.jpg","articleSection":["Chrystus"],"inLanguage":"sv-SE"},{"@type":"WebPage","@id":"https:\/\/chrystus.pl\/gdzie-urodzil-sie-chrystus\/","url":"https:\/\/chrystus.pl\/gdzie-urodzil-sie-chrystus\/","name":"Var f\u00f6ddes Kristus? - Kristus","isPartOf":{"@id":"https:\/\/chrystus.pl\/#website"},"primaryImageOfPage":{"@id":"https:\/\/chrystus.pl\/gdzie-urodzil-sie-chrystus\/#primaryimage"},"image":{"@id":"https:\/\/chrystus.pl\/gdzie-urodzil-sie-chrystus\/#primaryimage"},"thumbnailUrl":"https:\/\/chrystus.pl\/wp-content\/uploads\/2020\/04\/gdzie-urodzil-sie-chrystus.jpg","datePublished":"2020-04-27T00:13:16+00:00","description":"Var f\u00f6ddes Kristus? Var p\u00e5 kartan i dag kan du hitta den plats d\u00e4r denna h\u00e4ndelse \u00e4gde rum f\u00f6r \u00f6ver 2 000 \u00e5r sedan? Enligt New","breadcrumb":{"@id":"https:\/\/chrystus.pl\/gdzie-urodzil-sie-chrystus\/#breadcrumb"},"inLanguage":"sv-SE","potentialAction":[{"@type":"ReadAction","target":["https:\/\/chrystus.pl\/gdzie-urodzil-sie-chrystus\/"]}]},{"@type":"ImageObject","inLanguage":"sv-SE","@id":"https:\/\/chrystus.pl\/gdzie-urodzil-sie-chrystus\/#primaryimage","url":"https:\/\/chrystus.pl\/wp-content\/uploads\/2020\/04\/gdzie-urodzil-sie-chrystus.jpg","contentUrl":"https:\/\/chrystus.pl\/wp-content\/uploads\/2020\/04\/gdzie-urodzil-sie-chrystus.jpg","width":640,"height":425,"caption":"gdzie-urodzil-sie-chrystus"},{"@type":"BreadcrumbList","@id":"https:\/\/chrystus.pl\/gdzie-urodzil-sie-chrystus\/#breadcrumb","itemListElement":[{"@type":"ListItem","position":1,"name":"Strona g\u0142\u00f3wna","item":"https:\/\/chrystus.pl\/"},{"@type":"ListItem","position":2,"name":"Gdzie Urodzi\u0142 si\u0119 Chrystus?"}]},{"@type":"WebSite","@id":"https:\/\/chrystus.pl\/#website","url":"https:\/\/chrystus.pl\/","name":"Kristus","description":"Gud, Maria, Jesus, nattvarden med mera","publisher":{"@id":"https:\/\/chrystus.pl\/#organization"},"potentialAction":[{"@type":"SearchAction","target":{"@type":"EntryPoint","urlTemplate":"https:\/\/chrystus.pl\/?s={search_term_string}"},"query-input":{"@type":"PropertyValueSpecification","valueRequired":true,"valueName":"search_term_string"}}],"inLanguage":"sv-SE"},{"@type":"Organization","@id":"https:\/\/chrystus.pl\/#organization","name":"Christ.pl","url":"https:\/\/chrystus.pl\/","logo":{"@type":"ImageObject","inLanguage":"sv-SE","@id":"https:\/\/chrystus.pl\/#\/schema\/logo\/image\/","url":"https:\/\/chrystus.pl\/wp-content\/uploads\/2019\/03\/chrystus-bog-maryja-komunia-bierzmowanie.jpg","contentUrl":"https:\/\/chrystus.pl\/wp-content\/uploads\/2019\/03\/chrystus-bog-maryja-komunia-bierzmowanie.jpg","width":1920,"height":1280,"caption":"Chrystus.pl"},"image":{"@id":"https:\/\/chrystus.pl\/#\/schema\/logo\/image\/"}},{"@type":"Person","@id":"https:\/\/chrystus.pl\/#\/schema\/person\/e2e742452b8b7b2bcd23ea180671d27a","name":"Samaritanska kvinnan"}]}},"_links":{"self":[{"href":"https:\/\/chrystus.pl\/sv\/wp-json\/wp\/v2\/posts\/1543","targetHints":{"allow":["GET"]}}],"collection":[{"href":"https:\/\/chrystus.pl\/sv\/wp-json\/wp\/v2\/posts"}],"about":[{"href":"https:\/\/chrystus.pl\/sv\/wp-json\/wp\/v2\/types\/post"}],"author":[{"embeddable":true,"href":"https:\/\/chrystus.pl\/sv\/wp-json\/wp\/v2\/users\/1"}],"replies":[{"embeddable":true,"href":"https:\/\/chrystus.pl\/sv\/wp-json\/wp\/v2\/comments?post=1543"}],"version-history":[{"count":0,"href":"https:\/\/chrystus.pl\/sv\/wp-json\/wp\/v2\/posts\/1543\/revisions"}],"wp:featuredmedia":[{"embeddable":true,"href":"https:\/\/chrystus.pl\/sv\/wp-json\/wp\/v2\/media\/1544"}],"wp:attachment":[{"href":"https:\/\/chrystus.pl\/sv\/wp-json\/wp\/v2\/media?parent=1543"}],"wp:term":[{"taxonomy":"category","embeddable":true,"href":"https:\/\/chrystus.pl\/sv\/wp-json\/wp\/v2\/categories?post=1543"},{"taxonomy":"post_tag","embeddable":true,"href":"https:\/\/chrystus.pl\/sv\/wp-json\/wp\/v2\/tags?post=1543"}],"curies":[{"name":"wp","href":"https:\/\/api.w.org\/{rel}","templated":true}]}}