{"id":1747,"date":"2020-05-24T18:14:01","date_gmt":"2020-05-24T18:14:01","guid":{"rendered":"https:\/\/chrystus.pl\/?p=1747"},"modified":"2020-05-25T02:30:38","modified_gmt":"2020-05-25T02:30:38","slug":"co-to-jest-boze-narodzenie-i-dlaczego-obchodzimy-je-25-grudnia","status":"publish","type":"post","link":"https:\/\/chrystus.pl\/sv\/co-to-jest-boze-narodzenie-i-dlaczego-obchodzimy-je-25-grudnia\/","title":{"rendered":"Vad \u00e4r julen och varf\u00f6r firar vi den den 25 december?"},"content":{"rendered":"<p>Co to jest Bo\u017ce Narodzenie? \u015awi\u0119to Bo\u017cego Narodzenia lub inaczej \u015awi\u0119to Narodzenia Pa\u0144skiego jest to jedno z najwa\u017cniejszych \u015bwi\u0105t w tradycji chrze\u015bcija\u0144skiej. Jednak co to tak naprawd\u0119 jest Bo\u017ce Narodzenie? Bo\u017ce Narodzenie jest \u015bwi\u0119tem, kt\u00f3re upami\u0119tnia narodziny Jezusa Chrystusa, Syna Bo\u017cego. \u015awi\u0119to to jest sta\u0142e i obchodzone co roku, 25 grudnia. Bo\u017ce Narodzenie jest poprzedzone trzytygodniowym okresem oczekiwania, kt\u00f3ry to nazywamy adwentem.<\/p>\n<p>I definitionen av kyrkliga h\u00f6gtider \u00e4r julen en s\u00e5 kallad \"helig dag\" eller liturgisk h\u00f6gtid i den katolska kyrkan, under vilken de troende \u00e4r skyldiga att delta i m\u00e4ssan och avst\u00e5 fr\u00e5n on\u00f6digt arbete. I de \u00f6stliga, grekisk-katolska och ortodoxa kyrkorna firas julen den 7 januari p\u00e5 grund av skillnader i den gregorianska och den julianska kalendern. Enligt den julianska kalendern sammanfaller den 7 januari med den 25 december.<\/p>\n<p>Men varf\u00f6r firar vi jul den 25 december? Den 25 december \u00e4r det officiella datumet f\u00f6r Jesu Kristi f\u00f6delse. \u00c4ven om den inte n\u00e4mns i Bibeln, n\u00e4mns den bland annat av Hippolytus av Rom, som skrev att den f\u00f6rsta <a href=\"https:\/\/chrystus.pl\/sv\/co-to-jest-paruzja-i-co-znaczy\/\">Ankomst<\/a> Pana naszego wcielonego, w kt\u00f3rym narodzi\u0142 si\u0119 w Betlejem mia\u0142o miejsce \u00f3smego dnia przed kalendami styczniowymi (tzn. 25 grudnia). Dzie\u0144 ten wskazuje r\u00f3wnie\u017c chrze\u015bcija\u0144ski historyk Sektusz Juliusz Afryka\u0144ski.<\/p>\n<p>Andra historiker som Duchesne, Engberding, Fendt och Strobel anser till exempel att valet av datum inspirerades av Nya testamentets apokryfer, som s\u00e4ger att Kristi befruktning \u00e4gde rum den 25 mars. D\u00e4rf\u00f6r r\u00e4knade man med att hans f\u00f6delse skulle infalla nio m\u00e5nader senare: 25 december. Det \u00e4r f\u00f6rmodligen av dessa sk\u00e4l som vi firar jul den 25 december.<\/p>","protected":false},"excerpt":{"rendered":"<p>Co to jest Bo\u017ce Narodzenie? \u015awi\u0119to Bo\u017cego Narodzenia lub inaczej \u015awi\u0119to Narodzenia Pa\u0144skiego jest to jedno z najwa\u017cniejszych \u015bwi\u0105t w tradycji chrze\u015bcija\u0144skiej. Jednak co to tak naprawd\u0119 jest Bo\u017ce Narodzenie? Bo\u017ce Narodzenie jest \u015bwi\u0119tem, kt\u00f3re upami\u0119tnia narodziny Jezusa Chrystusa, Syna Bo\u017cego. \u015awi\u0119to to jest sta\u0142e i obchodzone co roku, 25 grudnia. Bo\u017ce Narodzenie jest poprzedzone &hellip;<\/p>","protected":false},"author":1,"featured_media":1748,"comment_status":"closed","ping_status":"closed","sticky":false,"template":"","format":"standard","meta":{"footnotes":""},"categories":[67],"tags":[],"class_list":["post-1747","post","type-post","status-publish","format-standard","has-post-thumbnail","hentry","category-boze-narodzenie"],"yoast_head":"<!-- This site is optimized with the Yoast SEO plugin v27.5 - https:\/\/yoast.com\/product\/yoast-seo-wordpress\/ -->\n<title>Co to jest Bo\u017ce Narodzenie i dlaczego obchodzimy je 25 grudnia<\/title>\n<meta name=\"description\" content=\"Co to jest Bo\u017ce Narodzenie? \u015awi\u0119to Bo\u017cego Narodzenia lub inaczej \u015awi\u0119to Narodzenia Pa\u0144skiego jest to jedno z najwa\u017cniejszych \u015bwi\u0105t w tradycji\" \/>\n<meta name=\"robots\" content=\"index, follow, max-snippet:-1, max-image-preview:large, max-video-preview:-1\" \/>\n<link rel=\"canonical\" href=\"https:\/\/chrystus.pl\/sv\/vad-ar-en-bra-fodelsedag-och-varfor-firar-vi-den-25-december\/\" \/>\n<meta property=\"og:locale\" content=\"sv_SE\" \/>\n<meta property=\"og:type\" content=\"article\" \/>\n<meta property=\"og:title\" content=\"Co to jest Bo\u017ce Narodzenie i dlaczego obchodzimy je 25 grudnia\" \/>\n<meta property=\"og:description\" content=\"Co to jest Bo\u017ce Narodzenie? \u015awi\u0119to Bo\u017cego Narodzenia lub inaczej \u015awi\u0119to Narodzenia Pa\u0144skiego jest to jedno z najwa\u017cniejszych \u015bwi\u0105t w tradycji\" \/>\n<meta property=\"og:url\" content=\"https:\/\/chrystus.pl\/sv\/vad-ar-en-bra-fodelsedag-och-varfor-firar-vi-den-25-december\/\" \/>\n<meta property=\"og:site_name\" content=\"Chrystus\" \/>\n<meta property=\"article:published_time\" content=\"2020-05-24T18:14:01+00:00\" \/>\n<meta property=\"article:modified_time\" content=\"2020-05-25T02:30:38+00:00\" \/>\n<meta property=\"og:image\" content=\"https:\/\/chrystus.pl\/wp-content\/uploads\/2020\/05\/Co-to-jest-Boz\u0307e-Narodzenie-i-dlaczego-obchodzimy-je-25-grudnia.jpg\" \/>\n\t<meta property=\"og:image:width\" content=\"640\" \/>\n\t<meta property=\"og:image:height\" content=\"639\" \/>\n\t<meta property=\"og:image:type\" content=\"image\/jpeg\" \/>\n<meta name=\"author\" content=\"Samarytanka\" \/>\n<meta name=\"twitter:card\" content=\"summary_large_image\" \/>\n<meta name=\"twitter:title\" content=\"Co to jest Bo\u017ce Narodzenie i dlaczego obchodzimy je 25 grudnia\" \/>\n<meta name=\"twitter:image\" content=\"https:\/\/chrystus.pl\/wp-content\/uploads\/2020\/05\/Co-to-jest-Boz\u0307e-Narodzenie-i-dlaczego-obchodzimy-je-25-grudnia.jpg\" \/>\n<meta name=\"twitter:label1\" content=\"Skriven av\" \/>\n\t<meta name=\"twitter:data1\" content=\"Samarytanka\" \/>\n\t<meta name=\"twitter:label2\" content=\"Ber\u00e4knad l\u00e4stid\" \/>\n\t<meta name=\"twitter:data2\" content=\"2 minuter\" \/>\n<!-- \/ Yoast SEO plugin. -->","yoast_head_json":{"title":"Vad \u00e4r julen och varf\u00f6r firar vi den den 25 december?","description":"Vad \u00e4r julen? Julen, eller f\u00f6delsefesten, \u00e4r en av de viktigaste h\u00f6gtiderna i den traditionella","robots":{"index":"index","follow":"follow","max-snippet":"max-snippet:-1","max-image-preview":"max-image-preview:large","max-video-preview":"max-video-preview:-1"},"canonical":"https:\/\/chrystus.pl\/sv\/vad-ar-en-bra-fodelsedag-och-varfor-firar-vi-den-25-december\/","og_locale":"sv_SE","og_type":"article","og_title":"Co to jest Bo\u017ce Narodzenie i dlaczego obchodzimy je 25 grudnia","og_description":"Co to jest Bo\u017ce Narodzenie? \u015awi\u0119to Bo\u017cego Narodzenia lub inaczej \u015awi\u0119to Narodzenia Pa\u0144skiego jest to jedno z najwa\u017cniejszych \u015bwi\u0105t w tradycji","og_url":"https:\/\/chrystus.pl\/sv\/vad-ar-en-bra-fodelsedag-och-varfor-firar-vi-den-25-december\/","og_site_name":"Chrystus","article_published_time":"2020-05-24T18:14:01+00:00","article_modified_time":"2020-05-25T02:30:38+00:00","og_image":[{"width":640,"height":639,"url":"https:\/\/chrystus.pl\/wp-content\/uploads\/2020\/05\/Co-to-jest-Boz\u0307e-Narodzenie-i-dlaczego-obchodzimy-je-25-grudnia.jpg","type":"image\/jpeg"}],"author":"Samarytanka","twitter_card":"summary_large_image","twitter_title":"Co to jest Bo\u017ce Narodzenie i dlaczego obchodzimy je 25 grudnia","twitter_image":"https:\/\/chrystus.pl\/wp-content\/uploads\/2020\/05\/Co-to-jest-Boz\u0307e-Narodzenie-i-dlaczego-obchodzimy-je-25-grudnia.jpg","twitter_misc":{"Skriven av":"Samarytanka","Ber\u00e4knad l\u00e4stid":"2 minuter"},"schema":{"@context":"https:\/\/schema.org","@graph":[{"@type":"Article","@id":"https:\/\/chrystus.pl\/lt\/kas-yra-geras-gimtadienis-ir-kodel-ji-svenciame-gruodzio-25-d\/#article","isPartOf":{"@id":"https:\/\/chrystus.pl\/lt\/kas-yra-geras-gimtadienis-ir-kodel-ji-svenciame-gruodzio-25-d\/"},"author":{"name":"Samarytanka","@id":"https:\/\/chrystus.pl\/#\/schema\/person\/e2e742452b8b7b2bcd23ea180671d27a"},"headline":"Co to jest Bo\u017ce Narodzenie i dlaczego obchodzimy je 25 grudnia?","datePublished":"2020-05-24T18:14:01+00:00","dateModified":"2020-05-25T02:30:38+00:00","mainEntityOfPage":{"@id":"https:\/\/chrystus.pl\/lt\/kas-yra-geras-gimtadienis-ir-kodel-ji-svenciame-gruodzio-25-d\/"},"wordCount":312,"publisher":{"@id":"https:\/\/chrystus.pl\/#organization"},"image":{"@id":"https:\/\/chrystus.pl\/lt\/kas-yra-geras-gimtadienis-ir-kodel-ji-svenciame-gruodzio-25-d\/#primaryimage"},"thumbnailUrl":"https:\/\/chrystus.pl\/wp-content\/uploads\/2020\/05\/Co-to-jest-Boz\u0307e-Narodzenie-i-dlaczego-obchodzimy-je-25-grudnia.jpg","articleSection":["Bo\u017ce Narodzenie"],"inLanguage":"sv-SE"},{"@type":"WebPage","@id":"https:\/\/chrystus.pl\/lt\/kas-yra-geras-gimtadienis-ir-kodel-ji-svenciame-gruodzio-25-d\/","url":"https:\/\/chrystus.pl\/lt\/kas-yra-geras-gimtadienis-ir-kodel-ji-svenciame-gruodzio-25-d\/","name":"Vad \u00e4r julen och varf\u00f6r firar vi den den 25 december?","isPartOf":{"@id":"https:\/\/chrystus.pl\/#website"},"primaryImageOfPage":{"@id":"https:\/\/chrystus.pl\/lt\/kas-yra-geras-gimtadienis-ir-kodel-ji-svenciame-gruodzio-25-d\/#primaryimage"},"image":{"@id":"https:\/\/chrystus.pl\/lt\/kas-yra-geras-gimtadienis-ir-kodel-ji-svenciame-gruodzio-25-d\/#primaryimage"},"thumbnailUrl":"https:\/\/chrystus.pl\/wp-content\/uploads\/2020\/05\/Co-to-jest-Boz\u0307e-Narodzenie-i-dlaczego-obchodzimy-je-25-grudnia.jpg","datePublished":"2020-05-24T18:14:01+00:00","dateModified":"2020-05-25T02:30:38+00:00","description":"Vad \u00e4r julen? Julen, eller f\u00f6delsefesten, \u00e4r en av de viktigaste h\u00f6gtiderna i den traditionella","breadcrumb":{"@id":"https:\/\/chrystus.pl\/lt\/kas-yra-geras-gimtadienis-ir-kodel-ji-svenciame-gruodzio-25-d\/#breadcrumb"},"inLanguage":"sv-SE","potentialAction":[{"@type":"ReadAction","target":["https:\/\/chrystus.pl\/lt\/kas-yra-geras-gimtadienis-ir-kodel-ji-svenciame-gruodzio-25-d\/"]}]},{"@type":"ImageObject","inLanguage":"sv-SE","@id":"https:\/\/chrystus.pl\/lt\/kas-yra-geras-gimtadienis-ir-kodel-ji-svenciame-gruodzio-25-d\/#primaryimage","url":"https:\/\/chrystus.pl\/wp-content\/uploads\/2020\/05\/Co-to-jest-Boz\u0307e-Narodzenie-i-dlaczego-obchodzimy-je-25-grudnia.jpg","contentUrl":"https:\/\/chrystus.pl\/wp-content\/uploads\/2020\/05\/Co-to-jest-Boz\u0307e-Narodzenie-i-dlaczego-obchodzimy-je-25-grudnia.jpg","width":640,"height":639},{"@type":"BreadcrumbList","@id":"https:\/\/chrystus.pl\/lt\/kas-yra-geras-gimtadienis-ir-kodel-ji-svenciame-gruodzio-25-d\/#breadcrumb","itemListElement":[{"@type":"ListItem","position":1,"name":"Strona g\u0142\u00f3wna","item":"https:\/\/chrystus.pl\/"},{"@type":"ListItem","position":2,"name":"Co to jest Bo\u017ce Narodzenie i dlaczego obchodzimy je 25 grudnia?"}]},{"@type":"WebSite","@id":"https:\/\/chrystus.pl\/#website","url":"https:\/\/chrystus.pl\/","name":"Kristus","description":"Gud, Maria, Jesus, nattvarden med mera","publisher":{"@id":"https:\/\/chrystus.pl\/#organization"},"potentialAction":[{"@type":"SearchAction","target":{"@type":"EntryPoint","urlTemplate":"https:\/\/chrystus.pl\/?s={search_term_string}"},"query-input":{"@type":"PropertyValueSpecification","valueRequired":true,"valueName":"search_term_string"}}],"inLanguage":"sv-SE"},{"@type":"Organization","@id":"https:\/\/chrystus.pl\/#organization","name":"Christ.pl","url":"https:\/\/chrystus.pl\/","logo":{"@type":"ImageObject","inLanguage":"sv-SE","@id":"https:\/\/chrystus.pl\/#\/schema\/logo\/image\/","url":"https:\/\/chrystus.pl\/wp-content\/uploads\/2019\/03\/chrystus-bog-maryja-komunia-bierzmowanie.jpg","contentUrl":"https:\/\/chrystus.pl\/wp-content\/uploads\/2019\/03\/chrystus-bog-maryja-komunia-bierzmowanie.jpg","width":1920,"height":1280,"caption":"Chrystus.pl"},"image":{"@id":"https:\/\/chrystus.pl\/#\/schema\/logo\/image\/"}},{"@type":"Person","@id":"https:\/\/chrystus.pl\/#\/schema\/person\/e2e742452b8b7b2bcd23ea180671d27a","name":"Samaritanska kvinnan"}]}},"_links":{"self":[{"href":"https:\/\/chrystus.pl\/sv\/wp-json\/wp\/v2\/posts\/1747","targetHints":{"allow":["GET"]}}],"collection":[{"href":"https:\/\/chrystus.pl\/sv\/wp-json\/wp\/v2\/posts"}],"about":[{"href":"https:\/\/chrystus.pl\/sv\/wp-json\/wp\/v2\/types\/post"}],"author":[{"embeddable":true,"href":"https:\/\/chrystus.pl\/sv\/wp-json\/wp\/v2\/users\/1"}],"replies":[{"embeddable":true,"href":"https:\/\/chrystus.pl\/sv\/wp-json\/wp\/v2\/comments?post=1747"}],"version-history":[{"count":0,"href":"https:\/\/chrystus.pl\/sv\/wp-json\/wp\/v2\/posts\/1747\/revisions"}],"wp:featuredmedia":[{"embeddable":true,"href":"https:\/\/chrystus.pl\/sv\/wp-json\/wp\/v2\/media\/1748"}],"wp:attachment":[{"href":"https:\/\/chrystus.pl\/sv\/wp-json\/wp\/v2\/media?parent=1747"}],"wp:term":[{"taxonomy":"category","embeddable":true,"href":"https:\/\/chrystus.pl\/sv\/wp-json\/wp\/v2\/categories?post=1747"},{"taxonomy":"post_tag","embeddable":true,"href":"https:\/\/chrystus.pl\/sv\/wp-json\/wp\/v2\/tags?post=1747"}],"curies":[{"name":"wp","href":"https:\/\/api.w.org\/{rel}","templated":true}]}}