{"id":204,"date":"2019-04-09T20:41:24","date_gmt":"2019-04-09T20:41:24","guid":{"rendered":"https:\/\/chrystus.pl\/?p=204"},"modified":"2019-04-09T20:41:24","modified_gmt":"2019-04-09T20:41:24","slug":"co-oznacza-okreslenie-mlody-kosciol","status":"publish","type":"post","link":"https:\/\/chrystus.pl\/sv\/co-oznacza-okreslenie-mlody-kosciol\/","title":{"rendered":"Vad betyder begreppet \"ung kyrka\"?"},"content":{"rendered":"<p>Vad betyder begreppet \"ung\"? <span id=\"urn:enhancement-608df169-1ad4-0617-b80f-b4785da7020c\" class=\"textannotation disambiguated wl-thing\" itemid=\"http:\/\/data.wordlift.io\/wl01378\/entity\/kosciol_organizacja\">Kyrkan<\/span>\"? Ungdomarna, den nya generationen, \u00e4r den framtid som vi m\u00e5ste se fram emot. <span id=\"urn:enhancement-8598f6cb-d5ed-9e64-781a-1f2cf98baccd\" class=\"textannotation disambiguated wl-thing\" itemid=\"http:\/\/data.wordlift.io\/wl01378\/entity\/nadzieja_chrzescijanstwo\">hopp<\/span> f\u00f6r kyrkosamfundets utveckling och h\u00e5llbarhet. Redan f\u00f6r mer \u00e4n tjugo \u00e5r sedan bj\u00f6d p\u00e5ven Johannes Paulus II in unga m\u00e4nniskor att delta i den s.k. <span id=\"urn:enhancement-5adc2554-99db-cd25-e8a6-f9493a5586a0\" class=\"textannotation disambiguated wl-thing\" itemid=\"http:\/\/data.wordlift.io\/wl01378\/entity\/swiatowe_dni_mlodziezy\">V\u00e4rldsungdomsdagen<\/span>. De h\u00e5lls \u00e5rligen i m\u00e5nga st\u00e4der runt om i v\u00e4rlden. <span id=\"urn:enhancement-f9107252-c3c4-8149-e16b-c2f9f6b5b694\" class=\"textannotation disambiguated wl-thing\" itemid=\"http:\/\/data.wordlift.io\/wl01378\/entity\/kosciol_organizacja\">Kyrkan<\/span> p\u00e5 s\u00e5 s\u00e4tt bjuder in unga m\u00e4nniskor att delta i samh\u00e4llslivet och att st\u00e4lla fr\u00e5gor och utforska det hela tiden. <span id=\"urn:enhancement-cd22b84c-8e97-cc1c-e474-79116ddcee4a\" class=\"textannotation disambiguated wl-thing\" itemid=\"http:\/\/data.wordlift.io\/wl01378\/entity\/wiara_chrzescijanstwo\">tro<\/span>.<\/p>\n<p>F\u00f6r vem annan \u00e4n de unga kommer att forma framtiden? Inte bara kyrkans framtid, utan ocks\u00e5 hela v\u00e4rldens framtid.<\/p>\n<p>Vad menas med begreppet ung? <span id=\"urn:enhancement-f65d90fe-98d9-2b00-f995-0db6a68e3fc0\" class=\"textannotation disambiguated wl-thing\" itemid=\"http:\/\/data.wordlift.io\/wl01378\/entity\/kosciol_organizacja\">Kyrkan<\/span>? Det \u00e4r kyrkosamfundets s\u00e4tt att se p\u00e5 utveckling. <span id=\"urn:enhancement-af3f6a57-25db-229c-7714-84e0318ebdb5\" class=\"textannotation disambiguated wl-thing\" itemid=\"http:\/\/data.wordlift.io\/wl01378\/entity\/wiara_chrzescijanstwo\">tro<\/span> i den unga generationens anda. Det \u00e4r ett s\u00f6kande efter l\u00f6sningar som syftar till att visa unga m\u00e4nniskor v\u00e4gen till <span id=\"urn:enhancement-81800f8c-9b35-ccff-3086-085b1f7c6879\" class=\"textannotation disambiguated wl-thing\" itemid=\"http:\/\/data.wordlift.io\/wl01378\/entity\/wiara_chrzescijanstwo\">tro<\/span> och till Herren sj\u00e4lv <span id=\"urn:enhancement-ed8e2f2a-d687-5c00-570f-4e7ff8fab132\" class=\"textannotation disambiguated wl-thing\" itemid=\"http:\/\/data.wordlift.io\/wl01378\/entity\/bog\">Gud<\/span>. <span id=\"urn:enhancement-711066e8-e8bb-c707-73bf-615b0bf96999\" class=\"textannotation disambiguated wl-thing\" itemid=\"http:\/\/data.wordlift.io\/wl01378\/entity\/kosciol_organizacja\">Kyrkan<\/span> Den \u00e4r helt \u00f6ppen f\u00f6r nya generationer. Den f\u00f6rs\u00f6ker anpassa sig till den p\u00e5 ett visst s\u00e4tt, samtidigt som den minns sin st\u00e4llning och alla sina v\u00e4rderingar.<\/p>\n<p>Det \u00e4r i de unga som man ser kyrkans framtid, och kyrkan str\u00e4cker ut en hj\u00e4lpande hand till dem och f\u00f6rs\u00f6ker hj\u00e4lpa dem att g\u00e5 r\u00e4tt v\u00e4g, med all sin erfarenhet. Unga <span id=\"urn:enhancement-048a20b8-d0dd-eaf0-2514-2ca10a7eb428\" class=\"textannotation disambiguated wl-thing\" itemid=\"http:\/\/data.wordlift.io\/wl01378\/entity\/kosciol_organizacja\">Kyrkan<\/span> till <span id=\"urn:enhancement-90f7fbdb-5848-ee13-3c8f-4a08ba8ded18\" class=\"textannotation disambiguated wl-thing\" itemid=\"http:\/\/data.wordlift.io\/wl01378\/entity\/kosciol_organizacja\">Kyrkan<\/span> i framtiden, det <span id=\"urn:enhancement-b843094f-7e2e-55d6-fe72-30c770763f9a\" class=\"textannotation disambiguated wl-thing\" itemid=\"http:\/\/data.wordlift.io\/wl01378\/entity\/kosciol_organizacja\">Kyrkan<\/span>som har en stor styrka i form av unga m\u00e4nniskor som f\u00f6ljer sin kallelse och samtidigt st\u00e4ndigt s\u00f6ker.<\/p>\n<p>&nbsp;<\/p>","protected":false},"excerpt":{"rendered":"<p>Vad betyder begreppet \"ung kyrka\"? Ungdomarna, den nya generationen, \u00e4r den framtid i vilken vi b\u00f6r se hopp om kyrkosamfundets utveckling och h\u00e5llbarhet. Redan f\u00f6r mer \u00e4n tjugo \u00e5r sedan bj\u00f6d p\u00e5ven Johannes Paulus II in unga m\u00e4nniskor att delta i de s\u00e5 kallade V\u00e4rldsungdomsdagarna. De \u00e4ger rum varje \u00e5r i m\u00e5nga st\u00e4der runt om i v\u00e4rlden. Kyrkan uppmuntrar ...<\/p>","protected":false},"author":1,"featured_media":205,"comment_status":"open","ping_status":"closed","sticky":false,"template":"","format":"standard","meta":{"footnotes":""},"categories":[33],"tags":[38],"class_list":["post-204","post","type-post","status-publish","format-standard","has-post-thumbnail","hentry","category-kosciol","tag-kosciol"],"yoast_head":"<!-- This site is optimized with the Yoast SEO plugin v27.5 - https:\/\/yoast.com\/product\/yoast-seo-wordpress\/ -->\n<title>Co oznacza okre\u015blenie \u201em\u0142ody Ko\u015bci\u00f3\u0142\u201d? - Chrystus<\/title>\n<meta name=\"description\" content=\"Co oznacza okre\u015blenie \u201em\u0142ody Ko\u015bci\u00f3\u0142\u201d? M\u0142odzie\u017c, nowe pokolenie jest to przysz\u0142o\u015b\u0107, w kt\u00f3rej nale\u017cy upatrywa\u0107 nadziei na rozw\u00f3j oraz trwa\u0142o\u015b\u0107 wsp\u00f3lnoty\" \/>\n<meta name=\"robots\" content=\"index, follow, max-snippet:-1, max-image-preview:large, max-video-preview:-1\" \/>\n<link rel=\"canonical\" href=\"https:\/\/chrystus.pl\/sv\/vad-betyder-begreppet-ungkyrka-2\/\" \/>\n<meta property=\"og:locale\" content=\"sv_SE\" \/>\n<meta property=\"og:type\" content=\"article\" \/>\n<meta property=\"og:title\" content=\"Co oznacza okre\u015blenie \u201em\u0142ody Ko\u015bci\u00f3\u0142\u201d? - Chrystus\" \/>\n<meta property=\"og:description\" content=\"Co oznacza okre\u015blenie \u201em\u0142ody Ko\u015bci\u00f3\u0142\u201d? M\u0142odzie\u017c, nowe pokolenie jest to przysz\u0142o\u015b\u0107, w kt\u00f3rej nale\u017cy upatrywa\u0107 nadziei na rozw\u00f3j oraz trwa\u0142o\u015b\u0107 wsp\u00f3lnoty\" \/>\n<meta property=\"og:url\" content=\"https:\/\/chrystus.pl\/sv\/vad-betyder-begreppet-ungkyrka-2\/\" \/>\n<meta property=\"og:site_name\" content=\"Chrystus\" \/>\n<meta property=\"article:published_time\" content=\"2019-04-09T20:41:24+00:00\" \/>\n<meta property=\"og:image\" content=\"https:\/\/chrystus.pl\/wp-content\/uploads\/2019\/04\/Co-oznacza-okreslenie-m\u0142ody-Kosciol.jpg\" \/>\n\t<meta property=\"og:image:width\" content=\"1280\" \/>\n\t<meta property=\"og:image:height\" content=\"850\" \/>\n\t<meta property=\"og:image:type\" content=\"image\/jpeg\" \/>\n<meta name=\"author\" content=\"Samarytanka\" \/>\n<meta name=\"twitter:card\" content=\"summary_large_image\" \/>\n<meta name=\"twitter:label1\" content=\"Skriven av\" \/>\n\t<meta name=\"twitter:data1\" content=\"Samarytanka\" \/>\n\t<meta name=\"twitter:label2\" content=\"Ber\u00e4knad l\u00e4stid\" \/>\n\t<meta name=\"twitter:data2\" content=\"1 minut\" \/>\n<!-- \/ Yoast SEO plugin. -->","yoast_head_json":{"title":"Vad betyder begreppet \"ung kyrka\"? - Kristus","description":"Vad betyder begreppet \"ung kyrka\"? Ungdomarna, den nya generationen, \u00e4r den framtid som vi m\u00e5ste se till f\u00f6r att f\u00e5 hopp om samh\u00e4llets utveckling och h\u00e5llbarhet.","robots":{"index":"index","follow":"follow","max-snippet":"max-snippet:-1","max-image-preview":"max-image-preview:large","max-video-preview":"max-video-preview:-1"},"canonical":"https:\/\/chrystus.pl\/sv\/vad-betyder-begreppet-ungkyrka-2\/","og_locale":"sv_SE","og_type":"article","og_title":"Co oznacza okre\u015blenie \u201em\u0142ody Ko\u015bci\u00f3\u0142\u201d? - Chrystus","og_description":"Co oznacza okre\u015blenie \u201em\u0142ody Ko\u015bci\u00f3\u0142\u201d? M\u0142odzie\u017c, nowe pokolenie jest to przysz\u0142o\u015b\u0107, w kt\u00f3rej nale\u017cy upatrywa\u0107 nadziei na rozw\u00f3j oraz trwa\u0142o\u015b\u0107 wsp\u00f3lnoty","og_url":"https:\/\/chrystus.pl\/sv\/vad-betyder-begreppet-ungkyrka-2\/","og_site_name":"Chrystus","article_published_time":"2019-04-09T20:41:24+00:00","og_image":[{"width":1280,"height":850,"url":"https:\/\/chrystus.pl\/wp-content\/uploads\/2019\/04\/Co-oznacza-okreslenie-m\u0142ody-Kosciol.jpg","type":"image\/jpeg"}],"author":"Samarytanka","twitter_card":"summary_large_image","twitter_misc":{"Skriven av":"Samarytanka","Ber\u00e4knad l\u00e4stid":"1 minut"},"schema":{"@context":"https:\/\/schema.org","@graph":[{"@type":"Article","@id":"https:\/\/chrystus.pl\/co-oznacza-okreslenie-mlody-kosciol\/#article","isPartOf":{"@id":"https:\/\/chrystus.pl\/co-oznacza-okreslenie-mlody-kosciol\/"},"author":{"name":"Samarytanka","@id":"https:\/\/chrystus.pl\/#\/schema\/person\/e2e742452b8b7b2bcd23ea180671d27a"},"headline":"Co oznacza okre\u015blenie \u201em\u0142ody Ko\u015bci\u00f3\u0142\u201d?","datePublished":"2019-04-09T20:41:24+00:00","mainEntityOfPage":{"@id":"https:\/\/chrystus.pl\/co-oznacza-okreslenie-mlody-kosciol\/"},"wordCount":287,"commentCount":0,"publisher":{"@id":"https:\/\/chrystus.pl\/#organization"},"image":{"@id":"https:\/\/chrystus.pl\/co-oznacza-okreslenie-mlody-kosciol\/#primaryimage"},"thumbnailUrl":"https:\/\/chrystus.pl\/wp-content\/uploads\/2019\/04\/Co-oznacza-okreslenie-m\u0142ody-Kosciol.jpg","keywords":["ko\u015bci\u00f3\u0142"],"articleSection":["Ko\u015bci\u00f3\u0142"],"inLanguage":"sv-SE","potentialAction":[{"@type":"CommentAction","name":"Comment","target":["https:\/\/chrystus.pl\/co-oznacza-okreslenie-mlody-kosciol\/#respond"]}]},{"@type":"WebPage","@id":"https:\/\/chrystus.pl\/co-oznacza-okreslenie-mlody-kosciol\/","url":"https:\/\/chrystus.pl\/co-oznacza-okreslenie-mlody-kosciol\/","name":"Vad betyder begreppet \"ung kyrka\"? - Kristus","isPartOf":{"@id":"https:\/\/chrystus.pl\/#website"},"primaryImageOfPage":{"@id":"https:\/\/chrystus.pl\/co-oznacza-okreslenie-mlody-kosciol\/#primaryimage"},"image":{"@id":"https:\/\/chrystus.pl\/co-oznacza-okreslenie-mlody-kosciol\/#primaryimage"},"thumbnailUrl":"https:\/\/chrystus.pl\/wp-content\/uploads\/2019\/04\/Co-oznacza-okreslenie-m\u0142ody-Kosciol.jpg","datePublished":"2019-04-09T20:41:24+00:00","description":"Vad betyder begreppet \"ung kyrka\"? Ungdomarna, den nya generationen, \u00e4r den framtid som vi m\u00e5ste se till f\u00f6r att f\u00e5 hopp om samh\u00e4llets utveckling och h\u00e5llbarhet.","breadcrumb":{"@id":"https:\/\/chrystus.pl\/co-oznacza-okreslenie-mlody-kosciol\/#breadcrumb"},"inLanguage":"sv-SE","potentialAction":[{"@type":"ReadAction","target":["https:\/\/chrystus.pl\/co-oznacza-okreslenie-mlody-kosciol\/"]}]},{"@type":"ImageObject","inLanguage":"sv-SE","@id":"https:\/\/chrystus.pl\/co-oznacza-okreslenie-mlody-kosciol\/#primaryimage","url":"https:\/\/chrystus.pl\/wp-content\/uploads\/2019\/04\/Co-oznacza-okreslenie-m\u0142ody-Kosciol.jpg","contentUrl":"https:\/\/chrystus.pl\/wp-content\/uploads\/2019\/04\/Co-oznacza-okreslenie-m\u0142ody-Kosciol.jpg","width":1280,"height":850,"caption":"Co oznacza okreslenie m\u0142ody Kosciol"},{"@type":"BreadcrumbList","@id":"https:\/\/chrystus.pl\/co-oznacza-okreslenie-mlody-kosciol\/#breadcrumb","itemListElement":[{"@type":"ListItem","position":1,"name":"Strona g\u0142\u00f3wna","item":"https:\/\/chrystus.pl\/"},{"@type":"ListItem","position":2,"name":"Co oznacza okre\u015blenie \u201em\u0142ody Ko\u015bci\u00f3\u0142\u201d?"}]},{"@type":"WebSite","@id":"https:\/\/chrystus.pl\/#website","url":"https:\/\/chrystus.pl\/","name":"Kristus","description":"Gud, Maria, Jesus, nattvarden med mera","publisher":{"@id":"https:\/\/chrystus.pl\/#organization"},"potentialAction":[{"@type":"SearchAction","target":{"@type":"EntryPoint","urlTemplate":"https:\/\/chrystus.pl\/?s={search_term_string}"},"query-input":{"@type":"PropertyValueSpecification","valueRequired":true,"valueName":"search_term_string"}}],"inLanguage":"sv-SE"},{"@type":"Organization","@id":"https:\/\/chrystus.pl\/#organization","name":"Christ.pl","url":"https:\/\/chrystus.pl\/","logo":{"@type":"ImageObject","inLanguage":"sv-SE","@id":"https:\/\/chrystus.pl\/#\/schema\/logo\/image\/","url":"https:\/\/chrystus.pl\/wp-content\/uploads\/2019\/03\/chrystus-bog-maryja-komunia-bierzmowanie.jpg","contentUrl":"https:\/\/chrystus.pl\/wp-content\/uploads\/2019\/03\/chrystus-bog-maryja-komunia-bierzmowanie.jpg","width":1920,"height":1280,"caption":"Chrystus.pl"},"image":{"@id":"https:\/\/chrystus.pl\/#\/schema\/logo\/image\/"}},{"@type":"Person","@id":"https:\/\/chrystus.pl\/#\/schema\/person\/e2e742452b8b7b2bcd23ea180671d27a","name":"Samaritanska kvinnan"}]}},"_links":{"self":[{"href":"https:\/\/chrystus.pl\/sv\/wp-json\/wp\/v2\/posts\/204","targetHints":{"allow":["GET"]}}],"collection":[{"href":"https:\/\/chrystus.pl\/sv\/wp-json\/wp\/v2\/posts"}],"about":[{"href":"https:\/\/chrystus.pl\/sv\/wp-json\/wp\/v2\/types\/post"}],"author":[{"embeddable":true,"href":"https:\/\/chrystus.pl\/sv\/wp-json\/wp\/v2\/users\/1"}],"replies":[{"embeddable":true,"href":"https:\/\/chrystus.pl\/sv\/wp-json\/wp\/v2\/comments?post=204"}],"version-history":[{"count":0,"href":"https:\/\/chrystus.pl\/sv\/wp-json\/wp\/v2\/posts\/204\/revisions"}],"wp:featuredmedia":[{"embeddable":true,"href":"https:\/\/chrystus.pl\/sv\/wp-json\/wp\/v2\/media\/205"}],"wp:attachment":[{"href":"https:\/\/chrystus.pl\/sv\/wp-json\/wp\/v2\/media?parent=204"}],"wp:term":[{"taxonomy":"category","embeddable":true,"href":"https:\/\/chrystus.pl\/sv\/wp-json\/wp\/v2\/categories?post=204"},{"taxonomy":"post_tag","embeddable":true,"href":"https:\/\/chrystus.pl\/sv\/wp-json\/wp\/v2\/tags?post=204"}],"curies":[{"name":"wp","href":"https:\/\/api.w.org\/{rel}","templated":true}]}}