{"id":225,"date":"2020-01-13T07:54:31","date_gmt":"2020-01-13T07:54:31","guid":{"rendered":"https:\/\/chrystus.pl\/?p=225"},"modified":"2020-04-29T19:54:06","modified_gmt":"2020-04-29T19:54:06","slug":"co-to-jest-kosciol-swiety","status":"publish","type":"post","link":"https:\/\/chrystus.pl\/sv\/co-to-jest-kosciol-swiety\/","title":{"rendered":"Vad \u00e4r den heliga kyrkan?"},"content":{"rendered":"<p>Co to jest Ko\u015bci\u00f3\u0142 \u015awi\u0119ty? Zapewne zdecydowana wi\u0119kszo\u015b\u0107 z nas natkn\u0119\u0142a si\u0119 w naszym \u017cyciu na poj\u0119cie jakim jest \u201e<span id=\"urn:enhancement-94f49471-123e-e861-d1b7-4fe563144713\" class=\"textannotation disambiguated wl-thing selected\" itemid=\"http:\/\/data.wordlift.io\/wl01378\/entity\/kosciol_budynek\">kyrka<\/span>\". De som \u00e4r mer trogna kommer att b\u00f6rja se mer \u00e4n bara en inneb\u00f6rd i detta begrepp.<\/p>\n<p>I den kristna religionen <span id=\"urn:enhancement-e3eb5bd4-d16f-b85c-4a40-b56c25df85f7\" class=\"textannotation disambiguated wl-thing\" itemid=\"http:\/\/data.wordlift.io\/wl01378\/entity\/kosciol_budynek\">kyrka<\/span> \u00e4r en byggnad som anv\u00e4nds av gudstj\u00e4nstbes\u00f6kare f\u00f6r rituella \u00e4ndam\u00e5l. I kyrkobyggnaden finns alla <span id=\"urn:enhancement-3fb75f34\" class=\"textannotation disambiguated wl-other\" itemid=\"http:\/\/data.wordlift.io\/wl01378\/entity\/msza\">Massor<\/span>, <span id=\"urn:enhancement-0463921c-d1a7-196a-31c0-a2f4a3906ab9\" class=\"textannotation disambiguated wl-thing\" itemid=\"http:\/\/data.wordlift.io\/wl01378\/entity\/nabozenstwo\">tj\u00e4nster<\/span> och sakrament.<\/p>\n<p>Andliga m\u00e4nniskor ser denna plats som ett Guds hus. Det \u00e4r dit de g\u00e5r varje dag f\u00f6r att tala med sin Herre. Man skiljer mellan en basilika och en \u00e4rkekatedral, <span id=\"urn:enhancement-c038921a-fd1f-4bf4-07ff-a5022e51670e\" class=\"textannotation disambiguated wl-thing\" itemid=\"http:\/\/data.wordlift.io\/wl01378\/entity\/katedra\">katedral<\/span>, <span id=\"urn:enhancement-dee4736f-e52f-879b-8fd2-9e34e3d0dcc3\" class=\"textannotation disambiguated wl-thing\" itemid=\"http:\/\/data.wordlift.io\/wl01378\/entity\/kolegiata\">kollegiala<\/span>, kloster, <span id=\"urn:enhancement-2375e9f0-6e81-23a1-307b-6129d3c2c425\" class=\"textannotation disambiguated wl-thing\" itemid=\"http:\/\/data.wordlift.io\/wl01378\/entity\/kosciol_parafialny\">f\u00f6rsamlingskyrkor<\/span>.<\/p>\n<p>Det finns dock en andra, mycket viktigare betydelse av ordet kyrka. Vi talar h\u00e4r om en viss religi\u00f6s organisation, vanligtvis kristen. En kyrka \u00e4r en organisation med egen hierarki, egna regler och principer. Det \u00e4r en organisation som har ett betydande inflytande p\u00e5 m\u00e4nniskors liv i ett visst land och som m\u00e5ste registreras som en religi\u00f6s f\u00f6rening.<\/p>\n<h2>Vad \u00e4r kyrkan? <span id=\"urn:enhancement-593107d4-eecd-e6de-dc9d-c2a5639ef89a\" class=\"textannotation disambiguated wl-thing\" itemid=\"http:\/\/data.wordlift.io\/wl01378\/entity\/swiety\">Saint<\/span>?<\/h2>\n<p>Kyrkornas organisation varierar n\u00e5got i v\u00e4rlden. Bland de s\u00e5 kallade religi\u00f6sa f\u00f6reningarna skiljer vi p\u00e5 f\u00f6ljande <span id=\"urn:enhancement-32460959-9f88-ca12-73a2-74e5b136dcbb\" class=\"textannotation disambiguated wl-thing\" itemid=\"http:\/\/data.wordlift.io\/wl01378\/entity\/koscioly_chrzescijanskie\">Kristna kyrkor<\/span> och kyrkor som l\u00e5nar fr\u00e5n kristendomen. Relevant f\u00f6r v\u00e5r <span id=\"urn:enhancement-fae1ac73-d712-6277-cce1-14e6f10d9f4d\" class=\"textannotation disambiguated wl-thing\" itemid=\"http:\/\/data.wordlift.io\/wl01378\/entity\/wiara_chrzescijanstwo\">tro<\/span> \u00e4r naturligtvis <span id=\"urn:enhancement-d6b73823-59d7-0df6-8321-d61bb48cd7db\" class=\"textannotation disambiguated wl-thing\" itemid=\"http:\/\/data.wordlift.io\/wl01378\/entity\/koscioly_chrzescijanskie\">Kristna kyrkor<\/span>\/Katolik. Dessa \u00e4r indelade i <span id=\"urn:enhancement-cf56c3ec-9ba9-97f8-deb8-2a88ceef5048\" class=\"textannotation disambiguated wl-thing\" itemid=\"http:\/\/data.wordlift.io\/wl01378\/entity\/obrzadek\">rit<\/span> \u00f6stra och \u00f6stra <span id=\"urn:enhancement-773c6e33-0ce5-19a6-bcc9-7addb331de94\" class=\"textannotation disambiguated wl-thing\" itemid=\"http:\/\/data.wordlift.io\/wl01378\/entity\/obrzadek\">rit<\/span> V\u00e4stra. W <span id=\"urn:enhancement-b3cf9bea-57b1-36fd-63e9-7e98c07ba122\" class=\"textannotation disambiguated wl-thing\" itemid=\"http:\/\/data.wordlift.io\/wl01378\/entity\/obrzadek\">rit<\/span> I \u00f6st finns det m\u00e5nga \"grenar\" beroende p\u00e5 den geografiska regionen, t.ex. <span id=\"urn:enhancement-52057fcd\" class=\"textannotation disambiguated wl-other\" itemid=\"http:\/\/data.wordlift.io\/wl01378\/entity\/kosciol_katolicki\">Katolska kyrkan<\/span> <span id=\"urn:enhancement-c1b0daff-d159-a1fa-1b75-b75f4d1745a7\" class=\"textannotation disambiguated wl-thing\" itemid=\"http:\/\/data.wordlift.io\/wl01378\/entity\/obrzadek\">rit<\/span> bysantinskt-albanesiskt eller <span id=\"urn:enhancement-575ccaf5\" class=\"textannotation disambiguated wl-other\" itemid=\"http:\/\/data.wordlift.io\/wl01378\/entity\/kosciol_katolicki\">Katolska kyrkan<\/span> <span id=\"urn:enhancement-f749e0d5-2b49-c79a-2aa5-dd2b66b56b3f\" class=\"textannotation disambiguated wl-thing\" itemid=\"http:\/\/data.wordlift.io\/wl01378\/entity\/obrzadek\">rit<\/span> <span id=\"urn:enhancement-5eadae2d-d8ef-f2cf-7c08-e912602570eb\" class=\"textannotation disambiguated wl-thing\" itemid=\"http:\/\/data.wordlift.io\/wl01378\/entity\/etiopski_kosciol_ortodoksyjny\">Etiopiska<\/span>.<\/p>\n<p>Men kyrkan <span id=\"urn:enhancement-f13258de-4612-a3d1-536f-f44167e87559\" class=\"textannotation disambiguated wl-thing\" itemid=\"http:\/\/data.wordlift.io\/wl01378\/entity\/swiety\">Saint<\/span> \u00e4r i f\u00f6rsta hand <span id=\"urn:enhancement-f524b28a-224a-d7ab-78bd-879555046ebd\" class=\"textannotation disambiguated wl-thing\" itemid=\"http:\/\/data.wordlift.io\/wl01378\/entity\/wspolnota\">gemenskapen<\/span> m\u00e4nniskor. Detta \u00e4r kanske den viktigaste delen. <span id=\"urn:enhancement-a665ca2\" class=\"textannotation disambiguated wl-other\" itemid=\"http:\/\/data.wordlift.io\/wl01378\/entity\/kosciol_teologia_2\">Kyrkan<\/span> vi kommer att kalla <span id=\"urn:enhancement-3864a45f-240c-61f3-fead-a16dc43e468c\" class=\"textannotation disambiguated wl-thing\" itemid=\"http:\/\/data.wordlift.io\/wl01378\/entity\/spolecznosc_2\">gemenskapen<\/span>som bek\u00e4nner sig till f\u00f6ljande <span id=\"urn:enhancement-6d333ddd-8049-f712-789a-522b227bd0a3\" class=\"textannotation disambiguated wl-thing\" itemid=\"http:\/\/data.wordlift.io\/wl01378\/entity\/wiara_chrzescijanstwo\">tro<\/span> till den enda <span id=\"urn:enhancement-d2317893-476e-a9b0-4757-576a3e17f90c\" class=\"textannotation disambiguated wl-thing\" itemid=\"http:\/\/data.wordlift.io\/wl01378\/entity\/bog\">Gud<\/span>Han ger honom heder och \u00e4ra. W <span id=\"urn:enhancement-826064b9\" class=\"textannotation disambiguated wl-other\" itemid=\"http:\/\/data.wordlift.io\/wl01378\/entity\/kosciol_teologia_2\">Kyrkan<\/span> ka\u017cdy chrze\u015bcijanin ma swoje miejsce i wszyscy r\u00f3wni wobec siebie. Ka\u017cdy wierny nosi sw\u00f3j w\u0142asny Ko\u015bci\u00f3\u0142 w sercu nios\u0105c <a href=\"https:\/\/chrystus.pl\/sv\/modlitwa-ktora-zawsze-pomaga\/\">st\u00f6d<\/a> till v\u00e5ra medm\u00e4nniskor, att bry oss om andra och att vara medvetna om v\u00e5ra privilegier men ocks\u00e5 om det ansvar som f\u00f6ljer med v\u00e5r <span id=\"urn:enhancement-1a6e13ec-fbe3-be09-4c8f-46ecba7c6140\" class=\"textannotation disambiguated wl-thing\" itemid=\"http:\/\/data.wordlift.io\/wl01378\/entity\/wiara_chrzescijanstwo\">tro<\/span>.<\/p>\n<p>Kyrkan <span id=\"urn:enhancement-e066f020-1400-698d-261a-21e0c9550151\" class=\"textannotation disambiguated wl-thing\" itemid=\"http:\/\/data.wordlift.io\/wl01378\/entity\/swiety\">Saint<\/span> Den kretsar kring V\u00e5r Herre den ende och riktar all sin uppm\u00e4rksamhet mot honom. Teologiskt sett \u00e4r det <span id=\"urn:enhancement-f56b7057-036d-d3a8-24a5-b4f9b4836037\" class=\"textannotation disambiguated wl-thing\" itemid=\"http:\/\/data.wordlift.io\/wl01378\/entity\/wspolnota\">gemenskapen<\/span> personer som har sammankallats eller utsetts av <span id=\"urn:enhancement-53b67681-9616-65db-5a57-5b03a5c2e675\" class=\"textannotation disambiguated wl-thing\" itemid=\"http:\/\/data.wordlift.io\/wl01378\/entity\/apostol\">Apostlarna<\/span> skickat av <span id=\"urn:enhancement-1ca97388-de4a-cd5d-9714-b7fc196b8fbc\" class=\"textannotation disambiguated wl-person\" itemid=\"http:\/\/data.wordlift.io\/wl01378\/entity\/jezus_chrystus\">Jesus<\/span> att predika <span id=\"urn:enhancement-1475b942-424a-15c6-99a8-77d6b1aa7e3b\" class=\"textannotation disambiguated wl-thing\" itemid=\"http:\/\/data.wordlift.io\/wl01378\/entity\/dogmat\">sanning<\/span> o <span id=\"urn:enhancement-b4b615e0\" class=\"textannotation disambiguated wl-other\" itemid=\"http:\/\/data.wordlift.io\/wl01378\/entity\/krolestwo_boze\">Guds rike<\/span>. Egenskaper <span id=\"urn:enhancement-a4c62219\" class=\"textannotation disambiguated wl-other\" itemid=\"http:\/\/data.wordlift.io\/wl01378\/entity\/kosciol_teologia_2\">Kyrkan<\/span> \u00e4r: enhet, helighet, universalitet och apostolicitet. Detta inneb\u00e4r att det endast finns en <span id=\"urn:enhancement-ece02270\" class=\"textannotation disambiguated wl-other\" itemid=\"http:\/\/data.wordlift.io\/wl01378\/entity\/kosciol_teologia_2\">Kyrkan<\/span>, grundad av <span id=\"urn:enhancement-86f68381-9585-a47a-69fb-0328ff50b6fe\" class=\"textannotation disambiguated wl-person\" itemid=\"http:\/\/data.wordlift.io\/wl01378\/entity\/jezus_chrystus\">Jesus<\/span>.<\/p>\n<p>Han \u00e4r ocks\u00e5 helig och g\u00f6r Guds vilja samtidigt som han omger sig med <span id=\"urn:enhancement-c4b2bcfc\" class=\"textannotation disambiguated wl-other\" itemid=\"http:\/\/data.wordlift.io\/wl01378\/entity\/duch_swiety\">Den heliga anden<\/span>. Universalitet <span id=\"urn:enhancement-cbcb4fa6\" class=\"textannotation disambiguated wl-other\" itemid=\"http:\/\/data.wordlift.io\/wl01378\/entity\/kosciol_teologia_2\">Kyrkan<\/span> inneb\u00e4r att den \u00e4r universell f\u00f6r alla v\u00e4rldens folk och inte st\u00e4nger sig f\u00f6r n\u00e5gon. Dess arbete omfattar alla m\u00e4nniskor i v\u00e4rlden, oavsett ursprung, hudf\u00e4rg eller f\u00f6rm\u00f6genhet. Apostolicitet inneb\u00e4r att alla troende sprider det arbete som p\u00e5b\u00f6rjats av <span id=\"urn:enhancement-3b35d84b-40b2-2322-4f60-a2fee26290ab\" class=\"textannotation disambiguated wl-thing\" itemid=\"http:\/\/data.wordlift.io\/wl01378\/entity\/apostol\">Apostlarna<\/span>.<\/p>\n<p><span id=\"urn:enhancement-6d6225c9-eb58-0e9f-22b4-c0ae908c1b33\" class=\"textannotation disambiguated wl-thing\" itemid=\"http:\/\/data.wordlift.io\/wl01378\/entity\/wspolnota\">Gemenskapen<\/span> <span id=\"urn:enhancement-a6e7609c\" class=\"textannotation disambiguated wl-other\" itemid=\"http:\/\/data.wordlift.io\/wl01378\/entity\/kosciol_teologia_2\">Kyrkan<\/span> f\u00f6rst\u00e5r sig sj\u00e4lv som historiens fullbordan, med b\u00f6rjan i nationen Israel.<\/p>","protected":false},"excerpt":{"rendered":"<p>Co to jest Ko\u015bci\u00f3\u0142 \u015awi\u0119ty? Zapewne zdecydowana wi\u0119kszo\u015b\u0107 z nas natkn\u0119\u0142a si\u0119 w naszym \u017cyciu na poj\u0119cie jakim jest \u201eko\u015bci\u00f3\u0142\u201d. Ci bardziej wierz\u0105cy, w poj\u0119ciu tym, zaczn\u0105 dopatrywa\u0107 si\u0119 nie tylko jednego znaczenia. W religii chrze\u015bcija\u0144skiej ko\u015bci\u00f3\u0142 jest to budynek, do kt\u00f3rego ucz\u0119szczaj\u0105 wierni w celach rytualnych. W budynku ko\u015bcielnym odbywaj\u0105 si\u0119 wszelkie msze, nabo\u017ce\u0144stwa &hellip;<\/p>","protected":false},"author":1,"featured_media":227,"comment_status":"open","ping_status":"closed","sticky":false,"template":"","format":"standard","meta":{"footnotes":""},"categories":[33],"tags":[38],"class_list":["post-225","post","type-post","status-publish","format-standard","has-post-thumbnail","hentry","category-kosciol","tag-kosciol"],"yoast_head":"<!-- This site is optimized with the Yoast SEO plugin v27.4 - https:\/\/yoast.com\/product\/yoast-seo-wordpress\/ -->\n<title>Co to jest Ko\u015bci\u00f3\u0142 \u015awi\u0119ty. Co to oznacza - Chrystus PL<\/title>\n<meta name=\"description\" content=\"Co to jest Ko\u015bci\u00f3\u0142 \u015awi\u0119ty? Zapewne zdecydowana wi\u0119kszo\u015b\u0107 z nas natkn\u0119\u0142a si\u0119 w naszym \u017cyciu na poj\u0119cie jakim jest \u201eko\u015bci\u00f3\u0142\u201d. Ci bardziej wierz\u0105cy, w\" \/>\n<meta name=\"robots\" content=\"index, follow, max-snippet:-1, max-image-preview:large, max-video-preview:-1\" \/>\n<link rel=\"canonical\" href=\"https:\/\/chrystus.pl\/sv\/vad-ar-kyrkan-helig-2\/\" \/>\n<meta property=\"og:locale\" content=\"sv_SE\" \/>\n<meta property=\"og:type\" content=\"article\" \/>\n<meta property=\"og:title\" content=\"Co to jest Ko\u015bci\u00f3\u0142 \u015awi\u0119ty. Co to oznacza - Chrystus PL\" \/>\n<meta property=\"og:description\" content=\"Co to jest Ko\u015bci\u00f3\u0142 \u015awi\u0119ty? Zapewne zdecydowana wi\u0119kszo\u015b\u0107 z nas natkn\u0119\u0142a si\u0119 w naszym \u017cyciu na poj\u0119cie jakim jest \u201eko\u015bci\u00f3\u0142\u201d. Ci bardziej wierz\u0105cy, w\" \/>\n<meta property=\"og:url\" content=\"https:\/\/chrystus.pl\/sv\/vad-ar-kyrkan-helig-2\/\" \/>\n<meta property=\"og:site_name\" content=\"Chrystus\" \/>\n<meta property=\"article:published_time\" content=\"2020-01-13T07:54:31+00:00\" \/>\n<meta property=\"article:modified_time\" content=\"2020-04-29T19:54:06+00:00\" \/>\n<meta property=\"og:image\" content=\"https:\/\/chrystus.pl\/wp-content\/uploads\/2019\/04\/Co-to-jest-Kosciol-Swiety.jpg\" \/>\n\t<meta property=\"og:image:width\" content=\"1280\" \/>\n\t<meta property=\"og:image:height\" content=\"854\" \/>\n\t<meta property=\"og:image:type\" content=\"image\/jpeg\" \/>\n<meta name=\"author\" content=\"Samarytanka\" \/>\n<meta name=\"twitter:card\" content=\"summary_large_image\" \/>\n<meta name=\"twitter:label1\" content=\"Skriven av\" \/>\n\t<meta name=\"twitter:data1\" content=\"Samarytanka\" \/>\n\t<meta name=\"twitter:label2\" content=\"Ber\u00e4knad l\u00e4stid\" \/>\n\t<meta name=\"twitter:data2\" content=\"3 minuter\" \/>\n<!-- \/ Yoast SEO plugin. -->","yoast_head_json":{"title":"Vad \u00e4r den heliga kyrkan? Vad det betyder - Kristus SV","description":"Vad \u00e4r den heliga kyrkan? De allra flesta av oss har f\u00f6rmodligen st\u00f6tt p\u00e5 begreppet \"kyrka\" i v\u00e5ra liv. De som \u00e4r mer troende, i","robots":{"index":"index","follow":"follow","max-snippet":"max-snippet:-1","max-image-preview":"max-image-preview:large","max-video-preview":"max-video-preview:-1"},"canonical":"https:\/\/chrystus.pl\/sv\/vad-ar-kyrkan-helig-2\/","og_locale":"sv_SE","og_type":"article","og_title":"Co to jest Ko\u015bci\u00f3\u0142 \u015awi\u0119ty. Co to oznacza - Chrystus PL","og_description":"Co to jest Ko\u015bci\u00f3\u0142 \u015awi\u0119ty? Zapewne zdecydowana wi\u0119kszo\u015b\u0107 z nas natkn\u0119\u0142a si\u0119 w naszym \u017cyciu na poj\u0119cie jakim jest \u201eko\u015bci\u00f3\u0142\u201d. Ci bardziej wierz\u0105cy, w","og_url":"https:\/\/chrystus.pl\/sv\/vad-ar-kyrkan-helig-2\/","og_site_name":"Chrystus","article_published_time":"2020-01-13T07:54:31+00:00","article_modified_time":"2020-04-29T19:54:06+00:00","og_image":[{"width":1280,"height":854,"url":"https:\/\/chrystus.pl\/wp-content\/uploads\/2019\/04\/Co-to-jest-Kosciol-Swiety.jpg","type":"image\/jpeg"}],"author":"Samarytanka","twitter_card":"summary_large_image","twitter_misc":{"Skriven av":"Samarytanka","Ber\u00e4knad l\u00e4stid":"3 minuter"},"schema":{"@context":"https:\/\/schema.org","@graph":[{"@type":"Article","@id":"https:\/\/chrystus.pl\/ko-kr\/\uad50\ud68c\ub780-\ubb34\uc5c7\uc778\uac00\/#article","isPartOf":{"@id":"https:\/\/chrystus.pl\/ko-kr\/\uad50\ud68c\ub780-\ubb34\uc5c7\uc778\uac00\/"},"author":{"name":"Samarytanka","@id":"https:\/\/chrystus.pl\/#\/schema\/person\/e2e742452b8b7b2bcd23ea180671d27a"},"headline":"Co to jest Ko\u015bci\u00f3\u0142 \u015awi\u0119ty","datePublished":"2020-01-13T07:54:31+00:00","dateModified":"2020-04-29T19:54:06+00:00","mainEntityOfPage":{"@id":"https:\/\/chrystus.pl\/ko-kr\/\uad50\ud68c\ub780-\ubb34\uc5c7\uc778\uac00\/"},"wordCount":561,"commentCount":0,"publisher":{"@id":"https:\/\/chrystus.pl\/#organization"},"image":{"@id":"https:\/\/chrystus.pl\/ko-kr\/\uad50\ud68c\ub780-\ubb34\uc5c7\uc778\uac00\/#primaryimage"},"thumbnailUrl":"https:\/\/chrystus.pl\/wp-content\/uploads\/2019\/04\/Co-to-jest-Kosciol-Swiety.jpg","keywords":["ko\u015bci\u00f3\u0142"],"articleSection":["Ko\u015bci\u00f3\u0142"],"inLanguage":"sv-SE","potentialAction":[{"@type":"CommentAction","name":"Comment","target":["https:\/\/chrystus.pl\/ko-kr\/\uad50\ud68c\ub780-\ubb34\uc5c7\uc778\uac00\/#respond"]}]},{"@type":"WebPage","@id":"https:\/\/chrystus.pl\/ko-kr\/\uad50\ud68c\ub780-\ubb34\uc5c7\uc778\uac00\/","url":"https:\/\/chrystus.pl\/ko-kr\/\uad50\ud68c\ub780-\ubb34\uc5c7\uc778\uac00\/","name":"Vad \u00e4r den heliga kyrkan? Vad det betyder - Kristus SV","isPartOf":{"@id":"https:\/\/chrystus.pl\/#website"},"primaryImageOfPage":{"@id":"https:\/\/chrystus.pl\/ko-kr\/\uad50\ud68c\ub780-\ubb34\uc5c7\uc778\uac00\/#primaryimage"},"image":{"@id":"https:\/\/chrystus.pl\/ko-kr\/\uad50\ud68c\ub780-\ubb34\uc5c7\uc778\uac00\/#primaryimage"},"thumbnailUrl":"https:\/\/chrystus.pl\/wp-content\/uploads\/2019\/04\/Co-to-jest-Kosciol-Swiety.jpg","datePublished":"2020-01-13T07:54:31+00:00","dateModified":"2020-04-29T19:54:06+00:00","description":"Vad \u00e4r den heliga kyrkan? De allra flesta av oss har f\u00f6rmodligen st\u00f6tt p\u00e5 begreppet \"kyrka\" i v\u00e5ra liv. De som \u00e4r mer troende, i","breadcrumb":{"@id":"https:\/\/chrystus.pl\/ko-kr\/\uad50\ud68c\ub780-\ubb34\uc5c7\uc778\uac00\/#breadcrumb"},"inLanguage":"sv-SE","potentialAction":[{"@type":"ReadAction","target":["https:\/\/chrystus.pl\/ko-kr\/\uad50\ud68c\ub780-\ubb34\uc5c7\uc778\uac00\/"]}]},{"@type":"ImageObject","inLanguage":"sv-SE","@id":"https:\/\/chrystus.pl\/ko-kr\/\uad50\ud68c\ub780-\ubb34\uc5c7\uc778\uac00\/#primaryimage","url":"https:\/\/chrystus.pl\/wp-content\/uploads\/2019\/04\/Co-to-jest-Kosciol-Swiety.jpg","contentUrl":"https:\/\/chrystus.pl\/wp-content\/uploads\/2019\/04\/Co-to-jest-Kosciol-Swiety.jpg","width":1280,"height":854,"caption":"Co to jest Kosciol Swiety"},{"@type":"BreadcrumbList","@id":"https:\/\/chrystus.pl\/ko-kr\/\uad50\ud68c\ub780-\ubb34\uc5c7\uc778\uac00\/#breadcrumb","itemListElement":[{"@type":"ListItem","position":1,"name":"Strona g\u0142\u00f3wna","item":"https:\/\/chrystus.pl\/"},{"@type":"ListItem","position":2,"name":"Co to jest Ko\u015bci\u00f3\u0142 \u015awi\u0119ty"}]},{"@type":"WebSite","@id":"https:\/\/chrystus.pl\/#website","url":"https:\/\/chrystus.pl\/","name":"Kristus","description":"Gud, Maria, Jesus, nattvarden med mera","publisher":{"@id":"https:\/\/chrystus.pl\/#organization"},"potentialAction":[{"@type":"SearchAction","target":{"@type":"EntryPoint","urlTemplate":"https:\/\/chrystus.pl\/?s={search_term_string}"},"query-input":{"@type":"PropertyValueSpecification","valueRequired":true,"valueName":"search_term_string"}}],"inLanguage":"sv-SE"},{"@type":"Organization","@id":"https:\/\/chrystus.pl\/#organization","name":"Christ.pl","url":"https:\/\/chrystus.pl\/","logo":{"@type":"ImageObject","inLanguage":"sv-SE","@id":"https:\/\/chrystus.pl\/#\/schema\/logo\/image\/","url":"https:\/\/chrystus.pl\/wp-content\/uploads\/2019\/03\/chrystus-bog-maryja-komunia-bierzmowanie.jpg","contentUrl":"https:\/\/chrystus.pl\/wp-content\/uploads\/2019\/03\/chrystus-bog-maryja-komunia-bierzmowanie.jpg","width":1920,"height":1280,"caption":"Chrystus.pl"},"image":{"@id":"https:\/\/chrystus.pl\/#\/schema\/logo\/image\/"}},{"@type":"Person","@id":"https:\/\/chrystus.pl\/#\/schema\/person\/e2e742452b8b7b2bcd23ea180671d27a","name":"Samaritanska kvinnan"}]}},"_links":{"self":[{"href":"https:\/\/chrystus.pl\/sv\/wp-json\/wp\/v2\/posts\/225","targetHints":{"allow":["GET"]}}],"collection":[{"href":"https:\/\/chrystus.pl\/sv\/wp-json\/wp\/v2\/posts"}],"about":[{"href":"https:\/\/chrystus.pl\/sv\/wp-json\/wp\/v2\/types\/post"}],"author":[{"embeddable":true,"href":"https:\/\/chrystus.pl\/sv\/wp-json\/wp\/v2\/users\/1"}],"replies":[{"embeddable":true,"href":"https:\/\/chrystus.pl\/sv\/wp-json\/wp\/v2\/comments?post=225"}],"version-history":[{"count":0,"href":"https:\/\/chrystus.pl\/sv\/wp-json\/wp\/v2\/posts\/225\/revisions"}],"wp:featuredmedia":[{"embeddable":true,"href":"https:\/\/chrystus.pl\/sv\/wp-json\/wp\/v2\/media\/227"}],"wp:attachment":[{"href":"https:\/\/chrystus.pl\/sv\/wp-json\/wp\/v2\/media?parent=225"}],"wp:term":[{"taxonomy":"category","embeddable":true,"href":"https:\/\/chrystus.pl\/sv\/wp-json\/wp\/v2\/categories?post=225"},{"taxonomy":"post_tag","embeddable":true,"href":"https:\/\/chrystus.pl\/sv\/wp-json\/wp\/v2\/tags?post=225"}],"curies":[{"name":"wp","href":"https:\/\/api.w.org\/{rel}","templated":true}]}}