{"id":2390,"date":"2023-02-12T21:25:43","date_gmt":"2023-02-12T21:25:43","guid":{"rendered":"https:\/\/chrystus.pl\/?p=2390"},"modified":"2023-02-12T21:25:46","modified_gmt":"2023-02-12T21:25:46","slug":"maksymalny-wiek-wstapienia-do-zakonu","status":"publish","type":"post","link":"https:\/\/chrystus.pl\/sv\/maksymalny-wiek-wstapienia-do-zakonu\/","title":{"rendered":"H\u00f6gsta \u00e5lder f\u00f6r intr\u00e4de i ordningen"},"content":{"rendered":"<p>B\u00f3g powo\u0142uje do \u017cycia konsekrowanego w r\u00f3\u017cnym wieku. Wa\u017cne jest, aby dobrze rozezna\u0107 wol\u0119 Bo\u017c\u0105 i za ni\u0105 pod\u0105\u017ca\u0107.<\/p>\n\n\n\n<p>Finns det n\u00e5gra \u00e5ldersm\u00e4ssiga kontraindikationer f\u00f6r att g\u00e5 med i en religi\u00f6s orden? \u00c4r det m\u00f6jligt att g\u00e5 med i en religi\u00f6s orden n\u00e4r man \u00e4r 40 \u00e5r?<\/p>\n\n\n\n<div id=\"ez-toc-container\" class=\"ez-toc-v2_0_82_2 counter-hierarchy ez-toc-counter ez-toc-custom ez-toc-container-direction\">\n<p class=\"ez-toc-title\" style=\"cursor:inherit\">Inneh\u00e5llsf\u00f6rteckning<\/p>\n<label for=\"ez-toc-cssicon-toggle-item-69f7779875365\" class=\"ez-toc-cssicon-toggle-label\"><span class=\"\"><span class=\"eztoc-hide\" style=\"display:none;\">V\u00e4xel<\/span><span class=\"ez-toc-icon-toggle-span\"><svg style=\"fill: #ffffff;color:#ffffff\" xmlns=\"http:\/\/www.w3.org\/2000\/svg\" class=\"list-377408\" width=\"20px\" height=\"20px\" viewbox=\"0 0 24 24\" fill=\"none\"><path d=\"M6 6H4v2h2V6zm14 0H8v2h12V6zM4 11h2v2H4v-2zm16 0H8v2h12v-2zM4 16h2v2H4v-2zm16 0H8v2h12v-2z\" fill=\"currentColor\"><\/path><\/svg><svg style=\"fill: #ffffff;color:#ffffff\" class=\"arrow-unsorted-368013\" xmlns=\"http:\/\/www.w3.org\/2000\/svg\" width=\"10px\" height=\"10px\" viewbox=\"0 0 24 24\" version=\"1.2\" baseprofile=\"tiny\"><path d=\"M18.2 9.3l-6.2-6.3-6.2 6.3c-.2.2-.3.4-.3.7s.1.5.3.7c.2.2.4.3.7.3h11c.3 0 .5-.1.7-.3.2-.2.3-.5.3-.7s-.1-.5-.3-.7zM5.8 14.7l6.2 6.3 6.2-6.3c.2-.2.3-.5.3-.7s-.1-.5-.3-.7c-.2-.2-.4-.3-.7-.3h-11c-.3 0-.5.1-.7.3-.2.2-.3.5-.3.7s.1.5.3.7z\"\/><\/svg><\/span><\/span><\/label><input type=\"checkbox\"  id=\"ez-toc-cssicon-toggle-item-69f7779875365\"  aria-label=\"V\u00e4xel\" \/><nav><ul class='ez-toc-list ez-toc-list-level-1' ><li class='ez-toc-page-1 ez-toc-heading-level-2'><a class=\"ez-toc-link ez-toc-heading-1\" href=\"https:\/\/chrystus.pl\/sv\/maksymalny-wiek-wstapienia-do-zakonu\/#Do_jakiego_wieku_mozna_wstapic_do_zakonu\" >Fram till vilken \u00e5lder kan man g\u00e5 med i en religi\u00f6s orden?<\/a><\/li><li class='ez-toc-page-1 ez-toc-heading-level-2'><a class=\"ez-toc-link ez-toc-heading-2\" href=\"https:\/\/chrystus.pl\/sv\/maksymalny-wiek-wstapienia-do-zakonu\/#Czy_w_wieku_50_lat_mozna_wstapic_do_zakonu\" >\u00c4r det m\u00f6jligt att g\u00e5 med i en religi\u00f6s orden n\u00e4r man \u00e4r 50 \u00e5r?<\/a><\/li><\/ul><\/nav><\/div>\n<h2 class=\"wp-block-heading\"><span class=\"ez-toc-section\" id=\"Do_jakiego_wieku_mozna_wstapic_do_zakonu\"><\/span><a><\/a>Fram till vilken \u00e5lder kan man g\u00e5 med i en religi\u00f6s orden?<span class=\"ez-toc-section-end\"><\/span><\/h2>\n\n\n\n<p>I princip \u00e4r \u00e5lder ett kriterium som beaktas, s\u00e4rskilt den nedre gr\u00e4nsen f\u00f6r \u00e5lder.<\/p>\n\n\n\n<p>Det finns m\u00e5nga religi\u00f6sa ordnar i Polen, men de har sina egna regler och villkor som en kandidat m\u00e5ste uppfylla f\u00f6r att bli antagen.<\/p>\n\n\n\n<p>F\u00f6re sj\u00e4lva intagningen m\u00e5ste vissa formella krav uppfyllas, och dessa beror p\u00e5 den specifika f\u00f6rsamlingen.<\/p>\n\n\n\n<h2 class=\"wp-block-heading\"><span class=\"ez-toc-section\" id=\"Czy_w_wieku_50_lat_mozna_wstapic_do_zakonu\"><\/span><a><\/a>\u00c4r det m\u00f6jligt att g\u00e5 med i en religi\u00f6s orden n\u00e4r man \u00e4r 50 \u00e5r?<span class=\"ez-toc-section-end\"><\/span><\/h2>\n\n\n\n<p>Som tidigare n\u00e4mnts beror det p\u00e5 den specifika f\u00f6rsamlingen och dess regler.<\/p>\n\n\n\n<p>Det finns inget som hindrar dig fr\u00e5n att ans\u00f6ka om att bli antagen redan vid femtio \u00e5rs \u00e5lder. Det \u00e4r dock v\u00e4rt att komma ih\u00e5g att motivation, \u00e5lder, utbildning och det slutliga beslutet baseras p\u00e5 den individuella l\u00e4mpligheten och de faktorer som best\u00e4mmer den.<\/p>","protected":false},"excerpt":{"rendered":"<p>B\u00f3g powo\u0142uje do \u017cycia konsekrowanego w r\u00f3\u017cnym wieku. Wa\u017cne jest, aby dobrze rozezna\u0107 wol\u0119 Bo\u017c\u0105 i za ni\u0105 pod\u0105\u017ca\u0107. Czy istniej\u0105 jakie\u015b przeciwwskazania do do wieku, aby wst\u0105pi\u0107 do zakonu? Czy mo\u017cna wst\u0105pi\u0107 do zakonu w wieku 40 lat? Do jakiego wieku mo\u017cna wst\u0105pi\u0107 do zakonu? W zasadzie wiek jest kryterium, kt\u00f3re jest brane pod &hellip;<\/p>","protected":false},"author":1,"featured_media":0,"comment_status":"closed","ping_status":"closed","sticky":false,"template":"","format":"standard","meta":{"footnotes":""},"categories":[61],"tags":[],"class_list":["post-2390","post","type-post","status-publish","format-standard","hentry","category-chrystus"],"yoast_head":"<!-- This site is optimized with the Yoast SEO plugin v27.5 - https:\/\/yoast.com\/product\/yoast-seo-wordpress\/ -->\n<title>Maksymalny wiek wst\u0105pienia do zakonu - Chrystus<\/title>\n<meta name=\"description\" content=\"B\u00f3g powo\u0142uje do \u017cycia konsekrowanego w r\u00f3\u017cnym wieku. Wa\u017cne jest, aby dobrze rozezna\u0107 wol\u0119 Bo\u017c\u0105 i za ni\u0105 pod\u0105\u017ca\u0107. Czy istniej\u0105 jakie\u015b przeciwwskazania do\" \/>\n<meta name=\"robots\" content=\"index, follow, max-snippet:-1, max-image-preview:large, max-video-preview:-1\" \/>\n<link rel=\"canonical\" href=\"https:\/\/chrystus.pl\/sv\/maximal-alder-for-intrade-i-ordningen\/\" \/>\n<meta property=\"og:locale\" content=\"sv_SE\" \/>\n<meta property=\"og:type\" content=\"article\" \/>\n<meta property=\"og:title\" content=\"Maksymalny wiek wst\u0105pienia do zakonu - Chrystus\" \/>\n<meta property=\"og:description\" content=\"B\u00f3g powo\u0142uje do \u017cycia konsekrowanego w r\u00f3\u017cnym wieku. Wa\u017cne jest, aby dobrze rozezna\u0107 wol\u0119 Bo\u017c\u0105 i za ni\u0105 pod\u0105\u017ca\u0107. Czy istniej\u0105 jakie\u015b przeciwwskazania do\" \/>\n<meta property=\"og:url\" content=\"https:\/\/chrystus.pl\/sv\/maximal-alder-for-intrade-i-ordningen\/\" \/>\n<meta property=\"og:site_name\" content=\"Chrystus\" \/>\n<meta property=\"article:published_time\" content=\"2023-02-12T21:25:43+00:00\" \/>\n<meta property=\"article:modified_time\" content=\"2023-02-12T21:25:46+00:00\" \/>\n<meta name=\"author\" content=\"Samarytanka\" \/>\n<meta name=\"twitter:card\" content=\"summary_large_image\" \/>\n<meta name=\"twitter:label1\" content=\"Skriven av\" \/>\n\t<meta name=\"twitter:data1\" content=\"Samarytanka\" \/>\n\t<meta name=\"twitter:label2\" content=\"Ber\u00e4knad l\u00e4stid\" \/>\n\t<meta name=\"twitter:data2\" content=\"1 minut\" \/>\n<!-- \/ Yoast SEO plugin. -->","yoast_head_json":{"title":"H\u00f6gsta \u00e5lder f\u00f6r intr\u00e4de i orden - Kristus","description":"Gud kallar till det avskilda livet i olika \u00e5ldrar. Det \u00e4r viktigt att man v\u00e4l urskiljer Guds vilja och f\u00f6ljer den. Finns det n\u00e5gra kontraindikationer f\u00f6r att","robots":{"index":"index","follow":"follow","max-snippet":"max-snippet:-1","max-image-preview":"max-image-preview:large","max-video-preview":"max-video-preview:-1"},"canonical":"https:\/\/chrystus.pl\/sv\/maximal-alder-for-intrade-i-ordningen\/","og_locale":"sv_SE","og_type":"article","og_title":"Maksymalny wiek wst\u0105pienia do zakonu - Chrystus","og_description":"B\u00f3g powo\u0142uje do \u017cycia konsekrowanego w r\u00f3\u017cnym wieku. Wa\u017cne jest, aby dobrze rozezna\u0107 wol\u0119 Bo\u017c\u0105 i za ni\u0105 pod\u0105\u017ca\u0107. Czy istniej\u0105 jakie\u015b przeciwwskazania do","og_url":"https:\/\/chrystus.pl\/sv\/maximal-alder-for-intrade-i-ordningen\/","og_site_name":"Chrystus","article_published_time":"2023-02-12T21:25:43+00:00","article_modified_time":"2023-02-12T21:25:46+00:00","author":"Samarytanka","twitter_card":"summary_large_image","twitter_misc":{"Skriven av":"Samarytanka","Ber\u00e4knad l\u00e4stid":"1 minut"},"schema":{"@context":"https:\/\/schema.org","@graph":[{"@type":"Article","@id":"https:\/\/chrystus.pl\/es\/edad-maxima-de-entrada-en-el-orden\/#article","isPartOf":{"@id":"https:\/\/chrystus.pl\/es\/edad-maxima-de-entrada-en-el-orden\/"},"author":{"name":"Samarytanka","@id":"https:\/\/chrystus.pl\/#\/schema\/person\/e2e742452b8b7b2bcd23ea180671d27a"},"headline":"Maksymalny wiek wst\u0105pienia do zakonu","datePublished":"2023-02-12T21:25:43+00:00","dateModified":"2023-02-12T21:25:46+00:00","mainEntityOfPage":{"@id":"https:\/\/chrystus.pl\/es\/edad-maxima-de-entrada-en-el-orden\/"},"wordCount":189,"publisher":{"@id":"https:\/\/chrystus.pl\/#organization"},"articleSection":["Chrystus"],"inLanguage":"sv-SE"},{"@type":"WebPage","@id":"https:\/\/chrystus.pl\/es\/edad-maxima-de-entrada-en-el-orden\/","url":"https:\/\/chrystus.pl\/es\/edad-maxima-de-entrada-en-el-orden\/","name":"H\u00f6gsta \u00e5lder f\u00f6r intr\u00e4de i orden - Kristus","isPartOf":{"@id":"https:\/\/chrystus.pl\/#website"},"datePublished":"2023-02-12T21:25:43+00:00","dateModified":"2023-02-12T21:25:46+00:00","description":"Gud kallar till det avskilda livet i olika \u00e5ldrar. Det \u00e4r viktigt att man v\u00e4l urskiljer Guds vilja och f\u00f6ljer den. Finns det n\u00e5gra kontraindikationer f\u00f6r att","breadcrumb":{"@id":"https:\/\/chrystus.pl\/es\/edad-maxima-de-entrada-en-el-orden\/#breadcrumb"},"inLanguage":"sv-SE","potentialAction":[{"@type":"ReadAction","target":["https:\/\/chrystus.pl\/es\/edad-maxima-de-entrada-en-el-orden\/"]}]},{"@type":"BreadcrumbList","@id":"https:\/\/chrystus.pl\/es\/edad-maxima-de-entrada-en-el-orden\/#breadcrumb","itemListElement":[{"@type":"ListItem","position":1,"name":"Strona g\u0142\u00f3wna","item":"https:\/\/chrystus.pl\/"},{"@type":"ListItem","position":2,"name":"Maksymalny wiek wst\u0105pienia do zakonu"}]},{"@type":"WebSite","@id":"https:\/\/chrystus.pl\/#website","url":"https:\/\/chrystus.pl\/","name":"Kristus","description":"Gud, Maria, Jesus, nattvarden med mera","publisher":{"@id":"https:\/\/chrystus.pl\/#organization"},"potentialAction":[{"@type":"SearchAction","target":{"@type":"EntryPoint","urlTemplate":"https:\/\/chrystus.pl\/?s={search_term_string}"},"query-input":{"@type":"PropertyValueSpecification","valueRequired":true,"valueName":"search_term_string"}}],"inLanguage":"sv-SE"},{"@type":"Organization","@id":"https:\/\/chrystus.pl\/#organization","name":"Christ.pl","url":"https:\/\/chrystus.pl\/","logo":{"@type":"ImageObject","inLanguage":"sv-SE","@id":"https:\/\/chrystus.pl\/#\/schema\/logo\/image\/","url":"https:\/\/chrystus.pl\/wp-content\/uploads\/2019\/03\/chrystus-bog-maryja-komunia-bierzmowanie.jpg","contentUrl":"https:\/\/chrystus.pl\/wp-content\/uploads\/2019\/03\/chrystus-bog-maryja-komunia-bierzmowanie.jpg","width":1920,"height":1280,"caption":"Chrystus.pl"},"image":{"@id":"https:\/\/chrystus.pl\/#\/schema\/logo\/image\/"}},{"@type":"Person","@id":"https:\/\/chrystus.pl\/#\/schema\/person\/e2e742452b8b7b2bcd23ea180671d27a","name":"Samaritanska kvinnan"}]}},"_links":{"self":[{"href":"https:\/\/chrystus.pl\/sv\/wp-json\/wp\/v2\/posts\/2390","targetHints":{"allow":["GET"]}}],"collection":[{"href":"https:\/\/chrystus.pl\/sv\/wp-json\/wp\/v2\/posts"}],"about":[{"href":"https:\/\/chrystus.pl\/sv\/wp-json\/wp\/v2\/types\/post"}],"author":[{"embeddable":true,"href":"https:\/\/chrystus.pl\/sv\/wp-json\/wp\/v2\/users\/1"}],"replies":[{"embeddable":true,"href":"https:\/\/chrystus.pl\/sv\/wp-json\/wp\/v2\/comments?post=2390"}],"version-history":[{"count":0,"href":"https:\/\/chrystus.pl\/sv\/wp-json\/wp\/v2\/posts\/2390\/revisions"}],"wp:attachment":[{"href":"https:\/\/chrystus.pl\/sv\/wp-json\/wp\/v2\/media?parent=2390"}],"wp:term":[{"taxonomy":"category","embeddable":true,"href":"https:\/\/chrystus.pl\/sv\/wp-json\/wp\/v2\/categories?post=2390"},{"taxonomy":"post_tag","embeddable":true,"href":"https:\/\/chrystus.pl\/sv\/wp-json\/wp\/v2\/tags?post=2390"}],"curies":[{"name":"wp","href":"https:\/\/api.w.org\/{rel}","templated":true}]}}