{"id":590,"date":"2019-06-01T11:42:57","date_gmt":"2019-06-01T11:42:57","guid":{"rendered":"https:\/\/chrystus.pl\/?p=590"},"modified":"2020-01-13T07:56:08","modified_gmt":"2020-01-13T07:56:08","slug":"co-jadl-jezus","status":"publish","type":"post","link":"https:\/\/chrystus.pl\/sv\/co-jadl-jezus\/","title":{"rendered":"Vad \u00e5t Jesus?"},"content":{"rendered":"<p>W \u017cyciu ka\u017cdego chrze\u015bcijanina Jezus odgrywa szczeg\u00f3ln\u0105 rol\u0119. Jest On postaci\u0105 centraln\u0105 naszej <span id=\"urn:enhancement-f72669f1\" class=\"textannotation disambiguated wl-other\" itemid=\"http:\/\/data.wordlift.io\/wl01378\/entity\/wiara_chrzescijanstwo\">tro<\/span>. Var och en av oss ser honom som en gudomlig gestalt, som n\u00e5got heligt och s\u00e4kert stort och f\u00f6rh\u00e4rligat. Ibland \u00e4r det dock v\u00e4rt att titta p\u00e5 v\u00e5ra <span id=\"urn:enhancement-3923702f\" class=\"textannotation disambiguated wl-other\" itemid=\"http:\/\/data.wordlift.io\/wl01857\/entity\/kyrios\">Pana<\/span> fr\u00e5n andra sidan. F\u00f6r trots sitt gudomliga ursprung och sin storhet m\u00e5ste man komma ih\u00e5g att Jesus framf\u00f6r allt var <span id=\"urn:enhancement-edf6a08b\" class=\"textannotation disambiguated wl-other\" itemid=\"http:\/\/data.wordlift.io\/wl01857\/entity\/czlowiek_rozumny\">man<\/span>. Han var en av oss och det r\u00e5der ingen tvekan om att Jesus \u00e4r en historisk person. Han \u00e4r en figur som skapats av <span id=\"urn:enhancement-8fe073a6\" class=\"textannotation disambiguated wl-other\" itemid=\"http:\/\/data.wordlift.io\/wl01857\/entity\/krew\"><a href=\"https:\/\/chrystus.pl\/sv\/litania-do-krwi-chrystusa\/\">blod<\/a><\/span> i <span id=\"urn:enhancement-1b68a2e\" class=\"textannotation disambiguated wl-other\" itemid=\"http:\/\/data.wordlift.io\/wl01857\/entity\/kosc\">ben<\/span>, som ocks\u00e5 liknar <span id=\"urn:enhancement-7268626a\" class=\"textannotation disambiguated wl-other\" itemid=\"http:\/\/data.wordlift.io\/wl01378\/entity\/bog\">Gud<\/span>.<\/p>\n<p>Under hela sitt liv p\u00e5 jorden, som f\u00f6r \u00f6vrigt varade 33 \u00e5r, omgav sig Jesus med f\u00f6ljande personer <span id=\"urn:enhancement-a673656d\" class=\"textannotation disambiguated wl-other\" itemid=\"http:\/\/data.wordlift.io\/wl01857\/entity\/czlowiek_w_fantastyce\">m\u00e4nniskor<\/span>. Han var deras l\u00e4rare och v\u00e4gledare. Men han var ocks\u00e5 deras v\u00e4n. Han var en av dem. D\u00e4rf\u00f6r, i samband med hans <span id=\"urn:enhancement-ee9d9475\" class=\"textannotation disambiguated wl-other\" itemid=\"http:\/\/data.wordlift.io\/wl01857\/entity\/czlowiek_rozumny\">m\u00e4nniska<\/span> livet p\u00e5 jorden b\u00f6r betraktas som en fysisk, m\u00e4nsklig figur. Trots sin gudomlighet <span id=\"urn:enhancement-34289b8f\" class=\"textannotation disambiguated wl-other\" itemid=\"http:\/\/data.wordlift.io\/wl01857\/entity\/zyla\">vener<\/span> och \u00e5t samma som alla andra <span id=\"urn:enhancement-4464d49a\" class=\"textannotation disambiguated wl-other\" itemid=\"http:\/\/data.wordlift.io\/wl01857\/entity\/czlowiek_rozumny\">m\u00e4nniska<\/span>. A wi\u0119c co jad\u0142 Jezus? Dieta Jezusa wi\u0105\u017ce si\u0119 w du\u017cej mierze z okresem oraz miejscem, w kt\u00f3rym on <span id=\"urn:enhancement-d8458acf\" class=\"textannotation disambiguated wl-other\" itemid=\"http:\/\/data.wordlift.io\/wl01857\/entity\/zyla\">vener<\/span>. By\u0142a wi\u0119c ona zapewne diet\u0105 \u015br\u00f3dziemnomorsk\u0105. Mo\u017cemy zaliczy\u0107 do niej ziarnisty chleb oraz czyst\u0105 wod\u0119 \u017ar\u00f3dlan\u0105.<\/p>\n<p>Han \u00e5t f\u00f6rmodligen mycket frukt, t.ex. m\u00f6rka och ljusa druvor, citrusfrukter eller till och med fikon. Jesu kost var troligen ocks\u00e5 rik p\u00e5 m\u00e5nga arter av <span id=\"urn:enhancement-18b83149\" class=\"textannotation disambiguated wl-other\" itemid=\"http:\/\/data.wordlift.io\/wl01857\/entity\/ryby\">fisk<\/span>som kan vara antingen stekt eller grillad. Kosth\u00e5llningen inneh\u00f6ll s\u00e4kert stora m\u00e4ngder <span id=\"urn:enhancement-ded2c8cc\" class=\"textannotation disambiguated wl-other\" itemid=\"http:\/\/data.wordlift.io\/wl01378\/entity\/rosliny\">v\u00e4xter<\/span> baljv\u00e4xter, t.ex. kik\u00e4rter, b\u00f6nor eller <span id=\"urn:enhancement-cd4a104\" class=\"textannotation disambiguated wl-other\" itemid=\"http:\/\/data.wordlift.io\/wl01857\/entity\/soczewica_jadalna\">linser<\/span>.<\/p>","protected":false},"excerpt":{"rendered":"<p>W \u017cyciu ka\u017cdego chrze\u015bcijanina Jezus odgrywa szczeg\u00f3ln\u0105 rol\u0119. Jest On postaci\u0105 centraln\u0105 naszej wiary. Ka\u017cdy z nas postrzega Go jako posta\u0107 Bosk\u0105, jako co\u015b u\u015bwi\u0119conego oraz z pewno\u015bci\u0105 wielkiego i wys\u0142awianego. Czasami warto jednak spojrze\u0107 na naszego Pana od drugie strony. Bo pomimo swojego boskiego pochodzenia i swojej wielko\u015bci, nale\u017cy pami\u0119ta\u0107, \u017ce Jezus by\u0142 przede &hellip;<\/p>","protected":false},"author":1,"featured_media":591,"comment_status":"open","ping_status":"closed","sticky":false,"template":"","format":"standard","meta":{"footnotes":""},"categories":[52],"tags":[],"class_list":["post-590","post","type-post","status-publish","format-standard","has-post-thumbnail","hentry","category-jezus"],"yoast_head":"<!-- This site is optimized with the Yoast SEO plugin v27.4 - https:\/\/yoast.com\/product\/yoast-seo-wordpress\/ -->\n<title>Co Jad\u0142 Jezus? - Chrystus<\/title>\n<meta name=\"description\" content=\"W \u017cyciu ka\u017cdego chrze\u015bcijanina Jezus odgrywa szczeg\u00f3ln\u0105 rol\u0119. Jest On postaci\u0105 centraln\u0105 naszej wiary. Ka\u017cdy z nas postrzega Go jako posta\u0107 Bosk\u0105, jako\" \/>\n<meta name=\"robots\" content=\"index, follow, max-snippet:-1, max-image-preview:large, max-video-preview:-1\" \/>\n<link rel=\"canonical\" href=\"https:\/\/chrystus.pl\/sv\/vad-du-kan-ata-2\/\" \/>\n<meta property=\"og:locale\" content=\"sv_SE\" \/>\n<meta property=\"og:type\" content=\"article\" \/>\n<meta property=\"og:title\" content=\"Co Jad\u0142 Jezus? - Chrystus\" \/>\n<meta property=\"og:description\" content=\"W \u017cyciu ka\u017cdego chrze\u015bcijanina Jezus odgrywa szczeg\u00f3ln\u0105 rol\u0119. Jest On postaci\u0105 centraln\u0105 naszej wiary. Ka\u017cdy z nas postrzega Go jako posta\u0107 Bosk\u0105, jako\" \/>\n<meta property=\"og:url\" content=\"https:\/\/chrystus.pl\/sv\/vad-du-kan-ata-2\/\" \/>\n<meta property=\"og:site_name\" content=\"Chrystus\" \/>\n<meta property=\"article:published_time\" content=\"2019-06-01T11:42:57+00:00\" \/>\n<meta property=\"article:modified_time\" content=\"2020-01-13T07:56:08+00:00\" \/>\n<meta property=\"og:image\" content=\"https:\/\/chrystus.pl\/wp-content\/uploads\/2019\/06\/Co-Jadl-Jezus.jpg\" \/>\n\t<meta property=\"og:image:width\" content=\"640\" \/>\n\t<meta property=\"og:image:height\" content=\"426\" \/>\n\t<meta property=\"og:image:type\" content=\"image\/jpeg\" \/>\n<meta name=\"author\" content=\"Samarytanka\" \/>\n<meta name=\"twitter:card\" content=\"summary_large_image\" \/>\n<meta name=\"twitter:label1\" content=\"Skriven av\" \/>\n\t<meta name=\"twitter:data1\" content=\"Samarytanka\" \/>\n\t<meta name=\"twitter:label2\" content=\"Ber\u00e4knad l\u00e4stid\" \/>\n\t<meta name=\"twitter:data2\" content=\"1 minut\" \/>\n<!-- \/ Yoast SEO plugin. -->","yoast_head_json":{"title":"Vad \u00e5t Jesus? - Kristus","description":"Jesus spelar en s\u00e4rskild roll i varje kristnas liv. Han \u00e4r den centrala figuren i v\u00e5r tro. Var och en av oss ser honom som en gudomlig gestalt, som","robots":{"index":"index","follow":"follow","max-snippet":"max-snippet:-1","max-image-preview":"max-image-preview:large","max-video-preview":"max-video-preview:-1"},"canonical":"https:\/\/chrystus.pl\/sv\/vad-du-kan-ata-2\/","og_locale":"sv_SE","og_type":"article","og_title":"Co Jad\u0142 Jezus? - Chrystus","og_description":"W \u017cyciu ka\u017cdego chrze\u015bcijanina Jezus odgrywa szczeg\u00f3ln\u0105 rol\u0119. Jest On postaci\u0105 centraln\u0105 naszej wiary. Ka\u017cdy z nas postrzega Go jako posta\u0107 Bosk\u0105, jako","og_url":"https:\/\/chrystus.pl\/sv\/vad-du-kan-ata-2\/","og_site_name":"Chrystus","article_published_time":"2019-06-01T11:42:57+00:00","article_modified_time":"2020-01-13T07:56:08+00:00","og_image":[{"width":640,"height":426,"url":"https:\/\/chrystus.pl\/wp-content\/uploads\/2019\/06\/Co-Jadl-Jezus.jpg","type":"image\/jpeg"}],"author":"Samarytanka","twitter_card":"summary_large_image","twitter_misc":{"Skriven av":"Samarytanka","Ber\u00e4knad l\u00e4stid":"1 minut"},"schema":{"@context":"https:\/\/schema.org","@graph":[{"@type":"Article","@id":"https:\/\/chrystus.pl\/co-jadl-jezus\/#article","isPartOf":{"@id":"https:\/\/chrystus.pl\/co-jadl-jezus\/"},"author":{"name":"Samarytanka","@id":"https:\/\/chrystus.pl\/#\/schema\/person\/e2e742452b8b7b2bcd23ea180671d27a"},"headline":"Co Jad\u0142 Jezus?","datePublished":"2019-06-01T11:42:57+00:00","dateModified":"2020-01-13T07:56:08+00:00","mainEntityOfPage":{"@id":"https:\/\/chrystus.pl\/co-jadl-jezus\/"},"wordCount":284,"commentCount":0,"publisher":{"@id":"https:\/\/chrystus.pl\/#organization"},"image":{"@id":"https:\/\/chrystus.pl\/co-jadl-jezus\/#primaryimage"},"thumbnailUrl":"https:\/\/chrystus.pl\/wp-content\/uploads\/2019\/06\/Co-Jadl-Jezus.jpg","articleSection":["Jezus"],"inLanguage":"sv-SE","potentialAction":[{"@type":"CommentAction","name":"Comment","target":["https:\/\/chrystus.pl\/co-jadl-jezus\/#respond"]}]},{"@type":"WebPage","@id":"https:\/\/chrystus.pl\/co-jadl-jezus\/","url":"https:\/\/chrystus.pl\/co-jadl-jezus\/","name":"Vad \u00e5t Jesus? - Kristus","isPartOf":{"@id":"https:\/\/chrystus.pl\/#website"},"primaryImageOfPage":{"@id":"https:\/\/chrystus.pl\/co-jadl-jezus\/#primaryimage"},"image":{"@id":"https:\/\/chrystus.pl\/co-jadl-jezus\/#primaryimage"},"thumbnailUrl":"https:\/\/chrystus.pl\/wp-content\/uploads\/2019\/06\/Co-Jadl-Jezus.jpg","datePublished":"2019-06-01T11:42:57+00:00","dateModified":"2020-01-13T07:56:08+00:00","description":"Jesus spelar en s\u00e4rskild roll i varje kristnas liv. Han \u00e4r den centrala figuren i v\u00e5r tro. Var och en av oss ser honom som en gudomlig gestalt, som","breadcrumb":{"@id":"https:\/\/chrystus.pl\/co-jadl-jezus\/#breadcrumb"},"inLanguage":"sv-SE","potentialAction":[{"@type":"ReadAction","target":["https:\/\/chrystus.pl\/co-jadl-jezus\/"]}]},{"@type":"ImageObject","inLanguage":"sv-SE","@id":"https:\/\/chrystus.pl\/co-jadl-jezus\/#primaryimage","url":"https:\/\/chrystus.pl\/wp-content\/uploads\/2019\/06\/Co-Jadl-Jezus.jpg","contentUrl":"https:\/\/chrystus.pl\/wp-content\/uploads\/2019\/06\/Co-Jadl-Jezus.jpg","width":640,"height":426,"caption":"Co-Jadl-Jezus"},{"@type":"BreadcrumbList","@id":"https:\/\/chrystus.pl\/co-jadl-jezus\/#breadcrumb","itemListElement":[{"@type":"ListItem","position":1,"name":"Strona g\u0142\u00f3wna","item":"https:\/\/chrystus.pl\/"},{"@type":"ListItem","position":2,"name":"Co Jad\u0142 Jezus?"}]},{"@type":"WebSite","@id":"https:\/\/chrystus.pl\/#website","url":"https:\/\/chrystus.pl\/","name":"Kristus","description":"Gud, Maria, Jesus, nattvarden med mera","publisher":{"@id":"https:\/\/chrystus.pl\/#organization"},"potentialAction":[{"@type":"SearchAction","target":{"@type":"EntryPoint","urlTemplate":"https:\/\/chrystus.pl\/?s={search_term_string}"},"query-input":{"@type":"PropertyValueSpecification","valueRequired":true,"valueName":"search_term_string"}}],"inLanguage":"sv-SE"},{"@type":"Organization","@id":"https:\/\/chrystus.pl\/#organization","name":"Christ.pl","url":"https:\/\/chrystus.pl\/","logo":{"@type":"ImageObject","inLanguage":"sv-SE","@id":"https:\/\/chrystus.pl\/#\/schema\/logo\/image\/","url":"https:\/\/chrystus.pl\/wp-content\/uploads\/2019\/03\/chrystus-bog-maryja-komunia-bierzmowanie.jpg","contentUrl":"https:\/\/chrystus.pl\/wp-content\/uploads\/2019\/03\/chrystus-bog-maryja-komunia-bierzmowanie.jpg","width":1920,"height":1280,"caption":"Chrystus.pl"},"image":{"@id":"https:\/\/chrystus.pl\/#\/schema\/logo\/image\/"}},{"@type":"Person","@id":"https:\/\/chrystus.pl\/#\/schema\/person\/e2e742452b8b7b2bcd23ea180671d27a","name":"Samaritanska kvinnan"}]}},"_links":{"self":[{"href":"https:\/\/chrystus.pl\/sv\/wp-json\/wp\/v2\/posts\/590","targetHints":{"allow":["GET"]}}],"collection":[{"href":"https:\/\/chrystus.pl\/sv\/wp-json\/wp\/v2\/posts"}],"about":[{"href":"https:\/\/chrystus.pl\/sv\/wp-json\/wp\/v2\/types\/post"}],"author":[{"embeddable":true,"href":"https:\/\/chrystus.pl\/sv\/wp-json\/wp\/v2\/users\/1"}],"replies":[{"embeddable":true,"href":"https:\/\/chrystus.pl\/sv\/wp-json\/wp\/v2\/comments?post=590"}],"version-history":[{"count":0,"href":"https:\/\/chrystus.pl\/sv\/wp-json\/wp\/v2\/posts\/590\/revisions"}],"wp:featuredmedia":[{"embeddable":true,"href":"https:\/\/chrystus.pl\/sv\/wp-json\/wp\/v2\/media\/591"}],"wp:attachment":[{"href":"https:\/\/chrystus.pl\/sv\/wp-json\/wp\/v2\/media?parent=590"}],"wp:term":[{"taxonomy":"category","embeddable":true,"href":"https:\/\/chrystus.pl\/sv\/wp-json\/wp\/v2\/categories?post=590"},{"taxonomy":"post_tag","embeddable":true,"href":"https:\/\/chrystus.pl\/sv\/wp-json\/wp\/v2\/tags?post=590"}],"curies":[{"name":"wp","href":"https:\/\/api.w.org\/{rel}","templated":true}]}}