{"id":1421,"date":"2020-03-30T22:11:39","date_gmt":"2020-03-30T22:11:39","guid":{"rendered":"https:\/\/chrystus.pl\/?p=1421"},"modified":"2020-03-30T22:11:39","modified_gmt":"2020-03-30T22:11:39","slug":"olumden-sonra-gercekten-bir-cehennem-olup-olmadigi","status":"publish","type":"post","link":"https:\/\/chrystus.pl\/tr\/czy-naprawde-istnieje-pieklo-po-smierci\/","title":{"rendered":"\u00d6l\u00fcmden sonra ger\u00e7ekten bir cehennem var m\u0131?"},"content":{"rendered":"<p><span>\u00d6yle mi <a href=\"https:\/\/chrystus.pl\/tr\/jak-wyglada-pieklo-2\/\">Cehennem<\/a> istnieje? Czy istnieje piek\u0142o po \u015bmieci? Czy jest piek\u0142o, a je\u017celi tak to czym ono w og\u00f3le jest? Te pytania nurtuj\u0105 ludzi o setek, a nawet tysi\u0119cy lat. Nie ma chyba osoby, wierz\u0105cej czy te\u017c niewierz\u0105cej, kt\u00f3ra nie sp\u0119dzi\u0142aby chocia\u017c chwili na rozmy\u015blaniu o \u017cyciu wiecznym, \u017cyciu po \u015bmierci i tym czy piek\u0142o istnieje naprawd\u0119. O ile nie jeste\u015bmy w stanie do ko\u0144ca odpowiedzie\u0107 sobie na pytanie czym to piek\u0142o tak naprawd\u0119 jest i jak ono wygl\u0105da, to ju\u017c na temat samego istnienia piek\u0142a (czy to samego miejsca, czy stanu naszej duszy po \u015bmierci) wiemy dosy\u0107 sporo. <\/span><\/p>\n<p><span>Piek\u0142o istnieje naprawd\u0119. Jest to jedno z 3 miejsc, a raczej 3 stan\u00f3w, w jakim dusza cz\u0142owieka mo\u017ce si\u0119 znale\u017a\u0107 po \u015bmierci po s\u0105dzie nad jego dusz\u0105 i po ostatecznym rozliczeniu go z jego grzech\u00f3w w czasie ludzkiego bytu na ziemi. Z pewnego rodzaju piek\u0142em mamy do czynienia ju\u017c za naszego \u017cycia. Mo\u017cna bowiem nazwa\u0107 tak ka\u017cd\u0105 sytuacj\u0119, w kt\u00f3rej w naszym \u017cyciu z\u0142o zwyci\u0119\u017ca nad dobrem i w kt\u00f3rym to z\u0142o dominuje. Jest ono bardziej namacalne ni\u017c samo <a href=\"https:\/\/chrystus.pl\/tr\/jak-wyglada-niebo\/\">g\u00f6ky\u00fcz\u00fc<\/a> Ve ona giden yolu bulmak bizim i\u00e7in \u00e7ok daha kolayd\u0131r. Yani cehennem bizi daha \u00f6l\u00fcml\u00fcyken kendine \u00e7eken bir t\u00fcr ayartmad\u0131r. Peki bir cehennem var m\u0131? Cehennem ya\u015famlar\u0131m\u0131zda mevcut mu?<\/span><\/p>\n<p><span>Nasze doczesne wyobra\u017cenia na temat piek\u0142a i tego czy piek\u0142o istnieje po \u015bmierci nie musz\u0105 by\u0107 bezsensowne. Wyobra\u017camy je sobie jako miejsce beznadziejne, przera\u017caj\u0105ce, ciemne i udr\u0119czone. Wyobra\u017camy sobie cierpienia grzesznik\u00f3w, kt\u00f3re musz\u0119 przechodzi\u0107 zaraz po \u015bmierci. Wszystko to po to, aby ju\u017c w \u017cyciu doczesnym odczuwa\u0107 strach przed pot\u0119pieniem. Musimy us\u0142ysze\u0107 strach, lament i narzekania pot\u0119pionych, aby oddali\u0107 si\u0119 od pope\u0142niania grzech\u00f3w. Na obrazach obserwujemy fizyczne cierpienia nad piekielnym ogniem, poniewa\u017c tylko w taki spos\u00f3b mo\u017cemy sobie to zobrazowa\u0107. Tak wi\u0119c piek\u0142o niejako otacza nas nawet obecnie. Mo\u017cemy odczu\u0107 zagro\u017cenie jakie sprowadza na nas z\u0142o. Jest to jednak wy\u0142\u0105cznie wyobra\u017cenie metaforyczne.<\/span><\/p>\n<p><span>Kalk\u00fctal\u0131 Rahibe Teresa'n\u0131n da cehennemin ger\u00e7ekten var olup olmad\u0131\u011f\u0131 konusunda hi\u00e7bir \u015f\u00fcphesi yoktur ve Tanr\u0131'dan uzakla\u015ft\u0131\u011f\u0131, O'nun taraf\u0131ndan unutuldu\u011funu hissetti\u011fi ve cehennem g\u00fc\u00e7lerinin kendisine ya\u015fatt\u0131\u011f\u0131 muazzam i\u015fkenceleri deneyimledi\u011fi d\u00f6nemde i\u00e7inde bulundu\u011fu durumu cehenneme benzetmi\u015ftir. \u00c7ekti\u011fi ac\u0131n\u0131n lanetlenmi\u015f bir ruhun ac\u0131s\u0131 oldu\u011funu d\u00fc\u015f\u00fcn\u00fcyordu.<br \/>\nDolay\u0131s\u0131yla cehennemin ne oldu\u011fu sorusuna cevap vermek kolay de\u011fildir. Cehennemin neye benzedi\u011fi sorusuna cevap vermek de kolay de\u011fildir. \u00d6te yandan, bir\u00e7ok \u00f6rne\u011fin de tan\u0131kl\u0131k etti\u011fi gibi, cehennemin ger\u00e7ekten var oldu\u011funu ve d\u00fcnyevi ya\u015fam\u0131m\u0131z boyunca onu birden fazla kez deneyimledi\u011fimizi kesin olarak s\u00f6yleyebiliriz.<\/span><\/p>","protected":false},"excerpt":{"rendered":"<p>Czy piek\u0142o istnieje? Czy istnieje piek\u0142o po \u015bmieci? Czy jest piek\u0142o, a je\u017celi tak to czym ono w og\u00f3le jest? Te pytania nurtuj\u0105 ludzi o setek, a nawet tysi\u0119cy lat. Nie ma chyba osoby, wierz\u0105cej czy te\u017c niewierz\u0105cej, kt\u00f3ra nie sp\u0119dzi\u0142aby chocia\u017c chwili na rozmy\u015blaniu o \u017cyciu wiecznym, \u017cyciu po \u015bmierci i tym czy piek\u0142o &hellip;<\/p>","protected":false},"author":1,"featured_media":1423,"comment_status":"open","ping_status":"closed","sticky":false,"template":"","format":"standard","meta":{"footnotes":""},"categories":[62],"tags":[],"class_list":["post-1421","post","type-post","status-publish","format-standard","has-post-thumbnail","hentry","category-pieklo"],"yoast_head":"<!-- This site is optimized with the Yoast SEO plugin v27.5 - https:\/\/yoast.com\/product\/yoast-seo-wordpress\/ -->\n<title>Czy naprawd\u0119 istnieje piek\u0142o po \u015bmierci? - Chrystus<\/title>\n<meta name=\"description\" content=\"Czy piek\u0142o istnieje? Czy istnieje piek\u0142o po \u015bmieci? Czy jest piek\u0142o, a je\u017celi tak to czym ono w og\u00f3le jest? Te pytania nurtuj\u0105 ludzi o setek, a nawet\" \/>\n<meta name=\"robots\" content=\"index, follow, max-snippet:-1, max-image-preview:large, max-video-preview:-1\" \/>\n<link rel=\"canonical\" href=\"https:\/\/chrystus.pl\/tr\/olumden-sonra-gercekten-bir-cehennem-olup-olmadigi\/\" \/>\n<meta property=\"og:locale\" content=\"tr_TR\" \/>\n<meta property=\"og:type\" content=\"article\" \/>\n<meta property=\"og:title\" content=\"Czy naprawd\u0119 istnieje piek\u0142o po \u015bmierci?\" \/>\n<meta property=\"og:description\" content=\"Czy istnieje piek\u0142o po \u015bmieci? Czy jest piek\u0142o, a je\u017celi tak to czym ono w og\u00f3le jest? Te pytania nurtuj\u0105 ludzi o setek, a nawet tysi\u0119cy lat.\" \/>\n<meta property=\"og:url\" content=\"https:\/\/chrystus.pl\/tr\/olumden-sonra-gercekten-bir-cehennem-olup-olmadigi\/\" \/>\n<meta property=\"og:site_name\" content=\"Chrystus\" \/>\n<meta property=\"article:published_time\" content=\"2020-03-30T22:11:39+00:00\" \/>\n<meta property=\"og:image\" content=\"https:\/\/chrystus.pl\/wp-content\/uploads\/2020\/03\/czy-naprawde-istnieje-pieklo-po-smierci.jpg\" \/>\n\t<meta property=\"og:image:width\" content=\"640\" \/>\n\t<meta property=\"og:image:height\" content=\"426\" \/>\n\t<meta property=\"og:image:type\" content=\"image\/jpeg\" \/>\n<meta name=\"author\" content=\"Samarytanka\" \/>\n<meta name=\"twitter:card\" content=\"summary_large_image\" \/>\n<meta name=\"twitter:title\" content=\"Czy naprawd\u0119 istnieje piek\u0142o po \u015bmierci?\" \/>\n<meta name=\"twitter:description\" content=\"Czy istnieje piek\u0142o po \u015bmieci? Czy jest piek\u0142o, a je\u017celi tak to czym ono w og\u00f3le jest? Te pytania nurtuj\u0105 ludzi o setek, a nawet tysi\u0119cy lat.\" \/>\n<meta name=\"twitter:image\" content=\"https:\/\/chrystus.pl\/wp-content\/uploads\/2020\/03\/czy-naprawde-istnieje-pieklo-po-smierci.jpg\" \/>\n<meta name=\"twitter:label1\" content=\"Yazan:\" \/>\n\t<meta name=\"twitter:data1\" content=\"Samarytanka\" \/>\n\t<meta name=\"twitter:label2\" content=\"Tahmini okuma s\u00fcresi\" \/>\n\t<meta name=\"twitter:data2\" content=\"3 dakika\" \/>\n<!-- \/ Yoast SEO plugin. -->","yoast_head_json":{"title":"\u00d6l\u00fcmden sonra ger\u00e7ekten bir cehennem var m\u0131? - Mesih","description":"Cehennem var m\u0131? \u00d6l\u00fcmden sonra bir cehennem var m\u0131? Bir cehennem var m\u0131d\u0131r, varsa nedir? Bu sorular y\u00fczlerce hatta binlerce y\u0131ld\u0131r insanlar\u0131n kafas\u0131n\u0131 kurcal\u0131yor.","robots":{"index":"index","follow":"follow","max-snippet":"max-snippet:-1","max-image-preview":"max-image-preview:large","max-video-preview":"max-video-preview:-1"},"canonical":"https:\/\/chrystus.pl\/tr\/olumden-sonra-gercekten-bir-cehennem-olup-olmadigi\/","og_locale":"tr_TR","og_type":"article","og_title":"Czy naprawd\u0119 istnieje piek\u0142o po \u015bmierci?","og_description":"Czy istnieje piek\u0142o po \u015bmieci? Czy jest piek\u0142o, a je\u017celi tak to czym ono w og\u00f3le jest? Te pytania nurtuj\u0105 ludzi o setek, a nawet tysi\u0119cy lat.","og_url":"https:\/\/chrystus.pl\/tr\/olumden-sonra-gercekten-bir-cehennem-olup-olmadigi\/","og_site_name":"Chrystus","article_published_time":"2020-03-30T22:11:39+00:00","og_image":[{"width":640,"height":426,"url":"https:\/\/chrystus.pl\/wp-content\/uploads\/2020\/03\/czy-naprawde-istnieje-pieklo-po-smierci.jpg","type":"image\/jpeg"}],"author":"Samarytanka","twitter_card":"summary_large_image","twitter_title":"Czy naprawd\u0119 istnieje piek\u0142o po \u015bmierci?","twitter_description":"Czy istnieje piek\u0142o po \u015bmieci? Czy jest piek\u0142o, a je\u017celi tak to czym ono w og\u00f3le jest? Te pytania nurtuj\u0105 ludzi o setek, a nawet tysi\u0119cy lat.","twitter_image":"https:\/\/chrystus.pl\/wp-content\/uploads\/2020\/03\/czy-naprawde-istnieje-pieklo-po-smierci.jpg","twitter_misc":{"Yazan:":"Samarytanka","Tahmini okuma s\u00fcresi":"3 dakika"},"schema":{"@context":"https:\/\/schema.org","@graph":[{"@type":"Article","@id":"https:\/\/chrystus.pl\/czy-naprawde-istnieje-pieklo-po-smierci\/#article","isPartOf":{"@id":"https:\/\/chrystus.pl\/czy-naprawde-istnieje-pieklo-po-smierci\/"},"author":{"name":"Samarytanka","@id":"https:\/\/chrystus.pl\/#\/schema\/person\/e2e742452b8b7b2bcd23ea180671d27a"},"headline":"Czy naprawd\u0119 istnieje piek\u0142o po \u015bmierci?","datePublished":"2020-03-30T22:11:39+00:00","mainEntityOfPage":{"@id":"https:\/\/chrystus.pl\/czy-naprawde-istnieje-pieklo-po-smierci\/"},"wordCount":515,"commentCount":0,"publisher":{"@id":"https:\/\/chrystus.pl\/#organization"},"image":{"@id":"https:\/\/chrystus.pl\/czy-naprawde-istnieje-pieklo-po-smierci\/#primaryimage"},"thumbnailUrl":"https:\/\/chrystus.pl\/wp-content\/uploads\/2020\/03\/czy-naprawde-istnieje-pieklo-po-smierci-1.jpg","articleSection":["Piek\u0142o"],"inLanguage":"tr","potentialAction":[{"@type":"CommentAction","name":"Comment","target":["https:\/\/chrystus.pl\/czy-naprawde-istnieje-pieklo-po-smierci\/#respond"]}]},{"@type":"WebPage","@id":"https:\/\/chrystus.pl\/czy-naprawde-istnieje-pieklo-po-smierci\/","url":"https:\/\/chrystus.pl\/czy-naprawde-istnieje-pieklo-po-smierci\/","name":"\u00d6l\u00fcmden sonra ger\u00e7ekten bir cehennem var m\u0131? - Mesih","isPartOf":{"@id":"https:\/\/chrystus.pl\/#website"},"primaryImageOfPage":{"@id":"https:\/\/chrystus.pl\/czy-naprawde-istnieje-pieklo-po-smierci\/#primaryimage"},"image":{"@id":"https:\/\/chrystus.pl\/czy-naprawde-istnieje-pieklo-po-smierci\/#primaryimage"},"thumbnailUrl":"https:\/\/chrystus.pl\/wp-content\/uploads\/2020\/03\/czy-naprawde-istnieje-pieklo-po-smierci-1.jpg","datePublished":"2020-03-30T22:11:39+00:00","description":"Cehennem var m\u0131? \u00d6l\u00fcmden sonra bir cehennem var m\u0131? Bir cehennem var m\u0131d\u0131r, varsa nedir? Bu sorular y\u00fczlerce hatta binlerce y\u0131ld\u0131r insanlar\u0131n kafas\u0131n\u0131 kurcal\u0131yor.","breadcrumb":{"@id":"https:\/\/chrystus.pl\/czy-naprawde-istnieje-pieklo-po-smierci\/#breadcrumb"},"inLanguage":"tr","potentialAction":[{"@type":"ReadAction","target":["https:\/\/chrystus.pl\/czy-naprawde-istnieje-pieklo-po-smierci\/"]}]},{"@type":"ImageObject","inLanguage":"tr","@id":"https:\/\/chrystus.pl\/czy-naprawde-istnieje-pieklo-po-smierci\/#primaryimage","url":"https:\/\/chrystus.pl\/wp-content\/uploads\/2020\/03\/czy-naprawde-istnieje-pieklo-po-smierci-1.jpg","contentUrl":"https:\/\/chrystus.pl\/wp-content\/uploads\/2020\/03\/czy-naprawde-istnieje-pieklo-po-smierci-1.jpg","width":"640","height":"426"},{"@type":"BreadcrumbList","@id":"https:\/\/chrystus.pl\/czy-naprawde-istnieje-pieklo-po-smierci\/#breadcrumb","itemListElement":[{"@type":"ListItem","position":1,"name":"Strona g\u0142\u00f3wna","item":"https:\/\/chrystus.pl\/"},{"@type":"ListItem","position":2,"name":"Czy naprawd\u0119 istnieje piek\u0142o po \u015bmierci?"}]},{"@type":"WebSite","@id":"https:\/\/chrystus.pl\/#website","url":"https:\/\/chrystus.pl\/","name":"Mesih","description":"Tanr\u0131, Meryem, \u0130sa, Kom\u00fcnyon ve daha fazlas\u0131","publisher":{"@id":"https:\/\/chrystus.pl\/#organization"},"potentialAction":[{"@type":"SearchAction","target":{"@type":"EntryPoint","urlTemplate":"https:\/\/chrystus.pl\/?s={search_term_string}"},"query-input":{"@type":"PropertyValueSpecification","valueRequired":true,"valueName":"search_term_string"}}],"inLanguage":"tr"},{"@type":"Organization","@id":"https:\/\/chrystus.pl\/#organization","name":"Christ.pl","url":"https:\/\/chrystus.pl\/","logo":{"@type":"ImageObject","inLanguage":"tr","@id":"https:\/\/chrystus.pl\/#\/schema\/logo\/image\/","url":"https:\/\/chrystus.pl\/wp-content\/uploads\/2019\/03\/chrystus-bog-maryja-komunia-bierzmowanie.jpg","contentUrl":"https:\/\/chrystus.pl\/wp-content\/uploads\/2019\/03\/chrystus-bog-maryja-komunia-bierzmowanie.jpg","width":1920,"height":1280,"caption":"Chrystus.pl"},"image":{"@id":"https:\/\/chrystus.pl\/#\/schema\/logo\/image\/"}},{"@type":"Person","@id":"https:\/\/chrystus.pl\/#\/schema\/person\/e2e742452b8b7b2bcd23ea180671d27a","name":"Samaritan kad\u0131n"}]}},"_links":{"self":[{"href":"https:\/\/chrystus.pl\/tr\/wp-json\/wp\/v2\/posts\/1421","targetHints":{"allow":["GET"]}}],"collection":[{"href":"https:\/\/chrystus.pl\/tr\/wp-json\/wp\/v2\/posts"}],"about":[{"href":"https:\/\/chrystus.pl\/tr\/wp-json\/wp\/v2\/types\/post"}],"author":[{"embeddable":true,"href":"https:\/\/chrystus.pl\/tr\/wp-json\/wp\/v2\/users\/1"}],"replies":[{"embeddable":true,"href":"https:\/\/chrystus.pl\/tr\/wp-json\/wp\/v2\/comments?post=1421"}],"version-history":[{"count":0,"href":"https:\/\/chrystus.pl\/tr\/wp-json\/wp\/v2\/posts\/1421\/revisions"}],"wp:featuredmedia":[{"embeddable":true,"href":"https:\/\/chrystus.pl\/tr\/wp-json\/wp\/v2\/media\/1423"}],"wp:attachment":[{"href":"https:\/\/chrystus.pl\/tr\/wp-json\/wp\/v2\/media?parent=1421"}],"wp:term":[{"taxonomy":"category","embeddable":true,"href":"https:\/\/chrystus.pl\/tr\/wp-json\/wp\/v2\/categories?post=1421"},{"taxonomy":"post_tag","embeddable":true,"href":"https:\/\/chrystus.pl\/tr\/wp-json\/wp\/v2\/tags?post=1421"}],"curies":[{"name":"wp","href":"https:\/\/api.w.org\/{rel}","templated":true}]}}