{"id":1434,"date":"2020-03-30T22:26:28","date_gmt":"2020-03-30T22:26:28","guid":{"rendered":"https:\/\/chrystus.pl\/?p=1434"},"modified":"2020-03-30T22:26:28","modified_gmt":"2020-03-30T22:26:28","slug":"jak-wyglada-pieklo","status":"publish","type":"post","link":"https:\/\/chrystus.pl\/tr\/jak-wyglada-pieklo\/","title":{"rendered":"Neye benziyor bu?"},"content":{"rendered":"<p><span>\u015eunu kesin olarak bildi\u011fimiz i\u00e7in <a href=\"https:\/\/chrystus.pl\/tr\/jak-wyglada-pieklo-2\/\">Cehennem<\/a> ju\u017c istnieje, to mo\u017cemy zada\u0107 sobie pytanie: \u201eJak wygl\u0105da piek\u0142o?\u201d Czy jest to miejsce, kt\u00f3re podziwiamy niejednokrotnie na pi\u0119knych malowid\u0142ach \u015bwiatowych artyst\u00f3w czy chocia\u017cby filmowych przekazach? Czy jest to co\u015b co cz\u0142owiek mo\u017ce w og\u00f3le poj\u0105\u0107 swoim umys\u0142em? Z pewno\u015bci\u0105 nie. Temat ten by\u0142 ju\u017c poruszany w poprzednich punktach. <\/span><\/p>\n<p><span>Bu y\u00fczden cehennemin fiziksel bir yer olmad\u0131\u011f\u0131n\u0131 hat\u0131rlayal\u0131m. Bu, Rab Tanr\u0131'n\u0131n l\u00fctfunu reddeden ruhun \u00f6l\u00fcmden sonra \u015eeytan'\u0131 takip etti\u011fi bir durumdur. Bu, g\u00fcnahk\u00e2rlar i\u00e7in bir deh\u015fet ve ebedi ac\u0131 durumudur. Her birimiz cehennemi kendi tarz\u0131m\u0131zda hayal etmeliyiz. Ancak bunu \u00f6yle bir \u015fekilde yapmal\u0131d\u0131r ki, bir yandan yanl\u0131\u015f yola sapmaktan kendini korurken, bir yandan da korku ve cesaretsizlik hissetsin. <\/span><\/p>\n<p><span>Piek\u0142o mo\u017ce by\u0107 r\u00f3wnie\u017c przedstawiane jak ci\u0105g zdarze\u0144 i sytuacji prze\u017cywanych ju\u017c w \u017cyciu doczesnym. Nie b\u0119dzie ono jednak piek\u0142em w rozumieniu biblijnym, a jedynie jego doczesnym wyobra\u017ceniem. Jest ono za ka\u017cdym razem kiedy cierpimy jednocze\u015bnie \u015bwiadomie odrzucaj\u0105c Boga, co poci\u0105ga za sob\u0105 kolejne z\u0142e czyny. Nie spos\u00f3b wi\u0119c jednoznacznie opowiedzie\u0107 o tym jak wygl\u0105da piek\u0142o. Prawdopodobnie trafnym spostrze\u017ceniem b\u0119dzie fakt, \u017ce piek\u0142o dla ka\u017cdego z nas mo\u017ce wygl\u0105da\u0107 inaczej. Prawdopodobnie lepiej b\u0119dzie jednak si\u0119 o tym nie przekona\u0107 na w\u0142asnej sk\u00f3rze. <\/span><\/p>","protected":false},"excerpt":{"rendered":"<p>Skoro wiemy z ca\u0142\u0105 pewno\u015bci\u0105, \u017ce piek\u0142o ju\u017c istnieje, to mo\u017cemy zada\u0107 sobie pytanie: \u201eJak wygl\u0105da piek\u0142o?\u201d Czy jest to miejsce, kt\u00f3re podziwiamy niejednokrotnie na pi\u0119knych malowid\u0142ach \u015bwiatowych artyst\u00f3w czy chocia\u017cby filmowych przekazach? Czy jest to co\u015b co cz\u0142owiek mo\u017ce w og\u00f3le poj\u0105\u0107 swoim umys\u0142em? Z pewno\u015bci\u0105 nie. Temat ten by\u0142 ju\u017c poruszany w poprzednich &hellip;<\/p>","protected":false},"author":1,"featured_media":1435,"comment_status":"open","ping_status":"closed","sticky":false,"template":"","format":"standard","meta":{"footnotes":""},"categories":[62],"tags":[],"class_list":["post-1434","post","type-post","status-publish","format-standard","has-post-thumbnail","hentry","category-pieklo"],"yoast_head":"<!-- This site is optimized with the Yoast SEO plugin v27.5 - https:\/\/yoast.com\/product\/yoast-seo-wordpress\/ -->\n<title>Jak wygl\u0105da piek\u0142o? - Chrystus<\/title>\n<meta name=\"description\" content=\"Skoro wiemy z ca\u0142\u0105 pewno\u015bci\u0105, \u017ce piek\u0142o ju\u017c istnieje, to mo\u017cemy zada\u0107 sobie pytanie: \u201eJak wygl\u0105da piek\u0142o?\u201d Czy jest to miejsce, kt\u00f3re podziwiamy\" \/>\n<meta name=\"robots\" content=\"index, follow, max-snippet:-1, max-image-preview:large, max-video-preview:-1\" \/>\n<link rel=\"canonical\" href=\"https:\/\/chrystus.pl\/tr\/ne-oluyor\/\" \/>\n<meta property=\"og:locale\" content=\"tr_TR\" \/>\n<meta property=\"og:type\" content=\"article\" \/>\n<meta property=\"og:title\" content=\"Jak wygl\u0105da piek\u0142o\" \/>\n<meta property=\"og:description\" content=\"Skoro wiemy z ca\u0142\u0105 pewno\u015bci\u0105, \u017ce piek\u0142o ju\u017c istnieje, to mo\u017cemy zada\u0107 sobie pytanie: \u201eJak wygl\u0105da piek\u0142o?\u201d Czy jest to miejsce, kt\u00f3re podziwiamy niejednokrotnie na pi\u0119knych malowid\u0142ach \u015bwiatowych artyst\u00f3w czy chocia\u017cby filmowych przekazach?\" \/>\n<meta property=\"og:url\" content=\"https:\/\/chrystus.pl\/tr\/ne-oluyor\/\" \/>\n<meta property=\"og:site_name\" content=\"Chrystus\" \/>\n<meta property=\"article:published_time\" content=\"2020-03-30T22:26:28+00:00\" \/>\n<meta property=\"og:image\" content=\"https:\/\/chrystus.pl\/wp-content\/uploads\/2020\/03\/Jak-wygla\u0328da-piek\u0142o.jpg\" \/>\n\t<meta property=\"og:image:width\" content=\"640\" \/>\n\t<meta property=\"og:image:height\" content=\"480\" \/>\n\t<meta property=\"og:image:type\" content=\"image\/jpeg\" \/>\n<meta name=\"author\" content=\"Samarytanka\" \/>\n<meta name=\"twitter:card\" content=\"summary_large_image\" \/>\n<meta name=\"twitter:title\" content=\"Jak wygl\u0105da piek\u0142o\" \/>\n<meta name=\"twitter:description\" content=\"Skoro wiemy z ca\u0142\u0105 pewno\u015bci\u0105, \u017ce piek\u0142o ju\u017c istnieje, to mo\u017cemy zada\u0107 sobie pytanie: \u201eJak wygl\u0105da piek\u0142o?\u201d Czy jest to miejsce, kt\u00f3re podziwiamy niejednokrotnie na pi\u0119knych malowid\u0142ach \u015bwiatowych artyst\u00f3w czy chocia\u017cby filmowych przekazach?\" \/>\n<meta name=\"twitter:image\" content=\"https:\/\/chrystus.pl\/wp-content\/uploads\/2020\/03\/Jak-wygla\u0328da-piek\u0142o.jpg\" \/>\n<meta name=\"twitter:label1\" content=\"Yazan:\" \/>\n\t<meta name=\"twitter:data1\" content=\"Samarytanka\" \/>\n\t<meta name=\"twitter:label2\" content=\"Tahmini okuma s\u00fcresi\" \/>\n\t<meta name=\"twitter:data2\" content=\"1 dakika\" \/>\n<!-- \/ Yoast SEO plugin. -->","yoast_head_json":{"title":"Cehennem neye benziyor? - Mesih","description":"Cehennemin zaten var oldu\u011funu kesin olarak bildi\u011fimize g\u00f6re, kendimize \"Cehennem neye benziyor?\" diye sorabiliriz. Hayran oldu\u011fumuz bir yer mi","robots":{"index":"index","follow":"follow","max-snippet":"max-snippet:-1","max-image-preview":"max-image-preview:large","max-video-preview":"max-video-preview:-1"},"canonical":"https:\/\/chrystus.pl\/tr\/ne-oluyor\/","og_locale":"tr_TR","og_type":"article","og_title":"Jak wygl\u0105da piek\u0142o","og_description":"Skoro wiemy z ca\u0142\u0105 pewno\u015bci\u0105, \u017ce piek\u0142o ju\u017c istnieje, to mo\u017cemy zada\u0107 sobie pytanie: \u201eJak wygl\u0105da piek\u0142o?\u201d Czy jest to miejsce, kt\u00f3re podziwiamy niejednokrotnie na pi\u0119knych malowid\u0142ach \u015bwiatowych artyst\u00f3w czy chocia\u017cby filmowych przekazach?","og_url":"https:\/\/chrystus.pl\/tr\/ne-oluyor\/","og_site_name":"Chrystus","article_published_time":"2020-03-30T22:26:28+00:00","og_image":[{"width":640,"height":480,"url":"https:\/\/chrystus.pl\/wp-content\/uploads\/2020\/03\/Jak-wygla\u0328da-piek\u0142o.jpg","type":"image\/jpeg"}],"author":"Samarytanka","twitter_card":"summary_large_image","twitter_title":"Jak wygl\u0105da piek\u0142o","twitter_description":"Skoro wiemy z ca\u0142\u0105 pewno\u015bci\u0105, \u017ce piek\u0142o ju\u017c istnieje, to mo\u017cemy zada\u0107 sobie pytanie: \u201eJak wygl\u0105da piek\u0142o?\u201d Czy jest to miejsce, kt\u00f3re podziwiamy niejednokrotnie na pi\u0119knych malowid\u0142ach \u015bwiatowych artyst\u00f3w czy chocia\u017cby filmowych przekazach?","twitter_image":"https:\/\/chrystus.pl\/wp-content\/uploads\/2020\/03\/Jak-wygla\u0328da-piek\u0142o.jpg","twitter_misc":{"Yazan:":"Samarytanka","Tahmini okuma s\u00fcresi":"1 dakika"},"schema":{"@context":"https:\/\/schema.org","@graph":[{"@type":"Article","@id":"https:\/\/chrystus.pl\/jak-wyglada-pieklo\/#article","isPartOf":{"@id":"https:\/\/chrystus.pl\/jak-wyglada-pieklo\/"},"author":{"name":"Samarytanka","@id":"https:\/\/chrystus.pl\/#\/schema\/person\/e2e742452b8b7b2bcd23ea180671d27a"},"headline":"Jak wygl\u0105da piek\u0142o?","datePublished":"2020-03-30T22:26:28+00:00","mainEntityOfPage":{"@id":"https:\/\/chrystus.pl\/jak-wyglada-pieklo\/"},"wordCount":264,"commentCount":0,"publisher":{"@id":"https:\/\/chrystus.pl\/#organization"},"image":{"@id":"https:\/\/chrystus.pl\/jak-wyglada-pieklo\/#primaryimage"},"thumbnailUrl":"https:\/\/chrystus.pl\/wp-content\/uploads\/2020\/03\/Jak-wygla\u0328da-piek\u0142o.jpg","articleSection":["Piek\u0142o"],"inLanguage":"tr","potentialAction":[{"@type":"CommentAction","name":"Comment","target":["https:\/\/chrystus.pl\/jak-wyglada-pieklo\/#respond"]}]},{"@type":"WebPage","@id":"https:\/\/chrystus.pl\/jak-wyglada-pieklo\/","url":"https:\/\/chrystus.pl\/jak-wyglada-pieklo\/","name":"Cehennem neye benziyor? - Mesih","isPartOf":{"@id":"https:\/\/chrystus.pl\/#website"},"primaryImageOfPage":{"@id":"https:\/\/chrystus.pl\/jak-wyglada-pieklo\/#primaryimage"},"image":{"@id":"https:\/\/chrystus.pl\/jak-wyglada-pieklo\/#primaryimage"},"thumbnailUrl":"https:\/\/chrystus.pl\/wp-content\/uploads\/2020\/03\/Jak-wygla\u0328da-piek\u0142o.jpg","datePublished":"2020-03-30T22:26:28+00:00","description":"Cehennemin zaten var oldu\u011funu kesin olarak bildi\u011fimize g\u00f6re, kendimize \"Cehennem neye benziyor?\" diye sorabiliriz. Hayran oldu\u011fumuz bir yer mi","breadcrumb":{"@id":"https:\/\/chrystus.pl\/jak-wyglada-pieklo\/#breadcrumb"},"inLanguage":"tr","potentialAction":[{"@type":"ReadAction","target":["https:\/\/chrystus.pl\/jak-wyglada-pieklo\/"]}]},{"@type":"ImageObject","inLanguage":"tr","@id":"https:\/\/chrystus.pl\/jak-wyglada-pieklo\/#primaryimage","url":"https:\/\/chrystus.pl\/wp-content\/uploads\/2020\/03\/Jak-wygla\u0328da-piek\u0142o.jpg","contentUrl":"https:\/\/chrystus.pl\/wp-content\/uploads\/2020\/03\/Jak-wygla\u0328da-piek\u0142o.jpg","width":640,"height":480,"caption":"Jak wygla\u0328da piek\u0142o"},{"@type":"BreadcrumbList","@id":"https:\/\/chrystus.pl\/jak-wyglada-pieklo\/#breadcrumb","itemListElement":[{"@type":"ListItem","position":1,"name":"Strona g\u0142\u00f3wna","item":"https:\/\/chrystus.pl\/"},{"@type":"ListItem","position":2,"name":"Jak wygl\u0105da piek\u0142o?"}]},{"@type":"WebSite","@id":"https:\/\/chrystus.pl\/#website","url":"https:\/\/chrystus.pl\/","name":"Mesih","description":"Tanr\u0131, Meryem, \u0130sa, Kom\u00fcnyon ve daha fazlas\u0131","publisher":{"@id":"https:\/\/chrystus.pl\/#organization"},"potentialAction":[{"@type":"SearchAction","target":{"@type":"EntryPoint","urlTemplate":"https:\/\/chrystus.pl\/?s={search_term_string}"},"query-input":{"@type":"PropertyValueSpecification","valueRequired":true,"valueName":"search_term_string"}}],"inLanguage":"tr"},{"@type":"Organization","@id":"https:\/\/chrystus.pl\/#organization","name":"Christ.pl","url":"https:\/\/chrystus.pl\/","logo":{"@type":"ImageObject","inLanguage":"tr","@id":"https:\/\/chrystus.pl\/#\/schema\/logo\/image\/","url":"https:\/\/chrystus.pl\/wp-content\/uploads\/2019\/03\/chrystus-bog-maryja-komunia-bierzmowanie.jpg","contentUrl":"https:\/\/chrystus.pl\/wp-content\/uploads\/2019\/03\/chrystus-bog-maryja-komunia-bierzmowanie.jpg","width":1920,"height":1280,"caption":"Chrystus.pl"},"image":{"@id":"https:\/\/chrystus.pl\/#\/schema\/logo\/image\/"}},{"@type":"Person","@id":"https:\/\/chrystus.pl\/#\/schema\/person\/e2e742452b8b7b2bcd23ea180671d27a","name":"Samaritan kad\u0131n"}]}},"_links":{"self":[{"href":"https:\/\/chrystus.pl\/tr\/wp-json\/wp\/v2\/posts\/1434","targetHints":{"allow":["GET"]}}],"collection":[{"href":"https:\/\/chrystus.pl\/tr\/wp-json\/wp\/v2\/posts"}],"about":[{"href":"https:\/\/chrystus.pl\/tr\/wp-json\/wp\/v2\/types\/post"}],"author":[{"embeddable":true,"href":"https:\/\/chrystus.pl\/tr\/wp-json\/wp\/v2\/users\/1"}],"replies":[{"embeddable":true,"href":"https:\/\/chrystus.pl\/tr\/wp-json\/wp\/v2\/comments?post=1434"}],"version-history":[{"count":0,"href":"https:\/\/chrystus.pl\/tr\/wp-json\/wp\/v2\/posts\/1434\/revisions"}],"wp:featuredmedia":[{"embeddable":true,"href":"https:\/\/chrystus.pl\/tr\/wp-json\/wp\/v2\/media\/1435"}],"wp:attachment":[{"href":"https:\/\/chrystus.pl\/tr\/wp-json\/wp\/v2\/media?parent=1434"}],"wp:term":[{"taxonomy":"category","embeddable":true,"href":"https:\/\/chrystus.pl\/tr\/wp-json\/wp\/v2\/categories?post=1434"},{"taxonomy":"post_tag","embeddable":true,"href":"https:\/\/chrystus.pl\/tr\/wp-json\/wp\/v2\/tags?post=1434"}],"curies":[{"name":"wp","href":"https:\/\/api.w.org\/{rel}","templated":true}]}}