{"id":1592,"date":"2020-04-29T19:56:29","date_gmt":"2020-04-29T19:56:29","guid":{"rendered":"https:\/\/chrystus.pl\/?p=1592"},"modified":"2020-04-29T19:56:29","modified_gmt":"2020-04-29T19:56:29","slug":"dlaczego-maryja-ma-rysy-na-twarzy","status":"publish","type":"post","link":"https:\/\/chrystus.pl\/tr\/dlaczego-maryja-ma-rysy-na-twarzy\/","title":{"rendered":"Meryem'in y\u00fcz\u00fcnde neden baz\u0131 \u00f6zellikler var?"},"content":{"rendered":"<p>Meryem'in neden y\u00fcz hatlar\u0131 var? Muhtemelen herkes Mary'nin y\u00fcz\u00fcndeki \u00f6zelliklerin ne hakk\u0131nda olabilece\u011fini fark etmiyordur? Daha \u00f6nceki yaz\u0131lar\u0131m\u0131zda da a\u00e7\u0131klad\u0131\u011f\u0131m\u0131z gibi, Tanr\u0131'n\u0131n Annesi Polonyal\u0131 inananlar\u0131n kalplerinde \u00f6zel bir rol oynamaktad\u0131r.<\/p>\n<p>Meryem Polonya'n\u0131n Krali\u00e7esidir ve ulusumuzu \u00f6zellikle sevmi\u015ftir. O halde, Meryem imgesinin Polonyal\u0131 sanat\u00e7\u0131lar\u0131n eserlerinde bu kadar \u00e7ok say\u0131da yer almas\u0131na \u015fa\u015fmamak gerekir. En pop\u00fcler resimlerden biri Cz\u0119stochowa'daki Jasna G\u00f3ra \u015eapeli'nde bulunan Siyah Madonna'd\u0131r. Bu g\u00f6r\u00fcnt\u00fc \u00e7ok ay\u0131rt edicidir ve her Katolik bunu tan\u0131yabilir. Resimde Meryem Ana kuca\u011f\u0131nda bir bebekle tasvir edilmi\u015ftir.<\/p>\n<p>Ancak g\u00f6ze \u00e7arpan \u015fey, esmer, koyu tenli bir fig\u00fcr olarak tasvir edilmesidir. Bir di\u011fer ay\u0131rt edici \u00f6zellik ise Meryem Ana'n\u0131n yana\u011f\u0131nda yer alan ve bir \u00fc\u00e7\u00fcnc\u00fcyle kesi\u015fen iki paralel kesiktir. Boyunda ise alt\u0131 adet daha k\u00fc\u00e7\u00fck ve daha az g\u00f6r\u00fcn\u00fcr kesik g\u00f6r\u00fclmektedir. Meryem'in neden y\u00fcz hatlar\u0131 var? \u00c7izikler, 1430 y\u0131l\u0131nda ger\u00e7ekle\u015fen ve resmin han\u00e7erlerle kesildi\u011fi bir sald\u0131r\u0131n\u0131n sonucudur.<\/p>\n<p>Kral W\u0142adys\u0142aw Jagie\u0142\u0142o restorasyonunu emretti, ancak d\u00f6nemin restorasyon sanatlar\u0131 \u00e7ok geli\u015fmi\u015f de\u011fildi. Kesik izleri kald\u0131r\u0131lmam\u0131\u015f ve \u00fczerlerini boyamak i\u00e7in giri\u015fimlerde bulunulmu\u015f ancak ba\u015far\u0131l\u0131 olunamam\u0131\u015ft\u0131r. Bir ba\u015fka versiyon ise izlerin sald\u0131r\u0131y\u0131 hat\u0131rlamak i\u00e7in kas\u0131tl\u0131 olarak b\u0131rak\u0131ld\u0131\u011f\u0131n\u0131 s\u00f6yl\u00fcyor. \u00c7iziklerin 1434 y\u0131l\u0131nda, tablonun restorasyonu tamamlan\u0131rken ortaya \u00e7\u0131kt\u0131\u011f\u0131 tahmin edilmektedir.<\/p>","protected":false},"excerpt":{"rendered":"<p>Dlaczego Maryja ma rysy na twarzy? Pewnie nie ka\u017cdy zdaje sobie spraw\u0119 o jakie rysy na twarzy Maryi mo\u017ce chodzi\u0107? Jak wyja\u015bnili\u015bmy sobie w poprzednich artyku\u0142ach, Matka Boska odgrywa szczeg\u00f3ln\u0105 rol\u0119 w sercach polskich wiernych. Maryja jest Kr\u00f3low\u0105 Polski, a nasz nar\u00f3d szczeg\u00f3lnie sobie umi\u0142owa\u0142a. Nic wi\u0119c dziwnego, \u017ce wizerunek Maryjny wyst\u0119puje tak licznie w &hellip;<\/p>","protected":false},"author":1,"featured_media":1593,"comment_status":"closed","ping_status":"closed","sticky":false,"template":"","format":"standard","meta":{"footnotes":""},"categories":[64],"tags":[],"class_list":["post-1592","post","type-post","status-publish","format-standard","has-post-thumbnail","hentry","category-maryja"],"yoast_head":"<!-- This site is optimized with the Yoast SEO plugin v27.5 - https:\/\/yoast.com\/product\/yoast-seo-wordpress\/ -->\n<title>Dlaczego Maryja ma rysy na twarzy? - Chrystus<\/title>\n<meta name=\"description\" content=\"Dlaczego Maryja ma rysy na twarzy? Pewnie nie ka\u017cdy zdaje sobie spraw\u0119 o jakie rysy na twarzy Maryi mo\u017ce chodzi\u0107? Jak wyja\u015bnili\u015bmy sobie w poprzednich\" \/>\n<meta name=\"robots\" content=\"index, follow, max-snippet:-1, max-image-preview:large, max-video-preview:-1\" \/>\n<link rel=\"canonical\" href=\"https:\/\/chrystus.pl\/tr\/neden-mary-yuzunde-yukseliyor\/\" \/>\n<meta property=\"og:locale\" content=\"tr_TR\" \/>\n<meta property=\"og:type\" content=\"article\" \/>\n<meta property=\"og:title\" content=\"Dlaczego Maryja ma rysy na twarzy?\" \/>\n<meta property=\"og:description\" content=\"Dlaczego Maryja ma rysy na twarzy? Pewnie nie ka\u017cdy zdaje sobie spraw\u0119 o jakie rysy na twarzy Maryi mo\u017ce chodzi\u0107? Jak wyja\u015bnili\u015bmy sobie w poprzednich artyku\u0142ach, Matka Boska odgrywa szczeg\u00f3ln\u0105 rol\u0119 w sercach polskich wiernych.\" \/>\n<meta property=\"og:url\" content=\"https:\/\/chrystus.pl\/tr\/neden-mary-yuzunde-yukseliyor\/\" \/>\n<meta property=\"og:site_name\" content=\"Chrystus\" \/>\n<meta property=\"article:published_time\" content=\"2020-04-29T19:56:29+00:00\" \/>\n<meta property=\"og:image\" content=\"https:\/\/chrystus.pl\/wp-content\/uploads\/2020\/04\/Dlaczego-Maryja-ma-rysy-na-twarzy.jpg\" \/>\n\t<meta property=\"og:image:width\" content=\"688\" \/>\n\t<meta property=\"og:image:height\" content=\"1050\" \/>\n\t<meta property=\"og:image:type\" content=\"image\/jpeg\" \/>\n<meta name=\"author\" content=\"Samarytanka\" \/>\n<meta name=\"twitter:card\" content=\"summary_large_image\" \/>\n<meta name=\"twitter:title\" content=\"Dlaczego Maryja ma rysy na twarzy?\" \/>\n<meta name=\"twitter:description\" content=\"Dlaczego Maryja ma rysy na twarzy? Pewnie nie ka\u017cdy zdaje sobie spraw\u0119 o jakie rysy na twarzy Maryi mo\u017ce chodzi\u0107? Jak wyja\u015bnili\u015bmy sobie w poprzednich artyku\u0142ach, Matka Boska odgrywa szczeg\u00f3ln\u0105 rol\u0119 w sercach polskich wiernych.\" \/>\n<meta name=\"twitter:image\" content=\"https:\/\/chrystus.pl\/wp-content\/uploads\/2020\/04\/Dlaczego-Maryja-ma-rysy-na-twarzy.jpg\" \/>\n<meta name=\"twitter:label1\" content=\"Yazan:\" \/>\n\t<meta name=\"twitter:data1\" content=\"Samarytanka\" \/>\n\t<meta name=\"twitter:label2\" content=\"Tahmini okuma s\u00fcresi\" \/>\n\t<meta name=\"twitter:data2\" content=\"1 dakika\" \/>\n<!-- \/ Yoast SEO plugin. -->","yoast_head_json":{"title":"Meryem'in y\u00fcz\u00fcnde neden \u00f6zellikler var? - Mesih","description":"Meryem'in neden y\u00fcz hatlar\u0131 var? Muhtemelen herkes Mary'nin y\u00fcz\u00fcndeki \u00f6zelliklerin ne hakk\u0131nda olabilece\u011finin fark\u0131nda de\u011fildir? Daha \u00f6nce de a\u00e7\u0131klad\u0131\u011f\u0131m\u0131z gibi","robots":{"index":"index","follow":"follow","max-snippet":"max-snippet:-1","max-image-preview":"max-image-preview:large","max-video-preview":"max-video-preview:-1"},"canonical":"https:\/\/chrystus.pl\/tr\/neden-mary-yuzunde-yukseliyor\/","og_locale":"tr_TR","og_type":"article","og_title":"Dlaczego Maryja ma rysy na twarzy?","og_description":"Dlaczego Maryja ma rysy na twarzy? Pewnie nie ka\u017cdy zdaje sobie spraw\u0119 o jakie rysy na twarzy Maryi mo\u017ce chodzi\u0107? Jak wyja\u015bnili\u015bmy sobie w poprzednich artyku\u0142ach, Matka Boska odgrywa szczeg\u00f3ln\u0105 rol\u0119 w sercach polskich wiernych.","og_url":"https:\/\/chrystus.pl\/tr\/neden-mary-yuzunde-yukseliyor\/","og_site_name":"Chrystus","article_published_time":"2020-04-29T19:56:29+00:00","og_image":[{"width":688,"height":1050,"url":"https:\/\/chrystus.pl\/wp-content\/uploads\/2020\/04\/Dlaczego-Maryja-ma-rysy-na-twarzy.jpg","type":"image\/jpeg"}],"author":"Samarytanka","twitter_card":"summary_large_image","twitter_title":"Dlaczego Maryja ma rysy na twarzy?","twitter_description":"Dlaczego Maryja ma rysy na twarzy? Pewnie nie ka\u017cdy zdaje sobie spraw\u0119 o jakie rysy na twarzy Maryi mo\u017ce chodzi\u0107? Jak wyja\u015bnili\u015bmy sobie w poprzednich artyku\u0142ach, Matka Boska odgrywa szczeg\u00f3ln\u0105 rol\u0119 w sercach polskich wiernych.","twitter_image":"https:\/\/chrystus.pl\/wp-content\/uploads\/2020\/04\/Dlaczego-Maryja-ma-rysy-na-twarzy.jpg","twitter_misc":{"Yazan:":"Samarytanka","Tahmini okuma s\u00fcresi":"1 dakika"},"schema":{"@context":"https:\/\/schema.org","@graph":[{"@type":"Article","@id":"https:\/\/chrystus.pl\/dlaczego-maryja-ma-rysy-na-twarzy\/#article","isPartOf":{"@id":"https:\/\/chrystus.pl\/dlaczego-maryja-ma-rysy-na-twarzy\/"},"author":{"name":"Samarytanka","@id":"https:\/\/chrystus.pl\/#\/schema\/person\/e2e742452b8b7b2bcd23ea180671d27a"},"headline":"Dlaczego Maryja ma rysy na twarzy?","datePublished":"2020-04-29T19:56:29+00:00","mainEntityOfPage":{"@id":"https:\/\/chrystus.pl\/dlaczego-maryja-ma-rysy-na-twarzy\/"},"wordCount":251,"publisher":{"@id":"https:\/\/chrystus.pl\/#organization"},"image":{"@id":"https:\/\/chrystus.pl\/dlaczego-maryja-ma-rysy-na-twarzy\/#primaryimage"},"thumbnailUrl":"https:\/\/chrystus.pl\/wp-content\/uploads\/2020\/04\/Dlaczego-Maryja-ma-rysy-na-twarzy.jpg","articleSection":["Maryja"],"inLanguage":"tr"},{"@type":"WebPage","@id":"https:\/\/chrystus.pl\/dlaczego-maryja-ma-rysy-na-twarzy\/","url":"https:\/\/chrystus.pl\/dlaczego-maryja-ma-rysy-na-twarzy\/","name":"Meryem'in y\u00fcz\u00fcnde neden \u00f6zellikler var? - Mesih","isPartOf":{"@id":"https:\/\/chrystus.pl\/#website"},"primaryImageOfPage":{"@id":"https:\/\/chrystus.pl\/dlaczego-maryja-ma-rysy-na-twarzy\/#primaryimage"},"image":{"@id":"https:\/\/chrystus.pl\/dlaczego-maryja-ma-rysy-na-twarzy\/#primaryimage"},"thumbnailUrl":"https:\/\/chrystus.pl\/wp-content\/uploads\/2020\/04\/Dlaczego-Maryja-ma-rysy-na-twarzy.jpg","datePublished":"2020-04-29T19:56:29+00:00","description":"Meryem'in neden y\u00fcz hatlar\u0131 var? Muhtemelen herkes Mary'nin y\u00fcz\u00fcndeki \u00f6zelliklerin ne hakk\u0131nda olabilece\u011finin fark\u0131nda de\u011fildir? Daha \u00f6nce de a\u00e7\u0131klad\u0131\u011f\u0131m\u0131z gibi","breadcrumb":{"@id":"https:\/\/chrystus.pl\/dlaczego-maryja-ma-rysy-na-twarzy\/#breadcrumb"},"inLanguage":"tr","potentialAction":[{"@type":"ReadAction","target":["https:\/\/chrystus.pl\/dlaczego-maryja-ma-rysy-na-twarzy\/"]}]},{"@type":"ImageObject","inLanguage":"tr","@id":"https:\/\/chrystus.pl\/dlaczego-maryja-ma-rysy-na-twarzy\/#primaryimage","url":"https:\/\/chrystus.pl\/wp-content\/uploads\/2020\/04\/Dlaczego-Maryja-ma-rysy-na-twarzy.jpg","contentUrl":"https:\/\/chrystus.pl\/wp-content\/uploads\/2020\/04\/Dlaczego-Maryja-ma-rysy-na-twarzy.jpg","width":"688","height":"1050","caption":"Dlaczego Maryja ma rysy na twarzy"},{"@type":"BreadcrumbList","@id":"https:\/\/chrystus.pl\/dlaczego-maryja-ma-rysy-na-twarzy\/#breadcrumb","itemListElement":[{"@type":"ListItem","position":1,"name":"Strona g\u0142\u00f3wna","item":"https:\/\/chrystus.pl\/"},{"@type":"ListItem","position":2,"name":"Dlaczego Maryja ma rysy na twarzy?"}]},{"@type":"WebSite","@id":"https:\/\/chrystus.pl\/#website","url":"https:\/\/chrystus.pl\/","name":"Mesih","description":"Tanr\u0131, Meryem, \u0130sa, Kom\u00fcnyon ve daha fazlas\u0131","publisher":{"@id":"https:\/\/chrystus.pl\/#organization"},"potentialAction":[{"@type":"SearchAction","target":{"@type":"EntryPoint","urlTemplate":"https:\/\/chrystus.pl\/?s={search_term_string}"},"query-input":{"@type":"PropertyValueSpecification","valueRequired":true,"valueName":"search_term_string"}}],"inLanguage":"tr"},{"@type":"Organization","@id":"https:\/\/chrystus.pl\/#organization","name":"Christ.pl","url":"https:\/\/chrystus.pl\/","logo":{"@type":"ImageObject","inLanguage":"tr","@id":"https:\/\/chrystus.pl\/#\/schema\/logo\/image\/","url":"https:\/\/chrystus.pl\/wp-content\/uploads\/2019\/03\/chrystus-bog-maryja-komunia-bierzmowanie.jpg","contentUrl":"https:\/\/chrystus.pl\/wp-content\/uploads\/2019\/03\/chrystus-bog-maryja-komunia-bierzmowanie.jpg","width":1920,"height":1280,"caption":"Chrystus.pl"},"image":{"@id":"https:\/\/chrystus.pl\/#\/schema\/logo\/image\/"}},{"@type":"Person","@id":"https:\/\/chrystus.pl\/#\/schema\/person\/e2e742452b8b7b2bcd23ea180671d27a","name":"Samaritan kad\u0131n"}]}},"_links":{"self":[{"href":"https:\/\/chrystus.pl\/tr\/wp-json\/wp\/v2\/posts\/1592","targetHints":{"allow":["GET"]}}],"collection":[{"href":"https:\/\/chrystus.pl\/tr\/wp-json\/wp\/v2\/posts"}],"about":[{"href":"https:\/\/chrystus.pl\/tr\/wp-json\/wp\/v2\/types\/post"}],"author":[{"embeddable":true,"href":"https:\/\/chrystus.pl\/tr\/wp-json\/wp\/v2\/users\/1"}],"replies":[{"embeddable":true,"href":"https:\/\/chrystus.pl\/tr\/wp-json\/wp\/v2\/comments?post=1592"}],"version-history":[{"count":0,"href":"https:\/\/chrystus.pl\/tr\/wp-json\/wp\/v2\/posts\/1592\/revisions"}],"wp:featuredmedia":[{"embeddable":true,"href":"https:\/\/chrystus.pl\/tr\/wp-json\/wp\/v2\/media\/1593"}],"wp:attachment":[{"href":"https:\/\/chrystus.pl\/tr\/wp-json\/wp\/v2\/media?parent=1592"}],"wp:term":[{"taxonomy":"category","embeddable":true,"href":"https:\/\/chrystus.pl\/tr\/wp-json\/wp\/v2\/categories?post=1592"},{"taxonomy":"post_tag","embeddable":true,"href":"https:\/\/chrystus.pl\/tr\/wp-json\/wp\/v2\/tags?post=1592"}],"curies":[{"name":"wp","href":"https:\/\/api.w.org\/{rel}","templated":true}]}}