{"id":1841,"date":"2020-07-11T11:03:37","date_gmt":"2020-07-11T11:03:37","guid":{"rendered":"https:\/\/chrystus.pl\/?p=1841"},"modified":"2020-07-11T11:03:37","modified_gmt":"2020-07-11T11:03:37","slug":"czy-kosciol-placi-podatki-2","status":"publish","type":"post","link":"https:\/\/chrystus.pl\/tr\/czy-kosciol-placi-podatki-2\/","title":{"rendered":"Kilise vergi \u00f6d\u00fcyor mu?"},"content":{"rendered":"<p>Opodatkowanie Ko\u015bcio\u0142a jest dosy\u0107 powszechnym tematem w debacie publicznej. Z jednej strony logicznym jest, \u017ce instytucja Ko\u015bcielna nie powinna mie\u0107 wp\u0142ywu na pa\u0144stwo, ani pa\u0144stwo nie powinno ingerowa\u0107 w \u017cycie wewn\u0119trzne wiernych. Jednak co <a href=\"https:\/\/chrystus.pl\/tr\/jak-wyglada-pismo-swiete\/\">TAR\u0130H<\/a> si\u0119 z pieni\u0119dzmi jakie wierni przeznaczaj\u0105 na Ko\u015bci\u00f3\u0142? Nale\u017cy zacz\u0105\u0107 od tego, \u017ce wszystkie zwi\u0105zki wyznaniowe, zwolnione s\u0105 z obowi\u0105zku prowadzenia dokumentacji podatkowej. Nie jest wi\u0119c dok\u0142adnie wiadomo ile pieni\u0119dzy wp\u0142ywa, oraz ile wyp\u0142ywa z instytucji Ko\u015bcielnych. Got\u00f3wka, kt\u00f3ra jest zbierana w czasie trwania wszelkiego rodzaju mszy czy nabo\u017ce\u0144stw nie trafia oczywi\u015bcie do kieszeni ksi\u0119\u017cy. <\/p>\n<p>Nie jest ona r\u00f3wnie\u017c w \u017caden spos\u00f3b zewn\u0119trznie ewidencjonowania. Tak wi\u0119c logicznym jest, \u017ce s\u0105 to pieni\u0105dze, kt\u00f3re nie podlegaj\u0105 opodatkowaniu. Przeznaczane s\u0105 one na utrzymanie budynk\u00f3w ko\u015bcielnych, koszty w\u0142asne oraz cele charytatywne. <\/p>\n<p>Bu gelir \u00f6ncelikle cemaatin b\u00fcy\u00fckl\u00fc\u011f\u00fcne ve ibadet edenlerin say\u0131s\u0131na ba\u011fl\u0131d\u0131r. Bu para, inananlar\u0131n toplumlar\u0131n\u0131 desteklemek i\u00e7in kulland\u0131klar\u0131 ve g\u00f6n\u00fcll\u00fc olarak verdikleri bir para olarak g\u00f6r\u00fclmelidir. Yasal a\u00e7\u0131dan bu bir t\u00fcr vergi indirimi olarak g\u00f6r\u00fclmelidir. \u0130nananlar ayr\u0131ca Kilise'ye ba\u011f\u0131\u015fta bulunabilirler. \u0130nananlar, devletin bu t\u00fcr bir ba\u011f\u0131\u015f yapmak isteyen bir ki\u015fiye tan\u0131d\u0131\u011f\u0131 gelir vergisi \u00f6denekleri arac\u0131l\u0131\u011f\u0131yla ba\u011f\u0131\u015f yapmaya te\u015fvik edilmektedir. Vergi indirimi limiti, vergi m\u00fckellefinin y\u0131ll\u0131k gelirinin y\u00fczde 6's\u0131d\u0131r. Bu, ibadet amac\u0131yla yap\u0131lan ba\u011f\u0131\u015f olarak bilinir <\/p>","protected":false},"excerpt":{"rendered":"<p>Opodatkowanie Ko\u015bcio\u0142a jest dosy\u0107 powszechnym tematem w debacie publicznej. Z jednej strony logicznym jest, \u017ce instytucja Ko\u015bcielna nie powinna mie\u0107 wp\u0142ywu na pa\u0144stwo, ani pa\u0144stwo nie powinno ingerowa\u0107 w \u017cycie wewn\u0119trzne wiernych. Jednak co dzieje si\u0119 z pieni\u0119dzmi jakie wierni przeznaczaj\u0105 na Ko\u015bci\u00f3\u0142? Nale\u017cy zacz\u0105\u0107 od tego, \u017ce wszystkie zwi\u0105zki wyznaniowe, zwolnione s\u0105 z obowi\u0105zku &hellip;<\/p>","protected":false},"author":1,"featured_media":1842,"comment_status":"closed","ping_status":"closed","sticky":false,"template":"","format":"standard","meta":{"footnotes":""},"categories":[33],"tags":[],"class_list":["post-1841","post","type-post","status-publish","format-standard","has-post-thumbnail","hentry","category-kosciol"],"yoast_head":"<!-- This site is optimized with the Yoast SEO plugin v27.5 - https:\/\/yoast.com\/product\/yoast-seo-wordpress\/ -->\n<title>Czy ko\u015bci\u00f3\u0142 p\u0142aci podatki - Chrystus<\/title>\n<meta name=\"description\" content=\"Opodatkowanie Ko\u015bcio\u0142a jest dosy\u0107 powszechnym tematem w debacie publicznej. Z jednej strony logicznym jest, \u017ce instytucja Ko\u015bcielna nie powinna mie\u0107\" \/>\n<meta name=\"robots\" content=\"index, follow, max-snippet:-1, max-image-preview:large, max-video-preview:-1\" \/>\n<link rel=\"canonical\" href=\"https:\/\/chrystus.pl\/tr\/kilise-vergi-oder-mi-2\/\" \/>\n<meta property=\"og:locale\" content=\"tr_TR\" \/>\n<meta property=\"og:type\" content=\"article\" \/>\n<meta property=\"og:title\" content=\"Czy ko\u015bci\u00f3\u0142 p\u0142aci podatki\" \/>\n<meta property=\"og:description\" content=\"Opodatkowanie Ko\u015bcio\u0142a jest dosy\u0107 powszechnym tematem w debacie publicznej. Z jednej strony logicznym jest, \u017ce instytucja Ko\u015bcielna nie powinna mie\u0107 wp\u0142ywu na pa\u0144stwo\" \/>\n<meta property=\"og:url\" content=\"https:\/\/chrystus.pl\/tr\/kilise-vergi-oder-mi-2\/\" \/>\n<meta property=\"og:site_name\" content=\"Chrystus\" \/>\n<meta property=\"article:published_time\" content=\"2020-07-11T11:03:37+00:00\" \/>\n<meta property=\"og:image\" content=\"https:\/\/chrystus.pl\/wp-content\/uploads\/2020\/07\/Czy-kos\u0301cio\u0301\u0142-p\u0142aci-podatki.jpg\" \/>\n\t<meta property=\"og:image:width\" content=\"640\" \/>\n\t<meta property=\"og:image:height\" content=\"427\" \/>\n\t<meta property=\"og:image:type\" content=\"image\/jpeg\" \/>\n<meta name=\"author\" content=\"Samarytanka\" \/>\n<meta name=\"twitter:card\" content=\"summary_large_image\" \/>\n<meta name=\"twitter:title\" content=\"Czy ko\u015bci\u00f3\u0142 p\u0142aci podatki\" \/>\n<meta name=\"twitter:description\" content=\"Opodatkowanie Ko\u015bcio\u0142a jest dosy\u0107 powszechnym tematem w debacie publicznej. Z jednej strony logicznym jest, \u017ce instytucja Ko\u015bcielna nie powinna mie\u0107 wp\u0142ywu na pa\u0144stwo\" \/>\n<meta name=\"twitter:image\" content=\"https:\/\/chrystus.pl\/wp-content\/uploads\/2020\/07\/Czy-kos\u0301cio\u0301\u0142-p\u0142aci-podatki.jpg\" \/>\n<meta name=\"twitter:label1\" content=\"Yazan:\" \/>\n\t<meta name=\"twitter:data1\" content=\"Samarytanka\" \/>\n\t<meta name=\"twitter:label2\" content=\"Tahmini okuma s\u00fcresi\" \/>\n\t<meta name=\"twitter:data2\" content=\"1 dakika\" \/>\n<!-- \/ Yoast SEO plugin. -->","yoast_head_json":{"title":"Kilise vergi \u00f6d\u00fcyor mu - \u0130sa","description":"Kilisenin vergilendirilmesi, kamusal tart\u0131\u015fmalarda olduk\u00e7a yayg\u0131n bir konudur. Bir yandan, bir Kilise kurumunun bir kiliseye sahip olmamas\u0131 mant\u0131kl\u0131d\u0131r.","robots":{"index":"index","follow":"follow","max-snippet":"max-snippet:-1","max-image-preview":"max-image-preview:large","max-video-preview":"max-video-preview:-1"},"canonical":"https:\/\/chrystus.pl\/tr\/kilise-vergi-oder-mi-2\/","og_locale":"tr_TR","og_type":"article","og_title":"Czy ko\u015bci\u00f3\u0142 p\u0142aci podatki","og_description":"Opodatkowanie Ko\u015bcio\u0142a jest dosy\u0107 powszechnym tematem w debacie publicznej. Z jednej strony logicznym jest, \u017ce instytucja Ko\u015bcielna nie powinna mie\u0107 wp\u0142ywu na pa\u0144stwo","og_url":"https:\/\/chrystus.pl\/tr\/kilise-vergi-oder-mi-2\/","og_site_name":"Chrystus","article_published_time":"2020-07-11T11:03:37+00:00","og_image":[{"width":640,"height":427,"url":"https:\/\/chrystus.pl\/wp-content\/uploads\/2020\/07\/Czy-kos\u0301cio\u0301\u0142-p\u0142aci-podatki.jpg","type":"image\/jpeg"}],"author":"Samarytanka","twitter_card":"summary_large_image","twitter_title":"Czy ko\u015bci\u00f3\u0142 p\u0142aci podatki","twitter_description":"Opodatkowanie Ko\u015bcio\u0142a jest dosy\u0107 powszechnym tematem w debacie publicznej. Z jednej strony logicznym jest, \u017ce instytucja Ko\u015bcielna nie powinna mie\u0107 wp\u0142ywu na pa\u0144stwo","twitter_image":"https:\/\/chrystus.pl\/wp-content\/uploads\/2020\/07\/Czy-kos\u0301cio\u0301\u0142-p\u0142aci-podatki.jpg","twitter_misc":{"Yazan:":"Samarytanka","Tahmini okuma s\u00fcresi":"1 dakika"},"schema":{"@context":"https:\/\/schema.org","@graph":[{"@type":"Article","@id":"https:\/\/chrystus.pl\/czy-kosciol-placi-podatki-2\/#article","isPartOf":{"@id":"https:\/\/chrystus.pl\/czy-kosciol-placi-podatki-2\/"},"author":{"name":"Samarytanka","@id":"https:\/\/chrystus.pl\/#\/schema\/person\/e2e742452b8b7b2bcd23ea180671d27a"},"headline":"Czy ko\u015bci\u00f3\u0142 p\u0142aci podatki","datePublished":"2020-07-11T11:03:37+00:00","mainEntityOfPage":{"@id":"https:\/\/chrystus.pl\/czy-kosciol-placi-podatki-2\/"},"wordCount":264,"publisher":{"@id":"https:\/\/chrystus.pl\/#organization"},"image":{"@id":"https:\/\/chrystus.pl\/czy-kosciol-placi-podatki-2\/#primaryimage"},"thumbnailUrl":"https:\/\/chrystus.pl\/wp-content\/uploads\/2020\/07\/Czy-kos\u0301cio\u0301\u0142-p\u0142aci-podatki.jpg","articleSection":["Ko\u015bci\u00f3\u0142"],"inLanguage":"tr"},{"@type":"WebPage","@id":"https:\/\/chrystus.pl\/czy-kosciol-placi-podatki-2\/","url":"https:\/\/chrystus.pl\/czy-kosciol-placi-podatki-2\/","name":"Kilise vergi \u00f6d\u00fcyor mu - \u0130sa","isPartOf":{"@id":"https:\/\/chrystus.pl\/#website"},"primaryImageOfPage":{"@id":"https:\/\/chrystus.pl\/czy-kosciol-placi-podatki-2\/#primaryimage"},"image":{"@id":"https:\/\/chrystus.pl\/czy-kosciol-placi-podatki-2\/#primaryimage"},"thumbnailUrl":"https:\/\/chrystus.pl\/wp-content\/uploads\/2020\/07\/Czy-kos\u0301cio\u0301\u0142-p\u0142aci-podatki.jpg","datePublished":"2020-07-11T11:03:37+00:00","description":"Kilisenin vergilendirilmesi, kamusal tart\u0131\u015fmalarda olduk\u00e7a yayg\u0131n bir konudur. Bir yandan, bir Kilise kurumunun bir kiliseye sahip olmamas\u0131 mant\u0131kl\u0131d\u0131r.","breadcrumb":{"@id":"https:\/\/chrystus.pl\/czy-kosciol-placi-podatki-2\/#breadcrumb"},"inLanguage":"tr","potentialAction":[{"@type":"ReadAction","target":["https:\/\/chrystus.pl\/czy-kosciol-placi-podatki-2\/"]}]},{"@type":"ImageObject","inLanguage":"tr","@id":"https:\/\/chrystus.pl\/czy-kosciol-placi-podatki-2\/#primaryimage","url":"https:\/\/chrystus.pl\/wp-content\/uploads\/2020\/07\/Czy-kos\u0301cio\u0301\u0142-p\u0142aci-podatki.jpg","contentUrl":"https:\/\/chrystus.pl\/wp-content\/uploads\/2020\/07\/Czy-kos\u0301cio\u0301\u0142-p\u0142aci-podatki.jpg","width":640,"height":427,"caption":"Czy kos\u0301cio\u0301\u0142 p\u0142aci podatki"},{"@type":"BreadcrumbList","@id":"https:\/\/chrystus.pl\/czy-kosciol-placi-podatki-2\/#breadcrumb","itemListElement":[{"@type":"ListItem","position":1,"name":"Strona g\u0142\u00f3wna","item":"https:\/\/chrystus.pl\/"},{"@type":"ListItem","position":2,"name":"Czy ko\u015bci\u00f3\u0142 p\u0142aci podatki"}]},{"@type":"WebSite","@id":"https:\/\/chrystus.pl\/#website","url":"https:\/\/chrystus.pl\/","name":"Mesih","description":"Tanr\u0131, Meryem, \u0130sa, Kom\u00fcnyon ve daha fazlas\u0131","publisher":{"@id":"https:\/\/chrystus.pl\/#organization"},"potentialAction":[{"@type":"SearchAction","target":{"@type":"EntryPoint","urlTemplate":"https:\/\/chrystus.pl\/?s={search_term_string}"},"query-input":{"@type":"PropertyValueSpecification","valueRequired":true,"valueName":"search_term_string"}}],"inLanguage":"tr"},{"@type":"Organization","@id":"https:\/\/chrystus.pl\/#organization","name":"Christ.pl","url":"https:\/\/chrystus.pl\/","logo":{"@type":"ImageObject","inLanguage":"tr","@id":"https:\/\/chrystus.pl\/#\/schema\/logo\/image\/","url":"https:\/\/chrystus.pl\/wp-content\/uploads\/2019\/03\/chrystus-bog-maryja-komunia-bierzmowanie.jpg","contentUrl":"https:\/\/chrystus.pl\/wp-content\/uploads\/2019\/03\/chrystus-bog-maryja-komunia-bierzmowanie.jpg","width":1920,"height":1280,"caption":"Chrystus.pl"},"image":{"@id":"https:\/\/chrystus.pl\/#\/schema\/logo\/image\/"}},{"@type":"Person","@id":"https:\/\/chrystus.pl\/#\/schema\/person\/e2e742452b8b7b2bcd23ea180671d27a","name":"Samaritan kad\u0131n"}]}},"_links":{"self":[{"href":"https:\/\/chrystus.pl\/tr\/wp-json\/wp\/v2\/posts\/1841","targetHints":{"allow":["GET"]}}],"collection":[{"href":"https:\/\/chrystus.pl\/tr\/wp-json\/wp\/v2\/posts"}],"about":[{"href":"https:\/\/chrystus.pl\/tr\/wp-json\/wp\/v2\/types\/post"}],"author":[{"embeddable":true,"href":"https:\/\/chrystus.pl\/tr\/wp-json\/wp\/v2\/users\/1"}],"replies":[{"embeddable":true,"href":"https:\/\/chrystus.pl\/tr\/wp-json\/wp\/v2\/comments?post=1841"}],"version-history":[{"count":0,"href":"https:\/\/chrystus.pl\/tr\/wp-json\/wp\/v2\/posts\/1841\/revisions"}],"wp:featuredmedia":[{"embeddable":true,"href":"https:\/\/chrystus.pl\/tr\/wp-json\/wp\/v2\/media\/1842"}],"wp:attachment":[{"href":"https:\/\/chrystus.pl\/tr\/wp-json\/wp\/v2\/media?parent=1841"}],"wp:term":[{"taxonomy":"category","embeddable":true,"href":"https:\/\/chrystus.pl\/tr\/wp-json\/wp\/v2\/categories?post=1841"},{"taxonomy":"post_tag","embeddable":true,"href":"https:\/\/chrystus.pl\/tr\/wp-json\/wp\/v2\/tags?post=1841"}],"curies":[{"name":"wp","href":"https:\/\/api.w.org\/{rel}","templated":true}]}}