{"id":2256,"date":"2022-01-09T03:42:42","date_gmt":"2022-01-09T03:42:42","guid":{"rendered":"https:\/\/chrystus.pl\/?p=2256"},"modified":"2022-01-09T03:42:45","modified_gmt":"2022-01-09T03:42:45","slug":"co-oznacza-imie-gabriel","status":"publish","type":"post","link":"https:\/\/chrystus.pl\/tr\/co-oznacza-imie-gabriel\/","title":{"rendered":"Gabriel ismi ne anlama geliyor?"},"content":{"rendered":"<p>Co oznacza imi\u0119 Gabriel? Gabriel to m\u0119skie imi\u0119 pochodz\u0105ce z j\u0119zyka hebrajskiego. W oryginale zapisywano je <em>gabri'el<\/em>. \u0130ki kilit \u00fcyeden olu\u015fmaktad\u0131r: <em>gaber<\/em> - yani bir adam ve <em>el<\/em> \u2013 czyli B\u00f3g. W dos\u0142ownym t\u0142umaczeniu z j\u0119zyka hebrajskiego imi\u0119 Gabriel znaczy \u201em\u0105\u017c Bo\u017cy\u201d albo \u201eB\u00f3g jest moim m\u0119stwem\u201d. To imi\u0119 w Polsce jest u\u017cywane ju\u017c od XIII w.<\/p>\n\n\n\n<p>Imi\u0119 Gabriel jest powszechnie znane wszystkim chrze\u015bcijanom. Nazywa\u0142 si\u0119 tak bowiem jeden z archanio\u0142\u00f3w pojawiaj\u0105cych si\u0119 Pi\u015bmie \u015awi\u0119tym. Opr\u00f3cz archanio\u0142a Gabriela w biblii wyst\u0119puj\u0105 r\u00f3wnie\u017c archanio\u0142owie Micha\u0142 i Rafa\u0142. Biblijny Gabriel zajmuje si\u0119 sprawowaniem w\u0142adzy nad rajem bo\u017cym. Ponadto dwukrotnie wyst\u0119puje w Ewangelii wed\u0142ug \u015bw. \u0141ukasza. Pierwszy raz, kiedy zwiastuje Zachariaszowi narodziny Jana Chrzciciela. Drugi, gdy zwiastuje Maryi narodziny Jezusa Chrystusa. Ten fragment jest szczeg\u00f3lnie istotny z punktu widzenia chrze\u015bcija\u0144stwa. W ko\u015bciele katolickim co roku 25 marca obchodzimy uroczysto\u015b\u0107 Zwiastowania Pa\u0144skiego.<\/p>\n\n\n\n<p>Ba\u015fmelek Cebrail, \u0130ncil'de resmi olarak bir melek olarak an\u0131lm\u0131\u015ft\u0131r. Ancak H\u0131ristiyan gelene\u011findeki \u00f6nemi nedeniyle ba\u015f melek olarak adland\u0131r\u0131l\u0131r. Cebrail, di\u011ferlerinin yan\u0131 s\u0131ra filatelistlerin, posta \u00e7al\u0131\u015fanlar\u0131n\u0131n, diplomatlar\u0131n, radyo ve televizyonun koruyucu azizidir. Katoliklikte de sayg\u0131 duyulan bir nesnedir. Ba\u015fmelek Cebrail'e okunan \u00e7ok say\u0131da dua vard\u0131r. En pop\u00fcler olan\u0131, ondan \u00e7ocu\u011fumuza g\u00f6z kulak olmas\u0131n\u0131 istedi\u011fimiz duad\u0131r. Ayin s\u0131ras\u0131nda s\u0131k s\u0131k 'Ba\u015fmelek Cebrail' \u015fark\u0131s\u0131 s\u00f6ylenir. Cebrail fig\u00fcr\u00fcn\u00fcn \u0130slam ve Musevilik gibi di\u011fer dinlerde de yer ald\u0131\u011f\u0131n\u0131 belirtmek gerekir.<\/p>","protected":false},"excerpt":{"rendered":"<p>Co oznacza imi\u0119 Gabriel? Gabriel to m\u0119skie imi\u0119 pochodz\u0105ce z j\u0119zyka hebrajskiego. W oryginale zapisywano je gabri\u2019el. Sk\u0142ada si\u0119 ono z dw\u00f3ch kluczowych cz\u0142on\u00f3w: gaber \u2013 czyli m\u0119\u017cczyzna oraz el \u2013 czyli B\u00f3g. W dos\u0142ownym t\u0142umaczeniu z j\u0119zyka hebrajskiego imi\u0119 Gabriel znaczy \u201em\u0105\u017c Bo\u017cy\u201d albo \u201eB\u00f3g jest moim m\u0119stwem\u201d. To imi\u0119 w Polsce jest u\u017cywane &hellip;<\/p>","protected":false},"author":1,"featured_media":0,"comment_status":"closed","ping_status":"closed","sticky":false,"template":"","format":"standard","meta":{"footnotes":""},"categories":[57],"tags":[],"class_list":["post-2256","post","type-post","status-publish","format-standard","hentry","category-chrzest-polski"],"yoast_head":"<!-- This site is optimized with the Yoast SEO plugin v27.5 - https:\/\/yoast.com\/product\/yoast-seo-wordpress\/ -->\n<title>Co oznacza imi\u0119 Gabriel? - Chrystus<\/title>\n<meta name=\"description\" content=\"Co oznacza imi\u0119 Gabriel? Gabriel to m\u0119skie imi\u0119 pochodz\u0105ce z j\u0119zyka hebrajskiego. W oryginale zapisywano je gabri\u2019el. Sk\u0142ada si\u0119 ono z dw\u00f3ch kluczowych\" \/>\n<meta name=\"robots\" content=\"index, follow, max-snippet:-1, max-image-preview:large, max-video-preview:-1\" \/>\n<link rel=\"canonical\" href=\"https:\/\/chrystus.pl\/tr\/ne-anlama-geliyor-gabriel-2\/\" \/>\n<meta property=\"og:locale\" content=\"tr_TR\" \/>\n<meta property=\"og:type\" content=\"article\" \/>\n<meta property=\"og:title\" content=\"Co oznacza imi\u0119 Gabriel? - Chrystus\" \/>\n<meta property=\"og:description\" content=\"Co oznacza imi\u0119 Gabriel? Gabriel to m\u0119skie imi\u0119 pochodz\u0105ce z j\u0119zyka hebrajskiego. W oryginale zapisywano je gabri\u2019el. Sk\u0142ada si\u0119 ono z dw\u00f3ch kluczowych\" \/>\n<meta property=\"og:url\" content=\"https:\/\/chrystus.pl\/tr\/ne-anlama-geliyor-gabriel-2\/\" \/>\n<meta property=\"og:site_name\" content=\"Chrystus\" \/>\n<meta property=\"article:published_time\" content=\"2022-01-09T03:42:42+00:00\" \/>\n<meta property=\"article:modified_time\" content=\"2022-01-09T03:42:45+00:00\" \/>\n<meta name=\"author\" content=\"Samarytanka\" \/>\n<meta name=\"twitter:card\" content=\"summary_large_image\" \/>\n<meta name=\"twitter:label1\" content=\"Yazan:\" \/>\n\t<meta name=\"twitter:data1\" content=\"Samarytanka\" \/>\n\t<meta name=\"twitter:label2\" content=\"Tahmini okuma s\u00fcresi\" \/>\n\t<meta name=\"twitter:data2\" content=\"2 dakika\" \/>\n<!-- \/ Yoast SEO plugin. -->","yoast_head_json":{"title":"Gabriel ismi ne anlama geliyor? - Mesih","description":"Gabriel ismi ne anlama geliyor? Gabriel, \u0130branice dilinden t\u00fcretilmi\u015f bir erkek ismidir. Orijinalinde gabri'el olarak yaz\u0131l\u0131rd\u0131. \u0130ki anahtar kelimeden olu\u015fur","robots":{"index":"index","follow":"follow","max-snippet":"max-snippet:-1","max-image-preview":"max-image-preview:large","max-video-preview":"max-video-preview:-1"},"canonical":"https:\/\/chrystus.pl\/tr\/ne-anlama-geliyor-gabriel-2\/","og_locale":"tr_TR","og_type":"article","og_title":"Co oznacza imi\u0119 Gabriel? - Chrystus","og_description":"Co oznacza imi\u0119 Gabriel? Gabriel to m\u0119skie imi\u0119 pochodz\u0105ce z j\u0119zyka hebrajskiego. W oryginale zapisywano je gabri\u2019el. Sk\u0142ada si\u0119 ono z dw\u00f3ch kluczowych","og_url":"https:\/\/chrystus.pl\/tr\/ne-anlama-geliyor-gabriel-2\/","og_site_name":"Chrystus","article_published_time":"2022-01-09T03:42:42+00:00","article_modified_time":"2022-01-09T03:42:45+00:00","author":"Samarytanka","twitter_card":"summary_large_image","twitter_misc":{"Yazan:":"Samarytanka","Tahmini okuma s\u00fcresi":"2 dakika"},"schema":{"@context":"https:\/\/schema.org","@graph":[{"@type":"Article","@id":"https:\/\/chrystus.pl\/co-oznacza-imie-gabriel\/#article","isPartOf":{"@id":"https:\/\/chrystus.pl\/co-oznacza-imie-gabriel\/"},"author":{"name":"Samarytanka","@id":"https:\/\/chrystus.pl\/#\/schema\/person\/e2e742452b8b7b2bcd23ea180671d27a"},"headline":"Co oznacza imi\u0119 Gabriel?","datePublished":"2022-01-09T03:42:42+00:00","dateModified":"2022-01-09T03:42:45+00:00","mainEntityOfPage":{"@id":"https:\/\/chrystus.pl\/co-oznacza-imie-gabriel\/"},"wordCount":276,"publisher":{"@id":"https:\/\/chrystus.pl\/#organization"},"articleSection":["Chrzest Polski"],"inLanguage":"tr"},{"@type":"WebPage","@id":"https:\/\/chrystus.pl\/co-oznacza-imie-gabriel\/","url":"https:\/\/chrystus.pl\/co-oznacza-imie-gabriel\/","name":"Gabriel ismi ne anlama geliyor? - Mesih","isPartOf":{"@id":"https:\/\/chrystus.pl\/#website"},"datePublished":"2022-01-09T03:42:42+00:00","dateModified":"2022-01-09T03:42:45+00:00","description":"Gabriel ismi ne anlama geliyor? Gabriel, \u0130branice dilinden t\u00fcretilmi\u015f bir erkek ismidir. Orijinalinde gabri'el olarak yaz\u0131l\u0131rd\u0131. \u0130ki anahtar kelimeden olu\u015fur","breadcrumb":{"@id":"https:\/\/chrystus.pl\/co-oznacza-imie-gabriel\/#breadcrumb"},"inLanguage":"tr","potentialAction":[{"@type":"ReadAction","target":["https:\/\/chrystus.pl\/co-oznacza-imie-gabriel\/"]}]},{"@type":"BreadcrumbList","@id":"https:\/\/chrystus.pl\/co-oznacza-imie-gabriel\/#breadcrumb","itemListElement":[{"@type":"ListItem","position":1,"name":"Strona g\u0142\u00f3wna","item":"https:\/\/chrystus.pl\/"},{"@type":"ListItem","position":2,"name":"Co oznacza imi\u0119 Gabriel?"}]},{"@type":"WebSite","@id":"https:\/\/chrystus.pl\/#website","url":"https:\/\/chrystus.pl\/","name":"Mesih","description":"Tanr\u0131, Meryem, \u0130sa, Kom\u00fcnyon ve daha fazlas\u0131","publisher":{"@id":"https:\/\/chrystus.pl\/#organization"},"potentialAction":[{"@type":"SearchAction","target":{"@type":"EntryPoint","urlTemplate":"https:\/\/chrystus.pl\/?s={search_term_string}"},"query-input":{"@type":"PropertyValueSpecification","valueRequired":true,"valueName":"search_term_string"}}],"inLanguage":"tr"},{"@type":"Organization","@id":"https:\/\/chrystus.pl\/#organization","name":"Christ.pl","url":"https:\/\/chrystus.pl\/","logo":{"@type":"ImageObject","inLanguage":"tr","@id":"https:\/\/chrystus.pl\/#\/schema\/logo\/image\/","url":"https:\/\/chrystus.pl\/wp-content\/uploads\/2019\/03\/chrystus-bog-maryja-komunia-bierzmowanie.jpg","contentUrl":"https:\/\/chrystus.pl\/wp-content\/uploads\/2019\/03\/chrystus-bog-maryja-komunia-bierzmowanie.jpg","width":1920,"height":1280,"caption":"Chrystus.pl"},"image":{"@id":"https:\/\/chrystus.pl\/#\/schema\/logo\/image\/"}},{"@type":"Person","@id":"https:\/\/chrystus.pl\/#\/schema\/person\/e2e742452b8b7b2bcd23ea180671d27a","name":"Samaritan kad\u0131n"}]}},"_links":{"self":[{"href":"https:\/\/chrystus.pl\/tr\/wp-json\/wp\/v2\/posts\/2256","targetHints":{"allow":["GET"]}}],"collection":[{"href":"https:\/\/chrystus.pl\/tr\/wp-json\/wp\/v2\/posts"}],"about":[{"href":"https:\/\/chrystus.pl\/tr\/wp-json\/wp\/v2\/types\/post"}],"author":[{"embeddable":true,"href":"https:\/\/chrystus.pl\/tr\/wp-json\/wp\/v2\/users\/1"}],"replies":[{"embeddable":true,"href":"https:\/\/chrystus.pl\/tr\/wp-json\/wp\/v2\/comments?post=2256"}],"version-history":[{"count":0,"href":"https:\/\/chrystus.pl\/tr\/wp-json\/wp\/v2\/posts\/2256\/revisions"}],"wp:attachment":[{"href":"https:\/\/chrystus.pl\/tr\/wp-json\/wp\/v2\/media?parent=2256"}],"wp:term":[{"taxonomy":"category","embeddable":true,"href":"https:\/\/chrystus.pl\/tr\/wp-json\/wp\/v2\/categories?post=2256"},{"taxonomy":"post_tag","embeddable":true,"href":"https:\/\/chrystus.pl\/tr\/wp-json\/wp\/v2\/tags?post=2256"}],"curies":[{"name":"wp","href":"https:\/\/api.w.org\/{rel}","templated":true}]}}