{"id":2275,"date":"2022-01-09T13:58:45","date_gmt":"2022-01-09T13:58:45","guid":{"rendered":"https:\/\/chrystus.pl\/?p=2275"},"modified":"2022-01-09T13:58:48","modified_gmt":"2022-01-09T13:58:48","slug":"co-potrzeba-do-chrztu-dziecka","status":"publish","type":"post","link":"https:\/\/chrystus.pl\/tr\/co-potrzeba-do-chrztu-dziecka\/","title":{"rendered":"Bir \u00e7ocu\u011fun vaftizi i\u00e7in ne gereklidir?"},"content":{"rendered":"<p>Chrzest \u015bwi\u0119ty to jedno z najwa\u017cniejszych wydarze\u0144 w \u017cyciu ka\u017cdego chrze\u015bcijanina. Sakrament ten zosta\u0142 zapocz\u0105tkowany przez Jana Chrzciciela (od kt\u00f3rego pochodzi nazwa naszej religii), a p\u00f3\u017aniej rozwini\u0119ty przez Jezusa Chrystusa i Jego uczni\u00f3w. Jan chrzci\u0142 wod\u0105, Jezus za\u015b Duchem \u015awi\u0119tym.<\/p>\n\n\n\n<p>G\u00fcn\u00fcm\u00fczde \u00e7o\u011fumuz k\u00fc\u00e7\u00fck birer \u00e7ocukken vaftiz edildik. Bu da vaftizimizin nas\u0131l ger\u00e7ekle\u015fti\u011fini genellikle hat\u0131rlamamam\u0131za neden oluyor. Bu nedenle, bazen \"bir \u00e7ocu\u011fu vaftiz etmek i\u00e7in ne gerekir?\" sorusu ortaya \u00e7\u0131kabilir. A\u015fa\u011f\u0131daki metinde bu soruyu yan\u0131tlamaya \u00e7al\u0131\u015faca\u011f\u0131z.<\/p>\n\n\n\n<p>Aby dziecko mog\u0142o przyst\u0105pi\u0107 do sakramentu Chrztu \u015bwi\u0119tego, jego rodzice s\u0105 zobowi\u0105zani do przedstawienia pewnych dokument\u00f3w. S\u0105 nimi:<\/p>\n\n\n\n<ul class=\"wp-block-list\"><li>\u00e7ocu\u011fun do\u011fum belgesi<\/li><li>ebeveynlerin kimlik belgeleri (\u00f6rne\u011fin, n\u00fcfus c\u00fczdanlar\u0131)<\/li><li>evlilik c\u00fczdan\u0131 veya ebeveynler kutsal olmayan bir ili\u015fki i\u00e7inde ya\u015f\u0131yorlarsa kilise papaz\u0131n\u0131n onay\u0131<\/li><li>yeni bir g\u00fcnah \u00e7\u0131karma belgesi.<\/li><\/ul>\n\n\n\n<p>Vaftiz ebeveynleri yapmal\u0131:<\/p>\n\n\n\n<ul class=\"wp-block-list\"><li>vaftiz ebeveyni olabileceklerini onaylayan bir sertifikaya sahip olmalar\u0131<\/li><li>przekaza\u0107 dane osobowe (imi\u0119 i nazwisko, adres, wiek, wyznanie)<\/li><li>yeni bir g\u00fcnah \u00e7\u0131karma belgesi.<\/li><\/ul>\n\n\n\n<p>Kutsal Vaftiz sadece geleneksel bir aile kutlamas\u0131 de\u011fildir, bu nedenle \u00f6nemini unutmamal\u0131y\u0131z. Vaftiz t\u00f6reni yap\u0131ld\u0131\u011f\u0131nda, anne-baba ve vaftiz anne-babas\u0131 \u00e7ocu\u011fu imanda yeti\u015ftireceklerine ve \u00e7ocu\u011fun ruhani ya\u015fam\u0131n\u0131n sorumlulu\u011funu \u00fcstleneceklerine s\u00f6z verirler. Tanr\u0131'n\u0131n yard\u0131m\u0131yla bu daha kolay olacak ve erken at\u0131lan inan\u00e7 temelleri gelecek y\u0131llarda destek olacakt\u0131r.<\/p>","protected":false},"excerpt":{"rendered":"<p>Chrzest \u015bwi\u0119ty to jedno z najwa\u017cniejszych wydarze\u0144 w \u017cyciu ka\u017cdego chrze\u015bcijanina. Sakrament ten zosta\u0142 zapocz\u0105tkowany przez Jana Chrzciciela (od kt\u00f3rego pochodzi nazwa naszej religii), a p\u00f3\u017aniej rozwini\u0119ty przez Jezusa Chrystusa i Jego uczni\u00f3w. Jan chrzci\u0142 wod\u0105, Jezus za\u015b Duchem \u015awi\u0119tym. Obecnie, wi\u0119kszo\u015b\u0107 z nas zosta\u0142a ochrzczona jako ma\u0142e dzieci. Sprawia to, \u017ce zwykle nie pami\u0119tamy &hellip;<\/p>","protected":false},"author":1,"featured_media":0,"comment_status":"closed","ping_status":"closed","sticky":false,"template":"","format":"standard","meta":{"footnotes":""},"categories":[33,53],"tags":[],"class_list":["post-2275","post","type-post","status-publish","format-standard","hentry","category-kosciol","category-wielkanoc"],"yoast_head":"<!-- This site is optimized with the Yoast SEO plugin v27.5 - https:\/\/yoast.com\/product\/yoast-seo-wordpress\/ -->\n<title>Co potrzeba do chrztu dziecka? - Chrystus<\/title>\n<meta name=\"description\" content=\"Chrzest \u015bwi\u0119ty to jedno z najwa\u017cniejszych wydarze\u0144 w \u017cyciu ka\u017cdego chrze\u015bcijanina. Sakrament ten zosta\u0142 zapocz\u0105tkowany przez Jana Chrzciciela (od kt\u00f3rego\" \/>\n<meta name=\"robots\" content=\"index, follow, max-snippet:-1, max-image-preview:large, max-video-preview:-1\" \/>\n<link rel=\"canonical\" href=\"https:\/\/chrystus.pl\/tr\/vaftiz-edilmesi-gereken-cocuk-2\/\" \/>\n<meta property=\"og:locale\" content=\"tr_TR\" \/>\n<meta property=\"og:type\" content=\"article\" \/>\n<meta property=\"og:title\" content=\"Co potrzeba do chrztu dziecka? - Chrystus\" \/>\n<meta property=\"og:description\" content=\"Chrzest \u015bwi\u0119ty to jedno z najwa\u017cniejszych wydarze\u0144 w \u017cyciu ka\u017cdego chrze\u015bcijanina. Sakrament ten zosta\u0142 zapocz\u0105tkowany przez Jana Chrzciciela (od kt\u00f3rego\" \/>\n<meta property=\"og:url\" content=\"https:\/\/chrystus.pl\/tr\/vaftiz-edilmesi-gereken-cocuk-2\/\" \/>\n<meta property=\"og:site_name\" content=\"Chrystus\" \/>\n<meta property=\"article:published_time\" content=\"2022-01-09T13:58:45+00:00\" \/>\n<meta property=\"article:modified_time\" content=\"2022-01-09T13:58:48+00:00\" \/>\n<meta name=\"author\" content=\"Samarytanka\" \/>\n<meta name=\"twitter:card\" content=\"summary_large_image\" \/>\n<meta name=\"twitter:label1\" content=\"Yazan:\" \/>\n\t<meta name=\"twitter:data1\" content=\"Samarytanka\" \/>\n\t<meta name=\"twitter:label2\" content=\"Tahmini okuma s\u00fcresi\" \/>\n\t<meta name=\"twitter:data2\" content=\"2 dakika\" \/>\n<!-- \/ Yoast SEO plugin. -->","yoast_head_json":{"title":"Bir \u00e7ocu\u011fu vaftiz etmek i\u00e7in ne gerekir? - Mesih","description":"Kutsal Vaftiz, her H\u0131ristiyan'\u0131n ya\u015fam\u0131ndaki en \u00f6nemli olaylardan biridir. Bu kutsal t\u00f6ren, Vaftizci Yahya taraf\u0131ndan ba\u015flat\u0131lm\u0131\u015ft\u0131r.","robots":{"index":"index","follow":"follow","max-snippet":"max-snippet:-1","max-image-preview":"max-image-preview:large","max-video-preview":"max-video-preview:-1"},"canonical":"https:\/\/chrystus.pl\/tr\/vaftiz-edilmesi-gereken-cocuk-2\/","og_locale":"tr_TR","og_type":"article","og_title":"Co potrzeba do chrztu dziecka? - Chrystus","og_description":"Chrzest \u015bwi\u0119ty to jedno z najwa\u017cniejszych wydarze\u0144 w \u017cyciu ka\u017cdego chrze\u015bcijanina. Sakrament ten zosta\u0142 zapocz\u0105tkowany przez Jana Chrzciciela (od kt\u00f3rego","og_url":"https:\/\/chrystus.pl\/tr\/vaftiz-edilmesi-gereken-cocuk-2\/","og_site_name":"Chrystus","article_published_time":"2022-01-09T13:58:45+00:00","article_modified_time":"2022-01-09T13:58:48+00:00","author":"Samarytanka","twitter_card":"summary_large_image","twitter_misc":{"Yazan:":"Samarytanka","Tahmini okuma s\u00fcresi":"2 dakika"},"schema":{"@context":"https:\/\/schema.org","@graph":[{"@type":"Article","@id":"https:\/\/chrystus.pl\/co-potrzeba-do-chrztu-dziecka\/#article","isPartOf":{"@id":"https:\/\/chrystus.pl\/co-potrzeba-do-chrztu-dziecka\/"},"author":{"name":"Samarytanka","@id":"https:\/\/chrystus.pl\/#\/schema\/person\/e2e742452b8b7b2bcd23ea180671d27a"},"headline":"Co potrzeba do chrztu dziecka?","datePublished":"2022-01-09T13:58:45+00:00","dateModified":"2022-01-09T13:58:48+00:00","mainEntityOfPage":{"@id":"https:\/\/chrystus.pl\/co-potrzeba-do-chrztu-dziecka\/"},"wordCount":248,"publisher":{"@id":"https:\/\/chrystus.pl\/#organization"},"articleSection":["Ko\u015bci\u00f3\u0142","Wielkanoc"],"inLanguage":"tr"},{"@type":"WebPage","@id":"https:\/\/chrystus.pl\/co-potrzeba-do-chrztu-dziecka\/","url":"https:\/\/chrystus.pl\/co-potrzeba-do-chrztu-dziecka\/","name":"Bir \u00e7ocu\u011fu vaftiz etmek i\u00e7in ne gerekir? - Mesih","isPartOf":{"@id":"https:\/\/chrystus.pl\/#website"},"datePublished":"2022-01-09T13:58:45+00:00","dateModified":"2022-01-09T13:58:48+00:00","description":"Kutsal Vaftiz, her H\u0131ristiyan'\u0131n ya\u015fam\u0131ndaki en \u00f6nemli olaylardan biridir. Bu kutsal t\u00f6ren, Vaftizci Yahya taraf\u0131ndan ba\u015flat\u0131lm\u0131\u015ft\u0131r.","breadcrumb":{"@id":"https:\/\/chrystus.pl\/co-potrzeba-do-chrztu-dziecka\/#breadcrumb"},"inLanguage":"tr","potentialAction":[{"@type":"ReadAction","target":["https:\/\/chrystus.pl\/co-potrzeba-do-chrztu-dziecka\/"]}]},{"@type":"BreadcrumbList","@id":"https:\/\/chrystus.pl\/co-potrzeba-do-chrztu-dziecka\/#breadcrumb","itemListElement":[{"@type":"ListItem","position":1,"name":"Strona g\u0142\u00f3wna","item":"https:\/\/chrystus.pl\/"},{"@type":"ListItem","position":2,"name":"Co potrzeba do chrztu dziecka?"}]},{"@type":"WebSite","@id":"https:\/\/chrystus.pl\/#website","url":"https:\/\/chrystus.pl\/","name":"Mesih","description":"Tanr\u0131, Meryem, \u0130sa, Kom\u00fcnyon ve daha fazlas\u0131","publisher":{"@id":"https:\/\/chrystus.pl\/#organization"},"potentialAction":[{"@type":"SearchAction","target":{"@type":"EntryPoint","urlTemplate":"https:\/\/chrystus.pl\/?s={search_term_string}"},"query-input":{"@type":"PropertyValueSpecification","valueRequired":true,"valueName":"search_term_string"}}],"inLanguage":"tr"},{"@type":"Organization","@id":"https:\/\/chrystus.pl\/#organization","name":"Christ.pl","url":"https:\/\/chrystus.pl\/","logo":{"@type":"ImageObject","inLanguage":"tr","@id":"https:\/\/chrystus.pl\/#\/schema\/logo\/image\/","url":"https:\/\/chrystus.pl\/wp-content\/uploads\/2019\/03\/chrystus-bog-maryja-komunia-bierzmowanie.jpg","contentUrl":"https:\/\/chrystus.pl\/wp-content\/uploads\/2019\/03\/chrystus-bog-maryja-komunia-bierzmowanie.jpg","width":1920,"height":1280,"caption":"Chrystus.pl"},"image":{"@id":"https:\/\/chrystus.pl\/#\/schema\/logo\/image\/"}},{"@type":"Person","@id":"https:\/\/chrystus.pl\/#\/schema\/person\/e2e742452b8b7b2bcd23ea180671d27a","name":"Samaritan kad\u0131n"}]}},"_links":{"self":[{"href":"https:\/\/chrystus.pl\/tr\/wp-json\/wp\/v2\/posts\/2275","targetHints":{"allow":["GET"]}}],"collection":[{"href":"https:\/\/chrystus.pl\/tr\/wp-json\/wp\/v2\/posts"}],"about":[{"href":"https:\/\/chrystus.pl\/tr\/wp-json\/wp\/v2\/types\/post"}],"author":[{"embeddable":true,"href":"https:\/\/chrystus.pl\/tr\/wp-json\/wp\/v2\/users\/1"}],"replies":[{"embeddable":true,"href":"https:\/\/chrystus.pl\/tr\/wp-json\/wp\/v2\/comments?post=2275"}],"version-history":[{"count":0,"href":"https:\/\/chrystus.pl\/tr\/wp-json\/wp\/v2\/posts\/2275\/revisions"}],"wp:attachment":[{"href":"https:\/\/chrystus.pl\/tr\/wp-json\/wp\/v2\/media?parent=2275"}],"wp:term":[{"taxonomy":"category","embeddable":true,"href":"https:\/\/chrystus.pl\/tr\/wp-json\/wp\/v2\/categories?post=2275"},{"taxonomy":"post_tag","embeddable":true,"href":"https:\/\/chrystus.pl\/tr\/wp-json\/wp\/v2\/tags?post=2275"}],"curies":[{"name":"wp","href":"https:\/\/api.w.org\/{rel}","templated":true}]}}