{"id":2362,"date":"2022-12-07T20:51:59","date_gmt":"2022-12-07T20:51:59","guid":{"rendered":"https:\/\/chrystus.pl\/?p=2362"},"modified":"2022-12-07T20:52:02","modified_gmt":"2022-12-07T20:52:02","slug":"patriarcha-bazyli-iii","status":"publish","type":"post","link":"https:\/\/chrystus.pl\/tr\/patriarcha-bazyli-iii\/","title":{"rendered":"Patrik Basil III"},"content":{"rendered":"<p><br>Bazyli III (ur. Basil Georgiades, 1846 &#8211; 29 wrze\u015bnia 1929) by\u0142 ekumenicznym patriarch\u0105 Konstantynopola w latach 1925-1929. Opisywano go jako m\u0105drego pra\u0142ata, &#8222;surowego w \u017cyciu, dobroczynnego, filantropa i elokwentnego pisarza&#8221;.<\/p>\n\n\n\n<p>Biyografik veriler<br>Urodzi\u0142 si\u0119 w 1846 roku w Chrysoupoli (Skoutari), Chalkidona. Jego rodzicami byli George, duchowny, i Catherine. Studiowa\u0142 teologi\u0119 i literatur\u0119 na Uniwersytecie w Atenach, kt\u00f3ry uko\u0144czy\u0142 w 1871 roku. W nast\u0119pnym roku zosta\u0142 mianowany profesorem Szko\u0142y Teologicznej w Halki, gdzie przez osiem lat wyk\u0142ada\u0142 j\u0119zyk hebrajski, hermeneutyk\u0119, Stary i Nowy Testament oraz geografi\u0119. Jednocze\u015bnie zajmowa\u0142 si\u0119 badaniami historycznymi r\u0119kopis\u00f3w i publikowa\u0142 na ten temat. B\u0119d\u0105c profesorem, zosta\u0142 w 1880 roku wys\u0142any przez Szko\u0142\u0119 na dalsze studia do Europy. Pracowa\u0142 w bibliotekach Rzymu, Berlina, Lipska, Londynu i Wiednia. W 1884 roku otrzyma\u0142 tytu\u0142 doktora filozofii na Uniwersytecie w Monachium.<\/p>\n\n\n\n<p>1884 y\u0131l\u0131nda Konstantinopolis'e d\u00f6nd\u00fc ve Patrikhane'nin ruhban okulunun m\u00fcd\u00fcrl\u00fc\u011f\u00fcne atand\u0131. Ayn\u0131 y\u0131l\u0131n Aral\u0131k ay\u0131nda, Kanuni Patrik Joachim taraf\u0131ndan diyakoz ve ihtiyar olarak takdis edildi ve ba\u015fimandrit olarak atand\u0131.<\/p>\n\n\n\n<p>8 sierpnia 1889 r. zosta\u0142 wybrany metropolit\u0105 Anchialos, a 24 wrze\u015bnia przyj\u0105\u0142 \u015bwi\u0119cenia kap\u0142a\u0144skie. Jako metropolita gorliwie anga\u017cowa\u0142 si\u0119 we wspieranie edukacji. Za jego czas\u00f3w Anchialos naby\u0142 wspania\u0142y budynek greckiej Partenagogi, wzniesiony z du\u017cym zapisem Fotini Karyandi, natomiast wspania\u0142y ko\u015bci\u00f3\u0142 Panagia zosta\u0142 uko\u0144czony. Bazyli II obj\u0105\u0142 przewodnictwo w tych pracach, nawet z osobist\u0105 prac\u0105, ale nie uda\u0142o mu si\u0119 utrzyma\u0107 jedno\u015bci swojej trzody, kt\u00f3rej bardziej konserwatywna cz\u0119\u015b\u0107 zwr\u00f3ci\u0142a si\u0119 przeciwko niemu z petycjami do patriarchatu i publikacjami w prasie. Przez pewien czas pozostawa\u0142 w Konstantynopolu jako synodysta, gdzie opowiedzia\u0142 si\u0119 po stronie frakcji przeciwnej patriarsze. W 1904 roku przes\u0142a\u0142 do Biblioteki Narodowej w Atenach r\u0119kopis muzyki ko\u015bcielnej, datowany na 1450 rok, zawieraj\u0105cy polichronizmy Konstantyna Palaiologosa. W lipcu 1906 roku Vasilios by\u0142 \u015bwiadkiem po\u017caru, kt\u00f3ry zniszczy\u0142 Anchialos, a tzw. egzarchi\u015bci podpalili tak\u017ce jego rezydencj\u0119, niszcz\u0105c jego wielk\u0105 bibliotek\u0119. Zosta\u0142 aresztowany przez Bu\u0142gar\u00f3w i do pa\u017adziernika wi\u0119ziony w Silymnie (Sumla). Po uwolnieniu zmuszony by\u0142 ucieka\u0107 do Konstantynopola. Nast\u0119pnie zosta\u0142 wys\u0142any na Cypr, aby pom\u00f3c w rozwi\u0105zaniu tamtejszego d\u0142ugotrwa\u0142ego &#8222;problemu arcybiskupstwa&#8221;. 7 lutego 1909 r. zosta\u0142 wybrany metropolit\u0105 Pelagonii, a 13 maja 1910 r. zosta\u0142 przeniesiony do metropolii Nikozji.<\/p>\n\n\n\n<p>Patrikhane<br>N\u00fcfus m\u00fcbadelesine kadar \u0130znik'te kald\u0131 ve bu s\u0131rada o zamanki Patrik Konstantin VI da m\u00fcbadele edilmi\u015f olarak kabul edildi. Patri\u011fin istifas\u0131n\u0131n ard\u0131ndan, sinod 13 Temmuz 1925'te 79 ya\u015f\u0131ndayken Basil'i halefi olarak se\u00e7ti.<\/p>\n\n\n\n<p>Podczas jego patriarchatu podpisano wymian\u0119 ludno\u015bci mi\u0119dzy Grecj\u0105 a Turcj\u0105, z kt\u00f3rej wy\u0142\u0105czono synod, biskup\u00f3w patriarchatu i patriarch\u0119. W 1925 r. godno\u015b\u0107 patriarchaln\u0105 otrzyma\u0142 Autonomiczny Ko\u015bci\u00f3\u0142 Rumunii, ale rz\u0105d turecki zabroni\u0142 zwo\u0142ania synodu panprawos\u0142awnego, kt\u00f3ry zaplanowano na grudzie\u0144 1925 r. w sprawie kalendarza i innych kwestii. Rozpocz\u0119to r\u00f3wnie\u017c negocjacje z rz\u0105dem w\u0142oskim w kwestii jurysdykcji ko\u015bcielnej okupowanego przez W\u0142och\u00f3w Dodekanezu oraz zrewidowano Kart\u0119 G\u00f3ry Athos. 4 wrze\u015bnia 1928 r. Ko\u015bci\u00f3\u0142 grecki zosta\u0142 powierzony komisyjnie administracji prowincji Tronu Ekumenicznego, kt\u00f3re znajdowa\u0142y si\u0119 teraz na terytorium Grecji (tzw. Nowe Terytoria) na mocy Aktu Patriarchalnego i Synodalnego, kt\u00f3ry szczeg\u00f3\u0142owo opisywa\u0142 dziesi\u0119\u0107 warunk\u00f3w, pod kt\u00f3rymi dokonano koncesji. R\u00f3wnie\u017c w 1928 roku przygotowano St. Myra i ratyfikowano Kart\u0119 Ko\u015bcio\u0142a w Ameryce. Wreszcie za jego czas\u00f3w rozpocz\u0119to wydawanie czasopisma Patriarchatu &#8222;Prawos\u0142awie&#8221;.<\/p>\n\n\n\n<p>Basil 29 Eyl\u00fcl 1929 tarihinde 83 ya\u015f\u0131nda \u00f6lm\u00fc\u015f ve 2 Ekim'de Patriklik Kilisesi'ne defnedilmi\u015ftir.<\/p>\n\n\n\n<p>Yunanistan B\u00fcy\u00fck Locas\u0131'n\u0131n resmi internet sitesine g\u00f6re, bir Mason locas\u0131n\u0131n \u00fcyesiydi. Patrikhanesi ile yeni kurulan T\u00fcrk devleti aras\u0131ndaki ili\u015fkilerin \u00f6nceki y\u0131llarda ya\u015fanan zorluklar\u0131n ard\u0131ndan normalle\u015fti\u011fine ve dengelendi\u011fine inan\u0131l\u0131yor.<\/p>","protected":false},"excerpt":{"rendered":"<p>Bazyli III (ur. Basil Georgiades, 1846 &#8211; 29 wrze\u015bnia 1929) by\u0142 ekumenicznym patriarch\u0105 Konstantynopola w latach 1925-1929. Opisywano go jako m\u0105drego pra\u0142ata, &#8222;surowego w \u017cyciu, dobroczynnego, filantropa i elokwentnego pisarza&#8221;. Dane biograficzneUrodzi\u0142 si\u0119 w 1846 roku w Chrysoupoli (Skoutari), Chalkidona. Jego rodzicami byli George, duchowny, i Catherine. Studiowa\u0142 teologi\u0119 i literatur\u0119 na Uniwersytecie w Atenach, &hellip;<\/p>","protected":false},"author":1,"featured_media":0,"comment_status":"closed","ping_status":"closed","sticky":false,"template":"","format":"standard","meta":{"footnotes":""},"categories":[1],"tags":[],"class_list":["post-2362","post","type-post","status-publish","format-standard","hentry","category-uncategorized"],"yoast_head":"<!-- This site is optimized with the Yoast SEO plugin v27.5 - https:\/\/yoast.com\/product\/yoast-seo-wordpress\/ -->\n<title>Patriarcha Bazyli III - Chrystus<\/title>\n<meta name=\"description\" content=\"Bazyli III (ur. Basil Georgiades, 1846 - 29 wrze\u015bnia 1929) by\u0142 ekumenicznym patriarch\u0105 Konstantynopola w latach 1925-1929. Opisywano go jako m\u0105drego\" \/>\n<meta name=\"robots\" content=\"index, follow, max-snippet:-1, max-image-preview:large, max-video-preview:-1\" \/>\n<link rel=\"canonical\" href=\"https:\/\/chrystus.pl\/tr\/patriarch-basil-iii\/\" \/>\n<meta property=\"og:locale\" content=\"tr_TR\" \/>\n<meta property=\"og:type\" content=\"article\" \/>\n<meta property=\"og:title\" content=\"Patriarcha Bazyli III - Chrystus\" \/>\n<meta property=\"og:description\" content=\"Bazyli III (ur. Basil Georgiades, 1846 - 29 wrze\u015bnia 1929) by\u0142 ekumenicznym patriarch\u0105 Konstantynopola w latach 1925-1929. Opisywano go jako m\u0105drego\" \/>\n<meta property=\"og:url\" content=\"https:\/\/chrystus.pl\/tr\/patriarch-basil-iii\/\" \/>\n<meta property=\"og:site_name\" content=\"Chrystus\" \/>\n<meta property=\"article:published_time\" content=\"2022-12-07T20:51:59+00:00\" \/>\n<meta property=\"article:modified_time\" content=\"2022-12-07T20:52:02+00:00\" \/>\n<meta name=\"author\" content=\"Samarytanka\" \/>\n<meta name=\"twitter:card\" content=\"summary_large_image\" \/>\n<meta name=\"twitter:label1\" content=\"Yazan:\" \/>\n\t<meta name=\"twitter:data1\" content=\"Samarytanka\" \/>\n\t<meta name=\"twitter:label2\" content=\"Tahmini okuma s\u00fcresi\" \/>\n\t<meta name=\"twitter:data2\" content=\"4 dakika\" \/>\n<!-- \/ Yoast SEO plugin. -->","yoast_head_json":{"title":"Patrik Basil III - Mesih","description":"Basil (Basil Georgiades, 1846 - 29 Eyl\u00fcl 1929) 1925-1929 y\u0131llar\u0131 aras\u0131nda Konstantinopolis Ek\u00fcmenik Patri\u011fi olarak g\u00f6rev yapm\u0131\u015ft\u0131r.","robots":{"index":"index","follow":"follow","max-snippet":"max-snippet:-1","max-image-preview":"max-image-preview:large","max-video-preview":"max-video-preview:-1"},"canonical":"https:\/\/chrystus.pl\/tr\/patriarch-basil-iii\/","og_locale":"tr_TR","og_type":"article","og_title":"Patriarcha Bazyli III - Chrystus","og_description":"Bazyli III (ur. Basil Georgiades, 1846 - 29 wrze\u015bnia 1929) by\u0142 ekumenicznym patriarch\u0105 Konstantynopola w latach 1925-1929. Opisywano go jako m\u0105drego","og_url":"https:\/\/chrystus.pl\/tr\/patriarch-basil-iii\/","og_site_name":"Chrystus","article_published_time":"2022-12-07T20:51:59+00:00","article_modified_time":"2022-12-07T20:52:02+00:00","author":"Samarytanka","twitter_card":"summary_large_image","twitter_misc":{"Yazan:":"Samarytanka","Tahmini okuma s\u00fcresi":"4 dakika"},"schema":{"@context":"https:\/\/schema.org","@graph":[{"@type":"Article","@id":"https:\/\/chrystus.pl\/en\/patriarch-basil-iii\/#article","isPartOf":{"@id":"https:\/\/chrystus.pl\/en\/patriarch-basil-iii\/"},"author":{"name":"Samarytanka","@id":"https:\/\/chrystus.pl\/#\/schema\/person\/e2e742452b8b7b2bcd23ea180671d27a"},"headline":"Patriarcha Bazyli III","datePublished":"2022-12-07T20:51:59+00:00","dateModified":"2022-12-07T20:52:02+00:00","mainEntityOfPage":{"@id":"https:\/\/chrystus.pl\/en\/patriarch-basil-iii\/"},"wordCount":640,"publisher":{"@id":"https:\/\/chrystus.pl\/#organization"},"articleSection":["Uncategorized"],"inLanguage":"tr"},{"@type":"WebPage","@id":"https:\/\/chrystus.pl\/en\/patriarch-basil-iii\/","url":"https:\/\/chrystus.pl\/en\/patriarch-basil-iii\/","name":"Patrik Basil III - Mesih","isPartOf":{"@id":"https:\/\/chrystus.pl\/#website"},"datePublished":"2022-12-07T20:51:59+00:00","dateModified":"2022-12-07T20:52:02+00:00","description":"Basil (Basil Georgiades, 1846 - 29 Eyl\u00fcl 1929) 1925-1929 y\u0131llar\u0131 aras\u0131nda Konstantinopolis Ek\u00fcmenik Patri\u011fi olarak g\u00f6rev yapm\u0131\u015ft\u0131r.","breadcrumb":{"@id":"https:\/\/chrystus.pl\/en\/patriarch-basil-iii\/#breadcrumb"},"inLanguage":"tr","potentialAction":[{"@type":"ReadAction","target":["https:\/\/chrystus.pl\/en\/patriarch-basil-iii\/"]}]},{"@type":"BreadcrumbList","@id":"https:\/\/chrystus.pl\/en\/patriarch-basil-iii\/#breadcrumb","itemListElement":[{"@type":"ListItem","position":1,"name":"Strona g\u0142\u00f3wna","item":"https:\/\/chrystus.pl\/"},{"@type":"ListItem","position":2,"name":"Patriarcha Bazyli III"}]},{"@type":"WebSite","@id":"https:\/\/chrystus.pl\/#website","url":"https:\/\/chrystus.pl\/","name":"Mesih","description":"Tanr\u0131, Meryem, \u0130sa, Kom\u00fcnyon ve daha fazlas\u0131","publisher":{"@id":"https:\/\/chrystus.pl\/#organization"},"potentialAction":[{"@type":"SearchAction","target":{"@type":"EntryPoint","urlTemplate":"https:\/\/chrystus.pl\/?s={search_term_string}"},"query-input":{"@type":"PropertyValueSpecification","valueRequired":true,"valueName":"search_term_string"}}],"inLanguage":"tr"},{"@type":"Organization","@id":"https:\/\/chrystus.pl\/#organization","name":"Christ.pl","url":"https:\/\/chrystus.pl\/","logo":{"@type":"ImageObject","inLanguage":"tr","@id":"https:\/\/chrystus.pl\/#\/schema\/logo\/image\/","url":"https:\/\/chrystus.pl\/wp-content\/uploads\/2019\/03\/chrystus-bog-maryja-komunia-bierzmowanie.jpg","contentUrl":"https:\/\/chrystus.pl\/wp-content\/uploads\/2019\/03\/chrystus-bog-maryja-komunia-bierzmowanie.jpg","width":1920,"height":1280,"caption":"Chrystus.pl"},"image":{"@id":"https:\/\/chrystus.pl\/#\/schema\/logo\/image\/"}},{"@type":"Person","@id":"https:\/\/chrystus.pl\/#\/schema\/person\/e2e742452b8b7b2bcd23ea180671d27a","name":"Samaritan kad\u0131n"}]}},"_links":{"self":[{"href":"https:\/\/chrystus.pl\/tr\/wp-json\/wp\/v2\/posts\/2362","targetHints":{"allow":["GET"]}}],"collection":[{"href":"https:\/\/chrystus.pl\/tr\/wp-json\/wp\/v2\/posts"}],"about":[{"href":"https:\/\/chrystus.pl\/tr\/wp-json\/wp\/v2\/types\/post"}],"author":[{"embeddable":true,"href":"https:\/\/chrystus.pl\/tr\/wp-json\/wp\/v2\/users\/1"}],"replies":[{"embeddable":true,"href":"https:\/\/chrystus.pl\/tr\/wp-json\/wp\/v2\/comments?post=2362"}],"version-history":[{"count":0,"href":"https:\/\/chrystus.pl\/tr\/wp-json\/wp\/v2\/posts\/2362\/revisions"}],"wp:attachment":[{"href":"https:\/\/chrystus.pl\/tr\/wp-json\/wp\/v2\/media?parent=2362"}],"wp:term":[{"taxonomy":"category","embeddable":true,"href":"https:\/\/chrystus.pl\/tr\/wp-json\/wp\/v2\/categories?post=2362"},{"taxonomy":"post_tag","embeddable":true,"href":"https:\/\/chrystus.pl\/tr\/wp-json\/wp\/v2\/tags?post=2362"}],"curies":[{"name":"wp","href":"https:\/\/api.w.org\/{rel}","templated":true}]}}