{"id":340,"date":"2019-04-09T22:49:07","date_gmt":"2019-04-09T22:49:07","guid":{"rendered":"https:\/\/chrystus.pl\/?p=340"},"modified":"2020-01-13T07:54:08","modified_gmt":"2020-01-13T07:54:08","slug":"czy-kosciol-zielonoswiatkowy-to-sekta","status":"publish","type":"post","link":"https:\/\/chrystus.pl\/tr\/czy-kosciol-zielonoswiatkowy-to-sekta\/","title":{"rendered":"Pentekostal Kilisesi bir mezhep midir?"},"content":{"rendered":"<p><span id=\"urn:enhancement-c8c9f4a5-402b-daf1-8328-91d3d797a4c6\" class=\"textannotation disambiguated wl-thing\" itemid=\"\">Pentekostal Kilisesi<\/span> bedava <span id=\"urn:enhancement-c8e5580e-a5b5-0184-8349-3e3fb0796926\" class=\"textannotation disambiguated wl-thing\" itemid=\"\">K\u0130L\u0130SE<\/span> Protestan karakterli <span id=\"urn:enhancement-fdab4e63-0993-675e-0bf4-dc43cb4c631e\" class=\"textannotation disambiguated wl-thing\" itemid=\"\">evanjeli\u0307k<\/span> Pentekostal hareket. As <span id=\"urn:enhancement-a8ce6499-5c72-0313-ac88-fd4d0a323c87\" class=\"textannotation disambiguated wl-thing\" itemid=\"\">topluluk<\/span> En b\u00fcy\u00fck ikinci Protestan mezhebini olu\u015fturmaktad\u0131r. Yakla\u015f\u0131k 24.000 taraftar\u0131 vard\u0131r. Bir\u00e7ok insan bunun ger\u00e7ekte ne oldu\u011funu bilmiyor <span id=\"urn:enhancement-41863254-e5f9-e5d9-5394-98886dfc5568\" class=\"textannotation disambiguated wl-thing\" itemid=\"\">Kilise<\/span> Pentekostal. <span id=\"urn:enhancement-f77969b7-12d6-d08e-8248-ac8a17a24ee5\" class=\"textannotation disambiguated wl-thing\" itemid=\"\">Pentekostallar<\/span> bir H\u0131ristiyan kilisesi olmak ve m\u00fcmk\u00fcn oldu\u011funca l\u00fctuftan s\u00f6z eden Kutsal Kitap ger\u00e7eklerine ba\u011fl\u0131 kalmak <span id=\"urn:enhancement-00a8e8a8-683e-6b1d-06c2-9a97bee8cdce\" class=\"textannotation disambiguated wl-thing\" itemid=\"\">kurtulu\u015f<\/span>. <span id=\"urn:enhancement-2e74e332-a76f-7ae4-fccc-bee367bd63f4\" class=\"textannotation disambiguated wl-thing\" itemid=\"\">\u0130ncil<\/span> onlar\u0131 en b\u00fcy\u00fck ger\u00e7ek olarak kabul edin ve onlarda <span id=\"urn:enhancement-8e606d41-c774-0080-4211-1a72be6ba856\" class=\"textannotation disambiguated wl-thing\" itemid=\"\">Tanr\u0131'n\u0131n S\u00f6z\u00fc<\/span>. Onlar ayn\u0131 zamanda kutsal bir eylem olan <span id=\"urn:enhancement-4e149022-24f9-c010-a700-7263955b46ca\" class=\"textannotation disambiguated wl-thing\" itemid=\"\">Kutsal Ruh<\/span>. Bu ismin k\u00f6keni \u015furaya dayan\u0131yor <span id=\"urn:enhancement-676ea591-4777-8596-9415-8b61a604466e\" class=\"textannotation disambiguated wl-thing\" itemid=\"\">\u0130nciller<\/span>. \u015euradan t\u00fcremi\u015ftir <span id=\"urn:enhancement-2eb969e2-b077-1000-6759-46c1274576ec\" class=\"textannotation disambiguated wl-thing\" itemid=\"\">Pentekost<\/span>i\u00e7inde a\u00e7\u0131klanan <span id=\"urn:enhancement-3131a8c0-2673-e4eb-bc1b-66001e140bd9\" class=\"textannotation disambiguated wl-thing\" itemid=\"\">Havarilerin \u0130\u015fleri<\/span>.<\/p>\n<p>Mezhep nedir? Mezhep, dini bir grupta meydana gelen bir b\u00f6l\u00fcnme sonucunda olu\u015fan belirli bir sosyal gruptur. Belli bir ideoloji etraf\u0131nda \u015fekilleniyor. Bir mezhep k\u00fclt\u00fcrel bir gruptur. Baz\u0131lar\u0131na g\u00f6re mezhep, ana gruptan ayr\u0131lan herhangi bir dini gruptur.<\/p>\n<p>B\u00f6ylece, ister <span id=\"urn:enhancement-661fee53-68e4-5ec1-63ed-33ad0c8851e9\" class=\"textannotation disambiguated wl-thing\" itemid=\"\">Pentekostal Kilisesi<\/span> Bu bir mezhep mi? A\u00e7\u0131s\u0131ndan <span id=\"urn:enhancement-7db43d42\" class=\"textannotation disambiguated wl-other\" itemid=\"http:\/\/data.wordlift.io\/wl01378\/entity\/teologia\">teolojik<\/span> Kesinlikle evet. Ancak baz\u0131 terimlerin ay\u0131rt edilmesi gerekir. Baz\u0131 \u00e7evrelerde mezhep kavram\u0131 tamamen yanl\u0131\u015f bir \u00e7a\u011fr\u0131\u015f\u0131m yapabilmektedir. Baz\u0131lar\u0131 bunu fanatizmle ili\u015fkilendirmektedir. Mezhep terimi g\u00fcnl\u00fck dilde a\u015fa\u011f\u0131lay\u0131c\u0131 \u00e7a\u011fr\u0131\u015f\u0131mlara sahiptir. Bu nedenle 'yeni dini hareket' terimi kabul g\u00f6rm\u00fc\u015ft\u00fcr.<\/p>\n<p>Resmi olarak, mezhep kelimesi resmi dilde de mevcut de\u011fildir. Yasal olarak bu t\u00fcr gruplar basit\u00e7e dini dernek olarak adland\u0131r\u0131l\u0131r.<\/p>","protected":false},"excerpt":{"rendered":"<p>Pentekostal Kilisesi, Evanjelik Pentekostal ak\u0131m\u0131na mensup \u00f6zg\u00fcr bir Protestan kilisesidir. Topluluk olarak en b\u00fcy\u00fck ikinci Protestan mezhebini temsil etmektedir. Yakla\u015f\u0131k 24,000 taraftar\u0131 vard\u0131r. Bir\u00e7ok ki\u015fi Pentekostal Kilisesinin ger\u00e7ekte ne oldu\u011funu bilmemektedir. Pentekostallar bir H\u0131ristiyan kilisesidir ve kurtulu\u015fun l\u00fctfundan bahseden Kutsal Kitap ger\u00e7eklerine m\u00fcmk\u00fcn oldu\u011funca ba\u011fl\u0131 kal\u0131rlar. \u0130ncil'i kabul ederler...<\/p>","protected":false},"author":1,"featured_media":0,"comment_status":"open","ping_status":"closed","sticky":false,"template":"","format":"standard","meta":{"footnotes":""},"categories":[33],"tags":[],"class_list":["post-340","post","type-post","status-publish","format-standard","hentry","category-kosciol"],"yoast_head":"<!-- This site is optimized with the Yoast SEO plugin v27.4 - https:\/\/yoast.com\/product\/yoast-seo-wordpress\/ -->\n<title>Czy Ko\u015bci\u00f3\u0142 zielono\u015bwi\u0105tkowy to sekta? - Chrystus<\/title>\n<meta name=\"description\" content=\"Ko\u015bci\u00f3\u0142 zielono\u015bwi\u0105tkowy jest to wolny ko\u015bci\u00f3\u0142 protestancki o charakterze ewangelikalnym nurtu zielono\u015bwi\u0105tkowego. Jako wsp\u00f3lnota stanowi on drugi pod\" \/>\n<meta name=\"robots\" content=\"index, follow, max-snippet:-1, max-image-preview:large, max-video-preview:-1\" \/>\n<link rel=\"canonical\" href=\"https:\/\/chrystus.pl\/tr\/yesil-evanjelik-kilisenin-mezhep-olup-olmadigi\/\" \/>\n<meta property=\"og:locale\" content=\"tr_TR\" \/>\n<meta property=\"og:type\" content=\"article\" \/>\n<meta property=\"og:title\" content=\"Czy Ko\u015bci\u00f3\u0142 zielono\u015bwi\u0105tkowy to sekta? - Chrystus\" \/>\n<meta property=\"og:description\" content=\"Ko\u015bci\u00f3\u0142 zielono\u015bwi\u0105tkowy jest to wolny ko\u015bci\u00f3\u0142 protestancki o charakterze ewangelikalnym nurtu zielono\u015bwi\u0105tkowego. Jako wsp\u00f3lnota stanowi on drugi pod\" \/>\n<meta property=\"og:url\" content=\"https:\/\/chrystus.pl\/tr\/yesil-evanjelik-kilisenin-mezhep-olup-olmadigi\/\" \/>\n<meta property=\"og:site_name\" content=\"Chrystus\" \/>\n<meta property=\"article:published_time\" content=\"2019-04-09T22:49:07+00:00\" \/>\n<meta property=\"article:modified_time\" content=\"2020-01-13T07:54:08+00:00\" \/>\n<meta name=\"author\" content=\"Samarytanka\" \/>\n<meta name=\"twitter:card\" content=\"summary_large_image\" \/>\n<meta name=\"twitter:label1\" content=\"Yazan:\" \/>\n\t<meta name=\"twitter:data1\" content=\"Samarytanka\" \/>\n\t<meta name=\"twitter:label2\" content=\"Tahmini okuma s\u00fcresi\" \/>\n\t<meta name=\"twitter:data2\" content=\"1 dakika\" \/>\n<!-- \/ Yoast SEO plugin. -->","yoast_head_json":{"title":"Pentekostal Kilisesi bir mezhep midir? - Mesih","description":"Pentekostal Kilisesi, Evanjelik Pentekostal ak\u0131m\u0131na mensup \u00f6zg\u00fcr bir Protestan kilisesidir. Bir topluluk olarak, ikinci alt toplulu\u011fu olu\u015fturur.","robots":{"index":"index","follow":"follow","max-snippet":"max-snippet:-1","max-image-preview":"max-image-preview:large","max-video-preview":"max-video-preview:-1"},"canonical":"https:\/\/chrystus.pl\/tr\/yesil-evanjelik-kilisenin-mezhep-olup-olmadigi\/","og_locale":"tr_TR","og_type":"article","og_title":"Czy Ko\u015bci\u00f3\u0142 zielono\u015bwi\u0105tkowy to sekta? - Chrystus","og_description":"Ko\u015bci\u00f3\u0142 zielono\u015bwi\u0105tkowy jest to wolny ko\u015bci\u00f3\u0142 protestancki o charakterze ewangelikalnym nurtu zielono\u015bwi\u0105tkowego. Jako wsp\u00f3lnota stanowi on drugi pod","og_url":"https:\/\/chrystus.pl\/tr\/yesil-evanjelik-kilisenin-mezhep-olup-olmadigi\/","og_site_name":"Chrystus","article_published_time":"2019-04-09T22:49:07+00:00","article_modified_time":"2020-01-13T07:54:08+00:00","author":"Samarytanka","twitter_card":"summary_large_image","twitter_misc":{"Yazan:":"Samarytanka","Tahmini okuma s\u00fcresi":"1 dakika"},"schema":{"@context":"https:\/\/schema.org","@graph":[{"@type":"Article","@id":"https:\/\/chrystus.pl\/czy-kosciol-zielonoswiatkowy-to-sekta\/#article","isPartOf":{"@id":"https:\/\/chrystus.pl\/czy-kosciol-zielonoswiatkowy-to-sekta\/"},"author":{"name":"Samarytanka","@id":"https:\/\/chrystus.pl\/#\/schema\/person\/e2e742452b8b7b2bcd23ea180671d27a"},"headline":"Czy Ko\u015bci\u00f3\u0142 zielono\u015bwi\u0105tkowy to sekta?","datePublished":"2019-04-09T22:49:07+00:00","dateModified":"2020-01-13T07:54:08+00:00","mainEntityOfPage":{"@id":"https:\/\/chrystus.pl\/czy-kosciol-zielonoswiatkowy-to-sekta\/"},"wordCount":281,"commentCount":0,"publisher":{"@id":"https:\/\/chrystus.pl\/#organization"},"articleSection":["Ko\u015bci\u00f3\u0142"],"inLanguage":"tr","potentialAction":[{"@type":"CommentAction","name":"Comment","target":["https:\/\/chrystus.pl\/czy-kosciol-zielonoswiatkowy-to-sekta\/#respond"]}]},{"@type":"WebPage","@id":"https:\/\/chrystus.pl\/czy-kosciol-zielonoswiatkowy-to-sekta\/","url":"https:\/\/chrystus.pl\/czy-kosciol-zielonoswiatkowy-to-sekta\/","name":"Pentekostal Kilisesi bir mezhep midir? - Mesih","isPartOf":{"@id":"https:\/\/chrystus.pl\/#website"},"datePublished":"2019-04-09T22:49:07+00:00","dateModified":"2020-01-13T07:54:08+00:00","description":"Pentekostal Kilisesi, Evanjelik Pentekostal ak\u0131m\u0131na mensup \u00f6zg\u00fcr bir Protestan kilisesidir. Bir topluluk olarak, ikinci alt toplulu\u011fu olu\u015fturur.","breadcrumb":{"@id":"https:\/\/chrystus.pl\/czy-kosciol-zielonoswiatkowy-to-sekta\/#breadcrumb"},"inLanguage":"tr","potentialAction":[{"@type":"ReadAction","target":["https:\/\/chrystus.pl\/czy-kosciol-zielonoswiatkowy-to-sekta\/"]}]},{"@type":"BreadcrumbList","@id":"https:\/\/chrystus.pl\/czy-kosciol-zielonoswiatkowy-to-sekta\/#breadcrumb","itemListElement":[{"@type":"ListItem","position":1,"name":"Strona g\u0142\u00f3wna","item":"https:\/\/chrystus.pl\/"},{"@type":"ListItem","position":2,"name":"Czy Ko\u015bci\u00f3\u0142 zielono\u015bwi\u0105tkowy to sekta?"}]},{"@type":"WebSite","@id":"https:\/\/chrystus.pl\/#website","url":"https:\/\/chrystus.pl\/","name":"Mesih","description":"Tanr\u0131, Meryem, \u0130sa, Kom\u00fcnyon ve daha fazlas\u0131","publisher":{"@id":"https:\/\/chrystus.pl\/#organization"},"potentialAction":[{"@type":"SearchAction","target":{"@type":"EntryPoint","urlTemplate":"https:\/\/chrystus.pl\/?s={search_term_string}"},"query-input":{"@type":"PropertyValueSpecification","valueRequired":true,"valueName":"search_term_string"}}],"inLanguage":"tr"},{"@type":"Organization","@id":"https:\/\/chrystus.pl\/#organization","name":"Christ.pl","url":"https:\/\/chrystus.pl\/","logo":{"@type":"ImageObject","inLanguage":"tr","@id":"https:\/\/chrystus.pl\/#\/schema\/logo\/image\/","url":"https:\/\/chrystus.pl\/wp-content\/uploads\/2019\/03\/chrystus-bog-maryja-komunia-bierzmowanie.jpg","contentUrl":"https:\/\/chrystus.pl\/wp-content\/uploads\/2019\/03\/chrystus-bog-maryja-komunia-bierzmowanie.jpg","width":1920,"height":1280,"caption":"Chrystus.pl"},"image":{"@id":"https:\/\/chrystus.pl\/#\/schema\/logo\/image\/"}},{"@type":"Person","@id":"https:\/\/chrystus.pl\/#\/schema\/person\/e2e742452b8b7b2bcd23ea180671d27a","name":"Samaritan kad\u0131n"}]}},"_links":{"self":[{"href":"https:\/\/chrystus.pl\/tr\/wp-json\/wp\/v2\/posts\/340","targetHints":{"allow":["GET"]}}],"collection":[{"href":"https:\/\/chrystus.pl\/tr\/wp-json\/wp\/v2\/posts"}],"about":[{"href":"https:\/\/chrystus.pl\/tr\/wp-json\/wp\/v2\/types\/post"}],"author":[{"embeddable":true,"href":"https:\/\/chrystus.pl\/tr\/wp-json\/wp\/v2\/users\/1"}],"replies":[{"embeddable":true,"href":"https:\/\/chrystus.pl\/tr\/wp-json\/wp\/v2\/comments?post=340"}],"version-history":[{"count":0,"href":"https:\/\/chrystus.pl\/tr\/wp-json\/wp\/v2\/posts\/340\/revisions"}],"wp:attachment":[{"href":"https:\/\/chrystus.pl\/tr\/wp-json\/wp\/v2\/media?parent=340"}],"wp:term":[{"taxonomy":"category","embeddable":true,"href":"https:\/\/chrystus.pl\/tr\/wp-json\/wp\/v2\/categories?post=340"},{"taxonomy":"post_tag","embeddable":true,"href":"https:\/\/chrystus.pl\/tr\/wp-json\/wp\/v2\/tags?post=340"}],"curies":[{"name":"wp","href":"https:\/\/api.w.org\/{rel}","templated":true}]}}