{"id":49,"date":"2019-03-25T00:58:47","date_gmt":"2019-03-25T00:58:47","guid":{"rendered":"https:\/\/chrystus.pl\/?p=49"},"modified":"2020-01-13T07:52:50","modified_gmt":"2020-01-13T07:52:50","slug":"czy-bog-kocha-grzesznikow","status":"publish","type":"post","link":"https:\/\/chrystus.pl\/tr\/czy-bog-kocha-grzesznikow\/","title":{"rendered":"Tanr\u0131 G\u00fcnahkarlar\u0131 Sever mi?"},"content":{"rendered":"<p>\u00d6yle mi <span id=\"urn:enhancement-76bfa4dc\" class=\"textannotation disambiguated wl-other\" itemid=\"http:\/\/data.wordlift.io\/wl01378\/entity\/bog\">Tanr\u0131<\/span> G\u00fcnahkarlar\u0131 seviyor mu? Baz\u0131 sorular\u0131n cevab\u0131, g\u00f6r\u00fcnenin aksine, d\u00fcped\u00fcz s\u0131radan olabilir ve olmal\u0131d\u0131r. \u00d6yle mi? <span id=\"urn:enhancement-ca8e03ff\" class=\"textannotation disambiguated wl-other\" itemid=\"http:\/\/data.wordlift.io\/wl01378\/entity\/bog\">Tanr\u0131<\/span> g\u00fcnahkarlar\u0131 sever mi? Her \u015feyden \u00f6nce \u015funu unutmamal\u0131y\u0131z <span id=\"urn:enhancement-b7fe66cd\" class=\"textannotation disambiguated wl-other\" itemid=\"http:\/\/data.wordlift.io\/wl01378\/entity\/bog\">Tanr\u0131<\/span> herkesi sever <span id=\"urn:enhancement-63d45d52\" class=\"textannotation disambiguated wl-other\" itemid=\"http:\/\/data.wordlift.io\/wl01857\/entity\/homo\">insanlar<\/span>Ge\u00e7mi\u015flerine, g\u00f6r\u00fcn\u00fc\u015flerine ve hatta \u015fa\u015f\u0131rt\u0131c\u0131 bir \u015fekilde inan\u00e7lar\u0131na bakmaks\u0131z\u0131n her varl\u0131\u011f\u0131 sever. <span id=\"urn:enhancement-1ecab11\" class=\"textannotation disambiguated wl-other\" itemid=\"http:\/\/data.wordlift.io\/wl01378\/entity\/bog\">Tanr\u0131<\/span> Ne de olsa her \u015feyin yarat\u0131c\u0131s\u0131 O'dur.<\/p>\n<p>O sevgidir ve etraf\u0131m\u0131zdaki d\u00fcnyad\u0131r. Onun merhametinde <span id=\"urn:enhancement-3264265d\" class=\"textannotation disambiguated wl-other\" itemid=\"http:\/\/data.wordlift.io\/wl01378\/entity\/bog\">Tanr\u0131<\/span> \u00e7ok de\u011ferlidir ve bu <span id=\"urn:enhancement-eaecac05\" class=\"textannotation disambiguated wl-other\" itemid=\"http:\/\/data.wordlift.io\/wl01378\/entity\/milosierdzie\">merhamet<\/span> s\u0131radan insan i\u00e7in anla\u015f\u0131lmaz ve kavranamaz g\u00f6r\u00fcnebilir.<\/p>\n<p>Sen de \u00f6yle. <span id=\"urn:enhancement-68f5d620\" class=\"textannotation disambiguated wl-other\" itemid=\"http:\/\/data.wordlift.io\/wl01378\/entity\/bog\">Tanr\u0131<\/span> g\u00fcnahkarlar\u0131 sever mi? Bu kesinlikle bu metindeki pek \u00e7ok olumlu cevaptan bir di\u011feri olmal\u0131d\u0131r. <span id=\"urn:enhancement-a9bf8cef\" class=\"textannotation disambiguated wl-other\" itemid=\"http:\/\/data.wordlift.io\/wl01378\/entity\/bog\">Tanr\u0131<\/span> g\u00fcnahk\u00e2rlar\u0131 d\u00fcnyadaki di\u011fer insanlardan daha az sevmez.<\/p>\n<p>Hata yapmak insan\u0131n do\u011fas\u0131nda vard\u0131r. Rab insanlara \u00f6zg\u00fcr irade vermi\u015ftir ve bu irade bazen davran\u0131\u015flar\u0131m\u0131z\u0131 olumsuz y\u00f6nde etkiler. Ancak, Tanr\u0131 merhametiyle <span id=\"urn:enhancement-e40a7e11\" class=\"textannotation disambiguated wl-other\" itemid=\"http:\/\/data.wordlift.io\/wl01378\/entity\/bog\">Tanr\u0131<\/span> bize bir\u00e7ok f\u0131rsat verir <span id=\"urn:enhancement-d0312aa9\" class=\"textannotation disambiguated wl-other\" itemid=\"http:\/\/data.wordlift.io\/wl01857\/entity\/odkupienie\">itfalar<\/span> onlar\u0131n hatalar\u0131 ve g\u00fcnahlar\u0131.<\/p>\n<p>G\u00fcnah i\u015fleyerek Tanr\u0131'n\u0131n sevgisini kaybetmeyiz. Ancak bunun yeni g\u00fcnahlar i\u015flemek i\u00e7in bir ge\u00e7i\u015f ve izin olmad\u0131\u011f\u0131n\u0131, tam tersi oldu\u011funu unutmamak \u00f6nemlidir. Kendimiz \u00fczerinde \u00e7al\u0131\u015fmaya devam etmek ve al\u0131\u015fkanl\u0131klar\u0131m\u0131z\u0131 ve davran\u0131\u015flar\u0131m\u0131z\u0131 geli\u015ftirmek i\u00e7in bir te\u015fviktir. Tanr\u0131'dan beri <span id=\"urn:enhancement-a5dee11e\" class=\"textannotation disambiguated wl-other\" itemid=\"http:\/\/data.wordlift.io\/wl01378\/entity\/bog\">Tanr\u0131<\/span> Ne yaparsak yapal\u0131m bizi seviyor, bu sevgiye kar\u015f\u0131l\u0131k vermeye ve en az\u0131ndan biraz yard\u0131m etmeye \u00e7al\u0131\u015fal\u0131m <span id=\"urn:enhancement-b654fec1\" class=\"textannotation disambiguated wl-other\" itemid=\"http:\/\/data.wordlift.io\/wl01378\/entity\/bog_ojciec\">Bay\u0131m.<\/span> <span id=\"urn:enhancement-45e13350\" class=\"textannotation disambiguated wl-other\" itemid=\"http:\/\/data.wordlift.io\/wl01378\/entity\/bog\">Tanr\u0131<\/span> \u0130lahi plan\u0131n\u0131n uygulanmas\u0131nda.<\/p>","protected":false},"excerpt":{"rendered":"<p>Czy B\u00f3g Kocha Grzesznik\u00f3w? Na niekt\u00f3re pytania, odpowied\u017a wbrew pozorom mo\u017ce, a nawet powinna by\u0107 wr\u0119cz prozaiczna. Czy B\u00f3g kocha grzesznik\u00f3w? Musimy przede wszystkim pami\u0119ta\u0107 o tym, \u017ce B\u00f3g kocha wszystkich ludzi, kocha ka\u017cd\u0105 istot\u0119, niezale\u017cnie od jej pochodzenia, wygl\u0105du czy nawet, co wydawa\u0107 by si\u0119 mog\u0142o dosy\u0107 szokuj\u0105ce, wiary. B\u00f3g jest przecie\u017c stw\u00f3rc\u0105 wszystkiego. &hellip;<\/p>","protected":false},"author":1,"featured_media":50,"comment_status":"open","ping_status":"open","sticky":false,"template":"","format":"standard","meta":{"footnotes":""},"categories":[5],"tags":[14],"class_list":["post-49","post","type-post","status-publish","format-standard","has-post-thumbnail","hentry","category-bog","tag-grzechy"],"yoast_head":"<!-- This site is optimized with the Yoast SEO plugin v27.5 - https:\/\/yoast.com\/product\/yoast-seo-wordpress\/ -->\n<title>Czy B\u00f3g Kocha Grzesznik\u00f3w? B\u0142adzi\u0107 jest rzecz\u0105 ludzk\u0105 - Chrystus PL<\/title>\n<meta name=\"description\" content=\"Czy B\u00f3g Kocha Grzesznik\u00f3w? Na niekt\u00f3re pytania, odpowied\u017a wbrew pozorom mo\u017ce, a nawet powinna by\u0107 wr\u0119cz prozaiczna. Czy B\u00f3g kocha grzesznik\u00f3w? Musimy\" \/>\n<meta name=\"robots\" content=\"index, follow, max-snippet:-1, max-image-preview:large, max-video-preview:-1\" \/>\n<link rel=\"canonical\" href=\"https:\/\/chrystus.pl\/tr\/tanri-gunahkarlari-seviyor-mu-2\/\" \/>\n<meta property=\"og:locale\" content=\"tr_TR\" \/>\n<meta property=\"og:type\" content=\"article\" \/>\n<meta property=\"og:title\" content=\"Czy B\u00f3g Kocha Grzesznik\u00f3w? B\u0142adzi\u0107 jest rzecz\u0105 ludzk\u0105 - Chrystus PL\" \/>\n<meta property=\"og:description\" content=\"Czy B\u00f3g Kocha Grzesznik\u00f3w? Na niekt\u00f3re pytania, odpowied\u017a wbrew pozorom mo\u017ce, a nawet powinna by\u0107 wr\u0119cz prozaiczna. Czy B\u00f3g kocha grzesznik\u00f3w? Musimy\" \/>\n<meta property=\"og:url\" content=\"https:\/\/chrystus.pl\/tr\/tanri-gunahkarlari-seviyor-mu-2\/\" \/>\n<meta property=\"og:site_name\" content=\"Chrystus\" \/>\n<meta property=\"article:published_time\" content=\"2019-03-25T00:58:47+00:00\" \/>\n<meta property=\"article:modified_time\" content=\"2020-01-13T07:52:50+00:00\" \/>\n<meta property=\"og:image\" content=\"https:\/\/chrystus.pl\/wp-content\/uploads\/2019\/03\/czy-Bog-kocha-grzeszniko\u0301w.jpg\" \/>\n\t<meta property=\"og:image:width\" content=\"853\" \/>\n\t<meta property=\"og:image:height\" content=\"1280\" \/>\n\t<meta property=\"og:image:type\" content=\"image\/jpeg\" \/>\n<meta name=\"author\" content=\"Samarytanka\" \/>\n<meta name=\"twitter:card\" content=\"summary_large_image\" \/>\n<meta name=\"twitter:label1\" content=\"Yazan:\" \/>\n\t<meta name=\"twitter:data1\" content=\"Samarytanka\" \/>\n\t<meta name=\"twitter:label2\" content=\"Tahmini okuma s\u00fcresi\" \/>\n\t<meta name=\"twitter:data2\" content=\"1 dakika\" \/>\n<!-- \/ Yoast SEO plugin. -->","yoast_head_json":{"title":"Tanr\u0131 G\u00fcnahkarlar\u0131 Sever mi? Hata yapmak insand\u0131r - \u0130sa EN","description":"Tanr\u0131 G\u00fcnahkarlar\u0131 Sever mi? Baz\u0131 sorular\u0131n cevab\u0131, g\u00f6r\u00fcnenin aksine, d\u00fcped\u00fcz s\u0131radan olabilir ve olmal\u0131d\u0131r. Tanr\u0131 g\u00fcnahk\u00e2rlar\u0131 sever mi? Yapmam\u0131z gereken","robots":{"index":"index","follow":"follow","max-snippet":"max-snippet:-1","max-image-preview":"max-image-preview:large","max-video-preview":"max-video-preview:-1"},"canonical":"https:\/\/chrystus.pl\/tr\/tanri-gunahkarlari-seviyor-mu-2\/","og_locale":"tr_TR","og_type":"article","og_title":"Czy B\u00f3g Kocha Grzesznik\u00f3w? B\u0142adzi\u0107 jest rzecz\u0105 ludzk\u0105 - Chrystus PL","og_description":"Czy B\u00f3g Kocha Grzesznik\u00f3w? Na niekt\u00f3re pytania, odpowied\u017a wbrew pozorom mo\u017ce, a nawet powinna by\u0107 wr\u0119cz prozaiczna. Czy B\u00f3g kocha grzesznik\u00f3w? Musimy","og_url":"https:\/\/chrystus.pl\/tr\/tanri-gunahkarlari-seviyor-mu-2\/","og_site_name":"Chrystus","article_published_time":"2019-03-25T00:58:47+00:00","article_modified_time":"2020-01-13T07:52:50+00:00","og_image":[{"width":853,"height":1280,"url":"https:\/\/chrystus.pl\/wp-content\/uploads\/2019\/03\/czy-Bog-kocha-grzeszniko\u0301w.jpg","type":"image\/jpeg"}],"author":"Samarytanka","twitter_card":"summary_large_image","twitter_misc":{"Yazan:":"Samarytanka","Tahmini okuma s\u00fcresi":"1 dakika"},"schema":{"@context":"https:\/\/schema.org","@graph":[{"@type":"Article","@id":"https:\/\/chrystus.pl\/czy-bog-kocha-grzesznikow\/#article","isPartOf":{"@id":"https:\/\/chrystus.pl\/czy-bog-kocha-grzesznikow\/"},"author":{"name":"Samarytanka","@id":"https:\/\/chrystus.pl\/#\/schema\/person\/e2e742452b8b7b2bcd23ea180671d27a"},"headline":"Czy B\u00f3g Kocha Grzesznik\u00f3w?","datePublished":"2019-03-25T00:58:47+00:00","dateModified":"2020-01-13T07:52:50+00:00","mainEntityOfPage":{"@id":"https:\/\/chrystus.pl\/czy-bog-kocha-grzesznikow\/"},"wordCount":282,"commentCount":0,"publisher":{"@id":"https:\/\/chrystus.pl\/#organization"},"image":{"@id":"https:\/\/chrystus.pl\/czy-bog-kocha-grzesznikow\/#primaryimage"},"thumbnailUrl":"https:\/\/chrystus.pl\/wp-content\/uploads\/2019\/03\/czy-Bog-kocha-grzeszniko\u0301w.jpg","keywords":["grzechy"],"articleSection":["B\u00f3g"],"inLanguage":"tr","potentialAction":[{"@type":"CommentAction","name":"Comment","target":["https:\/\/chrystus.pl\/czy-bog-kocha-grzesznikow\/#respond"]}]},{"@type":"WebPage","@id":"https:\/\/chrystus.pl\/czy-bog-kocha-grzesznikow\/","url":"https:\/\/chrystus.pl\/czy-bog-kocha-grzesznikow\/","name":"Tanr\u0131 G\u00fcnahkarlar\u0131 Sever mi? Hata yapmak insand\u0131r - \u0130sa EN","isPartOf":{"@id":"https:\/\/chrystus.pl\/#website"},"primaryImageOfPage":{"@id":"https:\/\/chrystus.pl\/czy-bog-kocha-grzesznikow\/#primaryimage"},"image":{"@id":"https:\/\/chrystus.pl\/czy-bog-kocha-grzesznikow\/#primaryimage"},"thumbnailUrl":"https:\/\/chrystus.pl\/wp-content\/uploads\/2019\/03\/czy-Bog-kocha-grzeszniko\u0301w.jpg","datePublished":"2019-03-25T00:58:47+00:00","dateModified":"2020-01-13T07:52:50+00:00","description":"Tanr\u0131 G\u00fcnahkarlar\u0131 Sever mi? Baz\u0131 sorular\u0131n cevab\u0131, g\u00f6r\u00fcnenin aksine, d\u00fcped\u00fcz s\u0131radan olabilir ve olmal\u0131d\u0131r. Tanr\u0131 g\u00fcnahk\u00e2rlar\u0131 sever mi? Yapmam\u0131z gereken","breadcrumb":{"@id":"https:\/\/chrystus.pl\/czy-bog-kocha-grzesznikow\/#breadcrumb"},"inLanguage":"tr","potentialAction":[{"@type":"ReadAction","target":["https:\/\/chrystus.pl\/czy-bog-kocha-grzesznikow\/"]}]},{"@type":"ImageObject","inLanguage":"tr","@id":"https:\/\/chrystus.pl\/czy-bog-kocha-grzesznikow\/#primaryimage","url":"https:\/\/chrystus.pl\/wp-content\/uploads\/2019\/03\/czy-Bog-kocha-grzeszniko\u0301w.jpg","contentUrl":"https:\/\/chrystus.pl\/wp-content\/uploads\/2019\/03\/czy-Bog-kocha-grzeszniko\u0301w.jpg","width":853,"height":1280,"caption":"czy Bog kocha grzeszniko\u0301w"},{"@type":"BreadcrumbList","@id":"https:\/\/chrystus.pl\/czy-bog-kocha-grzesznikow\/#breadcrumb","itemListElement":[{"@type":"ListItem","position":1,"name":"Strona g\u0142\u00f3wna","item":"https:\/\/chrystus.pl\/"},{"@type":"ListItem","position":2,"name":"Czy B\u00f3g Kocha Grzesznik\u00f3w?"}]},{"@type":"WebSite","@id":"https:\/\/chrystus.pl\/#website","url":"https:\/\/chrystus.pl\/","name":"Mesih","description":"Tanr\u0131, Meryem, \u0130sa, Kom\u00fcnyon ve daha fazlas\u0131","publisher":{"@id":"https:\/\/chrystus.pl\/#organization"},"potentialAction":[{"@type":"SearchAction","target":{"@type":"EntryPoint","urlTemplate":"https:\/\/chrystus.pl\/?s={search_term_string}"},"query-input":{"@type":"PropertyValueSpecification","valueRequired":true,"valueName":"search_term_string"}}],"inLanguage":"tr"},{"@type":"Organization","@id":"https:\/\/chrystus.pl\/#organization","name":"Christ.pl","url":"https:\/\/chrystus.pl\/","logo":{"@type":"ImageObject","inLanguage":"tr","@id":"https:\/\/chrystus.pl\/#\/schema\/logo\/image\/","url":"https:\/\/chrystus.pl\/wp-content\/uploads\/2019\/03\/chrystus-bog-maryja-komunia-bierzmowanie.jpg","contentUrl":"https:\/\/chrystus.pl\/wp-content\/uploads\/2019\/03\/chrystus-bog-maryja-komunia-bierzmowanie.jpg","width":1920,"height":1280,"caption":"Chrystus.pl"},"image":{"@id":"https:\/\/chrystus.pl\/#\/schema\/logo\/image\/"}},{"@type":"Person","@id":"https:\/\/chrystus.pl\/#\/schema\/person\/e2e742452b8b7b2bcd23ea180671d27a","name":"Samaritan kad\u0131n"}]}},"_links":{"self":[{"href":"https:\/\/chrystus.pl\/tr\/wp-json\/wp\/v2\/posts\/49","targetHints":{"allow":["GET"]}}],"collection":[{"href":"https:\/\/chrystus.pl\/tr\/wp-json\/wp\/v2\/posts"}],"about":[{"href":"https:\/\/chrystus.pl\/tr\/wp-json\/wp\/v2\/types\/post"}],"author":[{"embeddable":true,"href":"https:\/\/chrystus.pl\/tr\/wp-json\/wp\/v2\/users\/1"}],"replies":[{"embeddable":true,"href":"https:\/\/chrystus.pl\/tr\/wp-json\/wp\/v2\/comments?post=49"}],"version-history":[{"count":0,"href":"https:\/\/chrystus.pl\/tr\/wp-json\/wp\/v2\/posts\/49\/revisions"}],"wp:featuredmedia":[{"embeddable":true,"href":"https:\/\/chrystus.pl\/tr\/wp-json\/wp\/v2\/media\/50"}],"wp:attachment":[{"href":"https:\/\/chrystus.pl\/tr\/wp-json\/wp\/v2\/media?parent=49"}],"wp:term":[{"taxonomy":"category","embeddable":true,"href":"https:\/\/chrystus.pl\/tr\/wp-json\/wp\/v2\/categories?post=49"},{"taxonomy":"post_tag","embeddable":true,"href":"https:\/\/chrystus.pl\/tr\/wp-json\/wp\/v2\/tags?post=49"}],"curies":[{"name":"wp","href":"https:\/\/api.w.org\/{rel}","templated":true}]}}