{"id":621,"date":"2019-06-01T12:53:45","date_gmt":"2019-06-01T12:53:45","guid":{"rendered":"https:\/\/chrystus.pl\/?p=621"},"modified":"2020-01-13T07:59:37","modified_gmt":"2020-01-13T07:59:37","slug":"czy-jezus-byl-w-indiach","status":"publish","type":"post","link":"https:\/\/chrystus.pl\/tr\/czy-jezus-byl-w-indiach\/","title":{"rendered":"\u0130sa Hindistan'da m\u0131yd\u0131?"},"content":{"rendered":"<p>Pogl\u0105d, \u017ce Jezus by\u0142 w Indiach ma swoj\u0105 genez\u0119 w tym, \u017ce w <span id=\"urn:enhancement-1460dd31\" class=\"textannotation disambiguated wl-other\" itemid=\"http:\/\/data.wordlift.io\/wl01378\/entity\/biblia\">Kutsal Kitap<\/span> \u0130sa'ya ya\u015fam\u0131n\u0131n 18 y\u0131l\u0131 boyunca ne oldu\u011fu hakk\u0131nda hi\u00e7bir bilgimiz yoktur.<\/p>\n<p>Son kez bulu\u015fuyoruz. <span id=\"urn:enhancement-ed4d8200\" class=\"textannotation disambiguated wl-other\" itemid=\"http:\/\/data.wordlift.io\/wl01378\/entity\/biblia\">Kutsal Kitap<\/span> \u0130sa'n\u0131n on iki ya\u015f\u0131nda bir \u00e7ocuk olarak k\u00e2hinlere ders vermesi ve bilge adamlar\u0131 sorular\u0131yla \u015fa\u015f\u0131rtmas\u0131 <span id=\"urn:enhancement-55afdf54\" class=\"textannotation disambiguated wl-other\" itemid=\"http:\/\/data.wordlift.io\/wl01857\/entity\/swiatynia_jerozolimska\">Tap\u0131nak<\/span>. <span id=\"urn:enhancement-a6cf234d\" class=\"textannotation disambiguated wl-person\" itemid=\"http:\/\/data.wordlift.io\/wl01857\/entity\/jozef_z_nazaretu\"><a href=\"https:\/\/chrystus.pl\/tr\/modlitwa-w-sprawach-trudnych-i-beznadziejnych-do-sw-jozefa\/\">Joseph<\/a><\/span> i <span id=\"urn:enhancement-bde354ec\" class=\"textannotation disambiguated wl-person\" itemid=\"http:\/\/data.wordlift.io\/wl01378\/entity\/maria_z_nazaretu\">Mary<\/span> \u0130sa ba\u015fkalar\u0131na \u00f6\u011fretmek i\u00e7in \u00fc\u00e7 g\u00fcn ortadan kayboldu\u011fu i\u00e7in onun hakk\u0131nda endi\u015felenirler. Bu durumdan sonra, ne yapaca\u011f\u0131m\u0131z\u0131 bilmiyoruz. <a href=\"https:\/\/chrystus.pl\/tr\/jak-wyglada-pismo-swiete\/\">TAR\u0130H<\/a> Hayat\u0131n\u0131n on sekiz y\u0131l\u0131 boyunca \u0130sa ile birlikte <span id=\"urn:enhancement-6300a010\" class=\"textannotation disambiguated wl-other\" itemid=\"http:\/\/data.wordlift.io\/wl01378\/entity\/biblia\">Kutsal Kitap<\/span> Yeti\u015fkin bir adam, deneyimli bir \u00f6\u011fretmen ve filozof olarak. Baz\u0131 kaynaklara g\u00f6re, \u0130sa'n\u0131n on sekiz y\u0131ll\u0131k ya\u015fam\u0131ndan s\u00f6z edilmemektedir. <span id=\"urn:enhancement-99959275\" class=\"textannotation disambiguated wl-other\" itemid=\"http:\/\/data.wordlift.io\/wl01378\/entity\/biblia\">Kutsal Kitap<\/span> Hindistan'da ge\u00e7irdim.<\/p>\n<p>Bu kaynaklar \u0130sa'n\u0131n Hindistan'a kuzeni arac\u0131l\u0131\u011f\u0131yla geldi\u011fini s\u00f6yler <span id=\"urn:enhancement-f74baa1b\" class=\"textannotation disambiguated wl-person\" itemid=\"http:\/\/data.wordlift.io\/wl01378\/entity\/jan_ewangelista\">Jan<\/span>daha sonra ad\u0131 <span id=\"urn:enhancement-a6b74ed9\" class=\"textannotation disambiguated wl-person\" itemid=\"http:\/\/data.wordlift.io\/wl01857\/entity\/jan_chrzciciel\">Vaftizci Yahya<\/span>. O g\u00fcnlerde <span id=\"urn:enhancement-2bff2043\" class=\"textannotation disambiguated wl-place\" itemid=\"http:\/\/data.wordlift.io\/wl01857\/entity\/indie\">Hindistan<\/span>, a <span id=\"urn:enhancement-14e4df32\" class=\"textannotation disambiguated wl-place\" itemid=\"http:\/\/data.wordlift.io\/wl01857\/entity\/jerozolima\">Kud\u00fcs<\/span> cz\u0119sto kursowa\u0142y handlowe karawany. Jezus do\u0142\u0105czy\u0142 do karawany i uda\u0142 si\u0119 w poszukiwaniu prawdy. Jednym z pierwszym badaczy tej tezy, jakoby Jezus osiemna\u015bcie lat sp\u0119dzi\u0142 w Indii by\u0142 Rosjanin polskiego pochodzenia Niko\u0142aj Notowicz, kt\u00f3remu uda\u0142o si\u0119 dosta\u0107 do najstarszych skrypt\u00f3w w klasztorze w Nepalu. Manuskrypty dotyczy\u0142y \u017cycia i \u00a0tego, czym zajmowa\u0142 si\u0119 Jezus podczas swojego pobytu w Indii.<\/p>\n<p>Z notatek tych wynika, \u017ce Jezus zjawi\u0142 si\u0119 w krainie Jain\u00f3w jako dwunastoletni ch\u0142opak i sp\u0119dzi\u0142 tam sze\u015b\u0107 lat, po czym przeni\u00f3s\u0142 si\u0119 do Nepalu, gdzie studiowa\u0142 i prowadzi\u0142 liczne dysputy z m\u0119drcami. Jezus coraz \u017carliwiej zacz\u0105\u0142 uczy\u0107 si\u0119 o Bogu, poniewa\u017c przyci\u0105ga\u0142o go to, \u017ce nie uznaje on r\u00f3\u017cnic, niezale\u017cnie od pochodzenia spo\u0142ecznego, a to w\u0142a\u015bnie stosunku spo\u0142eczne, kt\u00f3re panowa\u0142y w Indiach oburza\u0142y Jezusa najbardziej.<\/p>\n<p>Bilge bir adam olarak \u0130sa, Ganj Nehri boyunca ilerledi ve insanlar\u0131n y\u00fcreklerini al\u00e7altt\u0131, giderek daha fazla \u00f6\u011frenci onu takip etti. \u0130sa Nepal'e ula\u015ft\u0131 ve sonraki alt\u0131 y\u0131l\u0131n\u0131 burada bir Budist manast\u0131r\u0131nda ge\u00e7irdi. Yirmi alt\u0131nc\u0131 ya\u015f\u0131na geldi\u011finde Yeru\u015falim'e d\u00f6nmeye ve yol boyunca \u00f6\u011fretmeye ve kendisini takip edecek insanlar\u0131 aramaya karar verdi. Kendi memleketinde <span id=\"urn:enhancement-4599dd7a\" class=\"textannotation disambiguated wl-other\" itemid=\"http:\/\/data.wordlift.io\/wl01857\/entity\/miejscowosc\">kasabalar<\/span> &#8211; <span id=\"urn:enhancement-a1b48ce9\" class=\"textannotation disambiguated wl-other\" itemid=\"http:\/\/data.wordlift.io\/wl01857\/entity\/galilea\">Galileo<\/span> yirmi dokuz ya\u015f\u0131ndayken ortaya \u00e7\u0131kt\u0131 ve kaderinin geri kalan\u0131n\u0131 <span id=\"urn:enhancement-5efbada\" class=\"textannotation disambiguated wl-other\" itemid=\"http:\/\/data.wordlift.io\/wl01378\/entity\/biblia\">Mektuplar<\/span> Azizler.<\/p>","protected":false},"excerpt":{"rendered":"<p>Pogl\u0105d, \u017ce Jezus by\u0142 w Indiach ma swoj\u0105 genez\u0119 w tym, \u017ce w Pi\u015bmie \u015awi\u0119tym nie mamy informacji co dzia\u0142o si\u0119 z Jezusem przez 18 lat jego \u017cycia. Po raz ostatni stykamy si\u0119 w Pi\u015bmie \u015awi\u0119tym z m\u0142odym Jezusem jako \u00a0z dwunastoletnim ch\u0142opcem, kt\u00f3ry naucza kap\u0142an\u00f3w i zaskakuje pytaniami m\u0119drc\u00f3w w \u015awi\u0105tyni. J\u00f3zef i Maryja &hellip;<\/p>","protected":false},"author":1,"featured_media":622,"comment_status":"open","ping_status":"closed","sticky":false,"template":"","format":"standard","meta":{"footnotes":""},"categories":[52],"tags":[],"class_list":["post-621","post","type-post","status-publish","format-standard","has-post-thumbnail","hentry","category-jezus"],"yoast_head":"<!-- This site is optimized with the Yoast SEO plugin v27.5 - https:\/\/yoast.com\/product\/yoast-seo-wordpress\/ -->\n<title>Czy Jezus by\u0142 w Indiach? - Chrystus<\/title>\n<meta name=\"description\" content=\"Pogl\u0105d, \u017ce Jezus by\u0142 w Indiach ma swoj\u0105 genez\u0119 w tym, \u017ce w Pi\u015bmie \u015awi\u0119tym nie mamy informacji co dzia\u0142o si\u0119 z Jezusem przez 18 lat jego \u017cycia. Po raz\" \/>\n<meta name=\"robots\" content=\"index, follow, max-snippet:-1, max-image-preview:large, max-video-preview:-1\" \/>\n<link rel=\"canonical\" href=\"https:\/\/chrystus.pl\/tr\/yezus-hi\u0307ndi\u0307standa-miydi\/\" \/>\n<meta property=\"og:locale\" content=\"tr_TR\" \/>\n<meta property=\"og:type\" content=\"article\" \/>\n<meta property=\"og:title\" content=\"Czy Jezus by\u0142 w Indiach? - Chrystus\" \/>\n<meta property=\"og:description\" content=\"Pogl\u0105d, \u017ce Jezus by\u0142 w Indiach ma swoj\u0105 genez\u0119 w tym, \u017ce w Pi\u015bmie \u015awi\u0119tym nie mamy informacji co dzia\u0142o si\u0119 z Jezusem przez 18 lat jego \u017cycia. Po raz\" \/>\n<meta property=\"og:url\" content=\"https:\/\/chrystus.pl\/tr\/yezus-hi\u0307ndi\u0307standa-miydi\/\" \/>\n<meta property=\"og:site_name\" content=\"Chrystus\" \/>\n<meta property=\"article:published_time\" content=\"2019-06-01T12:53:45+00:00\" \/>\n<meta property=\"article:modified_time\" content=\"2020-01-13T07:59:37+00:00\" \/>\n<meta property=\"og:image\" content=\"https:\/\/chrystus.pl\/wp-content\/uploads\/2019\/06\/czy-jezus-by\u0142-w-indiach.jpg\" \/>\n\t<meta property=\"og:image:width\" content=\"640\" \/>\n\t<meta property=\"og:image:height\" content=\"426\" \/>\n\t<meta property=\"og:image:type\" content=\"image\/jpeg\" \/>\n<meta name=\"author\" content=\"Samarytanka\" \/>\n<meta name=\"twitter:card\" content=\"summary_large_image\" \/>\n<meta name=\"twitter:label1\" content=\"Yazan:\" \/>\n\t<meta name=\"twitter:data1\" content=\"Samarytanka\" \/>\n\t<meta name=\"twitter:label2\" content=\"Tahmini okuma s\u00fcresi\" \/>\n\t<meta name=\"twitter:data2\" content=\"2 dakika\" \/>\n<!-- \/ Yoast SEO plugin. -->","yoast_head_json":{"title":"\u0130sa Hindistan'da m\u0131yd\u0131? - Mesih","description":"\u0130sa'n\u0131n Hindistan'da oldu\u011fu g\u00f6r\u00fc\u015f\u00fc, Kutsal Yaz\u0131lar'da \u0130sa'n\u0131n 18 y\u0131ll\u0131k ya\u015fam\u0131 boyunca ba\u015f\u0131na neler geldi\u011fine dair hi\u00e7bir bilgiye sahip olmamam\u0131zdan kaynaklanmaktad\u0131r. \u0130lk defa","robots":{"index":"index","follow":"follow","max-snippet":"max-snippet:-1","max-image-preview":"max-image-preview:large","max-video-preview":"max-video-preview:-1"},"canonical":"https:\/\/chrystus.pl\/tr\/yezus-hi\u0307ndi\u0307standa-miydi\/","og_locale":"tr_TR","og_type":"article","og_title":"Czy Jezus by\u0142 w Indiach? - Chrystus","og_description":"Pogl\u0105d, \u017ce Jezus by\u0142 w Indiach ma swoj\u0105 genez\u0119 w tym, \u017ce w Pi\u015bmie \u015awi\u0119tym nie mamy informacji co dzia\u0142o si\u0119 z Jezusem przez 18 lat jego \u017cycia. Po raz","og_url":"https:\/\/chrystus.pl\/tr\/yezus-hi\u0307ndi\u0307standa-miydi\/","og_site_name":"Chrystus","article_published_time":"2019-06-01T12:53:45+00:00","article_modified_time":"2020-01-13T07:59:37+00:00","og_image":[{"width":640,"height":426,"url":"https:\/\/chrystus.pl\/wp-content\/uploads\/2019\/06\/czy-jezus-by\u0142-w-indiach.jpg","type":"image\/jpeg"}],"author":"Samarytanka","twitter_card":"summary_large_image","twitter_misc":{"Yazan:":"Samarytanka","Tahmini okuma s\u00fcresi":"2 dakika"},"schema":{"@context":"https:\/\/schema.org","@graph":[{"@type":"Article","@id":"https:\/\/chrystus.pl\/it\/whether-jezus-byl-w-ind\/#article","isPartOf":{"@id":"https:\/\/chrystus.pl\/it\/whether-jezus-byl-w-ind\/"},"author":{"name":"Samarytanka","@id":"https:\/\/chrystus.pl\/#\/schema\/person\/e2e742452b8b7b2bcd23ea180671d27a"},"headline":"Czy Jezus by\u0142 w Indiach?","datePublished":"2019-06-01T12:53:45+00:00","dateModified":"2020-01-13T07:59:37+00:00","mainEntityOfPage":{"@id":"https:\/\/chrystus.pl\/it\/whether-jezus-byl-w-ind\/"},"wordCount":423,"commentCount":0,"publisher":{"@id":"https:\/\/chrystus.pl\/#organization"},"image":{"@id":"https:\/\/chrystus.pl\/it\/whether-jezus-byl-w-ind\/#primaryimage"},"thumbnailUrl":"https:\/\/chrystus.pl\/wp-content\/uploads\/2019\/06\/czy-jezus-by\u0142-w-indiach.jpg","articleSection":["Jezus"],"inLanguage":"tr","potentialAction":[{"@type":"CommentAction","name":"Comment","target":["https:\/\/chrystus.pl\/it\/whether-jezus-byl-w-ind\/#respond"]}]},{"@type":"WebPage","@id":"https:\/\/chrystus.pl\/it\/whether-jezus-byl-w-ind\/","url":"https:\/\/chrystus.pl\/it\/whether-jezus-byl-w-ind\/","name":"\u0130sa Hindistan'da m\u0131yd\u0131? - Mesih","isPartOf":{"@id":"https:\/\/chrystus.pl\/#website"},"primaryImageOfPage":{"@id":"https:\/\/chrystus.pl\/it\/whether-jezus-byl-w-ind\/#primaryimage"},"image":{"@id":"https:\/\/chrystus.pl\/it\/whether-jezus-byl-w-ind\/#primaryimage"},"thumbnailUrl":"https:\/\/chrystus.pl\/wp-content\/uploads\/2019\/06\/czy-jezus-by\u0142-w-indiach.jpg","datePublished":"2019-06-01T12:53:45+00:00","dateModified":"2020-01-13T07:59:37+00:00","description":"\u0130sa'n\u0131n Hindistan'da oldu\u011fu g\u00f6r\u00fc\u015f\u00fc, Kutsal Yaz\u0131lar'da \u0130sa'n\u0131n 18 y\u0131ll\u0131k ya\u015fam\u0131 boyunca ba\u015f\u0131na neler geldi\u011fine dair hi\u00e7bir bilgiye sahip olmamam\u0131zdan kaynaklanmaktad\u0131r. \u0130lk defa","breadcrumb":{"@id":"https:\/\/chrystus.pl\/it\/whether-jezus-byl-w-ind\/#breadcrumb"},"inLanguage":"tr","potentialAction":[{"@type":"ReadAction","target":["https:\/\/chrystus.pl\/it\/whether-jezus-byl-w-ind\/"]}]},{"@type":"ImageObject","inLanguage":"tr","@id":"https:\/\/chrystus.pl\/it\/whether-jezus-byl-w-ind\/#primaryimage","url":"https:\/\/chrystus.pl\/wp-content\/uploads\/2019\/06\/czy-jezus-by\u0142-w-indiach.jpg","contentUrl":"https:\/\/chrystus.pl\/wp-content\/uploads\/2019\/06\/czy-jezus-by\u0142-w-indiach.jpg","width":640,"height":426,"caption":"czy jezus by\u0142 w indiach"},{"@type":"BreadcrumbList","@id":"https:\/\/chrystus.pl\/it\/whether-jezus-byl-w-ind\/#breadcrumb","itemListElement":[{"@type":"ListItem","position":1,"name":"Strona g\u0142\u00f3wna","item":"https:\/\/chrystus.pl\/"},{"@type":"ListItem","position":2,"name":"Czy Jezus by\u0142 w Indiach?"}]},{"@type":"WebSite","@id":"https:\/\/chrystus.pl\/#website","url":"https:\/\/chrystus.pl\/","name":"Mesih","description":"Tanr\u0131, Meryem, \u0130sa, Kom\u00fcnyon ve daha fazlas\u0131","publisher":{"@id":"https:\/\/chrystus.pl\/#organization"},"potentialAction":[{"@type":"SearchAction","target":{"@type":"EntryPoint","urlTemplate":"https:\/\/chrystus.pl\/?s={search_term_string}"},"query-input":{"@type":"PropertyValueSpecification","valueRequired":true,"valueName":"search_term_string"}}],"inLanguage":"tr"},{"@type":"Organization","@id":"https:\/\/chrystus.pl\/#organization","name":"Christ.pl","url":"https:\/\/chrystus.pl\/","logo":{"@type":"ImageObject","inLanguage":"tr","@id":"https:\/\/chrystus.pl\/#\/schema\/logo\/image\/","url":"https:\/\/chrystus.pl\/wp-content\/uploads\/2019\/03\/chrystus-bog-maryja-komunia-bierzmowanie.jpg","contentUrl":"https:\/\/chrystus.pl\/wp-content\/uploads\/2019\/03\/chrystus-bog-maryja-komunia-bierzmowanie.jpg","width":1920,"height":1280,"caption":"Chrystus.pl"},"image":{"@id":"https:\/\/chrystus.pl\/#\/schema\/logo\/image\/"}},{"@type":"Person","@id":"https:\/\/chrystus.pl\/#\/schema\/person\/e2e742452b8b7b2bcd23ea180671d27a","name":"Samaritan kad\u0131n"}]}},"_links":{"self":[{"href":"https:\/\/chrystus.pl\/tr\/wp-json\/wp\/v2\/posts\/621","targetHints":{"allow":["GET"]}}],"collection":[{"href":"https:\/\/chrystus.pl\/tr\/wp-json\/wp\/v2\/posts"}],"about":[{"href":"https:\/\/chrystus.pl\/tr\/wp-json\/wp\/v2\/types\/post"}],"author":[{"embeddable":true,"href":"https:\/\/chrystus.pl\/tr\/wp-json\/wp\/v2\/users\/1"}],"replies":[{"embeddable":true,"href":"https:\/\/chrystus.pl\/tr\/wp-json\/wp\/v2\/comments?post=621"}],"version-history":[{"count":0,"href":"https:\/\/chrystus.pl\/tr\/wp-json\/wp\/v2\/posts\/621\/revisions"}],"wp:featuredmedia":[{"embeddable":true,"href":"https:\/\/chrystus.pl\/tr\/wp-json\/wp\/v2\/media\/622"}],"wp:attachment":[{"href":"https:\/\/chrystus.pl\/tr\/wp-json\/wp\/v2\/media?parent=621"}],"wp:term":[{"taxonomy":"category","embeddable":true,"href":"https:\/\/chrystus.pl\/tr\/wp-json\/wp\/v2\/categories?post=621"},{"taxonomy":"post_tag","embeddable":true,"href":"https:\/\/chrystus.pl\/tr\/wp-json\/wp\/v2\/tags?post=621"}],"curies":[{"name":"wp","href":"https:\/\/api.w.org\/{rel}","templated":true}]}}