{"id":96,"date":"2019-03-26T04:25:30","date_gmt":"2019-03-26T04:25:30","guid":{"rendered":"https:\/\/chrystus.pl\/?p=96"},"modified":"2020-01-13T07:51:33","modified_gmt":"2020-01-13T07:51:33","slug":"dlaczego-bog-zabiera-nam-najblizszych","status":"publish","type":"post","link":"https:\/\/chrystus.pl\/tr\/dlaczego-bog-zabiera-nam-najblizszych\/","title":{"rendered":"Tanr\u0131 neden en yak\u0131nlar\u0131m\u0131z\u0131 ve en sevdiklerimizi bizden al\u0131r?"},"content":{"rendered":"<p>Hi\u00e7 \u015f\u00fcphesiz, sevdi\u011fimiz birinin kayb\u0131 hayat\u0131m\u0131zda kar\u015f\u0131la\u015fabilece\u011fimiz en korkun\u00e7 deneyimlerden biridir. \u00d6l\u00fcm kendi ba\u015f\u0131na bilinemez bir gizemdir, ancak k\u00f6t\u00fcl\u00fck ve ac\u0131 ile ili\u015fkilendirilir. Muhtemelen bir\u00e7ok ki\u015fi kendine \u015fu soruyu soruyordur <span id=\"urn:enhancement-973a67ca\" class=\"textannotation disambiguated wl-other\" itemid=\"http:\/\/data.wordlift.io\/wl01378\/entity\/bog\">Tanr\u0131<\/span> etraf\u0131m\u0131zdaki her \u015fey <a href=\"https:\/\/chrystus.pl\/tr\/jak-wyglada-pismo-swiete\/\">TAR\u0130H<\/a> Trajedi mi? Neden <span id=\"urn:enhancement-f3bf0149\" class=\"textannotation disambiguated wl-other\" itemid=\"http:\/\/data.wordlift.io\/wl01378\/entity\/bog\">Tanr\u0131<\/span> zabiera nasze dzieci? Dlaczego <span id=\"urn:enhancement-7c491e37\" class=\"textannotation disambiguated wl-other\" itemid=\"http:\/\/data.wordlift.io\/wl01378\/entity\/bog\">Tanr\u0131<\/span> zabiera nam najbli\u017cszych?<\/p>\n<p>Yine bu, bir\u00e7ok a\u00e7\u0131dan ele al\u0131nabilecek bir konudur. Bu ilahi plan\u0131 anlamak bir kereden fazla zordur. Bu durumda, biz nedenini merak ediyoruz <span id=\"urn:enhancement-9b0c2aee\" class=\"textannotation disambiguated wl-other\" itemid=\"http:\/\/data.wordlift.io\/wl01378\/entity\/bog\">Tanr\u0131<\/span> Hi\u00e7 beklemedi\u011fimiz bir anda insanlar\u0131 bizden uzakla\u015ft\u0131r\u0131r m\u0131? Yoksa bizim bir hatam\u0131z m\u0131 var? \u00d6yle mi <span id=\"urn:enhancement-12f4d1ef\" class=\"textannotation disambiguated wl-other\" itemid=\"http:\/\/data.wordlift.io\/wl01378\/entity\/bog\">Tanr\u0131<\/span> bana k\u0131zg\u0131n m\u0131? Bu kesinlikle yanl\u0131\u015f bir yakla\u015f\u0131m. B\u00f6yle anlarda isyan ederiz <span id=\"urn:enhancement-a66c8092\" class=\"textannotation disambiguated wl-other\" itemid=\"http:\/\/data.wordlift.io\/wl01378\/entity\/bog_ojciec\">Bay\u0131m.<\/span> <span id=\"urn:enhancement-7f0ab59f\" class=\"textannotation disambiguated wl-other\" itemid=\"http:\/\/data.wordlift.io\/wl01378\/entity\/bog\">Tanr\u0131<\/span>.<\/p>\n<p>At <span id=\"urn:enhancement-89f21494\" class=\"textannotation disambiguated wl-other\" itemid=\"http:\/\/data.wordlift.io\/wl01378\/entity\/wiara_chrzescijanstwo\">inan\u00e7<\/span> Ki\u015fi olaya bencilce, yaln\u0131zca kendi ki\u015fili\u011finin prizmas\u0131ndan bakamaz. Olaya biraz daha geni\u015f a\u00e7\u0131dan bakmak gerekir. \u0130man, her g\u00fcn \u00fczerimize inen bir l\u00fctuf eylemi olarak g\u00f6r\u00fclmelidir.<\/p>\n<p>G\u00fcvenmek <span id=\"urn:enhancement-90820416\" class=\"textannotation disambiguated wl-other\" itemid=\"http:\/\/data.wordlift.io\/wl01378\/entity\/bog\">Tanr\u0131<\/span>, zawierzaj\u0105c jego planom musimy pami\u0119ta\u0107, \u017ce trwamy w tym na dobre i na z\u0142e. \u015amier\u0107 nie ma by\u0107 dla nas kar\u0105. Czasami \u015bmier\u0107 jest wynikiem wolnej wolni, kt\u00f3r\u0105 zostali obdarzeni wszyscy ludzie, tak\u017ce Ci, kt\u00f3rzy maj\u0105 z\u0142e zamiary i s\u0105 w stanie pozbawi\u0107 \u017cycia innych. Co w przypadku kiedy <span id=\"urn:enhancement-f4b00318\" class=\"textannotation disambiguated wl-other\" itemid=\"http:\/\/data.wordlift.io\/wl01378\/entity\/bog\">Tanr\u0131<\/span> \u00e7ocuklar\u0131 kendine mi al\u0131yor? Bu konuya da \u0130lahi Olan'a olan sars\u0131lmaz inan\u00e7 a\u00e7\u0131s\u0131ndan bak\u0131lmal\u0131d\u0131r.<\/p>\n<p>Tabii ki <span id=\"urn:enhancement-2c95f10d\" class=\"textannotation disambiguated wl-other\" itemid=\"http:\/\/data.wordlift.io\/wl01378\/entity\/bog\">Tanr\u0131<\/span> O bizden ac\u0131 \u00e7ekmekten tamamen kurtulmam\u0131z\u0131 istemez. Rab bizi bu t\u00fcr olaylarla deneyimler ve buna ilahi olarak tan\u0131kl\u0131k eder. Ama O'nun iyili\u011fini ve merhametini unutmayal\u0131m. Kendimizi umutsuz bir durumda, \u00e7\u0131k\u0131\u015f yolu olmayan bir durumda bulsak bile, \u015funlar\u0131 yapma hakk\u0131na sahibiz <a href=\"https:\/\/chrystus.pl\/tr\/czym-jest-cierpienie\/\">ac\u0131 \u00e7ekmek<\/a>memnuniyetsiz olmaya hakk\u0131m\u0131z var. Tek yapman gereken <span id=\"urn:enhancement-cbbab523\" class=\"textannotation disambiguated wl-other\" itemid=\"http:\/\/data.wordlift.io\/wl01378\/entity\/bog\">Tanr\u0131<\/span> bizden istiyor, bu s\u00fcrekli bir <span id=\"urn:enhancement-de90ccef\" class=\"textannotation disambiguated wl-other\" itemid=\"http:\/\/data.wordlift.io\/wl01378\/entity\/wiara_chrzescijanstwo\">inan\u00e7<\/span> O'na ve O'nun yeteneklerine.<\/p>\n<p>Rab bizi \u00f6l\u00fcm\u00fcn ya\u015famlar\u0131m\u0131z\u0131n do\u011fas\u0131nda var oldu\u011fu ve \u00f6l\u00fcm\u00fcn sadece bu d\u00fcnyada bir k\u00f6t\u00fcl\u00fck olarak g\u00f6r\u00fcld\u00fc\u011f\u00fc ger\u00e7e\u011fine al\u0131\u015ft\u0131r\u0131r. \u0130nan\u00e7l\u0131 insanlar, arzu eden insanlar <span id=\"urn:enhancement-596f6adc\" class=\"textannotation disambiguated wl-other\" itemid=\"http:\/\/data.wordlift.io\/wl01378\/entity\/milosierdzie\">merhamet<\/span> \u00d6l\u00fcmden sonra inan\u0131lmaz bir \u015fey ya\u015farlar. <span id=\"urn:enhancement-bf50d06f\" class=\"textannotation disambiguated wl-other\" itemid=\"http:\/\/data.wordlift.io\/wl01378\/entity\/zycie_pozagrobowe\">sonsuz ya\u015fam<\/span> bizim yan\u0131m\u0131zda <span id=\"urn:enhancement-eaa87714\" class=\"textannotation disambiguated wl-other\" itemid=\"http:\/\/data.wordlift.io\/wl01857\/entity\/pan_mitologia\">Bay\u0131m.<\/span> Cennette. Bu en b\u00fcy\u00fck <span id=\"urn:enhancement-90593b01\" class=\"textannotation disambiguated wl-other\" itemid=\"http:\/\/data.wordlift.io\/wl01857\/entity\/nagroda\">\u00f6d\u00fcl<\/span> Bir Hristiyan'\u0131n ba\u015f\u0131na gelebilecek en k\u00f6t\u00fc \u015fey. Bu nedenle \u015funlar\u0131 yapmal\u0131y\u0131z <span id=\"urn:enhancement-13289344\" class=\"textannotation disambiguated wl-other\" itemid=\"http:\/\/data.wordlift.io\/wl01857\/entity\/charakterystyka_swiatla_nawigacyjnego\">kal\u0131c\u0131 olarak<\/span> D\u00fcnyevi ya\u015famlar\u0131m\u0131zda ya\u015fad\u0131\u011f\u0131m\u0131z s\u0131k\u0131nt\u0131lar ne olursa olsun, Rab'le bar\u0131\u015fmaya \u00e7al\u0131\u015f\u0131n. Bizim i\u00e7in s\u0131radan <span id=\"urn:enhancement-33fa05b4\" class=\"textannotation disambiguated wl-other\" itemid=\"http:\/\/data.wordlift.io\/wl01857\/entity\/organizm\">canl\u0131 varl\u0131klar<\/span> Bu harika bir test. Ancak, biz <span id=\"urn:enhancement-50750f91\" class=\"textannotation disambiguated wl-other\" itemid=\"http:\/\/data.wordlift.io\/wl01857\/entity\/charakterystyka_swiatla_nawigacyjnego\">kal\u0131c\u0131 olarak<\/span> tan\u0131n\u0131r ve \u00f6d\u00fcllendirilir.<\/p>\n<p><span id=\"urn:enhancement-7faef286\" class=\"textannotation disambiguated wl-creative work\" itemid=\"http:\/\/data.wordlift.io\/wl01857\/entity\/lamhe\">Anlar<\/span> \u015e\u00fcpheler ve zay\u0131fl\u0131klar insanidir. Bununla birlikte, Tanr\u0131'n\u0131n l\u00fctfuna her zaman g\u00fcvenebilece\u011fimizi unutmamak \u00f6nemlidir. <span id=\"urn:enhancement-253bc00c\" class=\"textannotation disambiguated wl-other\" itemid=\"http:\/\/data.wordlift.io\/wl01857\/entity\/charakterystyka_swiatla_nawigacyjnego\">kal\u0131c\u0131 olarak<\/span> etraf\u0131m\u0131z sar\u0131ld\u0131. Bu nedenle, sevdi\u011fimiz birinin \u00f6l\u00fcm\u00fc gibi en b\u00fcy\u00fck keder ve kriz durumlar\u0131nda bile Rab'be g\u00fcvenecek g\u00fcc\u00fc bulal\u0131m.<\/p>","protected":false},"excerpt":{"rendered":"<p>Bez w\u0105tpienia strata najbli\u017cszej osoby jest jednym z najstraszniejszych do\u015bwiadcze\u0144 na jakie mo\u017cemy natrafi\u0107 w swoim \u017cyciu. \u015amier\u0107 sama w sobie stanowi nieodgadnion\u0105 tajemnic\u0119 ale kojarzy si\u0119 ona ze z\u0142em oraz cierpieniem. Wielu zapewne zadaje sobie pytania: gdzie jest B\u00f3g kiedy wok\u00f3\u0142 nas dzieje si\u0119 tragedia? Dlaczego B\u00f3g zabiera nasze dzieci? Dlaczego B\u00f3g zabiera nam &hellip;<\/p>","protected":false},"author":1,"featured_media":97,"comment_status":"open","ping_status":"open","sticky":false,"template":"","format":"standard","meta":{"footnotes":""},"categories":[5],"tags":[15],"class_list":["post-96","post","type-post","status-publish","format-standard","has-post-thumbnail","hentry","category-bog","tag-filozofia"],"yoast_head":"<!-- This site is optimized with the Yoast SEO plugin v27.4 - https:\/\/yoast.com\/product\/yoast-seo-wordpress\/ -->\n<title>Dlaczego B\u00f3g Zabiera Nam Najbli\u017cszych? - Chrystus<\/title>\n<meta name=\"description\" content=\"Bez w\u0105tpienia strata najbli\u017cszej osoby jest jednym z najstraszniejszych do\u015bwiadcze\u0144 na jakie mo\u017cemy natrafi\u0107 w swoim \u017cyciu. \u015amier\u0107 sama w sobie stanowi\" \/>\n<meta name=\"robots\" content=\"index, follow, max-snippet:-1, max-image-preview:large, max-video-preview:-1\" \/>\n<link rel=\"canonical\" href=\"https:\/\/chrystus.pl\/tr\/neden-tanri-bize-en-yakin-olanlari-alir\/\" \/>\n<meta property=\"og:locale\" content=\"tr_TR\" \/>\n<meta property=\"og:type\" content=\"article\" \/>\n<meta property=\"og:title\" content=\"Dlaczego B\u00f3g Zabiera Nam Najbli\u017cszych? - Chrystus\" \/>\n<meta property=\"og:description\" content=\"Bez w\u0105tpienia strata najbli\u017cszej osoby jest jednym z najstraszniejszych do\u015bwiadcze\u0144 na jakie mo\u017cemy natrafi\u0107 w swoim \u017cyciu. \u015amier\u0107 sama w sobie stanowi\" \/>\n<meta property=\"og:url\" content=\"https:\/\/chrystus.pl\/tr\/neden-tanri-bize-en-yakin-olanlari-alir\/\" \/>\n<meta property=\"og:site_name\" content=\"Chrystus\" \/>\n<meta property=\"article:published_time\" content=\"2019-03-26T04:25:30+00:00\" \/>\n<meta property=\"article:modified_time\" content=\"2020-01-13T07:51:33+00:00\" \/>\n<meta property=\"og:image\" content=\"https:\/\/chrystus.pl\/wp-content\/uploads\/2019\/03\/Dlaczego-Bo\u0301g-Zabiera-Nam-Najbliz\u0307szych.jpg\" \/>\n\t<meta property=\"og:image:width\" content=\"1280\" \/>\n\t<meta property=\"og:image:height\" content=\"648\" \/>\n\t<meta property=\"og:image:type\" content=\"image\/jpeg\" \/>\n<meta name=\"author\" content=\"Samarytanka\" \/>\n<meta name=\"twitter:card\" content=\"summary_large_image\" \/>\n<meta name=\"twitter:label1\" content=\"Yazan:\" \/>\n\t<meta name=\"twitter:data1\" content=\"Samarytanka\" \/>\n\t<meta name=\"twitter:label2\" content=\"Tahmini okuma s\u00fcresi\" \/>\n\t<meta name=\"twitter:data2\" content=\"2 dakika\" \/>\n<!-- \/ Yoast SEO plugin. -->","yoast_head_json":{"title":"Tanr\u0131 neden en yak\u0131nlar\u0131m\u0131z\u0131 ve en sevdiklerimizi bizden al\u0131r? - Mesih","description":"Hi\u00e7 \u015f\u00fcphesiz, sevdi\u011fimiz birinin kayb\u0131 hayat\u0131m\u0131zda kar\u015f\u0131la\u015fabilece\u011fimiz en korkun\u00e7 deneyimlerden biridir. \u00d6l\u00fcm kendi ba\u015f\u0131na","robots":{"index":"index","follow":"follow","max-snippet":"max-snippet:-1","max-image-preview":"max-image-preview:large","max-video-preview":"max-video-preview:-1"},"canonical":"https:\/\/chrystus.pl\/tr\/neden-tanri-bize-en-yakin-olanlari-alir\/","og_locale":"tr_TR","og_type":"article","og_title":"Dlaczego B\u00f3g Zabiera Nam Najbli\u017cszych? - Chrystus","og_description":"Bez w\u0105tpienia strata najbli\u017cszej osoby jest jednym z najstraszniejszych do\u015bwiadcze\u0144 na jakie mo\u017cemy natrafi\u0107 w swoim \u017cyciu. \u015amier\u0107 sama w sobie stanowi","og_url":"https:\/\/chrystus.pl\/tr\/neden-tanri-bize-en-yakin-olanlari-alir\/","og_site_name":"Chrystus","article_published_time":"2019-03-26T04:25:30+00:00","article_modified_time":"2020-01-13T07:51:33+00:00","og_image":[{"width":1280,"height":648,"url":"https:\/\/chrystus.pl\/wp-content\/uploads\/2019\/03\/Dlaczego-Bo\u0301g-Zabiera-Nam-Najbliz\u0307szych.jpg","type":"image\/jpeg"}],"author":"Samarytanka","twitter_card":"summary_large_image","twitter_misc":{"Yazan:":"Samarytanka","Tahmini okuma s\u00fcresi":"2 dakika"},"schema":{"@context":"https:\/\/schema.org","@graph":[{"@type":"Article","@id":"https:\/\/chrystus.pl\/dlaczego-bog-zabiera-nam-najblizszych\/#article","isPartOf":{"@id":"https:\/\/chrystus.pl\/dlaczego-bog-zabiera-nam-najblizszych\/"},"author":{"name":"Samarytanka","@id":"https:\/\/chrystus.pl\/#\/schema\/person\/e2e742452b8b7b2bcd23ea180671d27a"},"headline":"Dlaczego B\u00f3g Zabiera Nam Najbli\u017cszych?","datePublished":"2019-03-26T04:25:30+00:00","dateModified":"2020-01-13T07:51:33+00:00","mainEntityOfPage":{"@id":"https:\/\/chrystus.pl\/dlaczego-bog-zabiera-nam-najblizszych\/"},"wordCount":489,"commentCount":0,"publisher":{"@id":"https:\/\/chrystus.pl\/#organization"},"image":{"@id":"https:\/\/chrystus.pl\/dlaczego-bog-zabiera-nam-najblizszych\/#primaryimage"},"thumbnailUrl":"https:\/\/chrystus.pl\/wp-content\/uploads\/2019\/03\/Dlaczego-Bo\u0301g-Zabiera-Nam-Najbliz\u0307szych.jpg","keywords":["filozofia"],"articleSection":["B\u00f3g"],"inLanguage":"tr","potentialAction":[{"@type":"CommentAction","name":"Comment","target":["https:\/\/chrystus.pl\/dlaczego-bog-zabiera-nam-najblizszych\/#respond"]}]},{"@type":"WebPage","@id":"https:\/\/chrystus.pl\/dlaczego-bog-zabiera-nam-najblizszych\/","url":"https:\/\/chrystus.pl\/dlaczego-bog-zabiera-nam-najblizszych\/","name":"Tanr\u0131 neden en yak\u0131nlar\u0131m\u0131z\u0131 ve en sevdiklerimizi bizden al\u0131r? - Mesih","isPartOf":{"@id":"https:\/\/chrystus.pl\/#website"},"primaryImageOfPage":{"@id":"https:\/\/chrystus.pl\/dlaczego-bog-zabiera-nam-najblizszych\/#primaryimage"},"image":{"@id":"https:\/\/chrystus.pl\/dlaczego-bog-zabiera-nam-najblizszych\/#primaryimage"},"thumbnailUrl":"https:\/\/chrystus.pl\/wp-content\/uploads\/2019\/03\/Dlaczego-Bo\u0301g-Zabiera-Nam-Najbliz\u0307szych.jpg","datePublished":"2019-03-26T04:25:30+00:00","dateModified":"2020-01-13T07:51:33+00:00","description":"Hi\u00e7 \u015f\u00fcphesiz, sevdi\u011fimiz birinin kayb\u0131 hayat\u0131m\u0131zda kar\u015f\u0131la\u015fabilece\u011fimiz en korkun\u00e7 deneyimlerden biridir. \u00d6l\u00fcm kendi ba\u015f\u0131na","breadcrumb":{"@id":"https:\/\/chrystus.pl\/dlaczego-bog-zabiera-nam-najblizszych\/#breadcrumb"},"inLanguage":"tr","potentialAction":[{"@type":"ReadAction","target":["https:\/\/chrystus.pl\/dlaczego-bog-zabiera-nam-najblizszych\/"]}]},{"@type":"ImageObject","inLanguage":"tr","@id":"https:\/\/chrystus.pl\/dlaczego-bog-zabiera-nam-najblizszych\/#primaryimage","url":"https:\/\/chrystus.pl\/wp-content\/uploads\/2019\/03\/Dlaczego-Bo\u0301g-Zabiera-Nam-Najbliz\u0307szych.jpg","contentUrl":"https:\/\/chrystus.pl\/wp-content\/uploads\/2019\/03\/Dlaczego-Bo\u0301g-Zabiera-Nam-Najbliz\u0307szych.jpg","width":1280,"height":648,"caption":"Dlaczego Bo\u0301g Zabiera Nam Najbliz\u0307szych"},{"@type":"BreadcrumbList","@id":"https:\/\/chrystus.pl\/dlaczego-bog-zabiera-nam-najblizszych\/#breadcrumb","itemListElement":[{"@type":"ListItem","position":1,"name":"Strona g\u0142\u00f3wna","item":"https:\/\/chrystus.pl\/"},{"@type":"ListItem","position":2,"name":"Dlaczego B\u00f3g Zabiera Nam Najbli\u017cszych?"}]},{"@type":"WebSite","@id":"https:\/\/chrystus.pl\/#website","url":"https:\/\/chrystus.pl\/","name":"Mesih","description":"Tanr\u0131, Meryem, \u0130sa, Kom\u00fcnyon ve daha fazlas\u0131","publisher":{"@id":"https:\/\/chrystus.pl\/#organization"},"potentialAction":[{"@type":"SearchAction","target":{"@type":"EntryPoint","urlTemplate":"https:\/\/chrystus.pl\/?s={search_term_string}"},"query-input":{"@type":"PropertyValueSpecification","valueRequired":true,"valueName":"search_term_string"}}],"inLanguage":"tr"},{"@type":"Organization","@id":"https:\/\/chrystus.pl\/#organization","name":"Christ.pl","url":"https:\/\/chrystus.pl\/","logo":{"@type":"ImageObject","inLanguage":"tr","@id":"https:\/\/chrystus.pl\/#\/schema\/logo\/image\/","url":"https:\/\/chrystus.pl\/wp-content\/uploads\/2019\/03\/chrystus-bog-maryja-komunia-bierzmowanie.jpg","contentUrl":"https:\/\/chrystus.pl\/wp-content\/uploads\/2019\/03\/chrystus-bog-maryja-komunia-bierzmowanie.jpg","width":1920,"height":1280,"caption":"Chrystus.pl"},"image":{"@id":"https:\/\/chrystus.pl\/#\/schema\/logo\/image\/"}},{"@type":"Person","@id":"https:\/\/chrystus.pl\/#\/schema\/person\/e2e742452b8b7b2bcd23ea180671d27a","name":"Samaritan kad\u0131n"}]}},"_links":{"self":[{"href":"https:\/\/chrystus.pl\/tr\/wp-json\/wp\/v2\/posts\/96","targetHints":{"allow":["GET"]}}],"collection":[{"href":"https:\/\/chrystus.pl\/tr\/wp-json\/wp\/v2\/posts"}],"about":[{"href":"https:\/\/chrystus.pl\/tr\/wp-json\/wp\/v2\/types\/post"}],"author":[{"embeddable":true,"href":"https:\/\/chrystus.pl\/tr\/wp-json\/wp\/v2\/users\/1"}],"replies":[{"embeddable":true,"href":"https:\/\/chrystus.pl\/tr\/wp-json\/wp\/v2\/comments?post=96"}],"version-history":[{"count":0,"href":"https:\/\/chrystus.pl\/tr\/wp-json\/wp\/v2\/posts\/96\/revisions"}],"wp:featuredmedia":[{"embeddable":true,"href":"https:\/\/chrystus.pl\/tr\/wp-json\/wp\/v2\/media\/97"}],"wp:attachment":[{"href":"https:\/\/chrystus.pl\/tr\/wp-json\/wp\/v2\/media?parent=96"}],"wp:term":[{"taxonomy":"category","embeddable":true,"href":"https:\/\/chrystus.pl\/tr\/wp-json\/wp\/v2\/categories?post=96"},{"taxonomy":"post_tag","embeddable":true,"href":"https:\/\/chrystus.pl\/tr\/wp-json\/wp\/v2\/tags?post=96"}],"curies":[{"name":"wp","href":"https:\/\/api.w.org\/{rel}","templated":true}]}}