{"id":2024,"date":"2021-02-28T16:03:09","date_gmt":"2021-02-28T16:03:09","guid":{"rendered":"https:\/\/chrystus.pl\/?p=2024"},"modified":"2021-02-28T16:03:13","modified_gmt":"2021-02-28T16:03:13","slug":"co-sie-wydarzylo-w-medjugorie","status":"publish","type":"post","link":"https:\/\/chrystus.pl\/uk\/co-sie-wydarzylo-w-medjugorie\/","title":{"rendered":"\u0429\u043e \u0441\u0442\u0430\u043b\u043e\u0441\u044f \u0432 \u041c\u0435\u0434\u0436\u0443\u0491\u043e\u0440'\u0457?"},"content":{"rendered":"<p>25 czerwca min\u0105 cztery dekady od pierwszego objawienia Maryjnego w Medziugorje. Co to oznacza?<\/p>\n\n\n\n<p>Objawienia w Medjugorje rozpocz\u0119\u0142y si\u0119 w 1981 r., kiedy grupa m\u0142odych ludzi z ma\u0142ego kraju Bo\u015bni i Hercegowiny potwierdzili, \u017ce widzieli Matk\u0119 Bo\u017c\u0105. Niekt\u00f3rzy z nich, po trzydziestu latach, twierdz\u0105, \u017ce nadal maj\u0105 jedno objawienie dziennie. <\/p>\n\n\n\n<p>\u0410\u0431\u0441\u043e\u043b\u044e\u0442\u043d\u043e \u043d\u043e\u0432\u0430 \u043f\u0440\u0438\u0440\u043e\u0434\u0430 \u0446\u0438\u0445 \u043e\u0431'\u044f\u0432\u043b\u0435\u043d\u044c \u043f\u043e\u043b\u044f\u0433\u0430\u0454 \u0432 \u0442\u043e\u043c\u0443, \u0449\u043e \u0432\u0438\u0434\u0456\u043d\u043d\u044f \u043d\u0435 \u043f\u0440\u0438\u0432'\u044f\u0437\u0430\u043d\u0435 \u0434\u043e \u043f\u0435\u0432\u043d\u043e\u0433\u043e \u043c\u0456\u0441\u0446\u044f, \u0430 \u0432\u0456\u0434\u0431\u0443\u0432\u0430\u0454\u0442\u044c\u0441\u044f \u0442\u0430\u043c, \u0434\u0435 \u0432\u0456\u0437\u0456\u043e\u043d\u0435\u0440\u0438 \u043f\u0435\u0440\u0435\u0431\u0443\u0432\u0430\u044e\u0442\u044c \u0443 \u0434\u0430\u043d\u0438\u0439 \u043c\u043e\u043c\u0435\u043d\u0442 \u0447\u0430\u0441\u0443.<\/p>\n\n\n\n<p>\u0414\u043e 24 \u0447\u0435\u0440\u0432\u043d\u044f 1981 \u0440\u043e\u043a\u0443 \u041c\u0435\u0434\u0436\u0443\u0491\u043e\u0440'\u0454 \u0431\u0443\u043b\u043e \u043b\u0438\u0448\u0435 \u043a\u0440\u0438\u0445\u0456\u0442\u043d\u0438\u043c \u0444\u0435\u0440\u043c\u0435\u0440\u0441\u044c\u043a\u0438\u043c \u0441\u0435\u043b\u043e\u043c, \u0437\u0430\u0433\u0443\u0431\u043b\u0435\u043d\u0438\u043c \u0443 \u0441\u0443\u0432\u043e\u0440\u043e\u043c\u0443 \u0456 \u0431\u0435\u0437\u043b\u044e\u0434\u043d\u043e\u043c\u0443 \u043a\u0443\u0442\u043e\u0447\u043a\u0443 \u043a\u043e\u043b\u0438\u0448\u043d\u044c\u043e\u0457 \u042e\u0433\u043e\u0441\u043b\u0430\u0432\u0456\u0457. \u0412\u0456\u0434\u0442\u043e\u0434\u0456 \u0432\u0441\u0435 \u0437\u043c\u0456\u043d\u0438\u043b\u043e\u0441\u044f, \u0456 \u0441\u0435\u043b\u043e \u0441\u0442\u0430\u043b\u043e \u043e\u0434\u043d\u0438\u043c \u0437 \u043d\u0430\u0439\u0432\u0430\u0436\u043b\u0438\u0432\u0456\u0448\u0438\u0445 \u0446\u0435\u043d\u0442\u0440\u0456\u0432 \u0445\u0440\u0438\u0441\u0442\u0438\u044f\u043d\u0441\u044c\u043a\u043e\u0457 \u0440\u0435\u043b\u0456\u0433\u0456\u0457.<\/p>\n\n\n\n<div id=\"ez-toc-container\" class=\"ez-toc-v2_0_82_2 counter-hierarchy ez-toc-counter ez-toc-custom ez-toc-container-direction\">\n<p class=\"ez-toc-title\" style=\"cursor:inherit\">\u0417\u043c\u0456\u0441\u0442<\/p>\n<label for=\"ez-toc-cssicon-toggle-item-69f5d42a6533b\" class=\"ez-toc-cssicon-toggle-label\"><span class=\"\"><span class=\"eztoc-hide\" style=\"display:none;\">\u041f\u0435\u0440\u0435\u043c\u0438\u043a\u0430\u0447<\/span><span class=\"ez-toc-icon-toggle-span\"><svg style=\"fill: #ffffff;color:#ffffff\" xmlns=\"http:\/\/www.w3.org\/2000\/svg\" class=\"list-377408\" width=\"20px\" height=\"20px\" viewbox=\"0 0 24 24\" fill=\"none\"><path d=\"M6 6H4v2h2V6zm14 0H8v2h12V6zM4 11h2v2H4v-2zm16 0H8v2h12v-2zM4 16h2v2H4v-2zm16 0H8v2h12v-2z\" fill=\"currentColor\"><\/path><\/svg><svg style=\"fill: #ffffff;color:#ffffff\" class=\"arrow-unsorted-368013\" xmlns=\"http:\/\/www.w3.org\/2000\/svg\" width=\"10px\" height=\"10px\" viewbox=\"0 0 24 24\" version=\"1.2\" baseprofile=\"tiny\"><path d=\"M18.2 9.3l-6.2-6.3-6.2 6.3c-.2.2-.3.4-.3.7s.1.5.3.7c.2.2.4.3.7.3h11c.3 0 .5-.1.7-.3.2-.2.3-.5.3-.7s-.1-.5-.3-.7zM5.8 14.7l6.2 6.3 6.2-6.3c.2-.2.3-.5.3-.7s-.1-.5-.3-.7c-.2-.2-.4-.3-.7-.3h-11c-.3 0-.5.1-.7.3-.2.2-.3.5-.3.7s.1.5.3.7z\"\/><\/svg><\/span><\/span><\/label><input type=\"checkbox\"  id=\"ez-toc-cssicon-toggle-item-69f5d42a6533b\"  aria-label=\"\u041f\u0435\u0440\u0435\u043c\u0438\u043a\u0430\u0447\" \/><nav><ul class='ez-toc-list ez-toc-list-level-1' ><li class='ez-toc-page-1 ez-toc-heading-level-2'><a class=\"ez-toc-link ez-toc-heading-1\" href=\"https:\/\/chrystus.pl\/uk\/co-sie-wydarzylo-w-medjugorie\/#Co_stalo_sie_w_Medjugorie_w_1981_r\" >\u0429\u043e \u0441\u0442\u0430\u043b\u043e\u0441\u044f \u0432 \u041c\u0435\u0434\u0436\u0443\u0491\u043e\u0440'\u0457 \u0432 1981 \u0440\u043e\u0446\u0456?<\/a><\/li><li class='ez-toc-page-1 ez-toc-heading-level-2'><a class=\"ez-toc-link ez-toc-heading-2\" href=\"https:\/\/chrystus.pl\/uk\/co-sie-wydarzylo-w-medjugorie\/#Objawienia_w_Medjugorie_dzien_pierwszy\" >\u041e\u0431'\u044f\u0432\u043b\u0435\u043d\u043d\u044f \u0432 \u041c\u0435\u0434\u0436\u0443\u0491\u043e\u0440'\u0457, \u0434\u0435\u043d\u044c \u043f\u0435\u0440\u0448\u0438\u0439<\/a><\/li><li class='ez-toc-page-1 ez-toc-heading-level-2'><a class=\"ez-toc-link ez-toc-heading-3\" href=\"https:\/\/chrystus.pl\/uk\/co-sie-wydarzylo-w-medjugorie\/#Objawienia_w_Medjugorie_dzien_drugi\" >\u041e\u0431'\u044f\u0432\u043b\u0435\u043d\u043d\u044f \u0432 \u041c\u0435\u0434\u0436\u0443\u0491\u043e\u0440'\u0457, \u0434\u0435\u043d\u044c \u0434\u0440\u0443\u0433\u0438\u0439<\/a><\/li><li class='ez-toc-page-1 ez-toc-heading-level-2'><a class=\"ez-toc-link ez-toc-heading-4\" href=\"https:\/\/chrystus.pl\/uk\/co-sie-wydarzylo-w-medjugorie\/#Co_sie_wydarzylo_w_Medjugorie\" >\u0429\u043e \u0441\u0442\u0430\u043b\u043e\u0441\u044f \u0432 \u041c\u0435\u0434\u0436\u0443\u0433\u043e\u0440'\u0457<\/a><\/li><\/ul><\/nav><\/div>\n<h2 class=\"wp-block-heading\"><span class=\"ez-toc-section\" id=\"Co_stalo_sie_w_Medjugorie_w_1981_r\"><\/span>\u0429\u043e \u0441\u0442\u0430\u043b\u043e\u0441\u044f \u0432 \u041c\u0435\u0434\u0436\u0443\u0491\u043e\u0440'\u0457 \u0432 1981 \u0440\u043e\u0446\u0456?<span class=\"ez-toc-section-end\"><\/span><\/h2>\n\n\n\n<p>Co wydarzy\u0142o si\u0119 24 czerwca 1981 r. w Medjugorie? Po raz pierwszy (pierwszy z d\u0142ugiej serii, kt\u00f3ra wci\u0105\u017c trwa) Matka Bo\u017ca ukaza\u0142a si\u0119 grupie miejscowych dzieci, aby przekaza\u0107 \u015bwiatu or\u0119dzie pokoju i nawr\u00f3cenia poprzez modlitw\u0119 i post.<\/p>\n\n\n\n<h2 class=\"wp-block-heading\"><span class=\"ez-toc-section\" id=\"Objawienia_w_Medjugorie_dzien_pierwszy\"><\/span>\u041e\u0431'\u044f\u0432\u043b\u0435\u043d\u043d\u044f \u0432 \u041c\u0435\u0434\u0436\u0443\u0491\u043e\u0440'\u0457, \u0434\u0435\u043d\u044c \u043f\u0435\u0440\u0448\u0438\u0439<span class=\"ez-toc-section-end\"><\/span><\/h2>\n\n\n\n<p>\u041f\u0456\u0437\u043d\u043e \u0432\u0432\u0435\u0447\u0435\u0440\u0456 \u0432 \u0441\u0435\u0440\u0435\u0434\u0443 24 \u0447\u0435\u0440\u0432\u043d\u044f 1981 \u0440\u043e\u043a\u0443, \u043d\u0430 \u0441\u0432\u044f\u0442\u043e \u0406\u0432\u0430\u043d\u0430 \u0425\u0440\u0435\u0441\u0442\u0438\u0442\u0435\u043b\u044f, \u0448\u0435\u0441\u0442\u0435\u0440\u043e \u0434\u0456\u0442\u0435\u0439 \u0443 \u0432\u0456\u0446\u0456 \u0432\u0456\u0434 12 \u0434\u043e 20 \u0440\u043e\u043a\u0456\u0432 \u0433\u0443\u043b\u044f\u043b\u0438 \u043d\u0430 \u0433\u043e\u0440\u0456 \u0426\u0440\u043d\u0456\u0446\u0430 (\u0441\u044c\u043e\u0433\u043e\u0434\u043d\u0456 \u0432\u0456\u0434\u043e\u043c\u0430 \u044f\u043a \u0413\u043e\u0440\u0430 \u0417'\u044f\u0432\u043b\u0435\u043d\u043d\u044f) \u0456 \u0432 \u0441\u043a\u0435\u043b\u044f\u0441\u0442\u043e\u043c\u0443 \u043c\u0456\u0441\u0446\u0456 \u043f\u0456\u0434 \u043d\u0430\u0437\u0432\u043e\u044e \u041f\u043e\u0434\u0431\u0440\u0434\u043e \u043f\u043e\u043c\u0456\u0442\u0438\u043b\u0438 \u0432 \u043d\u0435\u0431\u0456 \u0448\u0432\u0438\u0434\u043a\u043e\u043f\u043b\u0438\u043d\u043d\u0443 \u0444\u0456\u0433\u0443\u0440\u0443 \u043a\u0440\u0430\u0441\u0438\u0432\u043e\u0457 \u0456 \u0441\u0432\u0456\u0442\u043b\u043e\u0457 \u043c\u043e\u043b\u043e\u0434\u043e\u0457 \u0436\u0456\u043d\u043a\u0438 \u0437 \u0434\u0438\u0442\u0438\u043d\u043e\u044e \u043d\u0430 \u0440\u0443\u043a\u0430\u0445. <\/p>\n\n\n\n<p>\u0428\u0456\u0441\u0442\u044c \u043c\u043e\u043b\u043e\u0434\u0438\u0445 \u043b\u044e\u0434\u0435\u0439 - \u0406\u0432\u0430\u043d\u043a\u0430 \u0406\u0432\u0430\u043d\u043a\u043e\u0432\u0438\u0447 (15 \u0440\u043e\u043a\u0456\u0432), \u041c\u0456\u0440'\u044f\u043d\u0430 \u0414\u0440\u0430\u0433\u0456\u0447\u0435\u0432\u0438\u0447 (16 \u0440\u043e\u043a\u0456\u0432), \u0412\u0456\u043a\u0430 \u0406\u0432\u0430\u043d\u043a\u043e\u0432\u0438\u0447 (16 \u0440\u043e\u043a\u0456\u0432), \u0406\u0432\u0430\u043d \u0414\u0440\u0430\u0433\u0456\u0447\u0435\u0432\u0438\u0447 (16 \u0440\u043e\u043a\u0456\u0432), \u0430 \u0442\u0430\u043a\u043e\u0436 \u0406\u0432\u0430\u043d \u0406\u0432\u0430\u043d\u043a\u043e\u0432\u0438\u0447 (20 \u0440\u043e\u043a\u0456\u0432) \u0456 \u041c\u0456\u043b\u043a\u0430 \u041f\u0430\u0432\u043b\u043e\u0432\u0438\u0447 (12 \u0440\u043e\u043a\u0456\u0432). \u0412\u043e\u043d\u0438 \u043e\u0434\u0440\u0430\u0437\u0443 \u0440\u043e\u0437\u0443\u043c\u0456\u044e\u0442\u044c, \u0449\u043e \u0444\u0456\u0433\u0443\u0440\u0430 - \u0446\u0435 \u0411\u043e\u0433\u043e\u0440\u043e\u0434\u0438\u0446\u044f, \u0445\u043e\u0447\u0430 \u0432\u0438\u0434\u0438\u043c\u0430 \u043f\u043e\u0441\u0442\u0430\u0442\u044c \u043d\u0456\u0447\u043e\u0433\u043e \u0457\u043c \u043d\u0435 \u0433\u043e\u0432\u043e\u0440\u0438\u0442\u044c, \u0430 \u043b\u0438\u0448\u0435 \u0434\u0430\u0454 \u0437\u043d\u0430\u043a \u043f\u0456\u0434\u0456\u0439\u0442\u0438 \u0434\u043e \u043d\u0435\u0457. <\/p>\n\n\n\n<p>\u0414\u0456\u0442\u0438 \u0434\u0443\u0436\u0435 \u043d\u0430\u043b\u044f\u043a\u0430\u043d\u0456 \u0456 \u0442\u0456\u043a\u0430\u044e\u0442\u044c. \u0412\u0434\u043e\u043c\u0430 \u0432\u043e\u043d\u0438 \u0440\u043e\u0437\u043f\u043e\u0432\u0456\u0434\u0430\u044e\u0442\u044c \u0431\u0430\u0442\u044c\u043a\u0430\u043c \u043f\u0440\u043e \u0442\u0435, \u0449\u043e \u0441\u0442\u0430\u043b\u043e\u0441\u044f, \u0430\u043b\u0435 \u0434\u043e\u0440\u043e\u0441\u043b\u0456, \u043d\u0430\u043b\u044f\u043a\u0430\u043d\u0456 \u043c\u043e\u0436\u043b\u0438\u0432\u0438\u043c\u0438 \u043d\u0430\u0441\u043b\u0456\u0434\u043a\u0430\u043c\u0438 (\u043d\u0435 \u0437\u0430\u0431\u0443\u0432\u0430\u0439\u043c\u043e, \u0449\u043e \u0421\u043e\u0446\u0456\u0430\u043b\u0456\u0441\u0442\u0438\u0447\u043d\u0430 \u0424\u0435\u0434\u0435\u0440\u0430\u0442\u0438\u0432\u043d\u0430 \u0420\u0435\u0441\u043f\u0443\u0431\u043b\u0456\u043a\u0430 \u042e\u0433\u043e\u0441\u043b\u0430\u0432\u0456\u044f \u0431\u0443\u043b\u0430 \u043e\u0444\u0456\u0446\u0456\u0439\u043d\u043e \u0430\u0442\u0435\u0457\u0441\u0442\u0438\u0447\u043d\u043e\u044e), \u043f\u0440\u043e\u0441\u044f\u0442\u044c \u0457\u0445 \u043c\u043e\u0432\u0447\u0430\u0442\u0438.<\/p>\n\n\n\n<h2 class=\"wp-block-heading\"><span class=\"ez-toc-section\" id=\"Objawienia_w_Medjugorie_dzien_drugi\"><\/span>\u041e\u0431'\u044f\u0432\u043b\u0435\u043d\u043d\u044f \u0432 \u041c\u0435\u0434\u0436\u0443\u0491\u043e\u0440'\u0457, \u0434\u0435\u043d\u044c \u0434\u0440\u0443\u0433\u0438\u0439<span class=\"ez-toc-section-end\"><\/span><\/h2>\n\n\n\n<p>\u041e\u0434\u043d\u0430\u043a \u0437\u0432\u0456\u0441\u0442\u043a\u0430 \u043f\u0440\u043e \u043e\u0431'\u044f\u0432\u043b\u0435\u043d\u043d\u044f \u043d\u0430\u0441\u0442\u0456\u043b\u044c\u043a\u0438 \u0433\u0443\u0447\u043d\u0430, \u0449\u043e \u0448\u0432\u0438\u0434\u043a\u043e \u0440\u043e\u0437\u043d\u043e\u0441\u0438\u0442\u044c\u0441\u044f \u0441\u0435\u043b\u043e\u043c \u0456 \u043d\u0430\u0441\u0442\u0443\u043f\u043d\u043e\u0433\u043e \u0434\u043d\u044f, 25 \u0447\u0435\u0440\u0432\u043d\u044f, \u0433\u0440\u0443\u043f\u0430 \u0446\u0456\u043a\u0430\u0432\u0438\u0445 \u0437\u0431\u0438\u0440\u0430\u0454\u0442\u044c\u0441\u044f \u043d\u0430 \u0442\u043e\u043c\u0443 \u0436 \u043c\u0456\u0441\u0446\u0456 \u0456 \u0432 \u0442\u043e\u0439 \u0436\u0435 \u0447\u0430\u0441 \u0432 \u043d\u0430\u0434\u0456\u0457 \u043d\u0430 \u043d\u043e\u0432\u0435 \u043e\u0431'\u044f\u0432\u043b\u0435\u043d\u043d\u044f, \u044f\u043a\u0435, \u043e\u0434\u043d\u0430\u043a, \u043f\u0440\u0438\u0445\u043e\u0434\u0438\u0442\u044c \u043d\u0435 \u0434\u0443\u0436\u0435 \u0441\u043a\u043e\u0440\u043e. \u0421\u0435\u0440\u0435\u0434 \u043d\u0438\u0445 - \u0434\u0456\u0442\u0438 \u0437 \u043f\u043e\u043f\u0435\u0440\u0435\u0434\u043d\u044c\u043e\u0433\u043e \u0434\u043d\u044f, \u0437\u0430 \u0432\u0438\u043d\u044f\u0442\u043a\u043e\u043c \u0406\u0432\u0430\u043d\u0430 \u0406\u0432\u0430\u043d\u043a\u043e\u0432\u0438\u0447\u0430 \u0442\u0430 \u041c\u0456\u043b\u043a\u0438, \u044f\u043a\u0456 \u0431\u0456\u043b\u044c\u0448\u0435 \u043d\u0435 \u043f\u043e\u0431\u0430\u0447\u0430\u0442\u044c \u041c\u0430\u0434\u043e\u043d\u043d\u0443, \u0445\u043e\u0447\u0430 \u0439 \u0431\u0443\u043b\u0438 \u043f\u0440\u0438\u0441\u0443\u0442\u043d\u0456 \u043d\u0430 \u043d\u0430\u0441\u0442\u0443\u043f\u043d\u0438\u0445 \u043e\u0431'\u044f\u0432\u043b\u0435\u043d\u043d\u044f\u0445. <\/p>\n\n\n\n<p>Marija Pavlovi\u0107 (16 lat), najstarsza siostra Milki, i dziesi\u0119cioletni Jakov \u010colo s\u0105 tam, aby wraz z pozosta\u0142\u0105 czw\u00f3rk\u0105 zobaczy\u0107 Madonn\u0119: tym razem ukazuje si\u0119 na chmurze i bez dziecka, tak samo pi\u0119kna i jasna jak dnia poprzedniego. Grupa sze\u015bciu wybranych przez Naj\u015bwi\u0119tsz\u0105 Pann\u0119 jest w tym momencie uformowana i dlatego rocznica objawie\u0144 obchodzona jest w\u0142a\u015bnie 25 czerwca ka\u017cdego roku, zgodnie z wyra\u017an\u0105 decyzj\u0105 samej Maryi. Tym razem, na znak Matki, ca\u0142a sz\u00f3stka m\u0142odych wizjoner\u00f3w szybko pobieg\u0142a na szczyt g\u00f3ry. Mimo, \u017ce szlak nie by\u0142 oznakowany, nie doznali nawet zadrapania, a ostatnio opowiadaj\u0105, \u017ce czuli si\u0119 &#8222;przeniesieni&#8221; przez tajemnicz\u0105 si\u0142\u0119. <\/p>\n\n\n\n<p>Matka Bo\u017ca ukazuje si\u0119 u\u015bmiechni\u0119ta, ubrana w b\u0142yszcz\u0105c\u0105 srebrno-szar\u0105 sukni\u0119, z bia\u0142ym welonem zakrywaj\u0105cym jej czarne w\u0142osy; ma pi\u0119kne niebieskie oczy i jest ukoronowana 12 gwiazdami. Jej g\u0142os jest s\u0142odki &#8222;jak muzyka&#8221;. Zamienia kilka s\u0142\u00f3w z m\u0142odymi, modli si\u0119 z nimi i obiecuje, \u017ce wr\u00f3ci.<\/p>\n\n\n\n<h2 class=\"wp-block-heading\"><span class=\"ez-toc-section\" id=\"Co_sie_wydarzylo_w_Medjugorie\"><\/span>\u0429\u043e \u0441\u0442\u0430\u043b\u043e\u0441\u044f \u0432 \u041c\u0435\u0434\u0436\u0443\u0433\u043e\u0440'\u0457<span class=\"ez-toc-section-end\"><\/span><\/h2>\n\n\n\n<p>\u041c\u0430\u0440\u0456\u044f \u043f\u0440\u043e\u0434\u043e\u0432\u0436\u0443\u0454 \u0437'\u044f\u0432\u043b\u044f\u0442\u0438\u0441\u044f \u0432\u0456\u0437\u0456\u043e\u043d\u0435\u0440\u0430\u043c \u0434\u043e\u043d\u0438\u043d\u0456 \u0437 \u0440\u0456\u0437\u043d\u043e\u044e \u0447\u0430\u0441\u0442\u043e\u0442\u043e\u044e. \u0404\u0432\u0430\u043d\u0433\u0435\u043b\u0456\u0454 \u0437'\u044f\u0432\u043b\u044f\u0454\u0442\u044c\u0441\u044f \u0432\u0456\u0437\u0456\u043e\u043d\u0435\u0440\u0430\u043c, \u0434\u0435 \u0431 \u0432\u043e\u043d\u0438 \u043d\u0435 \u0431\u0443\u043b\u0438 \u0432 \u0434\u0430\u043d\u0438\u0439 \u043c\u043e\u043c\u0435\u043d\u0442. \u0412\u043e\u043d\u0430 \u0437\u0430\u043a\u043b\u0438\u043a\u0430\u0454 \u0432\u0435\u0441\u044c \u0441\u0432\u0456\u0442 \u0434\u043e \u043c\u043e\u043b\u0438\u0442\u0432\u0438 \u0442\u0430 \u043d\u0430\u0432\u0435\u0440\u043d\u0435\u043d\u043d\u044f \u0456 \u0432\u0438\u0441\u0442\u0443\u043f\u0430\u0454 \u0437 \u0447\u0438\u0441\u043b\u0435\u043d\u043d\u0438\u043c\u0438 \u043f\u043e\u0441\u043b\u0430\u043d\u043d\u044f\u043c\u0438, \u0432 \u044f\u043a\u0438\u0445 \u0437\u0430\u043e\u0445\u043e\u0447\u0443\u0454 \u043f\u043e\u0433\u043b\u0438\u0431\u043b\u044e\u0432\u0430\u0442\u0438 \u0436\u0438\u0442\u0442\u044f \u0432\u0456\u0440\u0438 \u0442\u0430 \u0441\u0430\u043a\u0440\u0430\u043c\u0435\u043d\u0442\u0430\u043b\u044c\u043d\u0435 \u0436\u0438\u0442\u0442\u044f, \u0447\u0438\u0442\u0430\u0442\u0438 \u0421\u0432\u044f\u0442\u0435 \u041f\u0438\u0441\u044c\u043c\u043e \u0442\u0430 \u0432\u0441\u0456 \u043f\u043e\u0431\u043e\u0436\u043d\u0456 \u043f\u0440\u0430\u043a\u0442\u0438\u043a\u0438, \u0442\u0432\u043e\u0440\u0438\u0442\u0438 \u043f\u043e\u043a\u0430\u044f\u043d\u043d\u044f \u0442\u0430 \u0432\u0456\u0434\u0434\u0430\u0442\u0438 \u0441\u0432\u043e\u0454 \u0436\u0438\u0442\u0442\u044f \u0406\u0441\u0443\u0441\u043e\u0432\u0456. \u0412\u043e\u043d\u0430 \u043f\u0435\u0440\u0435\u0434\u0430\u0454 \u043f\u0440\u043e\u0432\u0438\u0434\u0446\u044f\u043c \u0442\u0430\u0454\u043c\u043d\u0438\u0446\u0456, \u0449\u043e \u0441\u0442\u043e\u0441\u0443\u044e\u0442\u044c\u0441\u044f \u043c\u0430\u0439\u0431\u0443\u0442\u043d\u044c\u043e\u0457 \u0434\u043e\u043b\u0456 \u0426\u0435\u0440\u043a\u0432\u0438 \u0456 \u0441\u0432\u0456\u0442\u0443.<\/p>\n\n\n\n<p>Ko\u015bci\u00f3\u0142 katolicki w swoim oficjalnym stanowisku wobec wydarze\u0144 z Medziugoria (O\u015bwiadczenie Konferencji Episkopatu by\u0142ej Jugos\u0142awii z Zadaru z 1991 roku) wstrzymuje si\u0119 na razie z ostatecznym os\u0105dem objawie\u0144 \u2013 do tej pory ani nie uznaje ich jako prawdziwych, ani te\u017c nie odrzuca jako fa\u0142szywych. Spraw\u0119 bada specjalna komisja wyznaczona przez Ko\u015bci\u00f3\u0142.<\/p>","protected":false},"excerpt":{"rendered":"<p>25 czerwca min\u0105 cztery dekady od pierwszego objawienia Maryjnego w Medziugorje. Co to oznacza? Objawienia w Medjugorje rozpocz\u0119\u0142y si\u0119 w 1981 r., kiedy grupa m\u0142odych ludzi z ma\u0142ego kraju Bo\u015bni i Hercegowiny potwierdzili, \u017ce widzieli Matk\u0119 Bo\u017c\u0105. Niekt\u00f3rzy z nich, po trzydziestu latach, twierdz\u0105, \u017ce nadal maj\u0105 jedno objawienie dziennie. Zupe\u0142nie nowy charakter tych objawie\u0144 &hellip;<\/p>","protected":false},"author":1,"featured_media":2025,"comment_status":"closed","ping_status":"closed","sticky":false,"template":"","format":"standard","meta":{"footnotes":""},"categories":[64],"tags":[],"class_list":["post-2024","post","type-post","status-publish","format-standard","has-post-thumbnail","hentry","category-maryja"],"yoast_head":"<!-- This site is optimized with the Yoast SEO plugin v27.5 - https:\/\/yoast.com\/product\/yoast-seo-wordpress\/ -->\n<title>Co si\u0119 wydarzy\u0142o w Medjugorie? - Chrystus<\/title>\n<meta name=\"description\" content=\"25 czerwca min\u0105 cztery dekady od pierwszego objawienia Maryjnego w Medziugorje. Co to oznacza? Objawienia w Medjugorje rozpocz\u0119\u0142y si\u0119 w 1981 r., kiedy\" \/>\n<meta name=\"robots\" content=\"index, follow, max-snippet:-1, max-image-preview:large, max-video-preview:-1\" \/>\n<link rel=\"canonical\" href=\"https:\/\/chrystus.pl\/uk\/co-sie-wydarzylo-w-medjugorie\/\" \/>\n<meta property=\"og:locale\" content=\"uk_UA\" \/>\n<meta property=\"og:type\" content=\"article\" \/>\n<meta property=\"og:title\" content=\"Co si\u0119 wydarzy\u0142o w Medjugorie? - Chrystus\" \/>\n<meta property=\"og:description\" content=\"25 czerwca min\u0105 cztery dekady od pierwszego objawienia Maryjnego w Medziugorje. Co to oznacza? Objawienia w Medjugorje rozpocz\u0119\u0142y si\u0119 w 1981 r., kiedy\" \/>\n<meta property=\"og:url\" content=\"https:\/\/chrystus.pl\/uk\/co-sie-wydarzylo-w-medjugorie\/\" \/>\n<meta property=\"og:site_name\" content=\"Chrystus\" \/>\n<meta property=\"article:published_time\" content=\"2021-02-28T16:03:09+00:00\" \/>\n<meta property=\"article:modified_time\" content=\"2021-02-28T16:03:13+00:00\" \/>\n<meta property=\"og:image\" content=\"https:\/\/chrystus.pl\/wp-content\/uploads\/2021\/02\/medjugorie-2997348_640.jpg\" \/>\n\t<meta property=\"og:image:width\" content=\"640\" \/>\n\t<meta property=\"og:image:height\" content=\"360\" \/>\n\t<meta property=\"og:image:type\" content=\"image\/jpeg\" \/>\n<meta name=\"author\" content=\"Samarytanka\" \/>\n<meta name=\"twitter:card\" content=\"summary_large_image\" \/>\n<meta name=\"twitter:label1\" content=\"\u041d\u0430\u043f\u0438\u0441\u0430\u043d\u043e\" \/>\n\t<meta name=\"twitter:data1\" content=\"Samarytanka\" \/>\n\t<meta name=\"twitter:label2\" content=\"\u041f\u0440\u0438\u0431\u043b. \u0447\u0430\u0441 \u0447\u0438\u0442\u0430\u043d\u043d\u044f\" \/>\n\t<meta name=\"twitter:data2\" content=\"3 \u0445\u0432\u0438\u043b\u0438\u043d\u0438\" \/>\n<!-- \/ Yoast SEO plugin. -->","yoast_head_json":{"title":"\u0429\u043e \u0441\u0442\u0430\u043b\u043e\u0441\u044f \u0432 \u041c\u0435\u0434\u0436\u0443\u0491\u043e\u0440'\u0457? - \u0425\u0440\u0438\u0441\u0442\u043e\u0441","description":"25 \u0447\u0435\u0440\u0432\u043d\u044f \u0432\u0438\u043f\u043e\u0432\u043d\u044e\u0454\u0442\u044c\u0441\u044f \u0447\u043e\u0442\u0438\u0440\u0438 \u0434\u0435\u0441\u044f\u0442\u0438\u043b\u0456\u0442\u0442\u044f \u0437 \u0447\u0430\u0441\u0443 \u043f\u0435\u0440\u0448\u043e\u0433\u043e \u043e\u0431'\u044f\u0432\u043b\u0435\u043d\u043d\u044f \u041c\u0430\u0440\u0456\u0457 \u0432 \u041c\u0435\u0434\u0436\u0443\u0491\u043e\u0440'\u0457. \u0429\u043e \u0446\u0435 \u043e\u0437\u043d\u0430\u0447\u0430\u0454? \u041e\u0431'\u044f\u0432\u043b\u0435\u043d\u043d\u044f \u0432 \u041c\u0435\u0434\u0436\u0443\u0491\u043e\u0440'\u0457 \u043f\u043e\u0447\u0430\u043b\u0438\u0441\u044f \u0432 1981 \u0440\u043e\u0446\u0456, \u043a\u043e\u043b\u0438","robots":{"index":"index","follow":"follow","max-snippet":"max-snippet:-1","max-image-preview":"max-image-preview:large","max-video-preview":"max-video-preview:-1"},"canonical":"https:\/\/chrystus.pl\/uk\/co-sie-wydarzylo-w-medjugorie\/","og_locale":"uk_UA","og_type":"article","og_title":"Co si\u0119 wydarzy\u0142o w Medjugorie? - Chrystus","og_description":"25 czerwca min\u0105 cztery dekady od pierwszego objawienia Maryjnego w Medziugorje. Co to oznacza? Objawienia w Medjugorje rozpocz\u0119\u0142y si\u0119 w 1981 r., kiedy","og_url":"https:\/\/chrystus.pl\/uk\/co-sie-wydarzylo-w-medjugorie\/","og_site_name":"Chrystus","article_published_time":"2021-02-28T16:03:09+00:00","article_modified_time":"2021-02-28T16:03:13+00:00","og_image":[{"width":640,"height":360,"url":"https:\/\/chrystus.pl\/wp-content\/uploads\/2021\/02\/medjugorie-2997348_640.jpg","type":"image\/jpeg"}],"author":"Samarytanka","twitter_card":"summary_large_image","twitter_misc":{"\u041d\u0430\u043f\u0438\u0441\u0430\u043d\u043e":"Samarytanka","\u041f\u0440\u0438\u0431\u043b. \u0447\u0430\u0441 \u0447\u0438\u0442\u0430\u043d\u043d\u044f":"3 \u0445\u0432\u0438\u043b\u0438\u043d\u0438"},"schema":{"@context":"https:\/\/schema.org","@graph":[{"@type":"Article","@id":"https:\/\/chrystus.pl\/co-sie-wydarzylo-w-medjugorie\/#article","isPartOf":{"@id":"https:\/\/chrystus.pl\/co-sie-wydarzylo-w-medjugorie\/"},"author":{"name":"Samarytanka","@id":"https:\/\/chrystus.pl\/#\/schema\/person\/e2e742452b8b7b2bcd23ea180671d27a"},"headline":"Co si\u0119 wydarzy\u0142o w Medjugorie?","datePublished":"2021-02-28T16:03:09+00:00","dateModified":"2021-02-28T16:03:13+00:00","mainEntityOfPage":{"@id":"https:\/\/chrystus.pl\/co-sie-wydarzylo-w-medjugorie\/"},"wordCount":738,"publisher":{"@id":"https:\/\/chrystus.pl\/#organization"},"image":{"@id":"https:\/\/chrystus.pl\/co-sie-wydarzylo-w-medjugorie\/#primaryimage"},"thumbnailUrl":"https:\/\/chrystus.pl\/wp-content\/uploads\/2021\/02\/medjugorie-2997348_640.jpg","articleSection":["Maryja"],"inLanguage":"uk"},{"@type":"WebPage","@id":"https:\/\/chrystus.pl\/co-sie-wydarzylo-w-medjugorie\/","url":"https:\/\/chrystus.pl\/co-sie-wydarzylo-w-medjugorie\/","name":"\u0429\u043e \u0441\u0442\u0430\u043b\u043e\u0441\u044f \u0432 \u041c\u0435\u0434\u0436\u0443\u0491\u043e\u0440'\u0457? - \u0425\u0440\u0438\u0441\u0442\u043e\u0441","isPartOf":{"@id":"https:\/\/chrystus.pl\/#website"},"primaryImageOfPage":{"@id":"https:\/\/chrystus.pl\/co-sie-wydarzylo-w-medjugorie\/#primaryimage"},"image":{"@id":"https:\/\/chrystus.pl\/co-sie-wydarzylo-w-medjugorie\/#primaryimage"},"thumbnailUrl":"https:\/\/chrystus.pl\/wp-content\/uploads\/2021\/02\/medjugorie-2997348_640.jpg","datePublished":"2021-02-28T16:03:09+00:00","dateModified":"2021-02-28T16:03:13+00:00","description":"25 \u0447\u0435\u0440\u0432\u043d\u044f \u0432\u0438\u043f\u043e\u0432\u043d\u044e\u0454\u0442\u044c\u0441\u044f \u0447\u043e\u0442\u0438\u0440\u0438 \u0434\u0435\u0441\u044f\u0442\u0438\u043b\u0456\u0442\u0442\u044f \u0437 \u0447\u0430\u0441\u0443 \u043f\u0435\u0440\u0448\u043e\u0433\u043e \u043e\u0431'\u044f\u0432\u043b\u0435\u043d\u043d\u044f \u041c\u0430\u0440\u0456\u0457 \u0432 \u041c\u0435\u0434\u0436\u0443\u0491\u043e\u0440'\u0457. \u0429\u043e \u0446\u0435 \u043e\u0437\u043d\u0430\u0447\u0430\u0454? \u041e\u0431'\u044f\u0432\u043b\u0435\u043d\u043d\u044f \u0432 \u041c\u0435\u0434\u0436\u0443\u0491\u043e\u0440'\u0457 \u043f\u043e\u0447\u0430\u043b\u0438\u0441\u044f \u0432 1981 \u0440\u043e\u0446\u0456, \u043a\u043e\u043b\u0438","breadcrumb":{"@id":"https:\/\/chrystus.pl\/co-sie-wydarzylo-w-medjugorie\/#breadcrumb"},"inLanguage":"uk","potentialAction":[{"@type":"ReadAction","target":["https:\/\/chrystus.pl\/co-sie-wydarzylo-w-medjugorie\/"]}]},{"@type":"ImageObject","inLanguage":"uk","@id":"https:\/\/chrystus.pl\/co-sie-wydarzylo-w-medjugorie\/#primaryimage","url":"https:\/\/chrystus.pl\/wp-content\/uploads\/2021\/02\/medjugorie-2997348_640.jpg","contentUrl":"https:\/\/chrystus.pl\/wp-content\/uploads\/2021\/02\/medjugorie-2997348_640.jpg","width":640,"height":360,"caption":"medjugorie-2997348_640"},{"@type":"BreadcrumbList","@id":"https:\/\/chrystus.pl\/co-sie-wydarzylo-w-medjugorie\/#breadcrumb","itemListElement":[{"@type":"ListItem","position":1,"name":"Strona g\u0142\u00f3wna","item":"https:\/\/chrystus.pl\/"},{"@type":"ListItem","position":2,"name":"Co si\u0119 wydarzy\u0142o w Medjugorie?"}]},{"@type":"WebSite","@id":"https:\/\/chrystus.pl\/#website","url":"https:\/\/chrystus.pl\/","name":"\u0425\u0440\u0438\u0441\u0442\u043e\u0441","description":"\u0411\u043e\u0433, \u041c\u0430\u0440\u0456\u044f, \u0406\u0441\u0443\u0441, \u041f\u0440\u0438\u0447\u0430\u0441\u0442\u044f \u0456 \u043d\u0435 \u0442\u0456\u043b\u044c\u043a\u0438","publisher":{"@id":"https:\/\/chrystus.pl\/#organization"},"potentialAction":[{"@type":"SearchAction","target":{"@type":"EntryPoint","urlTemplate":"https:\/\/chrystus.pl\/?s={search_term_string}"},"query-input":{"@type":"PropertyValueSpecification","valueRequired":true,"valueName":"search_term_string"}}],"inLanguage":"uk"},{"@type":"Organization","@id":"https:\/\/chrystus.pl\/#organization","name":"Christ.pl","url":"https:\/\/chrystus.pl\/","logo":{"@type":"ImageObject","inLanguage":"uk","@id":"https:\/\/chrystus.pl\/#\/schema\/logo\/image\/","url":"https:\/\/chrystus.pl\/wp-content\/uploads\/2019\/03\/chrystus-bog-maryja-komunia-bierzmowanie.jpg","contentUrl":"https:\/\/chrystus.pl\/wp-content\/uploads\/2019\/03\/chrystus-bog-maryja-komunia-bierzmowanie.jpg","width":1920,"height":1280,"caption":"Chrystus.pl"},"image":{"@id":"https:\/\/chrystus.pl\/#\/schema\/logo\/image\/"}},{"@type":"Person","@id":"https:\/\/chrystus.pl\/#\/schema\/person\/e2e742452b8b7b2bcd23ea180671d27a","name":"\u0421\u0430\u043c\u0430\u0440\u044f\u043d\u043a\u0430"}]}},"_links":{"self":[{"href":"https:\/\/chrystus.pl\/uk\/wp-json\/wp\/v2\/posts\/2024","targetHints":{"allow":["GET"]}}],"collection":[{"href":"https:\/\/chrystus.pl\/uk\/wp-json\/wp\/v2\/posts"}],"about":[{"href":"https:\/\/chrystus.pl\/uk\/wp-json\/wp\/v2\/types\/post"}],"author":[{"embeddable":true,"href":"https:\/\/chrystus.pl\/uk\/wp-json\/wp\/v2\/users\/1"}],"replies":[{"embeddable":true,"href":"https:\/\/chrystus.pl\/uk\/wp-json\/wp\/v2\/comments?post=2024"}],"version-history":[{"count":0,"href":"https:\/\/chrystus.pl\/uk\/wp-json\/wp\/v2\/posts\/2024\/revisions"}],"wp:featuredmedia":[{"embeddable":true,"href":"https:\/\/chrystus.pl\/uk\/wp-json\/wp\/v2\/media\/2025"}],"wp:attachment":[{"href":"https:\/\/chrystus.pl\/uk\/wp-json\/wp\/v2\/media?parent=2024"}],"wp:term":[{"taxonomy":"category","embeddable":true,"href":"https:\/\/chrystus.pl\/uk\/wp-json\/wp\/v2\/categories?post=2024"},{"taxonomy":"post_tag","embeddable":true,"href":"https:\/\/chrystus.pl\/uk\/wp-json\/wp\/v2\/tags?post=2024"}],"curies":[{"name":"wp","href":"https:\/\/api.w.org\/{rel}","templated":true}]}}