{"id":2146,"date":"2021-09-24T23:45:42","date_gmt":"2021-09-24T23:45:42","guid":{"rendered":"https:\/\/chrystus.pl\/?p=2146"},"modified":"2021-09-24T23:45:44","modified_gmt":"2021-09-24T23:45:44","slug":"czym-jest-niedziela-dla-chrzescijanina","status":"publish","type":"post","link":"https:\/\/chrystus.pl\/zh\/czym-jest-niedziela-dla-chrzescijanina\/","title":{"rendered":"\u5bf9\u4e00\u4e2a\u57fa\u7763\u5f92\u6765\u8bf4\uff0c\u4ec0\u4e48\u662f\u661f\u671f\u5929\uff1f"},"content":{"rendered":"<p>Czym jest niedziela dla chrze\u015bcijanina? Przede wszystkim cotygodniowym wspomnieniem zmartwychwstania Jezusa Chrystusa. Wed\u0142ug zapis\u00f3w Ewangelii Jezus zmartwychwsta\u0142 i objawi\u0142 si\u0119 uczniom pierwszego dnia po szabacie, czyli w niedziel\u0119.<\/p>\n\n\n\n<p>Symbolicznie niedziela pozostaje dla chrze\u015bcijan pierwszym dniem tygodnia. W Ksi\u0119dze Rodzaju znajduje si\u0119 opis stworzenia. Zgodnie z nim si\u00f3dmy dzie\u0144 B\u00f3g przeznaczy\u0142 na odpoczynek. W kr\u0119gach cywilizacji chrze\u015bcija\u0144skiej niedziela pozostaje dniem wolnym od pracy. Nawet pierwsze przykazanie ko\u015bcielne brzmi: \u201eW niedziele i \u015bwi\u0119ta nakazane uczestniczy\u0107 we mszy \u015bwi\u0119tej i powstrzyma\u0107 si\u0119 od prac niekoniecznych\u201d. R\u00f3wnie\u017c czwarte przykazanie bo\u017ce m\u00f3wi, aby \u201edzie\u0144 \u015bwi\u0119ty \u015bwi\u0119ci\u0107\u201d.<\/p>\n\n\n\n<p>\u661f\u671f\u5929\u5bf9\u57fa\u7763\u5f92\u6765\u8bf4\u5f53\u7136\u662f\u4e00\u4e2a\u7279\u6b8a\u7684\u65e5\u5b50\u3002\u8fd9\u5c31\u662f\u4e3a\u4ec0\u4e48\u6211\u4eec\u5e94\u8be5\u6ce8\u610f\u6709\u5c0a\u4e25\u5730\u4f53\u9a8c\u5b83\u3002\u53c2\u52a0\u4e3b\u65e5\u5f25\u6492\uff08\u6216\u5468\u516d\u4e0b\u53484\u70b9\u540e\uff09\u662f\u6bcf\u4e2a\u57fa\u7763\u5f92\u7684\u4e49\u52a1\u3002\u4f46\u662f\u6211\u4eec\u5bf9\u661f\u671f\u5929\u7684\u5e86\u795d\u4e0d\u5e94\u5c40\u9650\u4e8e\u6559\u5802\u7684\u793c\u62dc\u3002<\/p>\n\n\n\n<p>\u661f\u671f\u5929\u662f\u4e0e\u6240\u7231\u7684\u4eba\u4e00\u8d77\u5ea6\u8fc7\u7684\u5b8c\u7f8e\u65e5\u5b50\u3002\u7279\u522b\u662f\u5728\u4eca\u5929\u7684\u4e16\u754c\u4e0a\uff0c\u5b83\u8feb\u4f7f\u6211\u4eec\u5306\u5306\u5fd9\u5fd9\u3002\u8fd9\u662f\u4e00\u4e2a\u53cd\u601d\u7684\u65f6\u95f4\uff1b\u4e00\u4e2a\u5171\u540c\u7948\u7977\u7684\u65f6\u95f4\u3002\u8ba9\u6211\u4eec\u5c1d\u8bd5\u5728\u8f7b\u677e\u7684\u6c1b\u56f4\u4e2d\u5ea6\u8fc7\u5468\u65e5\uff0c\u6700\u597d\u662f\u5171\u4eab\u5348\u9910\u3002\u5efa\u7acb\u5bb6\u5ead\u7ebd\u5e26\u548c\u52a0\u5f3a\u793e\u533a\u662f\u4e00\u79cd\u826f\u597d\u7684\u3001\u53d7\u6b22\u8fce\u7684\u884c\u4e3a\u3002\u540c\u65f6\uff0c\u8ba9\u6211\u4eec\u4e0d\u8981\u5fd8\u8bb0\u57fa\u7763\uff0c\u4ed6\u5728\u8fd9\u4e00\u5929 \"\u4e3a\u6211\u4eec\u6b7b\u5728\u5341\u5b57\u67b6\u4e0a\uff0c\u4e3a\u6211\u4eec\u7684\u6551\u8d4e\"\u3002<\/p>","protected":false},"excerpt":{"rendered":"<p>Czym jest niedziela dla chrze\u015bcijanina? Przede wszystkim cotygodniowym wspomnieniem zmartwychwstania Jezusa Chrystusa. Wed\u0142ug zapis\u00f3w Ewangelii Jezus zmartwychwsta\u0142 i objawi\u0142 si\u0119 uczniom pierwszego dnia po szabacie, czyli w niedziel\u0119. Symbolicznie niedziela pozostaje dla chrze\u015bcijan pierwszym dniem tygodnia. W Ksi\u0119dze Rodzaju znajduje si\u0119 opis stworzenia. Zgodnie z nim si\u00f3dmy dzie\u0144 B\u00f3g przeznaczy\u0142 na odpoczynek. W kr\u0119gach cywilizacji &hellip;<\/p>","protected":false},"author":1,"featured_media":0,"comment_status":"closed","ping_status":"closed","sticky":false,"template":"","format":"standard","meta":{"footnotes":""},"categories":[33],"tags":[],"class_list":["post-2146","post","type-post","status-publish","format-standard","hentry","category-kosciol"],"yoast_head":"<!-- This site is optimized with the Yoast SEO plugin v27.5 - https:\/\/yoast.com\/product\/yoast-seo-wordpress\/ -->\n<title>Czym jest niedziela dla chrze\u015bcijanina? - Chrystus<\/title>\n<meta name=\"description\" content=\"Czym jest niedziela dla chrze\u015bcijanina? Przede wszystkim cotygodniowym wspomnieniem zmartwychwstania Jezusa Chrystusa. Wed\u0142ug zapis\u00f3w Ewangelii Jezus\" \/>\n<meta name=\"robots\" content=\"index, follow, max-snippet:-1, max-image-preview:large, max-video-preview:-1\" \/>\n<link rel=\"canonical\" href=\"https:\/\/chrystus.pl\/zh\/\u4ec0\u4e48\u662f\u661f\u671f\u65e5-\u4e3a\u57fa\u7763\u5f92\u670d\u52a1\/\" \/>\n<meta property=\"og:locale\" content=\"zh_TW\" \/>\n<meta property=\"og:type\" content=\"article\" \/>\n<meta property=\"og:title\" content=\"Czym jest niedziela dla chrze\u015bcijanina? - Chrystus\" \/>\n<meta property=\"og:description\" content=\"Czym jest niedziela dla chrze\u015bcijanina? Przede wszystkim cotygodniowym wspomnieniem zmartwychwstania Jezusa Chrystusa. Wed\u0142ug zapis\u00f3w Ewangelii Jezus\" \/>\n<meta property=\"og:url\" content=\"https:\/\/chrystus.pl\/zh\/\u4ec0\u4e48\u662f\u661f\u671f\u65e5-\u4e3a\u57fa\u7763\u5f92\u670d\u52a1\/\" \/>\n<meta property=\"og:site_name\" content=\"Chrystus\" \/>\n<meta property=\"article:published_time\" content=\"2021-09-24T23:45:42+00:00\" \/>\n<meta property=\"article:modified_time\" content=\"2021-09-24T23:45:44+00:00\" \/>\n<meta name=\"author\" content=\"Samarytanka\" \/>\n<meta name=\"twitter:card\" content=\"summary_large_image\" \/>\n<meta name=\"twitter:label1\" content=\"\u4f5c\u8005:\" \/>\n\t<meta name=\"twitter:data1\" content=\"Samarytanka\" \/>\n\t<meta name=\"twitter:label2\" content=\"\u9810\u4f30\u95b1\u8b80\u6642\u9593\" \/>\n\t<meta name=\"twitter:data2\" content=\"1 \u5206\u9418\" \/>\n<!-- \/ Yoast SEO plugin. -->","yoast_head_json":{"title":"\u5bf9\u4e00\u4e2a\u57fa\u7763\u5f92\u6765\u8bf4\uff0c\u4ec0\u4e48\u662f\u661f\u671f\u5929\uff1f- \u57fa\u7763","description":"\u5bf9\u4e00\u4e2a\u57fa\u7763\u5f92\u6765\u8bf4\uff0c\u4ec0\u4e48\u662f\u661f\u671f\u5929\uff1f\u9996\u5148\uff0c\u5b83\u662f\u5bf9\u8036\u7a23\u57fa\u7763\u590d\u6d3b\u7684\u6bcf\u5468\u7eaa\u5ff5\u3002\u6839\u636e\u798f\u97f3\u4e66\u7684\u8bb0\u5f55\uff0c\u8036\u7a23","robots":{"index":"index","follow":"follow","max-snippet":"max-snippet:-1","max-image-preview":"max-image-preview:large","max-video-preview":"max-video-preview:-1"},"canonical":"https:\/\/chrystus.pl\/zh\/\u4ec0\u4e48\u662f\u661f\u671f\u65e5-\u4e3a\u57fa\u7763\u5f92\u670d\u52a1\/","og_locale":"zh_TW","og_type":"article","og_title":"Czym jest niedziela dla chrze\u015bcijanina? - Chrystus","og_description":"Czym jest niedziela dla chrze\u015bcijanina? Przede wszystkim cotygodniowym wspomnieniem zmartwychwstania Jezusa Chrystusa. Wed\u0142ug zapis\u00f3w Ewangelii Jezus","og_url":"https:\/\/chrystus.pl\/zh\/\u4ec0\u4e48\u662f\u661f\u671f\u65e5-\u4e3a\u57fa\u7763\u5f92\u670d\u52a1\/","og_site_name":"Chrystus","article_published_time":"2021-09-24T23:45:42+00:00","article_modified_time":"2021-09-24T23:45:44+00:00","author":"Samarytanka","twitter_card":"summary_large_image","twitter_misc":{"\u4f5c\u8005:":"Samarytanka","\u9810\u4f30\u95b1\u8b80\u6642\u9593":"1 \u5206\u9418"},"schema":{"@context":"https:\/\/schema.org","@graph":[{"@type":"Article","@id":"https:\/\/chrystus.pl\/czym-jest-niedziela-dla-chrzescijanina\/#article","isPartOf":{"@id":"https:\/\/chrystus.pl\/czym-jest-niedziela-dla-chrzescijanina\/"},"author":{"name":"Samarytanka","@id":"https:\/\/chrystus.pl\/#\/schema\/person\/e2e742452b8b7b2bcd23ea180671d27a"},"headline":"Czym jest niedziela dla chrze\u015bcijanina?","datePublished":"2021-09-24T23:45:42+00:00","dateModified":"2021-09-24T23:45:44+00:00","mainEntityOfPage":{"@id":"https:\/\/chrystus.pl\/czym-jest-niedziela-dla-chrzescijanina\/"},"wordCount":254,"publisher":{"@id":"https:\/\/chrystus.pl\/#organization"},"articleSection":["Ko\u015bci\u00f3\u0142"],"inLanguage":"zh-TW"},{"@type":"WebPage","@id":"https:\/\/chrystus.pl\/czym-jest-niedziela-dla-chrzescijanina\/","url":"https:\/\/chrystus.pl\/czym-jest-niedziela-dla-chrzescijanina\/","name":"\u5bf9\u4e00\u4e2a\u57fa\u7763\u5f92\u6765\u8bf4\uff0c\u4ec0\u4e48\u662f\u661f\u671f\u5929\uff1f- \u57fa\u7763","isPartOf":{"@id":"https:\/\/chrystus.pl\/#website"},"datePublished":"2021-09-24T23:45:42+00:00","dateModified":"2021-09-24T23:45:44+00:00","description":"\u5bf9\u4e00\u4e2a\u57fa\u7763\u5f92\u6765\u8bf4\uff0c\u4ec0\u4e48\u662f\u661f\u671f\u5929\uff1f\u9996\u5148\uff0c\u5b83\u662f\u5bf9\u8036\u7a23\u57fa\u7763\u590d\u6d3b\u7684\u6bcf\u5468\u7eaa\u5ff5\u3002\u6839\u636e\u798f\u97f3\u4e66\u7684\u8bb0\u5f55\uff0c\u8036\u7a23","breadcrumb":{"@id":"https:\/\/chrystus.pl\/czym-jest-niedziela-dla-chrzescijanina\/#breadcrumb"},"inLanguage":"zh-TW","potentialAction":[{"@type":"ReadAction","target":["https:\/\/chrystus.pl\/czym-jest-niedziela-dla-chrzescijanina\/"]}]},{"@type":"BreadcrumbList","@id":"https:\/\/chrystus.pl\/czym-jest-niedziela-dla-chrzescijanina\/#breadcrumb","itemListElement":[{"@type":"ListItem","position":1,"name":"Strona g\u0142\u00f3wna","item":"https:\/\/chrystus.pl\/"},{"@type":"ListItem","position":2,"name":"Czym jest niedziela dla chrze\u015bcijanina?"}]},{"@type":"WebSite","@id":"https:\/\/chrystus.pl\/#website","url":"https:\/\/chrystus.pl\/","name":"\u57fa\u7763","description":"\u4e0a\u5e1d\u3001\u9a6c\u5229\u4e9a\u3001\u8036\u7a23\u3001\u5723\u9910\u548c\u66f4\u591a","publisher":{"@id":"https:\/\/chrystus.pl\/#organization"},"potentialAction":[{"@type":"SearchAction","target":{"@type":"EntryPoint","urlTemplate":"https:\/\/chrystus.pl\/?s={search_term_string}"},"query-input":{"@type":"PropertyValueSpecification","valueRequired":true,"valueName":"search_term_string"}}],"inLanguage":"zh-TW"},{"@type":"Organization","@id":"https:\/\/chrystus.pl\/#organization","name":"Christ.pl","url":"https:\/\/chrystus.pl\/","logo":{"@type":"ImageObject","inLanguage":"zh-TW","@id":"https:\/\/chrystus.pl\/#\/schema\/logo\/image\/","url":"https:\/\/chrystus.pl\/wp-content\/uploads\/2019\/03\/chrystus-bog-maryja-komunia-bierzmowanie.jpg","contentUrl":"https:\/\/chrystus.pl\/wp-content\/uploads\/2019\/03\/chrystus-bog-maryja-komunia-bierzmowanie.jpg","width":1920,"height":1280,"caption":"Chrystus.pl"},"image":{"@id":"https:\/\/chrystus.pl\/#\/schema\/logo\/image\/"}},{"@type":"Person","@id":"https:\/\/chrystus.pl\/#\/schema\/person\/e2e742452b8b7b2bcd23ea180671d27a","name":"\u6492\u739b\u5229\u4e9a\u5987\u5973"}]}},"_links":{"self":[{"href":"https:\/\/chrystus.pl\/zh\/wp-json\/wp\/v2\/posts\/2146","targetHints":{"allow":["GET"]}}],"collection":[{"href":"https:\/\/chrystus.pl\/zh\/wp-json\/wp\/v2\/posts"}],"about":[{"href":"https:\/\/chrystus.pl\/zh\/wp-json\/wp\/v2\/types\/post"}],"author":[{"embeddable":true,"href":"https:\/\/chrystus.pl\/zh\/wp-json\/wp\/v2\/users\/1"}],"replies":[{"embeddable":true,"href":"https:\/\/chrystus.pl\/zh\/wp-json\/wp\/v2\/comments?post=2146"}],"version-history":[{"count":0,"href":"https:\/\/chrystus.pl\/zh\/wp-json\/wp\/v2\/posts\/2146\/revisions"}],"wp:attachment":[{"href":"https:\/\/chrystus.pl\/zh\/wp-json\/wp\/v2\/media?parent=2146"}],"wp:term":[{"taxonomy":"category","embeddable":true,"href":"https:\/\/chrystus.pl\/zh\/wp-json\/wp\/v2\/categories?post=2146"},{"taxonomy":"post_tag","embeddable":true,"href":"https:\/\/chrystus.pl\/zh\/wp-json\/wp\/v2\/tags?post=2146"}],"curies":[{"name":"wp","href":"https:\/\/api.w.org\/{rel}","templated":true}]}}