{"id":2375,"date":"2023-02-04T19:56:16","date_gmt":"2023-02-04T19:56:16","guid":{"rendered":"https:\/\/chrystus.pl\/?p=2375"},"modified":"2023-02-04T19:59:27","modified_gmt":"2023-02-04T19:59:27","slug":"jak-poswiecic-swiece","status":"publish","type":"post","link":"https:\/\/chrystus.pl\/zh\/jak-poswiecic-swiece\/","title":{"rendered":"\u5982\u4f55\u732e\u796d\u8721\u70db\uff1f"},"content":{"rendered":"<p>\u015awiece s\u0105 symbolem Jezusa Chrystusa oraz tego, \u017ce jest on \u015bwiat\u0142o\u015bci\u0105 \u015bwiata. Cho\u0107 dawniej s\u0142u\u017cy\u0142y do o\u015bwietlania ciemno\u015bci \u2013 dzi\u015b nie ma ju\u017c takiej potrzeby. Bardzo cz\u0119sto jednak, podczas \u015bwi\u0105t, ksi\u0105dz zach\u0119ca wiernych, aby przynie\u015bli ze sob\u0105 \u015bwiece. Powinny by\u0107 po\u015bwi\u0119cone. Jak wi\u0119c po\u015bwi\u0119ci\u0107 \u015bwiece?<\/p>\n\n\n\n<h2 class=\"wp-block-heading\"><a><\/a>\u5982\u4f55\u732e\u796d\u8721\u70db\uff1f<\/h2>\n\n\n\n<p>\u6559\u5802\u91cc\u7684\u8721\u70db\u6709\u4e00\u4e2a\u540d\u5b57\uff0c\u4f46\u4e5f\u6709\u4e00\u4e2a\u529f\u80fd\u3002\u6d17\u793c\u7684\u8721\u70db\uff0c\u9739\u96f3\u706b\uff0c\u53d7\u96be\u65e5\u3002\u867d\u7136\u5b83\u4eec\u90fd\u662f\u871c\u8702\u5de5\u4f5c\u7684\u7ed3\u679c\uff0c\u4f46\u5b83\u4eec\u7684\u76ee\u7684\u5374\u622a\u7136\u4e0d\u540c\u3002<\/p>\n\n\n\n<p>\u5728\u5929\u4e3b\u6559\u4f1a\u4e2d\uff0c\u6bcf\u5e74\u76842\u67082\u65e5\u90fd\u4f1a\u4e3e\u884c\u8721\u70db\u7684\u6388\u52cb\u4eea\u5f0f\u3002\u8fd9\u4e00\u5929\u662f \"\u96f7\u9706\u5723\u6bcd \"\u7684\u8282\u65e5--\u6216\u8005\u8bf4\u662f \"\u4e3b\u7684\u5448\u73b0 \"\u7684\u8282\u65e5\u3002\u5c31\u662f\u5728\u8fd9\u4e00\u5929\uff0c\u5e94\u8be5\u5e26\u7740\u8721\u70db\u53bb\u732e\u796d\u3002<\/p>\n\n\n\n<p>\u5728\u8fc7\u53bb\uff0c\u96f7\u66b4\u5e26\u6765\u4e86\u707e\u96be\u548c\u706b\u707e--\u6bd5\u7adf\u6ca1\u6709\u96f7\u7535\u5bfc\u4f53\uff0c\u800c\u5728\u96f7\u9706\u5723\u6bcd\u8282\u4e0a\u7684\u796d\u7940\u8721\u70db\u5e94\u8be5\u662f\u4e3a\u4e86\u4fdd\u62a4\u5bb6\u5ead\u514d\u53d7\u7834\u574f\u6027\u56e0\u7d20\u7684\u5f71\u54cd\uff0c\u4ee5\u53ca\u514d\u53d7\u72fc\u7684\u4fb5\u5bb3\uff0c\u56e0\u4e3a\u72fc\u5728\u5165\u51ac\u540e\u4f1a\u5371\u9669\u5730\u9760\u8fd1\u4eba\u4eec\u5bfb\u627e\u98df\u7269\u3002<\/p>","protected":false},"excerpt":{"rendered":"<p>\u015awiece s\u0105 symbolem Jezusa Chrystusa oraz tego, \u017ce jest on \u015bwiat\u0142o\u015bci\u0105 \u015bwiata. Cho\u0107 dawniej s\u0142u\u017cy\u0142y do o\u015bwietlania ciemno\u015bci \u2013 dzi\u015b nie ma ju\u017c takiej potrzeby. Bardzo cz\u0119sto jednak, podczas \u015bwi\u0105t, ksi\u0105dz zach\u0119ca wiernych, aby przynie\u015bli ze sob\u0105 \u015bwiece. Powinny by\u0107 po\u015bwi\u0119cone. Jak wi\u0119c po\u015bwi\u0119ci\u0107 \u015bwiece? Jak poswiecic swiece? \u015awiece w ko\u015bciele maj\u0105 swoj\u0105 nazw\u0119, ale &hellip;<\/p>","protected":false},"author":1,"featured_media":0,"comment_status":"closed","ping_status":"closed","sticky":false,"template":"","format":"standard","meta":{"footnotes":""},"categories":[61],"tags":[],"class_list":["post-2375","post","type-post","status-publish","format-standard","hentry","category-chrystus"],"yoast_head":"<!-- This site is optimized with the Yoast SEO plugin v27.5 - https:\/\/yoast.com\/product\/yoast-seo-wordpress\/ -->\n<title>Jak po\u015bwi\u0119ci\u0107 \u015bwiec\u0119? - Chrystus<\/title>\n<meta name=\"description\" content=\"\u015awiece s\u0105 symbolem Jezusa Chrystusa oraz tego, \u017ce jest on \u015bwiat\u0142o\u015bci\u0105 \u015bwiata. Cho\u0107 dawniej s\u0142u\u017cy\u0142y do o\u015bwietlania ciemno\u015bci \u2013 dzi\u015b nie ma ju\u017c takiej\" \/>\n<meta name=\"robots\" content=\"index, follow, max-snippet:-1, max-image-preview:large, max-video-preview:-1\" \/>\n<link rel=\"canonical\" href=\"https:\/\/chrystus.pl\/zh\/\u5982\u4f55\u70b9\u71c3\u8721\u70db\/\" \/>\n<meta property=\"og:locale\" content=\"zh_TW\" \/>\n<meta property=\"og:type\" content=\"article\" \/>\n<meta property=\"og:title\" content=\"Jak po\u015bwi\u0119ci\u0107 \u015bwiec\u0119? - Chrystus\" \/>\n<meta property=\"og:description\" content=\"\u015awiece s\u0105 symbolem Jezusa Chrystusa oraz tego, \u017ce jest on \u015bwiat\u0142o\u015bci\u0105 \u015bwiata. Cho\u0107 dawniej s\u0142u\u017cy\u0142y do o\u015bwietlania ciemno\u015bci \u2013 dzi\u015b nie ma ju\u017c takiej\" \/>\n<meta property=\"og:url\" content=\"https:\/\/chrystus.pl\/zh\/\u5982\u4f55\u70b9\u71c3\u8721\u70db\/\" \/>\n<meta property=\"og:site_name\" content=\"Chrystus\" \/>\n<meta property=\"article:published_time\" content=\"2023-02-04T19:56:16+00:00\" \/>\n<meta property=\"article:modified_time\" content=\"2023-02-04T19:59:27+00:00\" \/>\n<meta name=\"author\" content=\"Samarytanka\" \/>\n<meta name=\"twitter:card\" content=\"summary_large_image\" \/>\n<meta name=\"twitter:label1\" content=\"\u4f5c\u8005:\" \/>\n\t<meta name=\"twitter:data1\" content=\"Samarytanka\" \/>\n\t<meta name=\"twitter:label2\" content=\"\u9810\u4f30\u95b1\u8b80\u6642\u9593\" \/>\n\t<meta name=\"twitter:data2\" content=\"1 \u5206\u9418\" \/>\n<!-- \/ Yoast SEO plugin. -->","yoast_head_json":{"title":"\u5982\u4f55\u732e\u796d\u8721\u70db\uff1f- \u57fa\u7763","description":"\u8721\u70db\u662f\u8036\u7a23\u57fa\u7763\u7684\u8c61\u5f81\uff0c\u4ed6\u662f\u4e16\u754c\u7684\u5149\u3002\u5c3d\u7ba1\u5b83\u4eec\u66fe\u7ecf\u88ab\u7528\u6765\u7167\u4eae\u9ed1\u6697--\u4eca\u5929\u5df2\u7ecf\u6ca1\u6709\u8fd9\u6837\u7684\u4e1c\u897f\u4e86\u3002","robots":{"index":"index","follow":"follow","max-snippet":"max-snippet:-1","max-image-preview":"max-image-preview:large","max-video-preview":"max-video-preview:-1"},"canonical":"https:\/\/chrystus.pl\/zh\/\u5982\u4f55\u70b9\u71c3\u8721\u70db\/","og_locale":"zh_TW","og_type":"article","og_title":"Jak po\u015bwi\u0119ci\u0107 \u015bwiec\u0119? - Chrystus","og_description":"\u015awiece s\u0105 symbolem Jezusa Chrystusa oraz tego, \u017ce jest on \u015bwiat\u0142o\u015bci\u0105 \u015bwiata. Cho\u0107 dawniej s\u0142u\u017cy\u0142y do o\u015bwietlania ciemno\u015bci \u2013 dzi\u015b nie ma ju\u017c takiej","og_url":"https:\/\/chrystus.pl\/zh\/\u5982\u4f55\u70b9\u71c3\u8721\u70db\/","og_site_name":"Chrystus","article_published_time":"2023-02-04T19:56:16+00:00","article_modified_time":"2023-02-04T19:59:27+00:00","author":"Samarytanka","twitter_card":"summary_large_image","twitter_misc":{"\u4f5c\u8005:":"Samarytanka","\u9810\u4f30\u95b1\u8b80\u6642\u9593":"1 \u5206\u9418"},"schema":{"@context":"https:\/\/schema.org","@graph":[{"@type":"Article","@id":"https:\/\/chrystus.pl\/fr\/comment-allumer-des-bougies-2\/#article","isPartOf":{"@id":"https:\/\/chrystus.pl\/fr\/comment-allumer-des-bougies-2\/"},"author":{"name":"Samarytanka","@id":"https:\/\/chrystus.pl\/#\/schema\/person\/e2e742452b8b7b2bcd23ea180671d27a"},"headline":"Jak po\u015bwi\u0119ci\u0107 \u015bwiec\u0119?","datePublished":"2023-02-04T19:56:16+00:00","dateModified":"2023-02-04T19:59:27+00:00","mainEntityOfPage":{"@id":"https:\/\/chrystus.pl\/fr\/comment-allumer-des-bougies-2\/"},"wordCount":196,"publisher":{"@id":"https:\/\/chrystus.pl\/#organization"},"articleSection":["Chrystus"],"inLanguage":"zh-TW"},{"@type":"WebPage","@id":"https:\/\/chrystus.pl\/fr\/comment-allumer-des-bougies-2\/","url":"https:\/\/chrystus.pl\/fr\/comment-allumer-des-bougies-2\/","name":"\u5982\u4f55\u732e\u796d\u8721\u70db\uff1f- \u57fa\u7763","isPartOf":{"@id":"https:\/\/chrystus.pl\/#website"},"datePublished":"2023-02-04T19:56:16+00:00","dateModified":"2023-02-04T19:59:27+00:00","description":"\u8721\u70db\u662f\u8036\u7a23\u57fa\u7763\u7684\u8c61\u5f81\uff0c\u4ed6\u662f\u4e16\u754c\u7684\u5149\u3002\u5c3d\u7ba1\u5b83\u4eec\u66fe\u7ecf\u88ab\u7528\u6765\u7167\u4eae\u9ed1\u6697--\u4eca\u5929\u5df2\u7ecf\u6ca1\u6709\u8fd9\u6837\u7684\u4e1c\u897f\u4e86\u3002","breadcrumb":{"@id":"https:\/\/chrystus.pl\/fr\/comment-allumer-des-bougies-2\/#breadcrumb"},"inLanguage":"zh-TW","potentialAction":[{"@type":"ReadAction","target":["https:\/\/chrystus.pl\/fr\/comment-allumer-des-bougies-2\/"]}]},{"@type":"BreadcrumbList","@id":"https:\/\/chrystus.pl\/fr\/comment-allumer-des-bougies-2\/#breadcrumb","itemListElement":[{"@type":"ListItem","position":1,"name":"Strona g\u0142\u00f3wna","item":"https:\/\/chrystus.pl\/"},{"@type":"ListItem","position":2,"name":"Jak po\u015bwi\u0119ci\u0107 \u015bwiec\u0119?"}]},{"@type":"WebSite","@id":"https:\/\/chrystus.pl\/#website","url":"https:\/\/chrystus.pl\/","name":"\u57fa\u7763","description":"\u4e0a\u5e1d\u3001\u9a6c\u5229\u4e9a\u3001\u8036\u7a23\u3001\u5723\u9910\u548c\u66f4\u591a","publisher":{"@id":"https:\/\/chrystus.pl\/#organization"},"potentialAction":[{"@type":"SearchAction","target":{"@type":"EntryPoint","urlTemplate":"https:\/\/chrystus.pl\/?s={search_term_string}"},"query-input":{"@type":"PropertyValueSpecification","valueRequired":true,"valueName":"search_term_string"}}],"inLanguage":"zh-TW"},{"@type":"Organization","@id":"https:\/\/chrystus.pl\/#organization","name":"Christ.pl","url":"https:\/\/chrystus.pl\/","logo":{"@type":"ImageObject","inLanguage":"zh-TW","@id":"https:\/\/chrystus.pl\/#\/schema\/logo\/image\/","url":"https:\/\/chrystus.pl\/wp-content\/uploads\/2019\/03\/chrystus-bog-maryja-komunia-bierzmowanie.jpg","contentUrl":"https:\/\/chrystus.pl\/wp-content\/uploads\/2019\/03\/chrystus-bog-maryja-komunia-bierzmowanie.jpg","width":1920,"height":1280,"caption":"Chrystus.pl"},"image":{"@id":"https:\/\/chrystus.pl\/#\/schema\/logo\/image\/"}},{"@type":"Person","@id":"https:\/\/chrystus.pl\/#\/schema\/person\/e2e742452b8b7b2bcd23ea180671d27a","name":"\u6492\u739b\u5229\u4e9a\u5987\u5973"}]}},"_links":{"self":[{"href":"https:\/\/chrystus.pl\/zh\/wp-json\/wp\/v2\/posts\/2375","targetHints":{"allow":["GET"]}}],"collection":[{"href":"https:\/\/chrystus.pl\/zh\/wp-json\/wp\/v2\/posts"}],"about":[{"href":"https:\/\/chrystus.pl\/zh\/wp-json\/wp\/v2\/types\/post"}],"author":[{"embeddable":true,"href":"https:\/\/chrystus.pl\/zh\/wp-json\/wp\/v2\/users\/1"}],"replies":[{"embeddable":true,"href":"https:\/\/chrystus.pl\/zh\/wp-json\/wp\/v2\/comments?post=2375"}],"version-history":[{"count":0,"href":"https:\/\/chrystus.pl\/zh\/wp-json\/wp\/v2\/posts\/2375\/revisions"}],"wp:attachment":[{"href":"https:\/\/chrystus.pl\/zh\/wp-json\/wp\/v2\/media?parent=2375"}],"wp:term":[{"taxonomy":"category","embeddable":true,"href":"https:\/\/chrystus.pl\/zh\/wp-json\/wp\/v2\/categories?post=2375"},{"taxonomy":"post_tag","embeddable":true,"href":"https:\/\/chrystus.pl\/zh\/wp-json\/wp\/v2\/tags?post=2375"}],"curies":[{"name":"wp","href":"https:\/\/api.w.org\/{rel}","templated":true}]}}