{"id":26,"date":"2019-03-24T23:48:20","date_gmt":"2019-03-24T23:48:20","guid":{"rendered":"https:\/\/chrystus.pl\/?p=26"},"modified":"2020-01-14T21:15:42","modified_gmt":"2020-01-14T21:15:42","slug":"co-bog-przekazal-jakubowi-przez-sen-o-drabinie-do-nieba","status":"publish","type":"post","link":"https:\/\/chrystus.pl\/zh\/co-bog-przekazal-jakubowi-przez-sen-o-drabinie-do-nieba\/","title":{"rendered":"\u795e\u901a\u8fc7\u68a6\u5883\u5411\u96c5\u5404\u4f20\u8fbe\u4e86\u4ec0\u4e48\u5173\u4e8e\u5929\u68af\u7684\u4fe1\u606f\uff1f"},"content":{"rendered":"<p><span id=\"urn:enhancement-68546c1d\" class=\"textannotation disambiguated wl-person\" itemid=\"http:\/\/data.wordlift.io\/wl01378\/entity\/jakub_postac_biblijna\">Jakub<\/span> jest jedn\u0105 z Biblijnych postaci <span id=\"urn:enhancement-c936b184\" class=\"textannotation disambiguated wl-other\" itemid=\"http:\/\/data.wordlift.io\/wl01857\/entity\/stary_testament\">Starego Testamentu<\/span>. Zwany jest te\u017c Izraelem \u2013 Walcz\u0105cy z Bogiem. By\u0142 on synem <span id=\"urn:enhancement-87edd43\" class=\"textannotation disambiguated wl-person\" itemid=\"http:\/\/data.wordlift.io\/wl01857\/entity\/izaak\">Izaaka<\/span> i <span id=\"urn:enhancement-4aa6b213\" class=\"textannotation disambiguated wl-other\" itemid=\"http:\/\/data.wordlift.io\/wl01857\/entity\/rebeka_postac_biblijna\">Rebeki<\/span>. Jeszcze w \u0142onie matki walczy\u0142 ze swym bratem Ezaw\u0105. Bracia mieli stanowi\u0107 pocz\u0105tek dla dw\u00f3ch odr\u0119bnych narod\u00f3w.<\/p>\n<p>Ksi\u0119ga Rodzaju, w kt\u00f3rej opisane s\u0105 <a href=\"https:\/\/chrystus.pl\/zh\/jak-wyglada-pismo-swiete\/\">dzieje<\/a> <span id=\"urn:enhancement-7e3f9218\" class=\"textannotation disambiguated wl-person\" itemid=\"http:\/\/data.wordlift.io\/wl01378\/entity\/jakub_postac_biblijna\">Jakuba<\/span>, wspomina o tak zwanej Drabinie Jakubowej, kt\u00f3ra przy\u015bni\u0142a mu si\u0119 podczas w\u0119dr\u00f3wki do Charanu. We \u015bnie ujrza\u0142 drabin\u0119 opart\u0105 na ziemi, si\u0119gaj\u0105c\u0105 swym wierzcho\u0142kiem nieba, oraz anio\u0142\u00f3w Bo\u017cych, kt\u00f3rzy wchodzili w g\u00f3r\u0119 i schodzili na d\u00f3\u0142. A sam <span id=\"urn:enhancement-7a930870\" class=\"textannotation disambiguated wl-other\" itemid=\"http:\/\/data.wordlift.io\/wl01378\/entity\/jahwe\">Pan<\/span> sta\u0142 na jej szczycie i m\u00f3wi\u0142, \u017ce to On jest <span id=\"urn:enhancement-c4c2a249\" class=\"textannotation disambiguated wl-other\" itemid=\"http:\/\/data.wordlift.io\/wl01378\/entity\/jahwe\">Pan<\/span>, <span id=\"urn:enhancement-434b7a19\" class=\"textannotation disambiguated wl-other\" itemid=\"http:\/\/data.wordlift.io\/wl01378\/entity\/bog\">B\u00f3g<\/span> <span id=\"urn:enhancement-e7f5d72e\" class=\"textannotation disambiguated wl-person\" itemid=\"http:\/\/data.wordlift.io\/wl01857\/entity\/abraham\">Abrahama<\/span> i <span id=\"urn:enhancement-7b096888\" class=\"textannotation disambiguated wl-other\" itemid=\"http:\/\/data.wordlift.io\/wl01378\/entity\/bog\">B\u00f3g<\/span> <span id=\"urn:enhancement-773eac0d\" class=\"textannotation disambiguated wl-person\" itemid=\"http:\/\/data.wordlift.io\/wl01857\/entity\/izaak\">Izaaka<\/span>. Ziemi\u0119, na kt\u00f3rej le\u017cy, odda\u0142 jemu i jego potomstwu.<\/p>\n<p>A potomstwo jego odt\u0105d mia\u0142o by\u0107 tak liczne jak proch ziemi. On za\u015b rozprzestrzeni si\u0119 na zach\u00f3d i na wsch\u00f3d, na p\u00f3\u0142noc i na po\u0142udnie; wszystkie plemiona ziemi otrzymaj\u0105 b\u0142ogos\u0142awie\u0144stwo przez <span id=\"urn:enhancement-ab681e85\" class=\"textannotation disambiguated wl-person\" itemid=\"http:\/\/data.wordlift.io\/wl01378\/entity\/jakub_postac_biblijna\">Jakuba<\/span> i przez jego potomk\u00f3w. <span id=\"urn:enhancement-b25c3803\" class=\"textannotation disambiguated wl-other\" itemid=\"http:\/\/data.wordlift.io\/wl01378\/entity\/bog\">B\u00f3g<\/span> obieca\u0142 mu by\u0107 z nimi go strzec, gdziekolwiek si\u0119 uda, a potem sprowadzi\u0107 go do tego kraju. Obieca\u0142 trwa\u0107 z nim po wsze czasu [(Rdz 28, 12-15)]<\/p>\n<p>Co naprawd\u0119 <span id=\"urn:enhancement-5e665ef4\" class=\"textannotation disambiguated wl-other\" itemid=\"http:\/\/data.wordlift.io\/wl01378\/entity\/bog\">B\u00f3g<\/span> przekaza\u0142 <span id=\"urn:enhancement-306ad299\" class=\"textannotation disambiguated wl-person\" itemid=\"http:\/\/data.wordlift.io\/wl01378\/entity\/jakub_postac_biblijna\">Jakubowi<\/span> przez sen o drabinie do nieba<\/p>\n<p>W <span id=\"urn:enhancement-dc9b801\" class=\"textannotation disambiguated wl-other\" itemid=\"http:\/\/data.wordlift.io\/wl01857\/entity\/egzegeza\">interpretacji<\/span> Chrze\u015bcija\u0144skiej wielu \u015bwi\u0119tych podaje drabin\u0119 Jakubow\u0105 jako \u015bcie\u017ck\u0119\/podr\u00f3\u017c, kt\u00f3r\u0105 pokonuje ludzka dusza po \u015bmierci aby wspinaj\u0105c si\u0119 do nieba ujrze\u0107 <span id=\"urn:enhancement-d0d34ebc\" class=\"textannotation disambiguated wl-other\" itemid=\"http:\/\/data.wordlift.io\/wl01857\/entity\/adonai\">Bo\u017ce<\/span> \u015bwiat\u0142o. Ponadto z sam\u0105 drabin\u0105 uto\u017csamiany jest cz\u0119sto <span id=\"urn:enhancement-d1d1e7de\" class=\"textannotation disambiguated wl-person\" itemid=\"http:\/\/data.wordlift.io\/wl01378\/entity\/jezus_chrystus\">Jezus<\/span>, kt\u00f3ry to zmniejsza dystans pomi\u0119dzy Niebem a Ziemi\u0105.<\/p>\n","protected":false},"excerpt":{"rendered":"<p>\u96c5\u5404\u662f\u300a\u65e7\u7ea6\u300b\u4e2d\u7684\u5723\u7ecf\u4eba\u7269\u4e4b\u4e00\u3002\u4ed6\u4e5f\u88ab\u79f0\u4e3a\u4ee5\u8272\u5217--\u4e0a\u5e1d\u7684\u6597\u58eb\u3002\u4ed6\u662f\u827e\u8428\u514b\u548c\u5229\u767e\u52a0\u7684\u513f\u5b50\u3002\u5f53\u4ed6\u8fd8\u5728\u6bcd\u4eb2\u7684\u809a\u5b50\u91cc\u65f6\uff0c\u4ed6\u5c31\u548c\u4ed6\u7684\u5144\u5f1f\u4ee5\u626b\u6253\u4e86\u8d77\u6765\u3002\u8fd9\u5144\u5f1f\u4fe9\u5c06\u6210\u4e3a\u4e24\u4e2a\u72ec\u7acb\u56fd\u5bb6\u7684\u5f00\u59cb\u3002\u63cf\u8ff0\u96c5\u5404\u5e03\u5386\u53f2\u7684\u300a\u521b\u4e16\u7eaa\u300b\u63d0\u5230\u4e86\u6240\u8c13\u7684\u96c5\u5404\u5e03\u4e4b\u68af\uff0c\u8fd9\u662f\u5728\u68a6\u4e2d\u770b\u5230\u7684\u3002<\/p>","protected":false},"author":1,"featured_media":27,"comment_status":"open","ping_status":"open","sticky":false,"template":"","format":"standard","meta":{"footnotes":""},"categories":[5],"tags":[10],"class_list":["post-26","post","type-post","status-publish","format-standard","has-post-thumbnail","hentry","category-bog","tag-jakub"],"yoast_head":"<!-- This site is optimized with the Yoast SEO plugin v27.4 - https:\/\/yoast.com\/product\/yoast-seo-wordpress\/ -->\n<title>Co B\u00f3g przekaza\u0142 Jakubowi przez sen o drabinie do nieba? - Chrystus<\/title>\n<meta name=\"description\" content=\"Jakub jest jedn\u0105 z Biblijnych postaci Starego Testamentu. Zwany jest te\u017c Izraelem \u2013 Walcz\u0105cy z Bogiem. By\u0142 on synem Izaaka i Rebeki. Jeszcze w \u0142onie matki\" \/>\n<meta name=\"robots\" content=\"index, follow, max-snippet:-1, max-image-preview:large, max-video-preview:-1\" \/>\n<link rel=\"canonical\" href=\"https:\/\/chrystus.pl\/zh\/\u795e\u901a\u8fc7\u7761\u7720\u8f6c\u79fb\u7ed9\u8a79\u59c6\u65af\u7684\u4e1c\u897f-\u5173\u4e8e\u901a\u5f80\u5929\u5802\u7684\u9636\/\" \/>\n<meta property=\"og:locale\" content=\"zh_TW\" \/>\n<meta property=\"og:type\" content=\"article\" \/>\n<meta property=\"og:title\" content=\"Co B\u00f3g przekaza\u0142 Jakubowi przez sen o drabinie do nieba? - Chrystus\" \/>\n<meta property=\"og:description\" content=\"Jakub jest jedn\u0105 z Biblijnych postaci Starego Testamentu. Zwany jest te\u017c Izraelem \u2013 Walcz\u0105cy z Bogiem. By\u0142 on synem Izaaka i Rebeki. Jeszcze w \u0142onie matki\" \/>\n<meta property=\"og:url\" content=\"https:\/\/chrystus.pl\/zh\/\u795e\u901a\u8fc7\u7761\u7720\u8f6c\u79fb\u7ed9\u8a79\u59c6\u65af\u7684\u4e1c\u897f-\u5173\u4e8e\u901a\u5f80\u5929\u5802\u7684\u9636\/\" \/>\n<meta property=\"og:site_name\" content=\"Chrystus\" \/>\n<meta property=\"article:published_time\" content=\"2019-03-24T23:48:20+00:00\" \/>\n<meta property=\"article:modified_time\" content=\"2020-01-14T21:15:42+00:00\" \/>\n<meta property=\"og:image\" content=\"https:\/\/chrystus.pl\/wp-content\/uploads\/2019\/03\/Co-Bo\u0301g-przekaza\u0142-Jakubowi-przez-sen-o-drabinie-do-nieba.jpg\" \/>\n\t<meta property=\"og:image:width\" content=\"1153\" \/>\n\t<meta property=\"og:image:height\" content=\"1280\" \/>\n\t<meta property=\"og:image:type\" content=\"image\/jpeg\" \/>\n<meta name=\"author\" content=\"Samarytanka\" \/>\n<meta name=\"twitter:card\" content=\"summary_large_image\" \/>\n<meta name=\"twitter:label1\" content=\"\u4f5c\u8005:\" \/>\n\t<meta name=\"twitter:data1\" content=\"Samarytanka\" \/>\n\t<meta name=\"twitter:label2\" content=\"\u9810\u4f30\u95b1\u8b80\u6642\u9593\" \/>\n\t<meta name=\"twitter:data2\" content=\"1 \u5206\u9418\" \/>\n<!-- \/ Yoast SEO plugin. -->","yoast_head_json":{"title":"\u795e\u901a\u8fc7\u68a6\u5883\u5411\u96c5\u5404\u4f20\u8fbe\u4e86\u4ec0\u4e48\u5173\u4e8e\u5929\u68af\u7684\u4fe1\u606f\uff1f- \u57fa\u7763","description":"\u96c5\u5404\u662f\u300a\u65e7\u7ea6\u300b\u4e2d\u7684\u5723\u7ecf\u4eba\u7269\u4e4b\u4e00\u3002\u4ed6\u4e5f\u88ab\u79f0\u4e3a\u4ee5\u8272\u5217--\u4e0a\u5e1d\u7684\u7ade\u4e89\u8005\u3002\u4ed6\u662f\u4ee5\u6492\u548c\u5229\u767e\u52a0\u7684\u513f\u5b50\u3002\u5f53\u4ed6\u8fd8\u5728\u6bcd\u4eb2\u7684\u5b50\u5bab\u91cc\u65f6","robots":{"index":"index","follow":"follow","max-snippet":"max-snippet:-1","max-image-preview":"max-image-preview:large","max-video-preview":"max-video-preview:-1"},"canonical":"https:\/\/chrystus.pl\/zh\/\u795e\u901a\u8fc7\u7761\u7720\u8f6c\u79fb\u7ed9\u8a79\u59c6\u65af\u7684\u4e1c\u897f-\u5173\u4e8e\u901a\u5f80\u5929\u5802\u7684\u9636\/","og_locale":"zh_TW","og_type":"article","og_title":"Co B\u00f3g przekaza\u0142 Jakubowi przez sen o drabinie do nieba? - Chrystus","og_description":"Jakub jest jedn\u0105 z Biblijnych postaci Starego Testamentu. Zwany jest te\u017c Izraelem \u2013 Walcz\u0105cy z Bogiem. By\u0142 on synem Izaaka i Rebeki. Jeszcze w \u0142onie matki","og_url":"https:\/\/chrystus.pl\/zh\/\u795e\u901a\u8fc7\u7761\u7720\u8f6c\u79fb\u7ed9\u8a79\u59c6\u65af\u7684\u4e1c\u897f-\u5173\u4e8e\u901a\u5f80\u5929\u5802\u7684\u9636\/","og_site_name":"Chrystus","article_published_time":"2019-03-24T23:48:20+00:00","article_modified_time":"2020-01-14T21:15:42+00:00","og_image":[{"width":1153,"height":1280,"url":"https:\/\/chrystus.pl\/wp-content\/uploads\/2019\/03\/Co-Bo\u0301g-przekaza\u0142-Jakubowi-przez-sen-o-drabinie-do-nieba.jpg","type":"image\/jpeg"}],"author":"Samarytanka","twitter_card":"summary_large_image","twitter_misc":{"\u4f5c\u8005:":"Samarytanka","\u9810\u4f30\u95b1\u8b80\u6642\u9593":"1 \u5206\u9418"},"schema":{"@context":"https:\/\/schema.org","@graph":[{"@type":"Article","@id":"https:\/\/chrystus.pl\/co-bog-przekazal-jakubowi-przez-sen-o-drabinie-do-nieba\/#article","isPartOf":{"@id":"https:\/\/chrystus.pl\/co-bog-przekazal-jakubowi-przez-sen-o-drabinie-do-nieba\/"},"author":{"name":"Samarytanka","@id":"https:\/\/chrystus.pl\/#\/schema\/person\/e2e742452b8b7b2bcd23ea180671d27a"},"headline":"Co B\u00f3g przekaza\u0142 Jakubowi przez sen o drabinie do nieba?","datePublished":"2019-03-24T23:48:20+00:00","dateModified":"2020-01-14T21:15:42+00:00","mainEntityOfPage":{"@id":"https:\/\/chrystus.pl\/co-bog-przekazal-jakubowi-przez-sen-o-drabinie-do-nieba\/"},"wordCount":284,"commentCount":0,"publisher":{"@id":"https:\/\/chrystus.pl\/#organization"},"image":{"@id":"https:\/\/chrystus.pl\/co-bog-przekazal-jakubowi-przez-sen-o-drabinie-do-nieba\/#primaryimage"},"thumbnailUrl":"https:\/\/chrystus.pl\/wp-content\/uploads\/2019\/03\/Co-Bo\u0301g-przekaza\u0142-Jakubowi-przez-sen-o-drabinie-do-nieba.jpg","keywords":["jakub"],"articleSection":["B\u00f3g"],"inLanguage":"zh-TW","potentialAction":[{"@type":"CommentAction","name":"Comment","target":["https:\/\/chrystus.pl\/co-bog-przekazal-jakubowi-przez-sen-o-drabinie-do-nieba\/#respond"]}]},{"@type":"WebPage","@id":"https:\/\/chrystus.pl\/co-bog-przekazal-jakubowi-przez-sen-o-drabinie-do-nieba\/","url":"https:\/\/chrystus.pl\/co-bog-przekazal-jakubowi-przez-sen-o-drabinie-do-nieba\/","name":"\u795e\u901a\u8fc7\u68a6\u5883\u5411\u96c5\u5404\u4f20\u8fbe\u4e86\u4ec0\u4e48\u5173\u4e8e\u5929\u68af\u7684\u4fe1\u606f\uff1f- \u57fa\u7763","isPartOf":{"@id":"https:\/\/chrystus.pl\/#website"},"primaryImageOfPage":{"@id":"https:\/\/chrystus.pl\/co-bog-przekazal-jakubowi-przez-sen-o-drabinie-do-nieba\/#primaryimage"},"image":{"@id":"https:\/\/chrystus.pl\/co-bog-przekazal-jakubowi-przez-sen-o-drabinie-do-nieba\/#primaryimage"},"thumbnailUrl":"https:\/\/chrystus.pl\/wp-content\/uploads\/2019\/03\/Co-Bo\u0301g-przekaza\u0142-Jakubowi-przez-sen-o-drabinie-do-nieba.jpg","datePublished":"2019-03-24T23:48:20+00:00","dateModified":"2020-01-14T21:15:42+00:00","description":"\u96c5\u5404\u662f\u300a\u65e7\u7ea6\u300b\u4e2d\u7684\u5723\u7ecf\u4eba\u7269\u4e4b\u4e00\u3002\u4ed6\u4e5f\u88ab\u79f0\u4e3a\u4ee5\u8272\u5217--\u4e0a\u5e1d\u7684\u7ade\u4e89\u8005\u3002\u4ed6\u662f\u4ee5\u6492\u548c\u5229\u767e\u52a0\u7684\u513f\u5b50\u3002\u5f53\u4ed6\u8fd8\u5728\u6bcd\u4eb2\u7684\u5b50\u5bab\u91cc\u65f6","breadcrumb":{"@id":"https:\/\/chrystus.pl\/co-bog-przekazal-jakubowi-przez-sen-o-drabinie-do-nieba\/#breadcrumb"},"inLanguage":"zh-TW","potentialAction":[{"@type":"ReadAction","target":["https:\/\/chrystus.pl\/co-bog-przekazal-jakubowi-przez-sen-o-drabinie-do-nieba\/"]}]},{"@type":"ImageObject","inLanguage":"zh-TW","@id":"https:\/\/chrystus.pl\/co-bog-przekazal-jakubowi-przez-sen-o-drabinie-do-nieba\/#primaryimage","url":"https:\/\/chrystus.pl\/wp-content\/uploads\/2019\/03\/Co-Bo\u0301g-przekaza\u0142-Jakubowi-przez-sen-o-drabinie-do-nieba.jpg","contentUrl":"https:\/\/chrystus.pl\/wp-content\/uploads\/2019\/03\/Co-Bo\u0301g-przekaza\u0142-Jakubowi-przez-sen-o-drabinie-do-nieba.jpg","width":1153,"height":1280,"caption":"Co Bo\u0301g przekaza\u0142 Jakubowi przez sen o drabinie do nieba"},{"@type":"BreadcrumbList","@id":"https:\/\/chrystus.pl\/co-bog-przekazal-jakubowi-przez-sen-o-drabinie-do-nieba\/#breadcrumb","itemListElement":[{"@type":"ListItem","position":1,"name":"Strona g\u0142\u00f3wna","item":"https:\/\/chrystus.pl\/"},{"@type":"ListItem","position":2,"name":"Co B\u00f3g przekaza\u0142 Jakubowi przez sen o drabinie do nieba?"}]},{"@type":"WebSite","@id":"https:\/\/chrystus.pl\/#website","url":"https:\/\/chrystus.pl\/","name":"\u57fa\u7763","description":"\u4e0a\u5e1d\u3001\u9a6c\u5229\u4e9a\u3001\u8036\u7a23\u3001\u5723\u9910\u548c\u66f4\u591a","publisher":{"@id":"https:\/\/chrystus.pl\/#organization"},"potentialAction":[{"@type":"SearchAction","target":{"@type":"EntryPoint","urlTemplate":"https:\/\/chrystus.pl\/?s={search_term_string}"},"query-input":{"@type":"PropertyValueSpecification","valueRequired":true,"valueName":"search_term_string"}}],"inLanguage":"zh-TW"},{"@type":"Organization","@id":"https:\/\/chrystus.pl\/#organization","name":"Christ.pl","url":"https:\/\/chrystus.pl\/","logo":{"@type":"ImageObject","inLanguage":"zh-TW","@id":"https:\/\/chrystus.pl\/#\/schema\/logo\/image\/","url":"https:\/\/chrystus.pl\/wp-content\/uploads\/2019\/03\/chrystus-bog-maryja-komunia-bierzmowanie.jpg","contentUrl":"https:\/\/chrystus.pl\/wp-content\/uploads\/2019\/03\/chrystus-bog-maryja-komunia-bierzmowanie.jpg","width":1920,"height":1280,"caption":"Chrystus.pl"},"image":{"@id":"https:\/\/chrystus.pl\/#\/schema\/logo\/image\/"}},{"@type":"Person","@id":"https:\/\/chrystus.pl\/#\/schema\/person\/e2e742452b8b7b2bcd23ea180671d27a","name":"\u6492\u739b\u5229\u4e9a\u5987\u5973"}]}},"_links":{"self":[{"href":"https:\/\/chrystus.pl\/zh\/wp-json\/wp\/v2\/posts\/26","targetHints":{"allow":["GET"]}}],"collection":[{"href":"https:\/\/chrystus.pl\/zh\/wp-json\/wp\/v2\/posts"}],"about":[{"href":"https:\/\/chrystus.pl\/zh\/wp-json\/wp\/v2\/types\/post"}],"author":[{"embeddable":true,"href":"https:\/\/chrystus.pl\/zh\/wp-json\/wp\/v2\/users\/1"}],"replies":[{"embeddable":true,"href":"https:\/\/chrystus.pl\/zh\/wp-json\/wp\/v2\/comments?post=26"}],"version-history":[{"count":0,"href":"https:\/\/chrystus.pl\/zh\/wp-json\/wp\/v2\/posts\/26\/revisions"}],"wp:featuredmedia":[{"embeddable":true,"href":"https:\/\/chrystus.pl\/zh\/wp-json\/wp\/v2\/media\/27"}],"wp:attachment":[{"href":"https:\/\/chrystus.pl\/zh\/wp-json\/wp\/v2\/media?parent=26"}],"wp:term":[{"taxonomy":"category","embeddable":true,"href":"https:\/\/chrystus.pl\/zh\/wp-json\/wp\/v2\/categories?post=26"},{"taxonomy":"post_tag","embeddable":true,"href":"https:\/\/chrystus.pl\/zh\/wp-json\/wp\/v2\/tags?post=26"}],"curies":[{"name":"wp","href":"https:\/\/api.w.org\/{rel}","templated":true}]}}