{"id":662,"date":"2019-06-01T14:10:12","date_gmt":"2019-06-01T14:10:12","guid":{"rendered":"https:\/\/chrystus.pl\/?p=662"},"modified":"2020-01-13T07:57:57","modified_gmt":"2020-01-13T07:57:57","slug":"dlaczego-jezus-przyjal-chrzest-czym-byl-chrzest-panski","status":"publish","type":"post","link":"https:\/\/chrystus.pl\/zh\/dlaczego-jezus-przyjal-chrzest-czym-byl-chrzest-panski\/","title":{"rendered":"\u8036\u7a23\u4e3a\u4ec0\u4e48\u8981\u63a5\u53d7\u6d17\u793c\uff1f\u4ec0\u4e48\u662f\u4e3b\u7684\u6d17\u793c\uff1f"},"content":{"rendered":"<p>Dlaczego Jezus przyj\u0105\u0142 <span id=\"urn:enhancement-9d20e614\" class=\"textannotation disambiguated wl-other\" itemid=\"http:\/\/data.wordlift.io\/wl01857\/entity\/chrzest\">\u6d17\u793c<\/span>?\u4ec0\u4e48\u662f <span id=\"urn:enhancement-12e1cab7\" class=\"textannotation disambiguated wl-other\" itemid=\"http:\/\/data.wordlift.io\/wl01857\/entity\/chrzest\">\u6d17\u793c<\/span> \u4f60\u7684\uff1f <span id=\"urn:enhancement-932c9d41\" class=\"textannotation disambiguated wl-other\" itemid=\"http:\/\/data.wordlift.io\/wl01857\/entity\/chrzest\">\u6d17\u793c<\/span> Chrystusa jest w chrze\u015bcija\u0144stwie wa\u017cnym wydarzeniem, kt\u00f3re tak naprawd\u0119 rozpoczyna wa\u017cny okres nauczania i duchowej dzia\u0142alno\u015bci Jezusa. W dzisiejszym <span id=\"urn:enhancement-d83ad424\" class=\"textannotation disambiguated wl-other\" itemid=\"http:\/\/data.wordlift.io\/wl01378\/entity\/kosciol_teologia_2\">\u6559\u4f1a<\/span> \u4e5f\u662f\u7ed3\u675f\u8fd9\u4e2a\u65f6\u671f\u7684\u8282\u65e5 <span id=\"urn:enhancement-37360614\" class=\"textannotation disambiguated wl-other\" itemid=\"http:\/\/data.wordlift.io\/wl01857\/entity\/boze_narodzenie\">\u5723\u8bde\u8282<\/span>.W <span id=\"urn:enhancement-362de95b\" class=\"textannotation disambiguated wl-other\" itemid=\"http:\/\/data.wordlift.io\/wl01378\/entity\/kosciol_teologia_2\">\u6559\u4f1a<\/span> \u7f57\u9a6c\u5929\u4e3b\u6559\u548c\u5e0c\u814a\u5929\u4e3b\u6559\u6559\u4f1a\uff0c\u5728\u4e3b\u663e\u8282\u540e\u7684\u661f\u671f\u65e5\uff08\u5373 \"\u4e3b\u663e\u8282\"\uff09\u4e3e\u884c\u3002<span id=\"urn:enhancement-36ab2225\" class=\"textannotation disambiguated wl-other\" itemid=\"http:\/\/data.wordlift.io\/wl01857\/entity\/trzej_krolowie\">\u4e3b\u663e\u8282<\/span>). \u015awi\u0119ty Jan podaje, \u017ce miejscem, w kt\u00f3rym Jezus Chrystus zosta\u0142 <span id=\"urn:enhancement-426a27dc\" class=\"textannotation disambiguated wl-other\" itemid=\"http:\/\/data.wordlift.io\/wl01857\/entity\/chrzest\">\u547d\u540d\u4e3a<\/span> \u662f\u5728\u7ea6\u65e6\u6cb3\u5bf9\u5cb8\u7684\u4f2f\u5927\u5c3c\u3002<\/p>\n<p>\u4f5c\u4e3aZajordan Bethany\uff0c\u7814\u7a76\u4eba\u5458\u6307\u51fa\u4eca\u5929\u7684Chirbet el Medesh\uff0c\u5728\u90a3\u91cc\u6211\u4eec\u53ef\u4ee5\u627e\u5230\u4e00\u6761\u6d41\u5165\u6cb3\u6d41\u7684\u5c0f\u6eaa\u3002 <span id=\"urn:enhancement-85a605ae\" class=\"textannotation disambiguated wl-place\" itemid=\"http:\/\/data.wordlift.io\/wl01857\/entity\/jordan_rzeka\">\u7ea6\u65e6<\/span>.\u8be5\u884c\u4e3a\u672c\u8eab <span id=\"urn:enhancement-fae9a052\" class=\"textannotation disambiguated wl-other\" itemid=\"http:\/\/data.wordlift.io\/wl01857\/entity\/chrzest\">\u6d17\u793c<\/span> Pana Jezusa Chrystusa mia\u0142 dokona\u0107 <span id=\"urn:enhancement-ce588736\" class=\"textannotation disambiguated wl-person\" itemid=\"http:\/\/data.wordlift.io\/wl01857\/entity\/jan_chrzciciel\">\u65bd\u6d17\u8005\u7ea6\u7ff0<\/span>.\u65bd\u6d17\u8005\u4e9a\u514b\uff0c\u53c8\u540d <span id=\"urn:enhancement-66242f2\" class=\"textannotation disambiguated wl-person\" itemid=\"http:\/\/data.wordlift.io\/wl01378\/entity\/jan_ewangelista\">\u626c<\/span> \u65bd\u6d17\u8005\u662f\u4e00\u4e2a\u72b9\u592a\u9690\u58eb\u3002\u5bf9\u4e8e\u57fa\u7763\u5f92\uff08\u548c <span id=\"urn:enhancement-8af73b58\" class=\"textannotation disambiguated wl-other\" itemid=\"http:\/\/data.wordlift.io\/wl01857\/entity\/muzulmanin\">\u7a46\u65af\u6797<\/span>)\u4ed6\u662f\u4e00\u4e2a\u5148\u77e5\u3002\u6839\u636e\u5723\u4eba\u7684\u8bf4\u6cd5 <span id=\"urn:enhancement-891142b1\" class=\"textannotation disambiguated wl-person\" itemid=\"http:\/\/data.wordlift.io\/wl01857\/entity\/lukasz_ewangelista\">\u5362\u514b<\/span> \u4ed6\u6bd4\u57fa\u7763\u65e9\u51fa\u751f6\u4e2a\u6708\uff0c\u6240\u4ee5\u4ed6\u4eec\u7684\u5e74\u9f84\u76f8\u4eff\u3002<\/p>\n<p>\u4ed6\u662f <span id=\"urn:enhancement-2b7c35be\" class=\"textannotation disambiguated wl-other\" itemid=\"http:\/\/data.wordlift.io\/wl01378\/entity\/zydzi\">\u72b9\u592a\u4eba<\/span> \u7267\u5e08 <span id=\"urn:enhancement-dc217b75\" class=\"textannotation disambiguated wl-person\" itemid=\"http:\/\/data.wordlift.io\/wl01857\/entity\/zachariasz_nowotestamentowy_kaplan\">\u6492\u8fe6\u5229\u4e9a<\/span> \u548c\u4e00\u4e2a\u4e0d\u80fd\u751f\u80b2\u7684\u5973\u4eba\u3002\u4ed6\u7684\u6bcd\u4eb2 <a href=\"https:\/\/chrystus.pl\/zh\/jakie-polecenie-otrzymali-adam-i-ewa-w-raju\/\">\u590f\u5a03<\/a>\u4ed6\u53ef\u80fd\u662f <span id=\"urn:enhancement-6a8f78cf\" class=\"textannotation disambiguated wl-person\" itemid=\"http:\/\/data.wordlift.io\/wl01378\/entity\/maria_z_nazaretu\">\u739b\u4e3d\u4e9a<\/span>.\u7ea6\u7ff0\u5728\u7236\u6bcd\u79bb\u5f00\u540e\uff0c\u653e\u5f03\u4e86\u6210\u4e3a\u7267\u5e08\u7684\u53ef\u80fd\u6027\uff0c\u5728\u72b9\u5927\u6c99\u6f20\u4e2d\u8d70\u4e0a\u4e86\u9690\u5c45\u7684\u9053\u8def\u3002<\/p>\n<p>\u8036\u7a23\uff0c\u901a\u8fc7\u63a5\u53d7 <span id=\"urn:enhancement-c119f190\" class=\"textannotation disambiguated wl-other\" itemid=\"http:\/\/data.wordlift.io\/wl01857\/entity\/chrzest\">\u6d17\u793c<\/span> \u4ece <span id=\"urn:enhancement-a607cd1d\" class=\"textannotation disambiguated wl-person\" itemid=\"http:\/\/data.wordlift.io\/wl01378\/entity\/jan_ewangelista\">\u8d3e\u7eb3<\/span> \u65bd\u6d17\u8005\u4e0e\u4ed6\u6765\u62ef\u6551\u7684\u6240\u6709\u7f6a\u4eba\u7ad9\u5728\u4e00\u8d77\u3002\u56e0\u6b64\uff0c\u8fd9\u4e00\u4e8b\u4ef6\u5177\u6709\u8c61\u5f81\u610f\u4e49\uff0c\u56e0\u4e3a\u8fd9\u662f\u5f00\u59cb\u4ed6\u7684\u7cbe\u795e\u6d3b\u52a8\u7684\u4e8b\u4ef6\u3002\u8036\u7a23\u56e0\u6b64\u4f7f\u81ea\u5df1\u4e0e\u7f6a\u4eba\u76f8\u4f3c\u3002<\/p>","protected":false},"excerpt":{"rendered":"<p>Dlaczego Jezus przyj\u0105\u0142 chrzest? Czym by\u0142 Chrzest Pa\u0144ski? Chrzest Chrystusa jest w chrze\u015bcija\u0144stwie wa\u017cnym wydarzeniem, kt\u00f3re tak naprawd\u0119 rozpoczyna wa\u017cny okres nauczania i duchowej dzia\u0142alno\u015bci Jezusa. W dzisiejszym Ko\u015bciele jest r\u00f3wnie\u017c \u015bwi\u0119tem, kt\u00f3re zamyka okres \u015awi\u0105t Bo\u017cego Narodzenia. W Ko\u015bciele rzymskokatolickim, jak i Ko\u015bcio\u0142ach greckokatolickich, przypada w najbli\u017csz\u0105 niedziel\u0119 po uroczysto\u015bci Objawienia Pa\u0144skiego (Trzech Kr\u00f3li). &hellip;<\/p>","protected":false},"author":1,"featured_media":663,"comment_status":"open","ping_status":"closed","sticky":false,"template":"","format":"standard","meta":{"footnotes":""},"categories":[52],"tags":[],"class_list":["post-662","post","type-post","status-publish","format-standard","has-post-thumbnail","hentry","category-jezus"],"yoast_head":"<!-- This site is optimized with the Yoast SEO plugin v27.5 - https:\/\/yoast.com\/product\/yoast-seo-wordpress\/ -->\n<title>Dlaczego Jezus przyj\u0105\u0142 chrzest? Czym by\u0142 Chrzest Pa\u0144ski? - Chrystus<\/title>\n<meta name=\"description\" content=\"Dlaczego Jezus przyj\u0105\u0142 chrzest? Czym by\u0142 Chrzest Pa\u0144ski? Chrzest Chrystusa jest w chrze\u015bcija\u0144stwie wa\u017cnym wydarzeniem, kt\u00f3re tak naprawd\u0119 rozpoczyna wa\u017cny\" \/>\n<meta name=\"robots\" content=\"index, follow, max-snippet:-1, max-image-preview:large, max-video-preview:-1\" \/>\n<link rel=\"canonical\" href=\"https:\/\/chrystus.pl\/zh\/\u4e3a\u4ec0\u4e48\u8036\u7a23\u53d7\u6d17-\u4ec0\u4e48\u662f\u53d7\u6d17\uff1f\/\" \/>\n<meta property=\"og:locale\" content=\"zh_TW\" \/>\n<meta property=\"og:type\" content=\"article\" \/>\n<meta property=\"og:title\" content=\"Dlaczego Jezus przyj\u0105\u0142 chrzest? Czym by\u0142 Chrzest Pa\u0144ski? - Chrystus\" \/>\n<meta property=\"og:description\" content=\"Dlaczego Jezus przyj\u0105\u0142 chrzest? Czym by\u0142 Chrzest Pa\u0144ski? Chrzest Chrystusa jest w chrze\u015bcija\u0144stwie wa\u017cnym wydarzeniem, kt\u00f3re tak naprawd\u0119 rozpoczyna wa\u017cny\" \/>\n<meta property=\"og:url\" content=\"https:\/\/chrystus.pl\/zh\/\u4e3a\u4ec0\u4e48\u8036\u7a23\u53d7\u6d17-\u4ec0\u4e48\u662f\u53d7\u6d17\uff1f\/\" \/>\n<meta property=\"og:site_name\" content=\"Chrystus\" \/>\n<meta property=\"article:published_time\" content=\"2019-06-01T14:10:12+00:00\" \/>\n<meta property=\"article:modified_time\" content=\"2020-01-13T07:57:57+00:00\" \/>\n<meta property=\"og:image\" content=\"https:\/\/chrystus.pl\/wp-content\/uploads\/2019\/06\/Czym-by\u0142-Chrzest-Pan\u0301ski.jpg\" \/>\n\t<meta property=\"og:image:width\" content=\"640\" \/>\n\t<meta property=\"og:image:height\" content=\"485\" \/>\n\t<meta property=\"og:image:type\" content=\"image\/jpeg\" \/>\n<meta name=\"author\" content=\"Samarytanka\" \/>\n<meta name=\"twitter:card\" content=\"summary_large_image\" \/>\n<meta name=\"twitter:label1\" content=\"\u4f5c\u8005:\" \/>\n\t<meta name=\"twitter:data1\" content=\"Samarytanka\" \/>\n\t<meta name=\"twitter:label2\" content=\"\u9810\u4f30\u95b1\u8b80\u6642\u9593\" \/>\n\t<meta name=\"twitter:data2\" content=\"1 \u5206\u9418\" \/>\n<!-- \/ Yoast SEO plugin. -->","yoast_head_json":{"title":"\u8036\u7a23\u4e3a\u4ec0\u4e48\u8981\u63a5\u53d7\u6d17\u793c\uff1f\u4ec0\u4e48\u662f\u4e3b\u7684\u6d17\u793c\uff1f- \u57fa\u7763","description":"\u8036\u7a23\u4e3a\u4ec0\u4e48\u8981\u63a5\u53d7\u6d17\u793c\uff1f\u4ec0\u4e48\u662f\u4e3b\u7684\u6d17\u793c\uff1f\u57fa\u7763\u7684\u6d17\u793c\u662f\u57fa\u7763\u6559\u7684\u4e00\u4e2a\u91cd\u8981\u4e8b\u4ef6\uff0c\u5b83\u5b9e\u9645\u4e0a\u6807\u5fd7\u7740\u4e00\u4e2a\u91cd\u8981\u7684\u5f00\u59cb\u3002","robots":{"index":"index","follow":"follow","max-snippet":"max-snippet:-1","max-image-preview":"max-image-preview:large","max-video-preview":"max-video-preview:-1"},"canonical":"https:\/\/chrystus.pl\/zh\/\u4e3a\u4ec0\u4e48\u8036\u7a23\u53d7\u6d17-\u4ec0\u4e48\u662f\u53d7\u6d17\uff1f\/","og_locale":"zh_TW","og_type":"article","og_title":"Dlaczego Jezus przyj\u0105\u0142 chrzest? Czym by\u0142 Chrzest Pa\u0144ski? - Chrystus","og_description":"Dlaczego Jezus przyj\u0105\u0142 chrzest? Czym by\u0142 Chrzest Pa\u0144ski? Chrzest Chrystusa jest w chrze\u015bcija\u0144stwie wa\u017cnym wydarzeniem, kt\u00f3re tak naprawd\u0119 rozpoczyna wa\u017cny","og_url":"https:\/\/chrystus.pl\/zh\/\u4e3a\u4ec0\u4e48\u8036\u7a23\u53d7\u6d17-\u4ec0\u4e48\u662f\u53d7\u6d17\uff1f\/","og_site_name":"Chrystus","article_published_time":"2019-06-01T14:10:12+00:00","article_modified_time":"2020-01-13T07:57:57+00:00","og_image":[{"width":640,"height":485,"url":"https:\/\/chrystus.pl\/wp-content\/uploads\/2019\/06\/Czym-by\u0142-Chrzest-Pan\u0301ski.jpg","type":"image\/jpeg"}],"author":"Samarytanka","twitter_card":"summary_large_image","twitter_misc":{"\u4f5c\u8005:":"Samarytanka","\u9810\u4f30\u95b1\u8b80\u6642\u9593":"1 \u5206\u9418"},"schema":{"@context":"https:\/\/schema.org","@graph":[{"@type":"Article","@id":"https:\/\/chrystus.pl\/dlaczego-jezus-przyjal-chrzest-czym-byl-chrzest-panski\/#article","isPartOf":{"@id":"https:\/\/chrystus.pl\/dlaczego-jezus-przyjal-chrzest-czym-byl-chrzest-panski\/"},"author":{"name":"Samarytanka","@id":"https:\/\/chrystus.pl\/#\/schema\/person\/e2e742452b8b7b2bcd23ea180671d27a"},"headline":"Dlaczego Jezus przyj\u0105\u0142 chrzest? Czym by\u0142 Chrzest Pa\u0144ski?","datePublished":"2019-06-01T14:10:12+00:00","dateModified":"2020-01-13T07:57:57+00:00","mainEntityOfPage":{"@id":"https:\/\/chrystus.pl\/dlaczego-jezus-przyjal-chrzest-czym-byl-chrzest-panski\/"},"wordCount":268,"commentCount":0,"publisher":{"@id":"https:\/\/chrystus.pl\/#organization"},"image":{"@id":"https:\/\/chrystus.pl\/dlaczego-jezus-przyjal-chrzest-czym-byl-chrzest-panski\/#primaryimage"},"thumbnailUrl":"https:\/\/chrystus.pl\/wp-content\/uploads\/2019\/06\/Czym-by\u0142-Chrzest-Pan\u0301ski.jpg","articleSection":["Jezus"],"inLanguage":"zh-TW","potentialAction":[{"@type":"CommentAction","name":"Comment","target":["https:\/\/chrystus.pl\/dlaczego-jezus-przyjal-chrzest-czym-byl-chrzest-panski\/#respond"]}]},{"@type":"WebPage","@id":"https:\/\/chrystus.pl\/dlaczego-jezus-przyjal-chrzest-czym-byl-chrzest-panski\/","url":"https:\/\/chrystus.pl\/dlaczego-jezus-przyjal-chrzest-czym-byl-chrzest-panski\/","name":"\u8036\u7a23\u4e3a\u4ec0\u4e48\u8981\u63a5\u53d7\u6d17\u793c\uff1f\u4ec0\u4e48\u662f\u4e3b\u7684\u6d17\u793c\uff1f- \u57fa\u7763","isPartOf":{"@id":"https:\/\/chrystus.pl\/#website"},"primaryImageOfPage":{"@id":"https:\/\/chrystus.pl\/dlaczego-jezus-przyjal-chrzest-czym-byl-chrzest-panski\/#primaryimage"},"image":{"@id":"https:\/\/chrystus.pl\/dlaczego-jezus-przyjal-chrzest-czym-byl-chrzest-panski\/#primaryimage"},"thumbnailUrl":"https:\/\/chrystus.pl\/wp-content\/uploads\/2019\/06\/Czym-by\u0142-Chrzest-Pan\u0301ski.jpg","datePublished":"2019-06-01T14:10:12+00:00","dateModified":"2020-01-13T07:57:57+00:00","description":"\u8036\u7a23\u4e3a\u4ec0\u4e48\u8981\u63a5\u53d7\u6d17\u793c\uff1f\u4ec0\u4e48\u662f\u4e3b\u7684\u6d17\u793c\uff1f\u57fa\u7763\u7684\u6d17\u793c\u662f\u57fa\u7763\u6559\u7684\u4e00\u4e2a\u91cd\u8981\u4e8b\u4ef6\uff0c\u5b83\u5b9e\u9645\u4e0a\u6807\u5fd7\u7740\u4e00\u4e2a\u91cd\u8981\u7684\u5f00\u59cb\u3002","breadcrumb":{"@id":"https:\/\/chrystus.pl\/dlaczego-jezus-przyjal-chrzest-czym-byl-chrzest-panski\/#breadcrumb"},"inLanguage":"zh-TW","potentialAction":[{"@type":"ReadAction","target":["https:\/\/chrystus.pl\/dlaczego-jezus-przyjal-chrzest-czym-byl-chrzest-panski\/"]}]},{"@type":"ImageObject","inLanguage":"zh-TW","@id":"https:\/\/chrystus.pl\/dlaczego-jezus-przyjal-chrzest-czym-byl-chrzest-panski\/#primaryimage","url":"https:\/\/chrystus.pl\/wp-content\/uploads\/2019\/06\/Czym-by\u0142-Chrzest-Pan\u0301ski.jpg","contentUrl":"https:\/\/chrystus.pl\/wp-content\/uploads\/2019\/06\/Czym-by\u0142-Chrzest-Pan\u0301ski.jpg","width":640,"height":485,"caption":"Czym by\u0142 Chrzest Pan\u0301ski"},{"@type":"BreadcrumbList","@id":"https:\/\/chrystus.pl\/dlaczego-jezus-przyjal-chrzest-czym-byl-chrzest-panski\/#breadcrumb","itemListElement":[{"@type":"ListItem","position":1,"name":"Strona g\u0142\u00f3wna","item":"https:\/\/chrystus.pl\/"},{"@type":"ListItem","position":2,"name":"Dlaczego Jezus przyj\u0105\u0142 chrzest? Czym by\u0142 Chrzest Pa\u0144ski?"}]},{"@type":"WebSite","@id":"https:\/\/chrystus.pl\/#website","url":"https:\/\/chrystus.pl\/","name":"\u57fa\u7763","description":"\u4e0a\u5e1d\u3001\u9a6c\u5229\u4e9a\u3001\u8036\u7a23\u3001\u5723\u9910\u548c\u66f4\u591a","publisher":{"@id":"https:\/\/chrystus.pl\/#organization"},"potentialAction":[{"@type":"SearchAction","target":{"@type":"EntryPoint","urlTemplate":"https:\/\/chrystus.pl\/?s={search_term_string}"},"query-input":{"@type":"PropertyValueSpecification","valueRequired":true,"valueName":"search_term_string"}}],"inLanguage":"zh-TW"},{"@type":"Organization","@id":"https:\/\/chrystus.pl\/#organization","name":"Christ.pl","url":"https:\/\/chrystus.pl\/","logo":{"@type":"ImageObject","inLanguage":"zh-TW","@id":"https:\/\/chrystus.pl\/#\/schema\/logo\/image\/","url":"https:\/\/chrystus.pl\/wp-content\/uploads\/2019\/03\/chrystus-bog-maryja-komunia-bierzmowanie.jpg","contentUrl":"https:\/\/chrystus.pl\/wp-content\/uploads\/2019\/03\/chrystus-bog-maryja-komunia-bierzmowanie.jpg","width":1920,"height":1280,"caption":"Chrystus.pl"},"image":{"@id":"https:\/\/chrystus.pl\/#\/schema\/logo\/image\/"}},{"@type":"Person","@id":"https:\/\/chrystus.pl\/#\/schema\/person\/e2e742452b8b7b2bcd23ea180671d27a","name":"\u6492\u739b\u5229\u4e9a\u5987\u5973"}]}},"_links":{"self":[{"href":"https:\/\/chrystus.pl\/zh\/wp-json\/wp\/v2\/posts\/662","targetHints":{"allow":["GET"]}}],"collection":[{"href":"https:\/\/chrystus.pl\/zh\/wp-json\/wp\/v2\/posts"}],"about":[{"href":"https:\/\/chrystus.pl\/zh\/wp-json\/wp\/v2\/types\/post"}],"author":[{"embeddable":true,"href":"https:\/\/chrystus.pl\/zh\/wp-json\/wp\/v2\/users\/1"}],"replies":[{"embeddable":true,"href":"https:\/\/chrystus.pl\/zh\/wp-json\/wp\/v2\/comments?post=662"}],"version-history":[{"count":0,"href":"https:\/\/chrystus.pl\/zh\/wp-json\/wp\/v2\/posts\/662\/revisions"}],"wp:featuredmedia":[{"embeddable":true,"href":"https:\/\/chrystus.pl\/zh\/wp-json\/wp\/v2\/media\/663"}],"wp:attachment":[{"href":"https:\/\/chrystus.pl\/zh\/wp-json\/wp\/v2\/media?parent=662"}],"wp:term":[{"taxonomy":"category","embeddable":true,"href":"https:\/\/chrystus.pl\/zh\/wp-json\/wp\/v2\/categories?post=662"},{"taxonomy":"post_tag","embeddable":true,"href":"https:\/\/chrystus.pl\/zh\/wp-json\/wp\/v2\/tags?post=662"}],"curies":[{"name":"wp","href":"https:\/\/api.w.org\/{rel}","templated":true}]}}