{"id":665,"date":"2019-06-01T14:11:13","date_gmt":"2019-06-01T14:11:13","guid":{"rendered":"https:\/\/chrystus.pl\/?p=665"},"modified":"2020-01-13T07:57:46","modified_gmt":"2020-01-13T07:57:46","slug":"dlaczego-jezus-umarl-na-krzyzu","status":"publish","type":"post","link":"https:\/\/chrystus.pl\/zh\/dlaczego-jezus-umarl-na-krzyzu\/","title":{"rendered":"\u4e3a\u4ec0\u4e48\u8036\u7a23\u4f1a\u6b7b\u5728\u5341\u5b57\u67b6\u4e0a\uff1f"},"content":{"rendered":"<p>Dlaczego Jezus umar\u0142 na krzy\u017cu? Czym jest \u015bmier\u0107 krzy\u017cowa? Jakie mia\u0142a ona znaczenie dla chrze\u015bcijan?<\/p>\n<p><span id=\"urn:enhancement-5bd9ac12\" class=\"textannotation disambiguated wl-other\" itemid=\"http:\/\/data.wordlift.io\/wl01857\/entity\/ukrzyzowanie\">\u8036\u7a23\u53d7\u96be<\/span> \u662f\u53e4\u4ee3\u6ce2\u65af\u4eba\u7b49\u4eba\u4f7f\u7528\u7684\u4e00\u79cd\u6b7b\u5211\u3002 <span id=\"urn:enhancement-18f60953\" class=\"textannotation disambiguated wl-other\" itemid=\"http:\/\/data.wordlift.io\/wl01857\/entity\/starozytny_rzym\">\u7f57\u9a6c\u4eba<\/span>\u8153\u5c3c\u57fa\u4eba\u548c\u8fe6\u592a\u57fa\u4eba\uff0c\u4f5c\u4e3a\u5bf9\u5974\u96b6\u3001\u53db\u4e71\u8005\u548c\u5176\u4ed6\u975e\u6b63\u5f0f\u516c\u6c11\u7684\u4e00\u79cd\u4e0d\u5149\u5f69\u7684\u5904\u51b3\u5f62\u5f0f\u3002\u5341\u5b57\u67b6\u7684\u6b7b\u5211\u5728\u516c\u5143337\u5e74\u88ab\u5e9f\u9664\u3002 <span id=\"urn:enhancement-fe0d3bb6\" class=\"textannotation disambiguated wl-person\" itemid=\"http:\/\/data.wordlift.io\/wl01857\/entity\/konstantyn_i_wielki\">\u5eb7\u65af\u5766\u4e01<\/span> Wielkiego. Co ciekawe edykt znosz\u0105cy krzy\u017cowanie by\u0142 podyktowany szacunkiem dla \u015bmierci samego Jezusa Chrystusa.<\/p>\n<p>Przyjmuje si\u0119, \u017ce \u015bmier\u0107 krzy\u017cowa i wielka m\u0119ka Chrystusa by\u0142a konieczna aby odkupi\u0107 i zado\u015b\u0107uczyni\u0107 sprawiedliwo\u015b\u0107 Bo\u017c\u0105. Nie jest to jednak do ko\u0144ca prawd\u0105, gdy\u017c nie mo\u017cna patrze\u0107 na \u015bmier\u0107 i m\u0119k\u0119 jak na spos\u00f3b pewnej sp\u0142aty zobowi\u0105zania. Jest tu jedynie miejsce na rozwa\u017canie, \u017ce <span id=\"urn:enhancement-fdc1bf40\" class=\"textannotation disambiguated wl-other\" itemid=\"http:\/\/data.wordlift.io\/wl01378\/entity\/bog\">\u795e<\/span> \u4ed6\u8fd9\u6837\u628a\u8fdc\u79bb\u4ed6\u7684\u4eba\u5e26\u5230\u4ed6\u7684\u9762\u524d\uff0c\u4ed6\u4eec\u88ab\u62d2\u7edd\uff0c\u88ab\u5207\u65ad\u3002 <span id=\"urn:enhancement-91cabc0d\" class=\"textannotation disambiguated wl-other\" itemid=\"http:\/\/data.wordlift.io\/wl01857\/entity\/ukrzyzowanie\">\u8036\u7a23\u53d7\u96be<\/span> \u56e0\u6b64\uff0c\u5b83\u662f\u548c\u89e3\u7684\u8c61\u5f81\u3002\u5c06\u4eba\u4eec\u4ece\u7f6a\u7684\u67b7\u9501\u4e2d\u89e3\u653e\u51fa\u6765\u3002\u6b7b\u4ea1 <span id=\"urn:enhancement-7f0a6742\" class=\"textannotation disambiguated wl-other\" itemid=\"http:\/\/data.wordlift.io\/wl01378\/entity\/syn_bozy\">\u795e\u7684\u513f\u5b50<\/span> \u662f\u771f\u6b63\u7684\u8c03\u548c\uff0c\u5728 <span id=\"urn:enhancement-3386974f\" class=\"textannotation disambiguated wl-other\" itemid=\"http:\/\/data.wordlift.io\/wl01378\/entity\/bog\">\u795e<\/span> \u548c\u4eba\u3002\u5b83\u5f00\u542f\u4e86\u65b0\u7684\u7bc7\u7ae0\uff0c\u4e3a\u6240\u6709\u7684\u4eba\u6765\u5230\u4e3b\u9762\u524d\u5f00\u8f9f\u4e86\u9053\u8def\u3002\u6839\u636e <span id=\"urn:enhancement-65786e3e\" class=\"textannotation disambiguated wl-other\" itemid=\"http:\/\/data.wordlift.io\/wl01857\/entity\/nowy_testament\">\u65b0\u7ea6\u5723\u7ecf<\/span> <span id=\"urn:enhancement-1686417d\" class=\"textannotation disambiguated wl-other\" itemid=\"http:\/\/data.wordlift.io\/wl01378\/entity\/bog\">\u795e<\/span> \u4e0d\u4e0e\u4e16\u754c\u4e3a\u4e00\uff0c\u800c\u662f <span id=\"urn:enhancement-edc6e7cc\" class=\"textannotation disambiguated wl-other\" itemid=\"http:\/\/data.wordlift.io\/wl01378\/entity\/bog\">\u795e<\/span> \u8fd9\u4e2a\u4e16\u754c\u548c\u5b83\u81ea\u5df1\u662f\u4e00\u4f53\u7684\uff0c\u56e0\u4e3a\u662f\u4eba\u628a\u81ea\u5df1\u548c\u5b83\u81ea\u5df1\u62c9\u5f00\u4e86\u8ddd\u79bb\u3002 <span id=\"urn:enhancement-2f0c4cd4\" class=\"textannotation disambiguated wl-other\" itemid=\"http:\/\/data.wordlift.io\/wl01378\/entity\/bog\">\u795e<\/span>.\u56e0\u6b64\uff0c\u8fd9\u6837\u7684\u4e8b\u4ef6\u662f\u5fc5\u8981\u7684\uff0c\u662f\u4e00\u79cd\u51c0\u5316\u7684\u8c61\u5f81\u3002\u8fd9\u91cc\u4e0d\u5b58\u5728\u4efb\u4f55\u8d54\u507f\u6216\u652f\u4ed8\u503a\u52a1\u7684\u95ee\u9898\u3002\u6211\u4eec\u4e5f\u4e0d\u8981\u5fd8\u8bb0\uff0c\u5224\u5904\u8036\u7a23\u8fd9\u6837\u7684\u6b7b\u4ea1\u662f\u7531\u6709\u81ea\u7531\u610f\u5fd7\u7684\u4eba\u505a\u7684\u3002<\/p>","protected":false},"excerpt":{"rendered":"<p>Dlaczego Jezus umar\u0142 na krzy\u017cu? Czym jest \u015bmier\u0107 krzy\u017cowa? Jakie mia\u0142a ona znaczenie dla chrze\u015bcijan? Ukrzy\u017cowanie by\u0142o rodzajem kary \u015bmierci stosowanej w staro\u017cytno\u015bci m.in. przez Pers\u00f3w, Rzymian, Fenicjan i Kartagi\u0144czyk\u00f3w, jako forma ha\u0144bi\u0105cej egzekucji na niewolnikach, buntownikach i innych osobach, kt\u00f3re nie by\u0142y pe\u0142noprawnymi obywatelami. Kara \u015bmierci krzy\u017cowej zniesiona zosta\u0142a w 337 roku naszej ery &hellip;<\/p>","protected":false},"author":1,"featured_media":666,"comment_status":"open","ping_status":"closed","sticky":false,"template":"","format":"standard","meta":{"footnotes":""},"categories":[52],"tags":[],"class_list":["post-665","post","type-post","status-publish","format-standard","has-post-thumbnail","hentry","category-jezus"],"yoast_head":"<!-- This site is optimized with the Yoast SEO plugin v27.4 - https:\/\/yoast.com\/product\/yoast-seo-wordpress\/ -->\n<title>Dlaczego Jezus umar\u0142 na krzy\u017cu? - Chrystus<\/title>\n<meta name=\"description\" content=\"Dlaczego Jezus umar\u0142 na krzy\u017cu? Czym jest \u015bmier\u0107 krzy\u017cowa? Jakie mia\u0142a ona znaczenie dla chrze\u015bcijan? Ukrzy\u017cowanie by\u0142o rodzajem kary \u015bmierci stosowanej w\" \/>\n<meta name=\"robots\" content=\"index, follow, max-snippet:-1, max-image-preview:large, max-video-preview:-1\" \/>\n<link rel=\"canonical\" href=\"https:\/\/chrystus.pl\/zh\/\u4e3a\u4ec0\u4e48\u8036\u7a23\u5728\u5341\u5b57\u67b6\u4e0a\u727a\u7272\uff1f\/\" \/>\n<meta property=\"og:locale\" content=\"zh_TW\" \/>\n<meta property=\"og:type\" content=\"article\" \/>\n<meta property=\"og:title\" content=\"Dlaczego Jezus umar\u0142 na krzy\u017cu? - Chrystus\" \/>\n<meta property=\"og:description\" content=\"Dlaczego Jezus umar\u0142 na krzy\u017cu? Czym jest \u015bmier\u0107 krzy\u017cowa? Jakie mia\u0142a ona znaczenie dla chrze\u015bcijan? Ukrzy\u017cowanie by\u0142o rodzajem kary \u015bmierci stosowanej w\" \/>\n<meta property=\"og:url\" content=\"https:\/\/chrystus.pl\/zh\/\u4e3a\u4ec0\u4e48\u8036\u7a23\u5728\u5341\u5b57\u67b6\u4e0a\u727a\u7272\uff1f\/\" \/>\n<meta property=\"og:site_name\" content=\"Chrystus\" \/>\n<meta property=\"article:published_time\" content=\"2019-06-01T14:11:13+00:00\" \/>\n<meta property=\"article:modified_time\" content=\"2020-01-13T07:57:46+00:00\" \/>\n<meta property=\"og:image\" content=\"https:\/\/chrystus.pl\/wp-content\/uploads\/2019\/06\/Dlaczego-Jezus-umar\u0142-na-krzyz\u0307u-e1611195026124.jpg\" \/>\n\t<meta property=\"og:image:width\" content=\"121\" \/>\n\t<meta property=\"og:image:height\" content=\"68\" \/>\n\t<meta property=\"og:image:type\" content=\"image\/jpeg\" \/>\n<meta name=\"author\" content=\"Samarytanka\" \/>\n<meta name=\"twitter:card\" content=\"summary_large_image\" \/>\n<meta name=\"twitter:label1\" content=\"\u4f5c\u8005:\" \/>\n\t<meta name=\"twitter:data1\" content=\"Samarytanka\" \/>\n\t<meta name=\"twitter:label2\" content=\"\u9810\u4f30\u95b1\u8b80\u6642\u9593\" \/>\n\t<meta name=\"twitter:data2\" content=\"1 \u5206\u9418\" \/>\n<!-- \/ Yoast SEO plugin. -->","yoast_head_json":{"title":"\u4e3a\u4ec0\u4e48\u8036\u7a23\u4f1a\u6b7b\u5728\u5341\u5b57\u67b6\u4e0a\uff1f- \u57fa\u7763","description":"\u4e3a\u4ec0\u4e48\u8036\u7a23\u4f1a\u6b7b\u5728\u5341\u5b57\u67b6\u4e0a\uff1f\u4ec0\u4e48\u662f\u5341\u5b57\u67b6\u4e0a\u7684\u6b7b\u4ea1\uff1f\u5b83\u5bf9\u57fa\u7763\u5f92\u6709\u4ec0\u4e48\u610f\u4e49\uff1f\u9489\u6b7b\u5728\u5341\u5b57\u67b6\u4e0a\u662f\u4e00\u79cd\u6b7b\u5211\uff0c\u7528\u4e8e","robots":{"index":"index","follow":"follow","max-snippet":"max-snippet:-1","max-image-preview":"max-image-preview:large","max-video-preview":"max-video-preview:-1"},"canonical":"https:\/\/chrystus.pl\/zh\/\u4e3a\u4ec0\u4e48\u8036\u7a23\u5728\u5341\u5b57\u67b6\u4e0a\u727a\u7272\uff1f\/","og_locale":"zh_TW","og_type":"article","og_title":"Dlaczego Jezus umar\u0142 na krzy\u017cu? - Chrystus","og_description":"Dlaczego Jezus umar\u0142 na krzy\u017cu? Czym jest \u015bmier\u0107 krzy\u017cowa? Jakie mia\u0142a ona znaczenie dla chrze\u015bcijan? Ukrzy\u017cowanie by\u0142o rodzajem kary \u015bmierci stosowanej w","og_url":"https:\/\/chrystus.pl\/zh\/\u4e3a\u4ec0\u4e48\u8036\u7a23\u5728\u5341\u5b57\u67b6\u4e0a\u727a\u7272\uff1f\/","og_site_name":"Chrystus","article_published_time":"2019-06-01T14:11:13+00:00","article_modified_time":"2020-01-13T07:57:46+00:00","og_image":[{"width":121,"height":68,"url":"https:\/\/chrystus.pl\/wp-content\/uploads\/2019\/06\/Dlaczego-Jezus-umar\u0142-na-krzyz\u0307u-e1611195026124.jpg","type":"image\/jpeg"}],"author":"Samarytanka","twitter_card":"summary_large_image","twitter_misc":{"\u4f5c\u8005:":"Samarytanka","\u9810\u4f30\u95b1\u8b80\u6642\u9593":"1 \u5206\u9418"},"schema":{"@context":"https:\/\/schema.org","@graph":[{"@type":"Article","@id":"https:\/\/chrystus.pl\/cs\/proc-jezis-zemrel-na-krizi\/#article","isPartOf":{"@id":"https:\/\/chrystus.pl\/cs\/proc-jezis-zemrel-na-krizi\/"},"author":{"name":"Samarytanka","@id":"https:\/\/chrystus.pl\/#\/schema\/person\/e2e742452b8b7b2bcd23ea180671d27a"},"headline":"Dlaczego Jezus umar\u0142 na krzy\u017cu?","datePublished":"2019-06-01T14:11:13+00:00","dateModified":"2020-01-13T07:57:46+00:00","mainEntityOfPage":{"@id":"https:\/\/chrystus.pl\/cs\/proc-jezis-zemrel-na-krizi\/"},"wordCount":288,"commentCount":0,"publisher":{"@id":"https:\/\/chrystus.pl\/#organization"},"image":{"@id":"https:\/\/chrystus.pl\/cs\/proc-jezis-zemrel-na-krizi\/#primaryimage"},"thumbnailUrl":"https:\/\/chrystus.pl\/wp-content\/uploads\/2019\/06\/Dlaczego-Jezus-umar\u0142-na-krzyz\u0307u-e1611195026124.jpg","articleSection":["Jezus"],"inLanguage":"zh-TW","potentialAction":[{"@type":"CommentAction","name":"Comment","target":["https:\/\/chrystus.pl\/cs\/proc-jezis-zemrel-na-krizi\/#respond"]}]},{"@type":"WebPage","@id":"https:\/\/chrystus.pl\/cs\/proc-jezis-zemrel-na-krizi\/","url":"https:\/\/chrystus.pl\/cs\/proc-jezis-zemrel-na-krizi\/","name":"\u4e3a\u4ec0\u4e48\u8036\u7a23\u4f1a\u6b7b\u5728\u5341\u5b57\u67b6\u4e0a\uff1f- \u57fa\u7763","isPartOf":{"@id":"https:\/\/chrystus.pl\/#website"},"primaryImageOfPage":{"@id":"https:\/\/chrystus.pl\/cs\/proc-jezis-zemrel-na-krizi\/#primaryimage"},"image":{"@id":"https:\/\/chrystus.pl\/cs\/proc-jezis-zemrel-na-krizi\/#primaryimage"},"thumbnailUrl":"https:\/\/chrystus.pl\/wp-content\/uploads\/2019\/06\/Dlaczego-Jezus-umar\u0142-na-krzyz\u0307u-e1611195026124.jpg","datePublished":"2019-06-01T14:11:13+00:00","dateModified":"2020-01-13T07:57:46+00:00","description":"\u4e3a\u4ec0\u4e48\u8036\u7a23\u4f1a\u6b7b\u5728\u5341\u5b57\u67b6\u4e0a\uff1f\u4ec0\u4e48\u662f\u5341\u5b57\u67b6\u4e0a\u7684\u6b7b\u4ea1\uff1f\u5b83\u5bf9\u57fa\u7763\u5f92\u6709\u4ec0\u4e48\u610f\u4e49\uff1f\u9489\u6b7b\u5728\u5341\u5b57\u67b6\u4e0a\u662f\u4e00\u79cd\u6b7b\u5211\uff0c\u7528\u4e8e","breadcrumb":{"@id":"https:\/\/chrystus.pl\/cs\/proc-jezis-zemrel-na-krizi\/#breadcrumb"},"inLanguage":"zh-TW","potentialAction":[{"@type":"ReadAction","target":["https:\/\/chrystus.pl\/cs\/proc-jezis-zemrel-na-krizi\/"]}]},{"@type":"ImageObject","inLanguage":"zh-TW","@id":"https:\/\/chrystus.pl\/cs\/proc-jezis-zemrel-na-krizi\/#primaryimage","url":"https:\/\/chrystus.pl\/wp-content\/uploads\/2019\/06\/Dlaczego-Jezus-umar\u0142-na-krzyz\u0307u-e1611195026124.jpg","contentUrl":"https:\/\/chrystus.pl\/wp-content\/uploads\/2019\/06\/Dlaczego-Jezus-umar\u0142-na-krzyz\u0307u-e1611195026124.jpg","width":121,"height":68,"caption":"Dlaczego Jezus umar\u0142 na krzyz\u0307u"},{"@type":"BreadcrumbList","@id":"https:\/\/chrystus.pl\/cs\/proc-jezis-zemrel-na-krizi\/#breadcrumb","itemListElement":[{"@type":"ListItem","position":1,"name":"Strona g\u0142\u00f3wna","item":"https:\/\/chrystus.pl\/"},{"@type":"ListItem","position":2,"name":"Dlaczego Jezus umar\u0142 na krzy\u017cu?"}]},{"@type":"WebSite","@id":"https:\/\/chrystus.pl\/#website","url":"https:\/\/chrystus.pl\/","name":"\u57fa\u7763","description":"\u4e0a\u5e1d\u3001\u9a6c\u5229\u4e9a\u3001\u8036\u7a23\u3001\u5723\u9910\u548c\u66f4\u591a","publisher":{"@id":"https:\/\/chrystus.pl\/#organization"},"potentialAction":[{"@type":"SearchAction","target":{"@type":"EntryPoint","urlTemplate":"https:\/\/chrystus.pl\/?s={search_term_string}"},"query-input":{"@type":"PropertyValueSpecification","valueRequired":true,"valueName":"search_term_string"}}],"inLanguage":"zh-TW"},{"@type":"Organization","@id":"https:\/\/chrystus.pl\/#organization","name":"Christ.pl","url":"https:\/\/chrystus.pl\/","logo":{"@type":"ImageObject","inLanguage":"zh-TW","@id":"https:\/\/chrystus.pl\/#\/schema\/logo\/image\/","url":"https:\/\/chrystus.pl\/wp-content\/uploads\/2019\/03\/chrystus-bog-maryja-komunia-bierzmowanie.jpg","contentUrl":"https:\/\/chrystus.pl\/wp-content\/uploads\/2019\/03\/chrystus-bog-maryja-komunia-bierzmowanie.jpg","width":1920,"height":1280,"caption":"Chrystus.pl"},"image":{"@id":"https:\/\/chrystus.pl\/#\/schema\/logo\/image\/"}},{"@type":"Person","@id":"https:\/\/chrystus.pl\/#\/schema\/person\/e2e742452b8b7b2bcd23ea180671d27a","name":"\u6492\u739b\u5229\u4e9a\u5987\u5973"}]}},"_links":{"self":[{"href":"https:\/\/chrystus.pl\/zh\/wp-json\/wp\/v2\/posts\/665","targetHints":{"allow":["GET"]}}],"collection":[{"href":"https:\/\/chrystus.pl\/zh\/wp-json\/wp\/v2\/posts"}],"about":[{"href":"https:\/\/chrystus.pl\/zh\/wp-json\/wp\/v2\/types\/post"}],"author":[{"embeddable":true,"href":"https:\/\/chrystus.pl\/zh\/wp-json\/wp\/v2\/users\/1"}],"replies":[{"embeddable":true,"href":"https:\/\/chrystus.pl\/zh\/wp-json\/wp\/v2\/comments?post=665"}],"version-history":[{"count":0,"href":"https:\/\/chrystus.pl\/zh\/wp-json\/wp\/v2\/posts\/665\/revisions"}],"wp:featuredmedia":[{"embeddable":true,"href":"https:\/\/chrystus.pl\/zh\/wp-json\/wp\/v2\/media\/666"}],"wp:attachment":[{"href":"https:\/\/chrystus.pl\/zh\/wp-json\/wp\/v2\/media?parent=665"}],"wp:term":[{"taxonomy":"category","embeddable":true,"href":"https:\/\/chrystus.pl\/zh\/wp-json\/wp\/v2\/categories?post=665"},{"taxonomy":"post_tag","embeddable":true,"href":"https:\/\/chrystus.pl\/zh\/wp-json\/wp\/v2\/tags?post=665"}],"curies":[{"name":"wp","href":"https:\/\/api.w.org\/{rel}","templated":true}]}}