{"id":668,"date":"2019-06-01T14:12:38","date_gmt":"2019-06-01T14:12:38","guid":{"rendered":"https:\/\/chrystus.pl\/?p=668"},"modified":"2020-01-13T08:05:05","modified_gmt":"2020-01-13T08:05:05","slug":"dlaczego-pan-jezus-urodzil-sie-w-betlejem","status":"publish","type":"post","link":"https:\/\/chrystus.pl\/zh\/dlaczego-pan-jezus-urodzil-sie-w-betlejem\/","title":{"rendered":"\u4e3a\u4ec0\u4e48\u8036\u7a23\u4f1a\u51fa\u751f\u5728\u4f2f\u5229\u6052\uff1f"},"content":{"rendered":"<p>\u8036\u7a23\u7684\u8bde\u751f\u53d1\u751f\u5728 <span id=\"urn:enhancement-1193b1e5\" class=\"textannotation disambiguated wl-place\" itemid=\"http:\/\/data.wordlift.io\/wl01857\/entity\/betlejem\">\u4f2f\u5229\u6052<\/span>.\u5982\u4eca\uff0c\u5b83\u662f\u4e00\u4e2a\u4f4d\u4e8e\u4e2d\u56fd\u4e2d\u90e8\u7684\u57ce\u5e02\u3002 <span id=\"urn:enhancement-3b5f10e2\" class=\"textannotation disambiguated wl-other\" itemid=\"http:\/\/data.wordlift.io\/wl01857\/entity\/palestyna\">\u5df4\u52d2\u65af\u5766<\/span>.\u5b83\u4f4d\u4e8e <span id=\"urn:enhancement-19d045c5\" class=\"textannotation disambiguated wl-place\" itemid=\"http:\/\/data.wordlift.io\/wl01857\/entity\/judea\">\u6731\u8fea\u4e9a<\/span>\u7684\u9886\u57df\u3002 <span id=\"urn:enhancement-e4513c9d\" class=\"textannotation disambiguated wl-place\" itemid=\"http:\/\/data.wordlift.io\/wl01857\/entity\/zachodni_brzeg\">\u897f\u5cb8<\/span>\u5728\u5357\u8fb98\u516c\u91cc\u5904 <span id=\"urn:enhancement-77aa3910\" class=\"textannotation disambiguated wl-place\" itemid=\"http:\/\/data.wordlift.io\/wl01857\/entity\/jerozolima\">\u6492\u51b7<\/span>. Dlaczego Jezus urodzi\u0142 si\u0119 w <span id=\"urn:enhancement-836f5a9a\" class=\"textannotation disambiguated wl-place\" itemid=\"http:\/\/data.wordlift.io\/wl01857\/entity\/betlejem\">\u4f2f\u5229\u6052<\/span> \u800c\u4e0d\u662f\u5728 <span id=\"urn:enhancement-4e8b064e\" class=\"textannotation disambiguated wl-place\" itemid=\"http:\/\/data.wordlift.io\/wl01857\/entity\/nazaret\">\u62ff\u6492\u52d2<\/span>\u4ed6\u4eec\u5c45\u4f4f\u7684\u5730\u65b9 <span id=\"urn:enhancement-37023d74\" class=\"textannotation disambiguated wl-person\" itemid=\"http:\/\/data.wordlift.io\/wl01378\/entity\/maria_z_nazaretu\">\u739b\u4e3d<\/span> z <span id=\"urn:enhancement-9847f4cb\" class=\"textannotation disambiguated wl-person\" itemid=\"http:\/\/data.wordlift.io\/wl01857\/entity\/jozef_z_nazaretu\">\u7ea6\u745f\u592b<\/span>?\u4e3a\u4ec0\u4e48\u4f1a\u51fa\u73b0\u8fd9\u6837\u7684\u60c5\u51b5\u5462\uff1f <span id=\"urn:enhancement-8b1eff61\" class=\"textannotation disambiguated wl-person\" itemid=\"http:\/\/data.wordlift.io\/wl01378\/entity\/maria_z_nazaretu\">\u739b\u4e3d<\/span> w <span id=\"urn:enhancement-6f675519\" class=\"textannotation disambiguated wl-other\" itemid=\"http:\/\/data.wordlift.io\/wl01378\/entity\/stan_podzial_administracyjny\">\u56fd\u5bb6<\/span> \u5979\u4e0d\u5f97\u4e0d\u8fdb\u884c\u8270\u82e6\u7684\u65c5\u884c\uff0c\u7a7f\u8fc7\u5c71\u533a\u548c\u8352\u91ce\uff0c\u5728 <span id=\"urn:enhancement-6698b953\" class=\"textannotation disambiguated wl-other\" itemid=\"http:\/\/data.wordlift.io\/wl01378\/entity\/stan_podzial_administracyjny\">\u56fd\u5bb6<\/span> \u53d7\u795d\u798f\u7684\uff0c\u5b83\u662f\u5728 <span id=\"urn:enhancement-d4ba0602\" class=\"textannotation disambiguated wl-place\" itemid=\"http:\/\/data.wordlift.io\/wl01857\/entity\/betlejem\">\u4f2f\u5229\u6052<\/span>\uff0c\u5373\u5728 <span id=\"urn:enhancement-7bd800bb\" class=\"textannotation disambiguated wl-other\" itemid=\"http:\/\/data.wordlift.io\/wl01857\/entity\/miejscowosc\">\u6751\u5e84<\/span> \u79bb\u62ff\u6492\u52d2150\u516c\u91cc\u7684\u5730\u65b9\uff1f<\/p>\n<p>\u7ecf\u6587\u4e2d\u89e3\u91ca\u4e86\u8fd9\u79cd\u60c5\u51b5\u7684\u539f\u56e0 <span id=\"urn:enhancement-9e8a6b5e\" class=\"textannotation disambiguated wl-other\" itemid=\"http:\/\/data.wordlift.io\/wl01857\/entity\/ewangelia\"><a href=\"https:\/\/chrystus.pl\/zh\/co-to-jest-ewangelia\/\">\u798f\u97f3<\/a><\/span> \u6839\u636e\u5723\u8def\u52a0\u7684\u8bf4\u6cd5\u3002\u5f53\u65f6\uff0c\u5728 <span id=\"urn:enhancement-f932aed9\" class=\"textannotation disambiguated wl-person\" itemid=\"http:\/\/data.wordlift.io\/wl01378\/entity\/maria_z_nazaretu\">\u739b\u4e3d<\/span> \u662f\u5728\u4e00\u4e2a\u6709\u798f\u7684 <span id=\"urn:enhancement-c7a80da7\" class=\"textannotation disambiguated wl-other\" itemid=\"http:\/\/data.wordlift.io\/wl01378\/entity\/stan_podzial_administracyjny\">\u56fd\u5bb6<\/span> \u5728\u5168\u56fd\u8fdb\u884c\u4e86\u4e00\u6b21\u4eba\u53e3\u666e\u67e5\u3002\u901a\u8fc7\u8fd9\u79cd\u65b9\u5f0f\uff0c\u7f57\u9a6c\u653f\u5e9c\u5bf9\u6574\u4e2a\u5e9e\u5927\u5e1d\u56fd\u7684\u81e3\u6c11\u8fdb\u884c\u4e86\u8bb0\u5f55\uff0c\u5e76\u901a\u8fc7\u8fd9\u79cd\u65b9\u5f0f\u6536\u96c6\u4fe1\u606f\uff0c\u5176\u4e2d\u5305\u62ec\u67d0\u4e00\u7279\u5b9a\u5730\u533a\u7684\u7eb3\u7a0e\u4eba\u6570\u91cf\u3002 <span id=\"urn:enhancement-67c080fb\" class=\"textannotation disambiguated wl-other\" itemid=\"http:\/\/data.wordlift.io\/wl01857\/entity\/prowincje_rzymskie\">\u7701\u4efd<\/span>. <span id=\"urn:enhancement-bede4c4d\" class=\"textannotation disambiguated wl-person\" itemid=\"http:\/\/data.wordlift.io\/wl01857\/entity\/jozef_z_nazaretu\"><a href=\"https:\/\/chrystus.pl\/zh\/modlitwa-w-sprawach-trudnych-i-beznadziejnych-do-sw-jozefa\/\">\u7ea6\u745f\u592b<\/a><\/span> \u4e0d\u5f97\u4e0d\u53bb\u4ed6\u5bb6\u65cf\u7684\u53d1\u6e90\u5730\uff0c\u5373 <span id=\"urn:enhancement-f7c4f06d\" class=\"textannotation disambiguated wl-place\" itemid=\"http:\/\/data.wordlift.io\/wl01857\/entity\/judea\">\u6731\u8fea\u4e9a<\/span>\u6240\u5904\u4f4d\u7f6e <span id=\"urn:enhancement-34967071\" class=\"textannotation disambiguated wl-other\" itemid=\"http:\/\/data.wordlift.io\/wl01857\/entity\/miejscowosc\">\u9547\u7684<\/span> <span id=\"urn:enhancement-99634164\" class=\"textannotation disambiguated wl-place\" itemid=\"http:\/\/data.wordlift.io\/wl01857\/entity\/betlejem\">\u4f2f\u5229\u6052<\/span>.<\/p>\n<p>\u5f25\u8fe6\u4e66\u4e2d\u7684\u9884\u8a00\u5c31\u8fd9\u6837\u5e94\u9a8c\u4e86\uff0c\u8be5\u4e66\u8bf4 <span id=\"urn:enhancement-76c49ab8\" class=\"textannotation disambiguated wl-other\" itemid=\"http:\/\/data.wordlift.io\/wl01857\/entity\/pomazaniec\">\u5f25\u8d5b\u4e9a<\/span>\u62ef\u6551\u4e16\u754c\u7684\u4eba\u5c06\u51fa\u751f\u5728\u738b\u57ce\u3002 <span id=\"urn:enhancement-6bd86aaf\" class=\"textannotation disambiguated wl-person\" itemid=\"http:\/\/data.wordlift.io\/wl01857\/entity\/dawid_krol_izraela\">\u5927\u536b<\/span>.\u4ece\u62ff\u6492\u52d2\u6765\u5230 <span id=\"urn:enhancement-8be4ece5\" class=\"textannotation disambiguated wl-place\" itemid=\"http:\/\/data.wordlift.io\/wl01857\/entity\/judea\">\u6731\u8fea\u4e9a<\/span>, <span id=\"urn:enhancement-f0fafc24\" class=\"textannotation disambiguated wl-other\" itemid=\"http:\/\/data.wordlift.io\/wl01857\/entity\/swieta_rodzina\">\u5723\u5bb6\u65cf<\/span> \u5728\u8fc7\u5ea6\u62e5\u6324\u7684\u57ce\u5e02\u4e2d\u5f88\u96be\u627e\u5230\u4f4f\u6240\u3002 <span id=\"urn:enhancement-2f206197\" class=\"textannotation disambiguated wl-place\" itemid=\"http:\/\/data.wordlift.io\/wl01857\/entity\/betlejem\">\u4f2f\u5229\u6052<\/span>\u56e0\u4e3a\u548c\u4ed6\u4eec\u4e00\u6837\uff0c\u4f17\u4eba\u90fd\u662f\u4e3a\u4e86\u7687\u5e1d\u4e0b\u4ee4\u7684\u4eba\u53e3\u666e\u67e5\u800c\u6765\u627e\u4ed6\u3002 <span id=\"urn:enhancement-28a432be\" class=\"textannotation disambiguated wl-person\" itemid=\"http:\/\/data.wordlift.io\/wl01857\/entity\/jozef_z_nazaretu\">\u7ea6\u745f\u592b<\/span> \u6b63\u5728\u5bfb\u627e\u4e00\u4e2a\u5b89\u9759\u7684\u5730\u65b9\uff0c\u5728\u90a3\u91cc <span id=\"urn:enhancement-4c57adf9\" class=\"textannotation disambiguated wl-person\" itemid=\"http:\/\/data.wordlift.io\/wl01378\/entity\/maria_z_nazaretu\">\u739b\u4e3d<\/span> \u53ef\u4ee5\u751f\u4e0b\u8036\u7a23\u3002\u6ca1\u6709\u4eba\u613f\u610f\u5e2e\u52a9\u4ed6\u4eec\uff0c\u6240\u4ee5\u4ed6\u4eec\u8eb2\u5728\u4e00\u4e2a\u5c71\u6d1e\u91cc\uff0c\u4fdd\u62a4\u4ed6\u4eec\u4e0d\u53d7\u98ce\u5439\u96e8\u6253\uff0c\u5c31\u5728\u90a3\u91cc\uff0c\u4ed6\u51fa\u751f\u4e86\u3002 <span id=\"urn:enhancement-7518a9e9\" class=\"textannotation disambiguated wl-other\" itemid=\"http:\/\/data.wordlift.io\/wl01857\/entity\/pomazaniec\">\u5f25\u8d5b\u4e9a<\/span>.<\/p>","protected":false},"excerpt":{"rendered":"<p>Narodziny Jezusa nast\u0105pi\u0142y w Betlejem. W dzisiejszych czasach jest to miasto, kt\u00f3re znajduje si\u0119 w \u015brodkowej cz\u0119\u015bci Palestyny. Po\u0142o\u017cone jest ono w Judei, na obszarze Zachodniego Brzegu Jordanu, 8 km na po\u0142udnie od Jerozolimy. Dlaczego Jezus urodzi\u0142 si\u0119 w Betlejem a nie w Nazarecie, w kt\u00f3rym mieszkali Maryja z J\u00f3zefem? Czemu dosz\u0142o do sytuacji, \u017ce &hellip;<\/p>","protected":false},"author":1,"featured_media":669,"comment_status":"open","ping_status":"closed","sticky":false,"template":"","format":"standard","meta":{"footnotes":""},"categories":[52],"tags":[],"class_list":["post-668","post","type-post","status-publish","format-standard","has-post-thumbnail","hentry","category-jezus"],"yoast_head":"<!-- This site is optimized with the Yoast SEO plugin v27.5 - https:\/\/yoast.com\/product\/yoast-seo-wordpress\/ -->\n<title>Dlaczego Pan Jezus Urodzi\u0142 si\u0119 W Betlejem? - Chrystus<\/title>\n<meta name=\"description\" content=\"Narodziny Jezusa nast\u0105pi\u0142y w Betlejem. W dzisiejszych czasach jest to miasto, kt\u00f3re znajduje si\u0119 w \u015brodkowej cz\u0119\u015bci Palestyny. Po\u0142o\u017cone jest ono w Judei,\" \/>\n<meta name=\"robots\" content=\"index, follow, max-snippet:-1, max-image-preview:large, max-video-preview:-1\" \/>\n<link rel=\"canonical\" href=\"https:\/\/chrystus.pl\/zh\/\u4e3a\u4ec0\u4e48\u8036\u7a23\u5728\u4f2f\u5229\u6052\u88ab\u9489\u6b7b\uff1f\/\" \/>\n<meta property=\"og:locale\" content=\"zh_TW\" \/>\n<meta property=\"og:type\" content=\"article\" \/>\n<meta property=\"og:title\" content=\"Dlaczego Pan Jezus Urodzi\u0142 si\u0119 W Betlejem? - Chrystus\" \/>\n<meta property=\"og:description\" content=\"Narodziny Jezusa nast\u0105pi\u0142y w Betlejem. W dzisiejszych czasach jest to miasto, kt\u00f3re znajduje si\u0119 w \u015brodkowej cz\u0119\u015bci Palestyny. Po\u0142o\u017cone jest ono w Judei,\" \/>\n<meta property=\"og:url\" content=\"https:\/\/chrystus.pl\/zh\/\u4e3a\u4ec0\u4e48\u8036\u7a23\u5728\u4f2f\u5229\u6052\u88ab\u9489\u6b7b\uff1f\/\" \/>\n<meta property=\"og:site_name\" content=\"Chrystus\" \/>\n<meta property=\"article:published_time\" content=\"2019-06-01T14:12:38+00:00\" \/>\n<meta property=\"article:modified_time\" content=\"2020-01-13T08:05:05+00:00\" \/>\n<meta property=\"og:image\" content=\"https:\/\/chrystus.pl\/wp-content\/uploads\/2019\/06\/Dlaczego-Pan-Jezus-Urodzi\u0142-sie\u0328-W-Betlejem.jpg\" \/>\n\t<meta property=\"og:image:width\" content=\"640\" \/>\n\t<meta property=\"og:image:height\" content=\"472\" \/>\n\t<meta property=\"og:image:type\" content=\"image\/jpeg\" \/>\n<meta name=\"author\" content=\"Samarytanka\" \/>\n<meta name=\"twitter:card\" content=\"summary_large_image\" \/>\n<meta name=\"twitter:label1\" content=\"\u4f5c\u8005:\" \/>\n\t<meta name=\"twitter:data1\" content=\"Samarytanka\" \/>\n\t<meta name=\"twitter:label2\" content=\"\u9810\u4f30\u95b1\u8b80\u6642\u9593\" \/>\n\t<meta name=\"twitter:data2\" content=\"2 \u5206\u9418\" \/>\n<!-- \/ Yoast SEO plugin. -->","yoast_head_json":{"title":"\u4e3a\u4ec0\u4e48\u8036\u7a23\u4f1a\u51fa\u751f\u5728\u4f2f\u5229\u6052\uff1f- \u57fa\u7763","description":"\u8036\u7a23\u7684\u8bde\u751f\u662f\u5728\u4f2f\u5229\u6052\u8fdb\u884c\u7684\u3002\u5728\u73b0\u4ee3\uff0c\u5b83\u662f\u4e00\u4e2a\u4f4d\u4e8e\u5df4\u52d2\u65af\u5766\u4e2d\u90e8\u7684\u57ce\u5e02\u3002\u5b83\u4f4d\u4e8e\u6731\u8fea\u4e9a\u3002","robots":{"index":"index","follow":"follow","max-snippet":"max-snippet:-1","max-image-preview":"max-image-preview:large","max-video-preview":"max-video-preview:-1"},"canonical":"https:\/\/chrystus.pl\/zh\/\u4e3a\u4ec0\u4e48\u8036\u7a23\u5728\u4f2f\u5229\u6052\u88ab\u9489\u6b7b\uff1f\/","og_locale":"zh_TW","og_type":"article","og_title":"Dlaczego Pan Jezus Urodzi\u0142 si\u0119 W Betlejem? - Chrystus","og_description":"Narodziny Jezusa nast\u0105pi\u0142y w Betlejem. W dzisiejszych czasach jest to miasto, kt\u00f3re znajduje si\u0119 w \u015brodkowej cz\u0119\u015bci Palestyny. Po\u0142o\u017cone jest ono w Judei,","og_url":"https:\/\/chrystus.pl\/zh\/\u4e3a\u4ec0\u4e48\u8036\u7a23\u5728\u4f2f\u5229\u6052\u88ab\u9489\u6b7b\uff1f\/","og_site_name":"Chrystus","article_published_time":"2019-06-01T14:12:38+00:00","article_modified_time":"2020-01-13T08:05:05+00:00","og_image":[{"width":640,"height":472,"url":"https:\/\/chrystus.pl\/wp-content\/uploads\/2019\/06\/Dlaczego-Pan-Jezus-Urodzi\u0142-sie\u0328-W-Betlejem.jpg","type":"image\/jpeg"}],"author":"Samarytanka","twitter_card":"summary_large_image","twitter_misc":{"\u4f5c\u8005:":"Samarytanka","\u9810\u4f30\u95b1\u8b80\u6642\u9593":"2 \u5206\u9418"},"schema":{"@context":"https:\/\/schema.org","@graph":[{"@type":"Article","@id":"https:\/\/chrystus.pl\/dlaczego-pan-jezus-urodzil-sie-w-betlejem\/#article","isPartOf":{"@id":"https:\/\/chrystus.pl\/dlaczego-pan-jezus-urodzil-sie-w-betlejem\/"},"author":{"name":"Samarytanka","@id":"https:\/\/chrystus.pl\/#\/schema\/person\/e2e742452b8b7b2bcd23ea180671d27a"},"headline":"Dlaczego Pan Jezus Urodzi\u0142 si\u0119 W Betlejem?","datePublished":"2019-06-01T14:12:38+00:00","dateModified":"2020-01-13T08:05:05+00:00","mainEntityOfPage":{"@id":"https:\/\/chrystus.pl\/dlaczego-pan-jezus-urodzil-sie-w-betlejem\/"},"wordCount":313,"commentCount":0,"publisher":{"@id":"https:\/\/chrystus.pl\/#organization"},"image":{"@id":"https:\/\/chrystus.pl\/dlaczego-pan-jezus-urodzil-sie-w-betlejem\/#primaryimage"},"thumbnailUrl":"https:\/\/chrystus.pl\/wp-content\/uploads\/2019\/06\/Dlaczego-Pan-Jezus-Urodzi\u0142-sie\u0328-W-Betlejem.jpg","articleSection":["Jezus"],"inLanguage":"zh-TW","potentialAction":[{"@type":"CommentAction","name":"Comment","target":["https:\/\/chrystus.pl\/dlaczego-pan-jezus-urodzil-sie-w-betlejem\/#respond"]}]},{"@type":"WebPage","@id":"https:\/\/chrystus.pl\/dlaczego-pan-jezus-urodzil-sie-w-betlejem\/","url":"https:\/\/chrystus.pl\/dlaczego-pan-jezus-urodzil-sie-w-betlejem\/","name":"\u4e3a\u4ec0\u4e48\u8036\u7a23\u4f1a\u51fa\u751f\u5728\u4f2f\u5229\u6052\uff1f- \u57fa\u7763","isPartOf":{"@id":"https:\/\/chrystus.pl\/#website"},"primaryImageOfPage":{"@id":"https:\/\/chrystus.pl\/dlaczego-pan-jezus-urodzil-sie-w-betlejem\/#primaryimage"},"image":{"@id":"https:\/\/chrystus.pl\/dlaczego-pan-jezus-urodzil-sie-w-betlejem\/#primaryimage"},"thumbnailUrl":"https:\/\/chrystus.pl\/wp-content\/uploads\/2019\/06\/Dlaczego-Pan-Jezus-Urodzi\u0142-sie\u0328-W-Betlejem.jpg","datePublished":"2019-06-01T14:12:38+00:00","dateModified":"2020-01-13T08:05:05+00:00","description":"\u8036\u7a23\u7684\u8bde\u751f\u662f\u5728\u4f2f\u5229\u6052\u8fdb\u884c\u7684\u3002\u5728\u73b0\u4ee3\uff0c\u5b83\u662f\u4e00\u4e2a\u4f4d\u4e8e\u5df4\u52d2\u65af\u5766\u4e2d\u90e8\u7684\u57ce\u5e02\u3002\u5b83\u4f4d\u4e8e\u6731\u8fea\u4e9a\u3002","breadcrumb":{"@id":"https:\/\/chrystus.pl\/dlaczego-pan-jezus-urodzil-sie-w-betlejem\/#breadcrumb"},"inLanguage":"zh-TW","potentialAction":[{"@type":"ReadAction","target":["https:\/\/chrystus.pl\/dlaczego-pan-jezus-urodzil-sie-w-betlejem\/"]}]},{"@type":"ImageObject","inLanguage":"zh-TW","@id":"https:\/\/chrystus.pl\/dlaczego-pan-jezus-urodzil-sie-w-betlejem\/#primaryimage","url":"https:\/\/chrystus.pl\/wp-content\/uploads\/2019\/06\/Dlaczego-Pan-Jezus-Urodzi\u0142-sie\u0328-W-Betlejem.jpg","contentUrl":"https:\/\/chrystus.pl\/wp-content\/uploads\/2019\/06\/Dlaczego-Pan-Jezus-Urodzi\u0142-sie\u0328-W-Betlejem.jpg","width":640,"height":472,"caption":"Dlaczego Pan Jezus Urodzi\u0142 sie\u0328 W Betlejem"},{"@type":"BreadcrumbList","@id":"https:\/\/chrystus.pl\/dlaczego-pan-jezus-urodzil-sie-w-betlejem\/#breadcrumb","itemListElement":[{"@type":"ListItem","position":1,"name":"Strona g\u0142\u00f3wna","item":"https:\/\/chrystus.pl\/"},{"@type":"ListItem","position":2,"name":"Dlaczego Pan Jezus Urodzi\u0142 si\u0119 W Betlejem?"}]},{"@type":"WebSite","@id":"https:\/\/chrystus.pl\/#website","url":"https:\/\/chrystus.pl\/","name":"\u57fa\u7763","description":"\u4e0a\u5e1d\u3001\u9a6c\u5229\u4e9a\u3001\u8036\u7a23\u3001\u5723\u9910\u548c\u66f4\u591a","publisher":{"@id":"https:\/\/chrystus.pl\/#organization"},"potentialAction":[{"@type":"SearchAction","target":{"@type":"EntryPoint","urlTemplate":"https:\/\/chrystus.pl\/?s={search_term_string}"},"query-input":{"@type":"PropertyValueSpecification","valueRequired":true,"valueName":"search_term_string"}}],"inLanguage":"zh-TW"},{"@type":"Organization","@id":"https:\/\/chrystus.pl\/#organization","name":"Christ.pl","url":"https:\/\/chrystus.pl\/","logo":{"@type":"ImageObject","inLanguage":"zh-TW","@id":"https:\/\/chrystus.pl\/#\/schema\/logo\/image\/","url":"https:\/\/chrystus.pl\/wp-content\/uploads\/2019\/03\/chrystus-bog-maryja-komunia-bierzmowanie.jpg","contentUrl":"https:\/\/chrystus.pl\/wp-content\/uploads\/2019\/03\/chrystus-bog-maryja-komunia-bierzmowanie.jpg","width":1920,"height":1280,"caption":"Chrystus.pl"},"image":{"@id":"https:\/\/chrystus.pl\/#\/schema\/logo\/image\/"}},{"@type":"Person","@id":"https:\/\/chrystus.pl\/#\/schema\/person\/e2e742452b8b7b2bcd23ea180671d27a","name":"\u6492\u739b\u5229\u4e9a\u5987\u5973"}]}},"_links":{"self":[{"href":"https:\/\/chrystus.pl\/zh\/wp-json\/wp\/v2\/posts\/668","targetHints":{"allow":["GET"]}}],"collection":[{"href":"https:\/\/chrystus.pl\/zh\/wp-json\/wp\/v2\/posts"}],"about":[{"href":"https:\/\/chrystus.pl\/zh\/wp-json\/wp\/v2\/types\/post"}],"author":[{"embeddable":true,"href":"https:\/\/chrystus.pl\/zh\/wp-json\/wp\/v2\/users\/1"}],"replies":[{"embeddable":true,"href":"https:\/\/chrystus.pl\/zh\/wp-json\/wp\/v2\/comments?post=668"}],"version-history":[{"count":0,"href":"https:\/\/chrystus.pl\/zh\/wp-json\/wp\/v2\/posts\/668\/revisions"}],"wp:featuredmedia":[{"embeddable":true,"href":"https:\/\/chrystus.pl\/zh\/wp-json\/wp\/v2\/media\/669"}],"wp:attachment":[{"href":"https:\/\/chrystus.pl\/zh\/wp-json\/wp\/v2\/media?parent=668"}],"wp:term":[{"taxonomy":"category","embeddable":true,"href":"https:\/\/chrystus.pl\/zh\/wp-json\/wp\/v2\/categories?post=668"},{"taxonomy":"post_tag","embeddable":true,"href":"https:\/\/chrystus.pl\/zh\/wp-json\/wp\/v2\/tags?post=668"}],"curies":[{"name":"wp","href":"https:\/\/api.w.org\/{rel}","templated":true}]}}